{"id":17453,"date":"2025-05-09T22:15:45","date_gmt":"2025-05-09T19:15:45","guid":{"rendered":"https:\/\/fkzalgiris.lt\/?p=17453"},"modified":"2025-05-13T15:51:23","modified_gmt":"2025-05-13T12:51:23","slug":"pasiekta-pergale-sostines-derbyje","status":"publish","type":"post","link":"https:\/\/fkzalgiris.lt\/pasiekta-pergale-sostines-derbyje\/","title":{"rendered":"D. \u0160al\u010dinovi\u010diaus dublis nul\u0117m\u0117 pergal\u0119 sostin\u0117s derbyje"},"content":{"rendered":"<p>\u017dalgirie\u010diai i\u0161kovojo antr\u0105j\u0105 pergal\u0119 i\u0161 eil\u0117s ir nutrauk\u0117 nes\u0117kmi\u0173 serij\u0105 A lygoje \u2013 rezultatu 2:0 \u012fveikti Vilniaus \u201eRiteriai\u201c.<\/p>\n<p>Startin\u0117je \u201e\u017dalgirio\u201c sud\u0117tyje \u012fvyko du pasikeitimai \u2013 nuo prad\u017ei\u0173 rungtynes prad\u0117jo D. \u0160al\u010dinovi\u010dius ir H. Devensas. D\u0117l patirtos traumos komandai negal\u0117jo pad\u0117ti Y. Zahary.<\/p>\n<p>16 min. po tikslaus O. Verbicko perdavimo D. \u0160al\u010dinovi\u010dius tur\u0117jo puiki\u0105 prog\u0105, ta\u010diau var\u017eov\u0173 vartininkas sm\u016bg\u012f atr\u0117m\u0117.<\/p>\n<p>28 min. var\u017eov\u0173 saugas B. Mulahalilovi\u010dius sm\u016bgiavo galva, ta\u010diau netiksliai \u2013 kamuolys skriejo vir\u0161 skersinio.<\/p>\n<p>29 min. po puikaus H. Devenso reido ir perdavimo i\u0161 de\u0161iniojo kra\u0161to D. \u0160al\u010dinovi\u010dius buvo tikslus ir galva nuginklavo vartinink\u0105.<\/p>\n<p>35 min. gero perdavimo i\u0161 B. Tavareso sulauk\u0119s H. Devensas sm\u016bgiavo galva, ta\u010diau A. \u0160ankinas parod\u0117 puiki\u0105 reakcij\u0105 ir sm\u016bg\u012f atr\u0117m\u0117.<\/p>\n<p>41 min. O. Verbickas atliko perdavim\u0105 H. Devensui, ta\u010diau puol\u0117jui nepavyko tiksliai sm\u016bgiuoti \u012f kamuol\u012f.<\/p>\n<p>44 min. P. Maty\u017eonokas suk\u0117l\u0117 reid\u0105 de\u0161iniuoju kra\u0161tu ir atliko perdavim\u0105 \u012f baudos aik\u0161tel\u0119, ta\u010diau prie\u0161 vartinink\u0105 atsid\u016br\u0119s O. Verbickas nesugeb\u0117jo tiksliai su\u017eaisti \u012f kamuol\u012f.<\/p>\n<p>Pirmajame k\u0117linyje kamuolio kontrol\u0117 buvo apylygi. Abi komandos nema\u017e\u0105 laiko dal\u012f praleido tiek savo, tiek var\u017eov\u0173 baudos aik\u0161tel\u0117se. \u017dalgirie\u010diai atliko daugiau sm\u016bgi\u0173 \u012f vart\u0173 plot\u0105, kas leido \u012fgyti minimal\u0173 prana\u0161um\u0105.<\/p>\n<p>50 min. dar vieno gero perdavimo i\u0161 O. Verbicko sulauk\u0119s D. \u0160al\u010dinovi\u010dius v\u0117l buvo tikslus ir pasi\u017eym\u0117jo dubliu.<\/p>\n<p>52 min. H. Devensas akistatoje \u012fveik\u0117 vartinink\u0105, ta\u010diau jo \u012f vartus pasi\u0173st\u0105 kamuol\u012f paskutin\u0119 akimirk\u0105 atmu\u0161\u0117 vienas i\u0161 var\u017eov\u0173.<\/p>\n<p>55 min. \u201eRiteri\u0173\u201c puol\u0117jas A. Galita sureng\u0117 reid\u0105 kairiuoju kra\u0161tu, ta\u010diau C. Olsesas su\u017eaid\u0117 u\u017etikrintai.<\/p>\n<p>89 min. M. Cholas atliko pavojing\u0105 sm\u016bg\u012f \u0161alia baudos aik\u0161tel\u0117s, ta\u010diau puol\u0117jo sm\u016bgiuotas kamuolys pataik\u0117 \u012f vien\u0105 i\u0161 oponent\u0173.<\/p>\n<p>Per prid\u0117t\u0105 rungtyni\u0173 laik\u0105 sav\u0173j\u0173 prog\u0173 tur\u0117jo tiek \u017ealgirie\u010diai, tiek var\u017eovai, ta\u010diau nei vieniems tiksliai pasi\u017eym\u0117ti nepavyko.<\/p>\n<p>Artimiausios vilnie\u010di\u0173 rungtyn\u0117s &#8211; Kaune gegu\u017e\u0117s 17 d.<\/p>\n","protected":false},"excerpt":{"rendered":"<p>\u017dalgirie\u010diai i\u0161kovojo antr\u0105j\u0105 pergal\u0119 i\u0161 eil\u0117s ir nutrauk\u0117 nes\u0117kmi\u0173 serij\u0105 A lygoje \u2013 rezultatu 2:0 \u012fveikti Vilniaus \u201eRiteriai\u201c. Startin\u0117je \u201e\u017dalgirio\u201c sud\u0117tyje \u012fvyko du pasikeitimai \u2013\u2026<\/p>\n","protected":false},"author":12,"featured_media":0,"comment_status":"closed","ping_status":"closed","sticky":false,"template":"","format":"standard","meta":{"_acf_changed":false,"footnotes":""},"categories":[87],"class_list":["post-17453","post","type-post","status-publish","format-standard","hentry","category-zalgiris"],"acf":[],"yoast_head":"<!-- This site is optimized with the Yoast SEO plugin v26.8 - https:\/\/yoast.com\/product\/yoast-seo-wordpress\/ -->\n<title>D. \u0160al\u010dinovi\u010diaus dublis nul\u0117m\u0117 pergal\u0119 sostin\u0117s derbyje - FK \u017dalgiris<\/title>\n<meta name=\"robots\" content=\"index, follow, max-snippet:-1, max-image-preview:large, max-video-preview:-1\" \/>\n<link rel=\"canonical\" href=\"https:\/\/fkzalgiris.lt\/pasiekta-pergale-sostines-derbyje\/\" \/>\n<meta property=\"og:locale\" content=\"lt_LT\" \/>\n<meta property=\"og:type\" content=\"article\" \/>\n<meta property=\"og:title\" content=\"D. \u0160al\u010dinovi\u010diaus dublis nul\u0117m\u0117 pergal\u0119 sostin\u0117s derbyje - FK \u017dalgiris\" \/>\n<meta property=\"og:description\" content=\"\u017dalgirie\u010diai i\u0161kovojo antr\u0105j\u0105 pergal\u0119 i\u0161 eil\u0117s ir nutrauk\u0117 nes\u0117kmi\u0173 serij\u0105 A lygoje \u2013 rezultatu 2:0 \u012fveikti Vilniaus \u201eRiteriai\u201c. Startin\u0117je \u201e\u017dalgirio\u201c sud\u0117tyje \u012fvyko du pasikeitimai \u2013\u2026\" \/>\n<meta property=\"og:url\" content=\"https:\/\/fkzalgiris.lt\/pasiekta-pergale-sostines-derbyje\/\" \/>\n<meta property=\"og:site_name\" content=\"FK \u017dalgiris\" \/>\n<meta property=\"article:publisher\" content=\"https:\/\/www.facebook.com\/fkzalgiris\/\" \/>\n<meta property=\"article:published_time\" content=\"2025-05-09T19:15:45+00:00\" \/>\n<meta property=\"article:modified_time\" content=\"2025-05-13T12:51:23+00:00\" \/>\n<meta property=\"og:image\" content=\"https:\/\/fkzalgiris.lt\/wp-content\/uploads\/2024\/02\/social-horiz_Zalgiris_logo_2024.png\" \/>\n\t<meta property=\"og:image:width\" content=\"3356\" \/>\n\t<meta property=\"og:image:height\" content=\"2259\" \/>\n\t<meta property=\"og:image:type\" content=\"image\/png\" \/>\n<meta name=\"author\" content=\"Dovydas Tamosynas\" \/>\n<meta name=\"twitter:card\" content=\"summary_large_image\" \/>\n<meta name=\"twitter:creator\" content=\"@fkzalgiris\" \/>\n<meta name=\"twitter:site\" content=\"@fkzalgiris\" \/>\n<meta name=\"twitter:label1\" content=\"Written by\" \/>\n\t<meta name=\"twitter:data1\" content=\"Dovydas Tamosynas\" \/>\n\t<meta name=\"twitter:label2\" content=\"Est. reading time\" \/>\n\t<meta name=\"twitter:data2\" content=\"2 minut\u0117s\" \/>\n<script type=\"application\/ld+json\" class=\"yoast-schema-graph\">{\"@context\":\"https:\/\/schema.org\",\"@graph\":[{\"@type\":\"Article\",\"@id\":\"https:\/\/fkzalgiris.lt\/pasiekta-pergale-sostines-derbyje\/#article\",\"isPartOf\":{\"@id\":\"https:\/\/fkzalgiris.lt\/pasiekta-pergale-sostines-derbyje\/\"},\"author\":{\"name\":\"Dovydas Tamosynas\",\"@id\":\"https:\/\/fkzalgiris.lt\/#\/schema\/person\/2467ea772c08bd6f150d074bfee22870\"},\"headline\":\"D. \u0160al\u010dinovi\u010diaus dublis nul\u0117m\u0117 pergal\u0119 sostin\u0117s derbyje\",\"datePublished\":\"2025-05-09T19:15:45+00:00\",\"dateModified\":\"2025-05-13T12:51:23+00:00\",\"mainEntityOfPage\":{\"@id\":\"https:\/\/fkzalgiris.lt\/pasiekta-pergale-sostines-derbyje\/\"},\"wordCount\":356,\"publisher\":{\"@id\":\"https:\/\/fkzalgiris.lt\/#organization\"},\"articleSection\":[\"\u017dalgiris\"],\"inLanguage\":\"lt-LT\"},{\"@type\":\"WebPage\",\"@id\":\"https:\/\/fkzalgiris.lt\/pasiekta-pergale-sostines-derbyje\/\",\"url\":\"https:\/\/fkzalgiris.lt\/pasiekta-pergale-sostines-derbyje\/\",\"name\":\"D. \u0160al\u010dinovi\u010diaus dublis nul\u0117m\u0117 pergal\u0119 sostin\u0117s derbyje - FK \u017dalgiris\",\"isPartOf\":{\"@id\":\"https:\/\/fkzalgiris.lt\/#website\"},\"datePublished\":\"2025-05-09T19:15:45+00:00\",\"dateModified\":\"2025-05-13T12:51:23+00:00\",\"breadcrumb\":{\"@id\":\"https:\/\/fkzalgiris.lt\/pasiekta-pergale-sostines-derbyje\/#breadcrumb\"},\"inLanguage\":\"lt-LT\",\"potentialAction\":[{\"@type\":\"ReadAction\",\"target\":[\"https:\/\/fkzalgiris.lt\/pasiekta-pergale-sostines-derbyje\/\"]}]},{\"@type\":\"BreadcrumbList\",\"@id\":\"https:\/\/fkzalgiris.lt\/pasiekta-pergale-sostines-derbyje\/#breadcrumb\",\"itemListElement\":[{\"@type\":\"ListItem\",\"position\":1,\"name\":\"Home\",\"item\":\"https:\/\/fkzalgiris.lt\/\"},{\"@type\":\"ListItem\",\"position\":2,\"name\":\"D. \u0160al\u010dinovi\u010diaus dublis nul\u0117m\u0117 pergal\u0119 sostin\u0117s derbyje\"}]},{\"@type\":\"WebSite\",\"@id\":\"https:\/\/fkzalgiris.lt\/#website\",\"url\":\"https:\/\/fkzalgiris.lt\/\",\"name\":\"FK \u017dalgiris\",\"description\":\"oficiali Vilniaus \u201e\u017dalgirio\u201c futbolo klubo svetain\u0117\",\"publisher\":{\"@id\":\"https:\/\/fkzalgiris.lt\/#organization\"},\"potentialAction\":[{\"@type\":\"SearchAction\",\"target\":{\"@type\":\"EntryPoint\",\"urlTemplate\":\"https:\/\/fkzalgiris.lt\/?s={search_term_string}\"},\"query-input\":{\"@type\":\"PropertyValueSpecification\",\"valueRequired\":true,\"valueName\":\"search_term_string\"}}],\"inLanguage\":\"lt-LT\"},{\"@type\":\"Organization\",\"@id\":\"https:\/\/fkzalgiris.lt\/#organization\",\"name\":\"FK \u017dalgiris\",\"url\":\"https:\/\/fkzalgiris.lt\/\",\"logo\":{\"@type\":\"ImageObject\",\"inLanguage\":\"lt-LT\",\"@id\":\"https:\/\/fkzalgiris.lt\/#\/schema\/logo\/image\/\",\"url\":\"https:\/\/fkzalgiris.lt\/wp-content\/uploads\/2024\/01\/horiz-FK-Zalgiris-logo-2015.png\",\"contentUrl\":\"https:\/\/fkzalgiris.lt\/wp-content\/uploads\/2024\/01\/horiz-FK-Zalgiris-logo-2015.png\",\"width\":3073,\"height\":2048,\"caption\":\"FK \u017dalgiris\"},\"image\":{\"@id\":\"https:\/\/fkzalgiris.lt\/#\/schema\/logo\/image\/\"},\"sameAs\":[\"https:\/\/www.facebook.com\/fkzalgiris\/\",\"https:\/\/x.com\/fkzalgiris\",\"https:\/\/www.instagram.com\/fkzalgiris\/\",\"https:\/\/www.youtube.com\/channel\/UC1ag8JLxGirltMUoLlzfZLA\"]},{\"@type\":\"Person\",\"@id\":\"https:\/\/fkzalgiris.lt\/#\/schema\/person\/2467ea772c08bd6f150d074bfee22870\",\"name\":\"Dovydas Tamosynas\"}]}<\/script>\n<!-- \/ Yoast SEO plugin. -->","yoast_head_json":{"title":"D. \u0160al\u010dinovi\u010diaus dublis nul\u0117m\u0117 pergal\u0119 sostin\u0117s derbyje - FK \u017dalgiris","robots":{"index":"index","follow":"follow","max-snippet":"max-snippet:-1","max-image-preview":"max-image-preview:large","max-video-preview":"max-video-preview:-1"},"canonical":"https:\/\/fkzalgiris.lt\/pasiekta-pergale-sostines-derbyje\/","og_locale":"lt_LT","og_type":"article","og_title":"D. \u0160al\u010dinovi\u010diaus dublis nul\u0117m\u0117 pergal\u0119 sostin\u0117s derbyje - FK \u017dalgiris","og_description":"\u017dalgirie\u010diai i\u0161kovojo antr\u0105j\u0105 pergal\u0119 i\u0161 eil\u0117s ir nutrauk\u0117 nes\u0117kmi\u0173 serij\u0105 A lygoje \u2013 rezultatu 2:0 \u012fveikti Vilniaus \u201eRiteriai\u201c. Startin\u0117je \u201e\u017dalgirio\u201c sud\u0117tyje \u012fvyko du pasikeitimai \u2013\u2026","og_url":"https:\/\/fkzalgiris.lt\/pasiekta-pergale-sostines-derbyje\/","og_site_name":"FK \u017dalgiris","article_publisher":"https:\/\/www.facebook.com\/fkzalgiris\/","article_published_time":"2025-05-09T19:15:45+00:00","article_modified_time":"2025-05-13T12:51:23+00:00","og_image":[{"width":3356,"height":2259,"url":"https:\/\/fkzalgiris.lt\/wp-content\/uploads\/2024\/02\/social-horiz_Zalgiris_logo_2024.png","type":"image\/png"}],"author":"Dovydas Tamosynas","twitter_card":"summary_large_image","twitter_creator":"@fkzalgiris","twitter_site":"@fkzalgiris","twitter_misc":{"Written by":"Dovydas Tamosynas","Est. reading time":"2 minut\u0117s"},"schema":{"@context":"https:\/\/schema.org","@graph":[{"@type":"Article","@id":"https:\/\/fkzalgiris.lt\/pasiekta-pergale-sostines-derbyje\/#article","isPartOf":{"@id":"https:\/\/fkzalgiris.lt\/pasiekta-pergale-sostines-derbyje\/"},"author":{"name":"Dovydas Tamosynas","@id":"https:\/\/fkzalgiris.lt\/#\/schema\/person\/2467ea772c08bd6f150d074bfee22870"},"headline":"D. \u0160al\u010dinovi\u010diaus dublis nul\u0117m\u0117 pergal\u0119 sostin\u0117s derbyje","datePublished":"2025-05-09T19:15:45+00:00","dateModified":"2025-05-13T12:51:23+00:00","mainEntityOfPage":{"@id":"https:\/\/fkzalgiris.lt\/pasiekta-pergale-sostines-derbyje\/"},"wordCount":356,"publisher":{"@id":"https:\/\/fkzalgiris.lt\/#organization"},"articleSection":["\u017dalgiris"],"inLanguage":"lt-LT"},{"@type":"WebPage","@id":"https:\/\/fkzalgiris.lt\/pasiekta-pergale-sostines-derbyje\/","url":"https:\/\/fkzalgiris.lt\/pasiekta-pergale-sostines-derbyje\/","name":"D. \u0160al\u010dinovi\u010diaus dublis nul\u0117m\u0117 pergal\u0119 sostin\u0117s derbyje - FK \u017dalgiris","isPartOf":{"@id":"https:\/\/fkzalgiris.lt\/#website"},"datePublished":"2025-05-09T19:15:45+00:00","dateModified":"2025-05-13T12:51:23+00:00","breadcrumb":{"@id":"https:\/\/fkzalgiris.lt\/pasiekta-pergale-sostines-derbyje\/#breadcrumb"},"inLanguage":"lt-LT","potentialAction":[{"@type":"ReadAction","target":["https:\/\/fkzalgiris.lt\/pasiekta-pergale-sostines-derbyje\/"]}]},{"@type":"BreadcrumbList","@id":"https:\/\/fkzalgiris.lt\/pasiekta-pergale-sostines-derbyje\/#breadcrumb","itemListElement":[{"@type":"ListItem","position":1,"name":"Home","item":"https:\/\/fkzalgiris.lt\/"},{"@type":"ListItem","position":2,"name":"D. \u0160al\u010dinovi\u010diaus dublis nul\u0117m\u0117 pergal\u0119 sostin\u0117s derbyje"}]},{"@type":"WebSite","@id":"https:\/\/fkzalgiris.lt\/#website","url":"https:\/\/fkzalgiris.lt\/","name":"FK \u017dalgiris","description":"oficiali Vilniaus \u201e\u017dalgirio\u201c futbolo klubo svetain\u0117","publisher":{"@id":"https:\/\/fkzalgiris.lt\/#organization"},"potentialAction":[{"@type":"SearchAction","target":{"@type":"EntryPoint","urlTemplate":"https:\/\/fkzalgiris.lt\/?s={search_term_string}"},"query-input":{"@type":"PropertyValueSpecification","valueRequired":true,"valueName":"search_term_string"}}],"inLanguage":"lt-LT"},{"@type":"Organization","@id":"https:\/\/fkzalgiris.lt\/#organization","name":"FK \u017dalgiris","url":"https:\/\/fkzalgiris.lt\/","logo":{"@type":"ImageObject","inLanguage":"lt-LT","@id":"https:\/\/fkzalgiris.lt\/#\/schema\/logo\/image\/","url":"https:\/\/fkzalgiris.lt\/wp-content\/uploads\/2024\/01\/horiz-FK-Zalgiris-logo-2015.png","contentUrl":"https:\/\/fkzalgiris.lt\/wp-content\/uploads\/2024\/01\/horiz-FK-Zalgiris-logo-2015.png","width":3073,"height":2048,"caption":"FK \u017dalgiris"},"image":{"@id":"https:\/\/fkzalgiris.lt\/#\/schema\/logo\/image\/"},"sameAs":["https:\/\/www.facebook.com\/fkzalgiris\/","https:\/\/x.com\/fkzalgiris","https:\/\/www.instagram.com\/fkzalgiris\/","https:\/\/www.youtube.com\/channel\/UC1ag8JLxGirltMUoLlzfZLA"]},{"@type":"Person","@id":"https:\/\/fkzalgiris.lt\/#\/schema\/person\/2467ea772c08bd6f150d074bfee22870","name":"Dovydas Tamosynas"}]}},"_links":{"self":[{"href":"https:\/\/fkzalgiris.lt\/api\/wp\/v2\/posts\/17453","targetHints":{"allow":["GET"]}}],"collection":[{"href":"https:\/\/fkzalgiris.lt\/api\/wp\/v2\/posts"}],"about":[{"href":"https:\/\/fkzalgiris.lt\/api\/wp\/v2\/types\/post"}],"author":[{"embeddable":true,"href":"https:\/\/fkzalgiris.lt\/api\/wp\/v2\/users\/12"}],"replies":[{"embeddable":true,"href":"https:\/\/fkzalgiris.lt\/api\/wp\/v2\/comments?post=17453"}],"version-history":[{"count":21,"href":"https:\/\/fkzalgiris.lt\/api\/wp\/v2\/posts\/17453\/revisions"}],"predecessor-version":[{"id":17508,"href":"https:\/\/fkzalgiris.lt\/api\/wp\/v2\/posts\/17453\/revisions\/17508"}],"wp:attachment":[{"href":"https:\/\/fkzalgiris.lt\/api\/wp\/v2\/media?parent=17453"}],"wp:term":[{"taxonomy":"category","embeddable":true,"href":"https:\/\/fkzalgiris.lt\/api\/wp\/v2\/categories?post=17453"}],"curies":[{"name":"wp","href":"https:\/\/api.w.org\/{rel}","templated":true}]}}