{"id":17392,"date":"2025-05-03T18:55:47","date_gmt":"2025-05-03T15:55:47","guid":{"rendered":"https:\/\/fkzalgiris.lt\/?p=17392"},"modified":"2025-05-04T00:04:05","modified_gmt":"2025-05-03T21:04:05","slug":"gargzduose-patirtas-pralaimejimas","status":"publish","type":"post","link":"https:\/\/fkzalgiris.lt\/gargzduose-patirtas-pralaimejimas\/","title":{"rendered":"Garg\u017eduose patirtas pralaim\u0117jimas"},"content":{"rendered":"<p>Ilga \u201e\u017dalgirio\u201c pergalinga serija Garg\u017eduose nutr\u016bko \u2013 sve\u010diuose prie\u0161 \u201eBang\u0105\u201c patirtas pralaim\u0117jimas 0:2.<\/p>\n<p>Su\u017eaidus kiek daugiau nei pusvaland\u012f pakartotiniu sm\u016bgiu \u012fmu\u0161\u0117 Vaidas Magdu\u0161auskas, o antrojo k\u0117linio pabaigoje pasi\u017eym\u0117jo Nouri El Harmazi.<\/p>\n<p>\u201e\u017dalgirio\u201c sud\u0117tyje \u012fvyko trys pasikeitimai \u2013 traumuot\u0105 vartinink\u0105 A. Tordai pakeit\u0117 C. Olses, kuriam tai buvo debiutas komandoje. \u012e startin\u012f vienuoliktuk\u0105 taip pat gr\u012f\u017eo J. Moutachy ir V. Pavilonis.<\/p>\n<p>Pirm\u0105j\u012f ger\u0105 \u0161ans\u0105 k\u0117linio viduryje tur\u0117jo \u0161eimininkai \u2013 R. Filipavi\u010dius atsid\u016br\u0117 vienas prie\u0161 vien\u0105, jo sm\u016bg\u012f atr\u0117m\u0117 C. Olses.<\/p>\n<p>30 min. galimyb\u0119 tur\u0117jo K. Hadji, ta\u010diau jam nepavyko pataikyti \u012f kamuol\u012f.<\/p>\n<p>31 min. po klaidos gynyboje I. Venckus i\u0161b\u0117go vienas prie\u0161 vien\u0105, jo mu\u0161tas kamuolys pataik\u0117 \u012f virpst\u0105, o pakartotiniu sm\u016bgiu i\u0161 arti sm\u016bgiavo V. Magdu\u0161auskas.<\/p>\n<p>34 min. po perdavimo i\u0161 kra\u0161to i\u0161 arti pro \u0161al\u012f sm\u016bgiavo P. Maty\u017eonokas.<\/p>\n<p>40 min. C. Olses du kartus i\u0161 eil\u0117s po kampini\u0173 apgyn\u0117 vartus \u2013 i\u0161 prad\u017ei\u0173 po D. Mal\u017einsko sm\u016bgio, o v\u0117liau po riko\u0161eto.<\/p>\n<p>K\u0117linio pabaigoje galimyb\u0119 tur\u0117jo J. Kendy\u0161as, bet jo galva mu\u0161tas kamuolys praskriejo pro \u0161al\u012f.<\/p>\n<p>80 min. \u0161ans\u0105 tur\u0117jo M. Cholas, ta\u010diau jo galva sm\u016bgiuot\u0105 kamuol\u012f sugavo M. Berta\u0161ius.<br \/>\nRungtyni\u0173 pabaigoje \u201eBanga\u201c \u012ftvirtino savo pergal\u0119 \u2013 po tolimo perdavimo N. El Harmazi pab\u0117go vienas prie\u0161 vien\u0105 ir pasiunt\u0117 kamuol\u012f \u012f tinkl\u0105.<\/p>\n<p>Kitas rungtynes \u201e\u017dalgiris\u201c \u017eais antradien\u012f \u201eFPRO LFF taur\u0117s\u201c turnyre sve\u010diuose prie\u0161 \u201eDainav\u0105\u201c.<\/p>\n","protected":false},"excerpt":{"rendered":"<p>Ilga \u201e\u017dalgirio\u201c pergalinga serija Garg\u017eduose nutr\u016bko \u2013 sve\u010diuose prie\u0161 \u201eBang\u0105\u201c patirtas pralaim\u0117jimas 0:2. Su\u017eaidus kiek daugiau nei pusvaland\u012f pakartotiniu sm\u016bgiu \u012fmu\u0161\u0117 Vaidas Magdu\u0161auskas, o antrojo\u2026<\/p>\n","protected":false},"author":4,"featured_media":0,"comment_status":"closed","ping_status":"closed","sticky":false,"template":"","format":"standard","meta":{"_acf_changed":false,"footnotes":""},"categories":[87],"class_list":["post-17392","post","type-post","status-publish","format-standard","hentry","category-zalgiris"],"acf":[],"yoast_head":"<!-- This site is optimized with the Yoast SEO plugin v26.8 - https:\/\/yoast.com\/product\/yoast-seo-wordpress\/ -->\n<title>Garg\u017eduose patirtas pralaim\u0117jimas - FK \u017dalgiris<\/title>\n<meta name=\"robots\" content=\"index, follow, max-snippet:-1, max-image-preview:large, max-video-preview:-1\" \/>\n<link rel=\"canonical\" href=\"https:\/\/fkzalgiris.lt\/gargzduose-patirtas-pralaimejimas\/\" \/>\n<meta property=\"og:locale\" content=\"lt_LT\" \/>\n<meta property=\"og:type\" content=\"article\" \/>\n<meta property=\"og:title\" content=\"Garg\u017eduose patirtas pralaim\u0117jimas - FK \u017dalgiris\" \/>\n<meta property=\"og:description\" content=\"Ilga \u201e\u017dalgirio\u201c pergalinga serija Garg\u017eduose nutr\u016bko \u2013 sve\u010diuose prie\u0161 \u201eBang\u0105\u201c patirtas pralaim\u0117jimas 0:2. Su\u017eaidus kiek daugiau nei pusvaland\u012f pakartotiniu sm\u016bgiu \u012fmu\u0161\u0117 Vaidas Magdu\u0161auskas, o antrojo\u2026\" \/>\n<meta property=\"og:url\" content=\"https:\/\/fkzalgiris.lt\/gargzduose-patirtas-pralaimejimas\/\" \/>\n<meta property=\"og:site_name\" content=\"FK \u017dalgiris\" \/>\n<meta property=\"article:publisher\" content=\"https:\/\/www.facebook.com\/fkzalgiris\/\" \/>\n<meta property=\"article:published_time\" content=\"2025-05-03T15:55:47+00:00\" \/>\n<meta property=\"article:modified_time\" content=\"2025-05-03T21:04:05+00:00\" \/>\n<meta property=\"og:image\" content=\"https:\/\/fkzalgiris.lt\/wp-content\/uploads\/2024\/02\/social-horiz_Zalgiris_logo_2024.png\" \/>\n\t<meta property=\"og:image:width\" content=\"3356\" \/>\n\t<meta property=\"og:image:height\" content=\"2259\" \/>\n\t<meta property=\"og:image:type\" content=\"image\/png\" \/>\n<meta name=\"author\" content=\"J\" \/>\n<meta name=\"twitter:card\" content=\"summary_large_image\" \/>\n<meta name=\"twitter:creator\" content=\"@fkzalgiris\" \/>\n<meta name=\"twitter:site\" content=\"@fkzalgiris\" \/>\n<meta name=\"twitter:label1\" content=\"Written by\" \/>\n\t<meta name=\"twitter:data1\" content=\"J\" \/>\n\t<meta name=\"twitter:label2\" content=\"Est. reading time\" \/>\n\t<meta name=\"twitter:data2\" content=\"2 minut\u0117s\" \/>\n<script type=\"application\/ld+json\" class=\"yoast-schema-graph\">{\"@context\":\"https:\/\/schema.org\",\"@graph\":[{\"@type\":\"Article\",\"@id\":\"https:\/\/fkzalgiris.lt\/gargzduose-patirtas-pralaimejimas\/#article\",\"isPartOf\":{\"@id\":\"https:\/\/fkzalgiris.lt\/gargzduose-patirtas-pralaimejimas\/\"},\"author\":{\"name\":\"J\",\"@id\":\"https:\/\/fkzalgiris.lt\/#\/schema\/person\/8604babbba794a7d8767be324a3eaac8\"},\"headline\":\"Garg\u017eduose patirtas pralaim\u0117jimas\",\"datePublished\":\"2025-05-03T15:55:47+00:00\",\"dateModified\":\"2025-05-03T21:04:05+00:00\",\"mainEntityOfPage\":{\"@id\":\"https:\/\/fkzalgiris.lt\/gargzduose-patirtas-pralaimejimas\/\"},\"wordCount\":251,\"publisher\":{\"@id\":\"https:\/\/fkzalgiris.lt\/#organization\"},\"articleSection\":[\"\u017dalgiris\"],\"inLanguage\":\"lt-LT\"},{\"@type\":\"WebPage\",\"@id\":\"https:\/\/fkzalgiris.lt\/gargzduose-patirtas-pralaimejimas\/\",\"url\":\"https:\/\/fkzalgiris.lt\/gargzduose-patirtas-pralaimejimas\/\",\"name\":\"Garg\u017eduose patirtas pralaim\u0117jimas - FK \u017dalgiris\",\"isPartOf\":{\"@id\":\"https:\/\/fkzalgiris.lt\/#website\"},\"datePublished\":\"2025-05-03T15:55:47+00:00\",\"dateModified\":\"2025-05-03T21:04:05+00:00\",\"breadcrumb\":{\"@id\":\"https:\/\/fkzalgiris.lt\/gargzduose-patirtas-pralaimejimas\/#breadcrumb\"},\"inLanguage\":\"lt-LT\",\"potentialAction\":[{\"@type\":\"ReadAction\",\"target\":[\"https:\/\/fkzalgiris.lt\/gargzduose-patirtas-pralaimejimas\/\"]}]},{\"@type\":\"BreadcrumbList\",\"@id\":\"https:\/\/fkzalgiris.lt\/gargzduose-patirtas-pralaimejimas\/#breadcrumb\",\"itemListElement\":[{\"@type\":\"ListItem\",\"position\":1,\"name\":\"Home\",\"item\":\"https:\/\/fkzalgiris.lt\/\"},{\"@type\":\"ListItem\",\"position\":2,\"name\":\"Garg\u017eduose patirtas pralaim\u0117jimas\"}]},{\"@type\":\"WebSite\",\"@id\":\"https:\/\/fkzalgiris.lt\/#website\",\"url\":\"https:\/\/fkzalgiris.lt\/\",\"name\":\"FK \u017dalgiris\",\"description\":\"oficiali Vilniaus \u201e\u017dalgirio\u201c futbolo klubo svetain\u0117\",\"publisher\":{\"@id\":\"https:\/\/fkzalgiris.lt\/#organization\"},\"potentialAction\":[{\"@type\":\"SearchAction\",\"target\":{\"@type\":\"EntryPoint\",\"urlTemplate\":\"https:\/\/fkzalgiris.lt\/?s={search_term_string}\"},\"query-input\":{\"@type\":\"PropertyValueSpecification\",\"valueRequired\":true,\"valueName\":\"search_term_string\"}}],\"inLanguage\":\"lt-LT\"},{\"@type\":\"Organization\",\"@id\":\"https:\/\/fkzalgiris.lt\/#organization\",\"name\":\"FK \u017dalgiris\",\"url\":\"https:\/\/fkzalgiris.lt\/\",\"logo\":{\"@type\":\"ImageObject\",\"inLanguage\":\"lt-LT\",\"@id\":\"https:\/\/fkzalgiris.lt\/#\/schema\/logo\/image\/\",\"url\":\"https:\/\/fkzalgiris.lt\/wp-content\/uploads\/2024\/01\/horiz-FK-Zalgiris-logo-2015.png\",\"contentUrl\":\"https:\/\/fkzalgiris.lt\/wp-content\/uploads\/2024\/01\/horiz-FK-Zalgiris-logo-2015.png\",\"width\":3073,\"height\":2048,\"caption\":\"FK \u017dalgiris\"},\"image\":{\"@id\":\"https:\/\/fkzalgiris.lt\/#\/schema\/logo\/image\/\"},\"sameAs\":[\"https:\/\/www.facebook.com\/fkzalgiris\/\",\"https:\/\/x.com\/fkzalgiris\",\"https:\/\/www.instagram.com\/fkzalgiris\/\",\"https:\/\/www.youtube.com\/channel\/UC1ag8JLxGirltMUoLlzfZLA\"]},{\"@type\":\"Person\",\"@id\":\"https:\/\/fkzalgiris.lt\/#\/schema\/person\/8604babbba794a7d8767be324a3eaac8\",\"name\":\"J\"}]}<\/script>\n<!-- \/ Yoast SEO plugin. -->","yoast_head_json":{"title":"Garg\u017eduose patirtas pralaim\u0117jimas - FK \u017dalgiris","robots":{"index":"index","follow":"follow","max-snippet":"max-snippet:-1","max-image-preview":"max-image-preview:large","max-video-preview":"max-video-preview:-1"},"canonical":"https:\/\/fkzalgiris.lt\/gargzduose-patirtas-pralaimejimas\/","og_locale":"lt_LT","og_type":"article","og_title":"Garg\u017eduose patirtas pralaim\u0117jimas - FK \u017dalgiris","og_description":"Ilga \u201e\u017dalgirio\u201c pergalinga serija Garg\u017eduose nutr\u016bko \u2013 sve\u010diuose prie\u0161 \u201eBang\u0105\u201c patirtas pralaim\u0117jimas 0:2. Su\u017eaidus kiek daugiau nei pusvaland\u012f pakartotiniu sm\u016bgiu \u012fmu\u0161\u0117 Vaidas Magdu\u0161auskas, o antrojo\u2026","og_url":"https:\/\/fkzalgiris.lt\/gargzduose-patirtas-pralaimejimas\/","og_site_name":"FK \u017dalgiris","article_publisher":"https:\/\/www.facebook.com\/fkzalgiris\/","article_published_time":"2025-05-03T15:55:47+00:00","article_modified_time":"2025-05-03T21:04:05+00:00","og_image":[{"width":3356,"height":2259,"url":"https:\/\/fkzalgiris.lt\/wp-content\/uploads\/2024\/02\/social-horiz_Zalgiris_logo_2024.png","type":"image\/png"}],"author":"J","twitter_card":"summary_large_image","twitter_creator":"@fkzalgiris","twitter_site":"@fkzalgiris","twitter_misc":{"Written by":"J","Est. reading time":"2 minut\u0117s"},"schema":{"@context":"https:\/\/schema.org","@graph":[{"@type":"Article","@id":"https:\/\/fkzalgiris.lt\/gargzduose-patirtas-pralaimejimas\/#article","isPartOf":{"@id":"https:\/\/fkzalgiris.lt\/gargzduose-patirtas-pralaimejimas\/"},"author":{"name":"J","@id":"https:\/\/fkzalgiris.lt\/#\/schema\/person\/8604babbba794a7d8767be324a3eaac8"},"headline":"Garg\u017eduose patirtas pralaim\u0117jimas","datePublished":"2025-05-03T15:55:47+00:00","dateModified":"2025-05-03T21:04:05+00:00","mainEntityOfPage":{"@id":"https:\/\/fkzalgiris.lt\/gargzduose-patirtas-pralaimejimas\/"},"wordCount":251,"publisher":{"@id":"https:\/\/fkzalgiris.lt\/#organization"},"articleSection":["\u017dalgiris"],"inLanguage":"lt-LT"},{"@type":"WebPage","@id":"https:\/\/fkzalgiris.lt\/gargzduose-patirtas-pralaimejimas\/","url":"https:\/\/fkzalgiris.lt\/gargzduose-patirtas-pralaimejimas\/","name":"Garg\u017eduose patirtas pralaim\u0117jimas - FK \u017dalgiris","isPartOf":{"@id":"https:\/\/fkzalgiris.lt\/#website"},"datePublished":"2025-05-03T15:55:47+00:00","dateModified":"2025-05-03T21:04:05+00:00","breadcrumb":{"@id":"https:\/\/fkzalgiris.lt\/gargzduose-patirtas-pralaimejimas\/#breadcrumb"},"inLanguage":"lt-LT","potentialAction":[{"@type":"ReadAction","target":["https:\/\/fkzalgiris.lt\/gargzduose-patirtas-pralaimejimas\/"]}]},{"@type":"BreadcrumbList","@id":"https:\/\/fkzalgiris.lt\/gargzduose-patirtas-pralaimejimas\/#breadcrumb","itemListElement":[{"@type":"ListItem","position":1,"name":"Home","item":"https:\/\/fkzalgiris.lt\/"},{"@type":"ListItem","position":2,"name":"Garg\u017eduose patirtas pralaim\u0117jimas"}]},{"@type":"WebSite","@id":"https:\/\/fkzalgiris.lt\/#website","url":"https:\/\/fkzalgiris.lt\/","name":"FK \u017dalgiris","description":"oficiali Vilniaus \u201e\u017dalgirio\u201c futbolo klubo svetain\u0117","publisher":{"@id":"https:\/\/fkzalgiris.lt\/#organization"},"potentialAction":[{"@type":"SearchAction","target":{"@type":"EntryPoint","urlTemplate":"https:\/\/fkzalgiris.lt\/?s={search_term_string}"},"query-input":{"@type":"PropertyValueSpecification","valueRequired":true,"valueName":"search_term_string"}}],"inLanguage":"lt-LT"},{"@type":"Organization","@id":"https:\/\/fkzalgiris.lt\/#organization","name":"FK \u017dalgiris","url":"https:\/\/fkzalgiris.lt\/","logo":{"@type":"ImageObject","inLanguage":"lt-LT","@id":"https:\/\/fkzalgiris.lt\/#\/schema\/logo\/image\/","url":"https:\/\/fkzalgiris.lt\/wp-content\/uploads\/2024\/01\/horiz-FK-Zalgiris-logo-2015.png","contentUrl":"https:\/\/fkzalgiris.lt\/wp-content\/uploads\/2024\/01\/horiz-FK-Zalgiris-logo-2015.png","width":3073,"height":2048,"caption":"FK \u017dalgiris"},"image":{"@id":"https:\/\/fkzalgiris.lt\/#\/schema\/logo\/image\/"},"sameAs":["https:\/\/www.facebook.com\/fkzalgiris\/","https:\/\/x.com\/fkzalgiris","https:\/\/www.instagram.com\/fkzalgiris\/","https:\/\/www.youtube.com\/channel\/UC1ag8JLxGirltMUoLlzfZLA"]},{"@type":"Person","@id":"https:\/\/fkzalgiris.lt\/#\/schema\/person\/8604babbba794a7d8767be324a3eaac8","name":"J"}]}},"_links":{"self":[{"href":"https:\/\/fkzalgiris.lt\/api\/wp\/v2\/posts\/17392","targetHints":{"allow":["GET"]}}],"collection":[{"href":"https:\/\/fkzalgiris.lt\/api\/wp\/v2\/posts"}],"about":[{"href":"https:\/\/fkzalgiris.lt\/api\/wp\/v2\/types\/post"}],"author":[{"embeddable":true,"href":"https:\/\/fkzalgiris.lt\/api\/wp\/v2\/users\/4"}],"replies":[{"embeddable":true,"href":"https:\/\/fkzalgiris.lt\/api\/wp\/v2\/comments?post=17392"}],"version-history":[{"count":5,"href":"https:\/\/fkzalgiris.lt\/api\/wp\/v2\/posts\/17392\/revisions"}],"predecessor-version":[{"id":17399,"href":"https:\/\/fkzalgiris.lt\/api\/wp\/v2\/posts\/17392\/revisions\/17399"}],"wp:attachment":[{"href":"https:\/\/fkzalgiris.lt\/api\/wp\/v2\/media?parent=17392"}],"wp:term":[{"taxonomy":"category","embeddable":true,"href":"https:\/\/fkzalgiris.lt\/api\/wp\/v2\/categories?post=17392"}],"curies":[{"name":"wp","href":"https:\/\/api.w.org\/{rel}","templated":true}]}}