{"id":17385,"date":"2025-05-01T16:47:34","date_gmt":"2025-05-01T13:47:34","guid":{"rendered":"https:\/\/fkzalgiris.lt\/?p=17385"},"modified":"2025-05-01T16:47:34","modified_gmt":"2025-05-01T13:47:34","slug":"geguze-ketvirtas-zalgirio-seimu-futbolo-festivalio-sezonas","status":"publish","type":"post","link":"https:\/\/fkzalgiris.lt\/geguze-ketvirtas-zalgirio-seimu-futbolo-festivalio-sezonas\/","title":{"rendered":"Gegu\u017e\u0119 &#8211; ketvirtas \u201e\u017dalgirio\u201c \u0161eim\u0173 futbolo festivalio sezonas"},"content":{"rendered":"<p class=\"\" data-start=\"0\" data-end=\"75\">Gegu\u017e\u0117s m\u0117nes\u012f jau ketvirt\u0105 kart\u0105 vyks FK \u201e\u017dalgirio\u201c \u0161eim\u0173 futbolo festivalis.<\/p>\n<p class=\"\" data-start=\"77\" data-end=\"234\">\u0160iuo renginiu siekiama skatinti fizin\u012f aktyvum\u0105 ir suteikti \u0161eimoms prog\u0105 smagiai praleisti laik\u0105 kartu futbolo aik\u0161t\u0117je.<\/p>\n<p class=\"\" data-start=\"236\" data-end=\"402\">Norint dalyvauti, neb\u016btina tur\u0117ti puiki\u0173 futbolo \u012fg\u016bd\u017ei\u0173 \u2013 komandos var\u017eysis \u012fvairiose sportin\u0117se rungtyse su futbolo elementais bei mini futbolo (3 prie\u0161 3) turnyre.<\/p>\n<p>Dalyviai gali pasirinkti sau tinkam\u0105 festivalio dat\u0105 ir viet\u0105. Antrus metus metus i\u0161 eil\u0117s dalyviai var\u017eysis Salininkuose (gegu\u017e\u0117s 11 d. Salinink\u0173 gimnazijoje), o pirm\u0105 kart\u0105 festivaliai vyks \u017dirm\u016bnuose (gegu\u017e\u0117s 10 d. Pliateryt\u0117s gimnazijoje), Pa\u0161ilai\u010diuose (gegu\u017e\u0117s 18 d. \u017demynos progimnazijoje) ir Rasose (gegu\u017e\u0117s 17 d. \u201e\u017dalgirio\u201c namuose).<\/p>\n<p class=\"\" data-start=\"404\" data-end=\"510\">Geriausiai pasirod\u017eiusios komandos pateks \u012f finalin\u012f etap\u0105, kuris planuojamas gegu\u017e\u0117s 25 d. \u201e\u017dalgirio\u201c namuose.<\/p>\n<p class=\"\" data-start=\"512\" data-end=\"666\">Finalinio etapo dalyvi\u0173 lauks prizai, o trys prizin\u0117s vietos bus apdovanotos pagrindiniais prizais \u2013 naryst\u0117mis \u201e<a href=\"https:\/\/www.impuls.lt\/\">Impuls<\/a>\u201c sveikatingumo klube visai \u0161eimai.<\/p>\n<p class=\"\" data-start=\"668\" data-end=\"777\">Norint dalyvauti, tereikia u\u017epildyti registracijos form\u0105 \u201e\u017dalgirio\u201c svetain\u0117je: <a href=\"https:\/\/fkzalgiris.lt\/seimufestivalis\/\">fkzalgiris.lt\/seimufestivalis<\/a><\/p>\n<p class=\"\" data-start=\"779\" data-end=\"925\">\u012e festival\u012f kvie\u010diami ne tik dalyviai, bet ir \u017ei\u016brovai bei palaikymo komandos \u2013 vaikams bus paruo\u0161tos pramogos: batutai ir kiti linksmi \u017eaidimai.<\/p>\n<p><em>Var\u017eyb\u0173 partneris \u2013 Vilniaus miesto savivaldyb\u0117. \u00a0Futbolo klubo \u201e\u017dalgiris\u201c projektas \u201eFutbolo klubo \u201e\u017dalgiris\u201d auk\u0161t\u0173 sporto rezultat\u0173 ir bendruomen\u0117s puosel\u0117jimas, i\u0161saugant tradicijas ir vertybes\u201c bendrai finansuojamas Vilniaus miesto savivaldyb\u0117s auk\u0161to meistri\u0161kumo projekt\u0173 fondo l\u0117\u0161omis.<\/em><\/p>\n","protected":false},"excerpt":{"rendered":"<p>Gegu\u017e\u0117s m\u0117nes\u012f jau ketvirt\u0105 kart\u0105 vyks FK \u201e\u017dalgirio\u201c \u0161eim\u0173 futbolo festivalis. \u0160iuo renginiu siekiama skatinti fizin\u012f aktyvum\u0105 ir suteikti \u0161eimoms prog\u0105 smagiai praleisti laik\u0105 kartu\u2026<\/p>\n","protected":false},"author":4,"featured_media":0,"comment_status":"closed","ping_status":"closed","sticky":false,"template":"","format":"standard","meta":{"_acf_changed":false,"footnotes":""},"categories":[87],"class_list":["post-17385","post","type-post","status-publish","format-standard","hentry","category-zalgiris"],"acf":[],"yoast_head":"<!-- This site is optimized with the Yoast SEO plugin v26.8 - https:\/\/yoast.com\/product\/yoast-seo-wordpress\/ -->\n<title>Gegu\u017e\u0119 - ketvirtas \u201e\u017dalgirio\u201c \u0161eim\u0173 futbolo festivalio sezonas - FK \u017dalgiris<\/title>\n<meta name=\"robots\" content=\"index, follow, max-snippet:-1, max-image-preview:large, max-video-preview:-1\" \/>\n<link rel=\"canonical\" href=\"https:\/\/fkzalgiris.lt\/geguze-ketvirtas-zalgirio-seimu-futbolo-festivalio-sezonas\/\" \/>\n<meta property=\"og:locale\" content=\"lt_LT\" \/>\n<meta property=\"og:type\" content=\"article\" \/>\n<meta property=\"og:title\" content=\"Gegu\u017e\u0119 - ketvirtas \u201e\u017dalgirio\u201c \u0161eim\u0173 futbolo festivalio sezonas - FK \u017dalgiris\" \/>\n<meta property=\"og:description\" content=\"Gegu\u017e\u0117s m\u0117nes\u012f jau ketvirt\u0105 kart\u0105 vyks FK \u201e\u017dalgirio\u201c \u0161eim\u0173 futbolo festivalis. \u0160iuo renginiu siekiama skatinti fizin\u012f aktyvum\u0105 ir suteikti \u0161eimoms prog\u0105 smagiai praleisti laik\u0105 kartu\u2026\" \/>\n<meta property=\"og:url\" content=\"https:\/\/fkzalgiris.lt\/geguze-ketvirtas-zalgirio-seimu-futbolo-festivalio-sezonas\/\" \/>\n<meta property=\"og:site_name\" content=\"FK \u017dalgiris\" \/>\n<meta property=\"article:publisher\" content=\"https:\/\/www.facebook.com\/fkzalgiris\/\" \/>\n<meta property=\"article:published_time\" content=\"2025-05-01T13:47:34+00:00\" \/>\n<meta property=\"og:image\" content=\"https:\/\/fkzalgiris.lt\/wp-content\/uploads\/2024\/02\/social-horiz_Zalgiris_logo_2024.png\" \/>\n\t<meta property=\"og:image:width\" content=\"3356\" \/>\n\t<meta property=\"og:image:height\" content=\"2259\" \/>\n\t<meta property=\"og:image:type\" content=\"image\/png\" \/>\n<meta name=\"author\" content=\"J\" \/>\n<meta name=\"twitter:card\" content=\"summary_large_image\" \/>\n<meta name=\"twitter:creator\" content=\"@fkzalgiris\" \/>\n<meta name=\"twitter:site\" content=\"@fkzalgiris\" \/>\n<meta name=\"twitter:label1\" content=\"Written by\" \/>\n\t<meta name=\"twitter:data1\" content=\"J\" \/>\n\t<meta name=\"twitter:label2\" content=\"Est. reading time\" \/>\n\t<meta name=\"twitter:data2\" content=\"2 minut\u0117s\" \/>\n<script type=\"application\/ld+json\" class=\"yoast-schema-graph\">{\"@context\":\"https:\/\/schema.org\",\"@graph\":[{\"@type\":\"Article\",\"@id\":\"https:\/\/fkzalgiris.lt\/geguze-ketvirtas-zalgirio-seimu-futbolo-festivalio-sezonas\/#article\",\"isPartOf\":{\"@id\":\"https:\/\/fkzalgiris.lt\/geguze-ketvirtas-zalgirio-seimu-futbolo-festivalio-sezonas\/\"},\"author\":{\"name\":\"J\",\"@id\":\"https:\/\/fkzalgiris.lt\/#\/schema\/person\/8604babbba794a7d8767be324a3eaac8\"},\"headline\":\"Gegu\u017e\u0119 &#8211; ketvirtas \u201e\u017dalgirio\u201c \u0161eim\u0173 futbolo festivalio sezonas\",\"datePublished\":\"2025-05-01T13:47:34+00:00\",\"mainEntityOfPage\":{\"@id\":\"https:\/\/fkzalgiris.lt\/geguze-ketvirtas-zalgirio-seimu-futbolo-festivalio-sezonas\/\"},\"wordCount\":229,\"publisher\":{\"@id\":\"https:\/\/fkzalgiris.lt\/#organization\"},\"articleSection\":[\"\u017dalgiris\"],\"inLanguage\":\"lt-LT\"},{\"@type\":\"WebPage\",\"@id\":\"https:\/\/fkzalgiris.lt\/geguze-ketvirtas-zalgirio-seimu-futbolo-festivalio-sezonas\/\",\"url\":\"https:\/\/fkzalgiris.lt\/geguze-ketvirtas-zalgirio-seimu-futbolo-festivalio-sezonas\/\",\"name\":\"Gegu\u017e\u0119 - ketvirtas \u201e\u017dalgirio\u201c \u0161eim\u0173 futbolo festivalio sezonas - FK \u017dalgiris\",\"isPartOf\":{\"@id\":\"https:\/\/fkzalgiris.lt\/#website\"},\"datePublished\":\"2025-05-01T13:47:34+00:00\",\"breadcrumb\":{\"@id\":\"https:\/\/fkzalgiris.lt\/geguze-ketvirtas-zalgirio-seimu-futbolo-festivalio-sezonas\/#breadcrumb\"},\"inLanguage\":\"lt-LT\",\"potentialAction\":[{\"@type\":\"ReadAction\",\"target\":[\"https:\/\/fkzalgiris.lt\/geguze-ketvirtas-zalgirio-seimu-futbolo-festivalio-sezonas\/\"]}]},{\"@type\":\"BreadcrumbList\",\"@id\":\"https:\/\/fkzalgiris.lt\/geguze-ketvirtas-zalgirio-seimu-futbolo-festivalio-sezonas\/#breadcrumb\",\"itemListElement\":[{\"@type\":\"ListItem\",\"position\":1,\"name\":\"Home\",\"item\":\"https:\/\/fkzalgiris.lt\/\"},{\"@type\":\"ListItem\",\"position\":2,\"name\":\"Gegu\u017e\u0119 &#8211; ketvirtas \u201e\u017dalgirio\u201c \u0161eim\u0173 futbolo festivalio sezonas\"}]},{\"@type\":\"WebSite\",\"@id\":\"https:\/\/fkzalgiris.lt\/#website\",\"url\":\"https:\/\/fkzalgiris.lt\/\",\"name\":\"FK \u017dalgiris\",\"description\":\"oficiali Vilniaus \u201e\u017dalgirio\u201c futbolo klubo svetain\u0117\",\"publisher\":{\"@id\":\"https:\/\/fkzalgiris.lt\/#organization\"},\"potentialAction\":[{\"@type\":\"SearchAction\",\"target\":{\"@type\":\"EntryPoint\",\"urlTemplate\":\"https:\/\/fkzalgiris.lt\/?s={search_term_string}\"},\"query-input\":{\"@type\":\"PropertyValueSpecification\",\"valueRequired\":true,\"valueName\":\"search_term_string\"}}],\"inLanguage\":\"lt-LT\"},{\"@type\":\"Organization\",\"@id\":\"https:\/\/fkzalgiris.lt\/#organization\",\"name\":\"FK \u017dalgiris\",\"url\":\"https:\/\/fkzalgiris.lt\/\",\"logo\":{\"@type\":\"ImageObject\",\"inLanguage\":\"lt-LT\",\"@id\":\"https:\/\/fkzalgiris.lt\/#\/schema\/logo\/image\/\",\"url\":\"https:\/\/fkzalgiris.lt\/wp-content\/uploads\/2024\/01\/horiz-FK-Zalgiris-logo-2015.png\",\"contentUrl\":\"https:\/\/fkzalgiris.lt\/wp-content\/uploads\/2024\/01\/horiz-FK-Zalgiris-logo-2015.png\",\"width\":3073,\"height\":2048,\"caption\":\"FK \u017dalgiris\"},\"image\":{\"@id\":\"https:\/\/fkzalgiris.lt\/#\/schema\/logo\/image\/\"},\"sameAs\":[\"https:\/\/www.facebook.com\/fkzalgiris\/\",\"https:\/\/x.com\/fkzalgiris\",\"https:\/\/www.instagram.com\/fkzalgiris\/\",\"https:\/\/www.youtube.com\/channel\/UC1ag8JLxGirltMUoLlzfZLA\"]},{\"@type\":\"Person\",\"@id\":\"https:\/\/fkzalgiris.lt\/#\/schema\/person\/8604babbba794a7d8767be324a3eaac8\",\"name\":\"J\"}]}<\/script>\n<!-- \/ Yoast SEO plugin. -->","yoast_head_json":{"title":"Gegu\u017e\u0119 - ketvirtas \u201e\u017dalgirio\u201c \u0161eim\u0173 futbolo festivalio sezonas - FK \u017dalgiris","robots":{"index":"index","follow":"follow","max-snippet":"max-snippet:-1","max-image-preview":"max-image-preview:large","max-video-preview":"max-video-preview:-1"},"canonical":"https:\/\/fkzalgiris.lt\/geguze-ketvirtas-zalgirio-seimu-futbolo-festivalio-sezonas\/","og_locale":"lt_LT","og_type":"article","og_title":"Gegu\u017e\u0119 - ketvirtas \u201e\u017dalgirio\u201c \u0161eim\u0173 futbolo festivalio sezonas - FK \u017dalgiris","og_description":"Gegu\u017e\u0117s m\u0117nes\u012f jau ketvirt\u0105 kart\u0105 vyks FK \u201e\u017dalgirio\u201c \u0161eim\u0173 futbolo festivalis. \u0160iuo renginiu siekiama skatinti fizin\u012f aktyvum\u0105 ir suteikti \u0161eimoms prog\u0105 smagiai praleisti laik\u0105 kartu\u2026","og_url":"https:\/\/fkzalgiris.lt\/geguze-ketvirtas-zalgirio-seimu-futbolo-festivalio-sezonas\/","og_site_name":"FK \u017dalgiris","article_publisher":"https:\/\/www.facebook.com\/fkzalgiris\/","article_published_time":"2025-05-01T13:47:34+00:00","og_image":[{"width":3356,"height":2259,"url":"https:\/\/fkzalgiris.lt\/wp-content\/uploads\/2024\/02\/social-horiz_Zalgiris_logo_2024.png","type":"image\/png"}],"author":"J","twitter_card":"summary_large_image","twitter_creator":"@fkzalgiris","twitter_site":"@fkzalgiris","twitter_misc":{"Written by":"J","Est. reading time":"2 minut\u0117s"},"schema":{"@context":"https:\/\/schema.org","@graph":[{"@type":"Article","@id":"https:\/\/fkzalgiris.lt\/geguze-ketvirtas-zalgirio-seimu-futbolo-festivalio-sezonas\/#article","isPartOf":{"@id":"https:\/\/fkzalgiris.lt\/geguze-ketvirtas-zalgirio-seimu-futbolo-festivalio-sezonas\/"},"author":{"name":"J","@id":"https:\/\/fkzalgiris.lt\/#\/schema\/person\/8604babbba794a7d8767be324a3eaac8"},"headline":"Gegu\u017e\u0119 &#8211; ketvirtas \u201e\u017dalgirio\u201c \u0161eim\u0173 futbolo festivalio sezonas","datePublished":"2025-05-01T13:47:34+00:00","mainEntityOfPage":{"@id":"https:\/\/fkzalgiris.lt\/geguze-ketvirtas-zalgirio-seimu-futbolo-festivalio-sezonas\/"},"wordCount":229,"publisher":{"@id":"https:\/\/fkzalgiris.lt\/#organization"},"articleSection":["\u017dalgiris"],"inLanguage":"lt-LT"},{"@type":"WebPage","@id":"https:\/\/fkzalgiris.lt\/geguze-ketvirtas-zalgirio-seimu-futbolo-festivalio-sezonas\/","url":"https:\/\/fkzalgiris.lt\/geguze-ketvirtas-zalgirio-seimu-futbolo-festivalio-sezonas\/","name":"Gegu\u017e\u0119 - ketvirtas \u201e\u017dalgirio\u201c \u0161eim\u0173 futbolo festivalio sezonas - FK \u017dalgiris","isPartOf":{"@id":"https:\/\/fkzalgiris.lt\/#website"},"datePublished":"2025-05-01T13:47:34+00:00","breadcrumb":{"@id":"https:\/\/fkzalgiris.lt\/geguze-ketvirtas-zalgirio-seimu-futbolo-festivalio-sezonas\/#breadcrumb"},"inLanguage":"lt-LT","potentialAction":[{"@type":"ReadAction","target":["https:\/\/fkzalgiris.lt\/geguze-ketvirtas-zalgirio-seimu-futbolo-festivalio-sezonas\/"]}]},{"@type":"BreadcrumbList","@id":"https:\/\/fkzalgiris.lt\/geguze-ketvirtas-zalgirio-seimu-futbolo-festivalio-sezonas\/#breadcrumb","itemListElement":[{"@type":"ListItem","position":1,"name":"Home","item":"https:\/\/fkzalgiris.lt\/"},{"@type":"ListItem","position":2,"name":"Gegu\u017e\u0119 &#8211; ketvirtas \u201e\u017dalgirio\u201c \u0161eim\u0173 futbolo festivalio sezonas"}]},{"@type":"WebSite","@id":"https:\/\/fkzalgiris.lt\/#website","url":"https:\/\/fkzalgiris.lt\/","name":"FK \u017dalgiris","description":"oficiali Vilniaus \u201e\u017dalgirio\u201c futbolo klubo svetain\u0117","publisher":{"@id":"https:\/\/fkzalgiris.lt\/#organization"},"potentialAction":[{"@type":"SearchAction","target":{"@type":"EntryPoint","urlTemplate":"https:\/\/fkzalgiris.lt\/?s={search_term_string}"},"query-input":{"@type":"PropertyValueSpecification","valueRequired":true,"valueName":"search_term_string"}}],"inLanguage":"lt-LT"},{"@type":"Organization","@id":"https:\/\/fkzalgiris.lt\/#organization","name":"FK \u017dalgiris","url":"https:\/\/fkzalgiris.lt\/","logo":{"@type":"ImageObject","inLanguage":"lt-LT","@id":"https:\/\/fkzalgiris.lt\/#\/schema\/logo\/image\/","url":"https:\/\/fkzalgiris.lt\/wp-content\/uploads\/2024\/01\/horiz-FK-Zalgiris-logo-2015.png","contentUrl":"https:\/\/fkzalgiris.lt\/wp-content\/uploads\/2024\/01\/horiz-FK-Zalgiris-logo-2015.png","width":3073,"height":2048,"caption":"FK \u017dalgiris"},"image":{"@id":"https:\/\/fkzalgiris.lt\/#\/schema\/logo\/image\/"},"sameAs":["https:\/\/www.facebook.com\/fkzalgiris\/","https:\/\/x.com\/fkzalgiris","https:\/\/www.instagram.com\/fkzalgiris\/","https:\/\/www.youtube.com\/channel\/UC1ag8JLxGirltMUoLlzfZLA"]},{"@type":"Person","@id":"https:\/\/fkzalgiris.lt\/#\/schema\/person\/8604babbba794a7d8767be324a3eaac8","name":"J"}]}},"_links":{"self":[{"href":"https:\/\/fkzalgiris.lt\/api\/wp\/v2\/posts\/17385","targetHints":{"allow":["GET"]}}],"collection":[{"href":"https:\/\/fkzalgiris.lt\/api\/wp\/v2\/posts"}],"about":[{"href":"https:\/\/fkzalgiris.lt\/api\/wp\/v2\/types\/post"}],"author":[{"embeddable":true,"href":"https:\/\/fkzalgiris.lt\/api\/wp\/v2\/users\/4"}],"replies":[{"embeddable":true,"href":"https:\/\/fkzalgiris.lt\/api\/wp\/v2\/comments?post=17385"}],"version-history":[{"count":2,"href":"https:\/\/fkzalgiris.lt\/api\/wp\/v2\/posts\/17385\/revisions"}],"predecessor-version":[{"id":17388,"href":"https:\/\/fkzalgiris.lt\/api\/wp\/v2\/posts\/17385\/revisions\/17388"}],"wp:attachment":[{"href":"https:\/\/fkzalgiris.lt\/api\/wp\/v2\/media?parent=17385"}],"wp:term":[{"taxonomy":"category","embeddable":true,"href":"https:\/\/fkzalgiris.lt\/api\/wp\/v2\/categories?post=17385"}],"curies":[{"name":"wp","href":"https:\/\/api.w.org\/{rel}","templated":true}]}}