{"id":17261,"date":"2025-04-10T10:56:19","date_gmt":"2025-04-10T07:56:19","guid":{"rendered":"https:\/\/fkzalgiris.lt\/?p=17261"},"modified":"2025-04-10T10:56:19","modified_gmt":"2025-04-10T07:56:19","slug":"bruno-tavares-nuo-lisabonos-gatviu-iki-sporting-talentu-kalves","status":"publish","type":"post","link":"https:\/\/fkzalgiris.lt\/bruno-tavares-nuo-lisabonos-gatviu-iki-sporting-talentu-kalves\/","title":{"rendered":"Bruno Tavares: nuo Lisabonos gatvi\u0173 iki \u201eSporting\u201c talent\u0173 kalv\u0117s"},"content":{"rendered":"<p>\u201e\u017dalgirio\u201c komandoje \u0161\u012f sezon\u0105 kol kas be keitim\u0173 rungtyniauja penki \u017eaid\u0117jai, bet tik vienas i\u0161 j\u0173 \u2013 komandos naujokas.<\/p>\n<p>Kit\u0105 savait\u0119 23-\u0105j\u012f gimtadien\u012f \u0161vesiantis Bruno Tavaresas \u2013 garsiojo \u201eSporting\u201c klubo akademijos mokyklos aukl\u0117tinis, kuris taip pat sp\u0117jo pa\u017eaisti ir Vilniaus ekipos aistruoliams pa\u017e\u012fstamoje \u201ePafos\u201c komandoje bei kaimynin\u0117je Latvijoje.<\/p>\n<p><strong>Pirmieji \u017eingsniai<\/strong><\/p>\n<p>Futbolo kelias Bruno prasid\u0117jo gimtojoje Lisabonoje. \u201ePrad\u0117jau \u017eaisti gatv\u0117je, o v\u0117liau patekau \u012f \u201eSporting\u201c akademij\u0105, kur praleidau iki 20-ies met\u0173\u201c, \u2013 pasakojo futbolininkas.<\/p>\n<p>Nors anksti palikti t\u0117vus buvo sunku, j\u012f palaik\u0117 bendraam\u017eiai, kurie dalijosi pana\u0161ia patirtimi, o taip pat labiau patyr\u0119 \u017eaid\u0117jai, tokie kaip v\u0117liau Portugalijos rinktin\u0117je \u017eaid\u0119s Gelsonas Martinsas. \u201eJis man labai pad\u0117jo sunkiu laikotarpiu\u201c, \u2013 prisimena Bruno.<\/p>\n<p>16-os Bruno pasira\u0161\u0117 pirm\u0105j\u012f kontrakt\u0105. \u201eTada supratau, kad einu teisingu keliu. Nor\u0117jau pad\u0117ti savo \u0161eimai, savo bendruomenei, t\u0117vui ir mamai\u201c, \u2013 pasakojo \u017eaid\u0117jas.<\/p>\n<p>\u201eSporting\u201c jaunimo komandose su juo \u017eaid\u0117 ir b\u016bsimos \u017evaig\u017ed\u0117s \u2013 tokios kaip \u201eP.S.G\u201c gyn\u0117jas Nuno Mendesas ar \u201eMan City\u201c saugas Matheus Nunesas.<\/p>\n<p><img loading=\"lazy\" decoding=\"async\" class=\"alignnone wp-image-17264\" src=\"https:\/\/fkzalgiris.lt\/wp-content\/uploads\/2025\/04\/foto-Elvis-Zaldaris-@elviszaldaris-zaldaris.lt-93-1024x683.jpg\" alt=\"\" width=\"650\" height=\"434\" srcset=\"https:\/\/fkzalgiris.lt\/wp-content\/uploads\/2025\/04\/foto-Elvis-Zaldaris-@elviszaldaris-zaldaris.lt-93-1024x683.jpg 1024w, https:\/\/fkzalgiris.lt\/wp-content\/uploads\/2025\/04\/foto-Elvis-Zaldaris-@elviszaldaris-zaldaris.lt-93-300x200.jpg 300w, https:\/\/fkzalgiris.lt\/wp-content\/uploads\/2025\/04\/foto-Elvis-Zaldaris-@elviszaldaris-zaldaris.lt-93-768x512.jpg 768w, https:\/\/fkzalgiris.lt\/wp-content\/uploads\/2025\/04\/foto-Elvis-Zaldaris-@elviszaldaris-zaldaris.lt-93-1536x1025.jpg 1536w, https:\/\/fkzalgiris.lt\/wp-content\/uploads\/2025\/04\/foto-Elvis-Zaldaris-@elviszaldaris-zaldaris.lt-93-150x100.jpg 150w, https:\/\/fkzalgiris.lt\/wp-content\/uploads\/2025\/04\/foto-Elvis-Zaldaris-@elviszaldaris-zaldaris.lt-93-840x560.jpg 840w, https:\/\/fkzalgiris.lt\/wp-content\/uploads\/2025\/04\/foto-Elvis-Zaldaris-@elviszaldaris-zaldaris.lt-93-570x380.jpg 570w, https:\/\/fkzalgiris.lt\/wp-content\/uploads\/2025\/04\/foto-Elvis-Zaldaris-@elviszaldaris-zaldaris.lt-93-30x20.jpg 30w, https:\/\/fkzalgiris.lt\/wp-content\/uploads\/2025\/04\/foto-Elvis-Zaldaris-@elviszaldaris-zaldaris.lt-93.jpg 2048w\" sizes=\"auto, (max-width: 650px) 100vw, 650px\" \/><\/p>\n<p><strong>Patirtis u\u017esienyje<\/strong><\/p>\n<p>Po \u201eSporting\u201c akademijos Bruno metus praleido antrame Portugalijos divizione atstovaudamas \u201eVarzim\u201c klubui. Tuomet persik\u0117l\u0117 \u012f Kipr\u0105, kur pasira\u0161\u0117 sutart\u012f su \u201ePafos\u201c klubu. \u201eTai buvo pirmasis kartas, kai vienas palikau \u0161al\u012f. Pirmi m\u0117nesiai buvo sunk\u016bs, bet v\u0117liau supratau, kad tai \u2013 mano kelias\u201c.<\/p>\n<p>V\u0117liau sek\u0117 etapas Latvijoje, kur jis atstovavo \u201eAuda\u201c komandai ir netgi pakeit\u0117 pozicij\u0105 aik\u0161t\u0117je. \u201ePrad\u0117jau \u017eaisti kaip kra\u0161to saugas, bet kai komandai prireik\u0117 kairiojo gyn\u0117jo, sutikau pabandyti. Dabar galiu \u017eaisti abejose pozicijose \u2013 tai didelis privalumas\u201c.<\/p>\n<p><strong>Kipro klubo \u017eaid\u0117j\u0173 rekomendacija<\/strong><\/p>\n<p>Po etapo Latvijoje Vilniaus klubo pasi\u016blymas Bruno pasirod\u0117 patrauklus. \u201eKai kalb\u0117jausi su treneriu ir vadove, jie man pristat\u0117 projekt\u0105, kuris mane su\u017eav\u0117jo. Jau\u010diau, kad \u010dia galiu tobul\u0117ti ir kilti \u012f vir\u0161\u0173.\u201c<\/p>\n<p>Svarbus dalykas sprend\u017eiant atvykti \u012f Vilni\u0173 buvo ir kit\u0173 \u017eaid\u0117j\u0173 rekomendacija: \u201eKai kurie \u201ePafos\u201c \u017eaid\u0117jai pernai \u017eaid\u0117 prie\u0161 \u201e\u017dalgir\u012f\u201c, tad j\u0173 paklausiau apie \u0161\u012f klub\u0105. Jie sak\u0117, kad tai man bus puiki vieta augti.\u201c<\/p>\n<p><img loading=\"lazy\" decoding=\"async\" class=\"alignnone wp-image-17265\" src=\"https:\/\/fkzalgiris.lt\/wp-content\/uploads\/2025\/04\/foto-Elvis-Zaldaris-@elviszaldaris-zaldaris.lt-137-1024x683.jpg\" alt=\"\" width=\"650\" height=\"433\" srcset=\"https:\/\/fkzalgiris.lt\/wp-content\/uploads\/2025\/04\/foto-Elvis-Zaldaris-@elviszaldaris-zaldaris.lt-137-1024x683.jpg 1024w, https:\/\/fkzalgiris.lt\/wp-content\/uploads\/2025\/04\/foto-Elvis-Zaldaris-@elviszaldaris-zaldaris.lt-137-300x200.jpg 300w, https:\/\/fkzalgiris.lt\/wp-content\/uploads\/2025\/04\/foto-Elvis-Zaldaris-@elviszaldaris-zaldaris.lt-137-768x512.jpg 768w, https:\/\/fkzalgiris.lt\/wp-content\/uploads\/2025\/04\/foto-Elvis-Zaldaris-@elviszaldaris-zaldaris.lt-137-1536x1024.jpg 1536w, https:\/\/fkzalgiris.lt\/wp-content\/uploads\/2025\/04\/foto-Elvis-Zaldaris-@elviszaldaris-zaldaris.lt-137-150x100.jpg 150w, https:\/\/fkzalgiris.lt\/wp-content\/uploads\/2025\/04\/foto-Elvis-Zaldaris-@elviszaldaris-zaldaris.lt-137-840x560.jpg 840w, https:\/\/fkzalgiris.lt\/wp-content\/uploads\/2025\/04\/foto-Elvis-Zaldaris-@elviszaldaris-zaldaris.lt-137-570x380.jpg 570w, https:\/\/fkzalgiris.lt\/wp-content\/uploads\/2025\/04\/foto-Elvis-Zaldaris-@elviszaldaris-zaldaris.lt-137-30x20.jpg 30w, https:\/\/fkzalgiris.lt\/wp-content\/uploads\/2025\/04\/foto-Elvis-Zaldaris-@elviszaldaris-zaldaris.lt-137.jpg 2048w\" sizes=\"auto, (max-width: 650px) 100vw, 650px\" \/><\/p>\n<p><strong>Rinktin\u0117s ir svajon\u0117s<\/strong><\/p>\n<p>Karjeros prad\u017eioje Bruno yra atstovav\u0119s Portugalijos jaunimo rinktin\u0117ms, \u017eaid\u0117 ir Europos U-17 \u010dempionato finaliniame etape: \u201eAtstovauti \u0161aliai \u2013 didel\u0117 garb\u0117. Tai suteik\u0117 daug d\u017eiaugsmo ir patirties.\u201c<\/p>\n<p>Nors \u017eaid\u0117jo karjeros prad\u017eioje svajon\u0117s nei\u0161sipild\u0117 \u2013 jis nedebiutavo \u201eSporting\u201c pagrindin\u0117je komandoje \u2013 futbolininkas toliau kelia sau auk\u0161tus tikslus. \u201eNoriu \u017eaisti did\u017eiausiose lygose Anglijoje, Ispanijoje, Italijoje ar Portugalijoje. Dar reikia daug dirbti, bet tikiu, kad \u017eingsnis po \u017eingsnio tai pasieksiu.\u201c<\/p>\n","protected":false},"excerpt":{"rendered":"<p>\u201e\u017dalgirio\u201c komandoje \u0161\u012f sezon\u0105 kol kas be keitim\u0173 rungtyniauja penki \u017eaid\u0117jai, bet tik vienas i\u0161 j\u0173 \u2013 komandos naujokas. Kit\u0105 savait\u0119 23-\u0105j\u012f gimtadien\u012f \u0161vesiantis Bruno\u2026<\/p>\n","protected":false},"author":4,"featured_media":0,"comment_status":"closed","ping_status":"closed","sticky":false,"template":"","format":"standard","meta":{"_acf_changed":false,"footnotes":""},"categories":[87],"class_list":["post-17261","post","type-post","status-publish","format-standard","hentry","category-zalgiris"],"acf":[],"yoast_head":"<!-- This site is optimized with the Yoast SEO plugin v26.8 - https:\/\/yoast.com\/product\/yoast-seo-wordpress\/ -->\n<title>Bruno Tavares: nuo Lisabonos gatvi\u0173 iki \u201eSporting\u201c talent\u0173 kalv\u0117s - FK \u017dalgiris<\/title>\n<meta name=\"robots\" content=\"index, follow, max-snippet:-1, max-image-preview:large, max-video-preview:-1\" \/>\n<link rel=\"canonical\" href=\"https:\/\/fkzalgiris.lt\/bruno-tavares-nuo-lisabonos-gatviu-iki-sporting-talentu-kalves\/\" \/>\n<meta property=\"og:locale\" content=\"lt_LT\" \/>\n<meta property=\"og:type\" content=\"article\" \/>\n<meta property=\"og:title\" content=\"Bruno Tavares: nuo Lisabonos gatvi\u0173 iki \u201eSporting\u201c talent\u0173 kalv\u0117s - FK \u017dalgiris\" \/>\n<meta property=\"og:description\" content=\"\u201e\u017dalgirio\u201c komandoje \u0161\u012f sezon\u0105 kol kas be keitim\u0173 rungtyniauja penki \u017eaid\u0117jai, bet tik vienas i\u0161 j\u0173 \u2013 komandos naujokas. Kit\u0105 savait\u0119 23-\u0105j\u012f gimtadien\u012f \u0161vesiantis Bruno\u2026\" \/>\n<meta property=\"og:url\" content=\"https:\/\/fkzalgiris.lt\/bruno-tavares-nuo-lisabonos-gatviu-iki-sporting-talentu-kalves\/\" \/>\n<meta property=\"og:site_name\" content=\"FK \u017dalgiris\" \/>\n<meta property=\"article:publisher\" content=\"https:\/\/www.facebook.com\/fkzalgiris\/\" \/>\n<meta property=\"article:published_time\" content=\"2025-04-10T07:56:19+00:00\" \/>\n<meta property=\"og:image\" content=\"https:\/\/fkzalgiris.lt\/wp-content\/uploads\/2025\/04\/foto-Elvis-Zaldaris-@elviszaldaris-zaldaris.lt-93-1024x683.jpg\" \/>\n<meta name=\"author\" content=\"J\" \/>\n<meta name=\"twitter:card\" content=\"summary_large_image\" \/>\n<meta name=\"twitter:creator\" content=\"@fkzalgiris\" \/>\n<meta name=\"twitter:site\" content=\"@fkzalgiris\" \/>\n<meta name=\"twitter:label1\" content=\"Written by\" \/>\n\t<meta name=\"twitter:data1\" content=\"J\" \/>\n\t<meta name=\"twitter:label2\" content=\"Est. reading time\" \/>\n\t<meta name=\"twitter:data2\" content=\"3 minut\u0117s\" \/>\n<script type=\"application\/ld+json\" class=\"yoast-schema-graph\">{\"@context\":\"https:\/\/schema.org\",\"@graph\":[{\"@type\":\"Article\",\"@id\":\"https:\/\/fkzalgiris.lt\/bruno-tavares-nuo-lisabonos-gatviu-iki-sporting-talentu-kalves\/#article\",\"isPartOf\":{\"@id\":\"https:\/\/fkzalgiris.lt\/bruno-tavares-nuo-lisabonos-gatviu-iki-sporting-talentu-kalves\/\"},\"author\":{\"name\":\"J\",\"@id\":\"https:\/\/fkzalgiris.lt\/#\/schema\/person\/8604babbba794a7d8767be324a3eaac8\"},\"headline\":\"Bruno Tavares: nuo Lisabonos gatvi\u0173 iki \u201eSporting\u201c talent\u0173 kalv\u0117s\",\"datePublished\":\"2025-04-10T07:56:19+00:00\",\"mainEntityOfPage\":{\"@id\":\"https:\/\/fkzalgiris.lt\/bruno-tavares-nuo-lisabonos-gatviu-iki-sporting-talentu-kalves\/\"},\"wordCount\":429,\"publisher\":{\"@id\":\"https:\/\/fkzalgiris.lt\/#organization\"},\"image\":{\"@id\":\"https:\/\/fkzalgiris.lt\/bruno-tavares-nuo-lisabonos-gatviu-iki-sporting-talentu-kalves\/#primaryimage\"},\"thumbnailUrl\":\"https:\/\/fkzalgiris.lt\/wp-content\/uploads\/2025\/04\/foto-Elvis-Zaldaris-@elviszaldaris-zaldaris.lt-93-1024x683.jpg\",\"articleSection\":[\"\u017dalgiris\"],\"inLanguage\":\"lt-LT\"},{\"@type\":\"WebPage\",\"@id\":\"https:\/\/fkzalgiris.lt\/bruno-tavares-nuo-lisabonos-gatviu-iki-sporting-talentu-kalves\/\",\"url\":\"https:\/\/fkzalgiris.lt\/bruno-tavares-nuo-lisabonos-gatviu-iki-sporting-talentu-kalves\/\",\"name\":\"Bruno Tavares: nuo Lisabonos gatvi\u0173 iki \u201eSporting\u201c talent\u0173 kalv\u0117s - FK \u017dalgiris\",\"isPartOf\":{\"@id\":\"https:\/\/fkzalgiris.lt\/#website\"},\"primaryImageOfPage\":{\"@id\":\"https:\/\/fkzalgiris.lt\/bruno-tavares-nuo-lisabonos-gatviu-iki-sporting-talentu-kalves\/#primaryimage\"},\"image\":{\"@id\":\"https:\/\/fkzalgiris.lt\/bruno-tavares-nuo-lisabonos-gatviu-iki-sporting-talentu-kalves\/#primaryimage\"},\"thumbnailUrl\":\"https:\/\/fkzalgiris.lt\/wp-content\/uploads\/2025\/04\/foto-Elvis-Zaldaris-@elviszaldaris-zaldaris.lt-93-1024x683.jpg\",\"datePublished\":\"2025-04-10T07:56:19+00:00\",\"breadcrumb\":{\"@id\":\"https:\/\/fkzalgiris.lt\/bruno-tavares-nuo-lisabonos-gatviu-iki-sporting-talentu-kalves\/#breadcrumb\"},\"inLanguage\":\"lt-LT\",\"potentialAction\":[{\"@type\":\"ReadAction\",\"target\":[\"https:\/\/fkzalgiris.lt\/bruno-tavares-nuo-lisabonos-gatviu-iki-sporting-talentu-kalves\/\"]}]},{\"@type\":\"ImageObject\",\"inLanguage\":\"lt-LT\",\"@id\":\"https:\/\/fkzalgiris.lt\/bruno-tavares-nuo-lisabonos-gatviu-iki-sporting-talentu-kalves\/#primaryimage\",\"url\":\"https:\/\/fkzalgiris.lt\/wp-content\/uploads\/2025\/04\/foto-Elvis-Zaldaris-@elviszaldaris-zaldaris.lt-93.jpg\",\"contentUrl\":\"https:\/\/fkzalgiris.lt\/wp-content\/uploads\/2025\/04\/foto-Elvis-Zaldaris-@elviszaldaris-zaldaris.lt-93.jpg\",\"width\":2048,\"height\":1366},{\"@type\":\"BreadcrumbList\",\"@id\":\"https:\/\/fkzalgiris.lt\/bruno-tavares-nuo-lisabonos-gatviu-iki-sporting-talentu-kalves\/#breadcrumb\",\"itemListElement\":[{\"@type\":\"ListItem\",\"position\":1,\"name\":\"Home\",\"item\":\"https:\/\/fkzalgiris.lt\/\"},{\"@type\":\"ListItem\",\"position\":2,\"name\":\"Bruno Tavares: nuo Lisabonos gatvi\u0173 iki \u201eSporting\u201c talent\u0173 kalv\u0117s\"}]},{\"@type\":\"WebSite\",\"@id\":\"https:\/\/fkzalgiris.lt\/#website\",\"url\":\"https:\/\/fkzalgiris.lt\/\",\"name\":\"FK \u017dalgiris\",\"description\":\"oficiali Vilniaus \u201e\u017dalgirio\u201c futbolo klubo svetain\u0117\",\"publisher\":{\"@id\":\"https:\/\/fkzalgiris.lt\/#organization\"},\"potentialAction\":[{\"@type\":\"SearchAction\",\"target\":{\"@type\":\"EntryPoint\",\"urlTemplate\":\"https:\/\/fkzalgiris.lt\/?s={search_term_string}\"},\"query-input\":{\"@type\":\"PropertyValueSpecification\",\"valueRequired\":true,\"valueName\":\"search_term_string\"}}],\"inLanguage\":\"lt-LT\"},{\"@type\":\"Organization\",\"@id\":\"https:\/\/fkzalgiris.lt\/#organization\",\"name\":\"FK \u017dalgiris\",\"url\":\"https:\/\/fkzalgiris.lt\/\",\"logo\":{\"@type\":\"ImageObject\",\"inLanguage\":\"lt-LT\",\"@id\":\"https:\/\/fkzalgiris.lt\/#\/schema\/logo\/image\/\",\"url\":\"https:\/\/fkzalgiris.lt\/wp-content\/uploads\/2024\/01\/horiz-FK-Zalgiris-logo-2015.png\",\"contentUrl\":\"https:\/\/fkzalgiris.lt\/wp-content\/uploads\/2024\/01\/horiz-FK-Zalgiris-logo-2015.png\",\"width\":3073,\"height\":2048,\"caption\":\"FK \u017dalgiris\"},\"image\":{\"@id\":\"https:\/\/fkzalgiris.lt\/#\/schema\/logo\/image\/\"},\"sameAs\":[\"https:\/\/www.facebook.com\/fkzalgiris\/\",\"https:\/\/x.com\/fkzalgiris\",\"https:\/\/www.instagram.com\/fkzalgiris\/\",\"https:\/\/www.youtube.com\/channel\/UC1ag8JLxGirltMUoLlzfZLA\"]},{\"@type\":\"Person\",\"@id\":\"https:\/\/fkzalgiris.lt\/#\/schema\/person\/8604babbba794a7d8767be324a3eaac8\",\"name\":\"J\"}]}<\/script>\n<!-- \/ Yoast SEO plugin. -->","yoast_head_json":{"title":"Bruno Tavares: nuo Lisabonos gatvi\u0173 iki \u201eSporting\u201c talent\u0173 kalv\u0117s - FK \u017dalgiris","robots":{"index":"index","follow":"follow","max-snippet":"max-snippet:-1","max-image-preview":"max-image-preview:large","max-video-preview":"max-video-preview:-1"},"canonical":"https:\/\/fkzalgiris.lt\/bruno-tavares-nuo-lisabonos-gatviu-iki-sporting-talentu-kalves\/","og_locale":"lt_LT","og_type":"article","og_title":"Bruno Tavares: nuo Lisabonos gatvi\u0173 iki \u201eSporting\u201c talent\u0173 kalv\u0117s - FK \u017dalgiris","og_description":"\u201e\u017dalgirio\u201c komandoje \u0161\u012f sezon\u0105 kol kas be keitim\u0173 rungtyniauja penki \u017eaid\u0117jai, bet tik vienas i\u0161 j\u0173 \u2013 komandos naujokas. Kit\u0105 savait\u0119 23-\u0105j\u012f gimtadien\u012f \u0161vesiantis Bruno\u2026","og_url":"https:\/\/fkzalgiris.lt\/bruno-tavares-nuo-lisabonos-gatviu-iki-sporting-talentu-kalves\/","og_site_name":"FK \u017dalgiris","article_publisher":"https:\/\/www.facebook.com\/fkzalgiris\/","article_published_time":"2025-04-10T07:56:19+00:00","og_image":[{"url":"https:\/\/fkzalgiris.lt\/wp-content\/uploads\/2025\/04\/foto-Elvis-Zaldaris-@elviszaldaris-zaldaris.lt-93-1024x683.jpg","type":"","width":"","height":""}],"author":"J","twitter_card":"summary_large_image","twitter_creator":"@fkzalgiris","twitter_site":"@fkzalgiris","twitter_misc":{"Written by":"J","Est. reading time":"3 minut\u0117s"},"schema":{"@context":"https:\/\/schema.org","@graph":[{"@type":"Article","@id":"https:\/\/fkzalgiris.lt\/bruno-tavares-nuo-lisabonos-gatviu-iki-sporting-talentu-kalves\/#article","isPartOf":{"@id":"https:\/\/fkzalgiris.lt\/bruno-tavares-nuo-lisabonos-gatviu-iki-sporting-talentu-kalves\/"},"author":{"name":"J","@id":"https:\/\/fkzalgiris.lt\/#\/schema\/person\/8604babbba794a7d8767be324a3eaac8"},"headline":"Bruno Tavares: nuo Lisabonos gatvi\u0173 iki \u201eSporting\u201c talent\u0173 kalv\u0117s","datePublished":"2025-04-10T07:56:19+00:00","mainEntityOfPage":{"@id":"https:\/\/fkzalgiris.lt\/bruno-tavares-nuo-lisabonos-gatviu-iki-sporting-talentu-kalves\/"},"wordCount":429,"publisher":{"@id":"https:\/\/fkzalgiris.lt\/#organization"},"image":{"@id":"https:\/\/fkzalgiris.lt\/bruno-tavares-nuo-lisabonos-gatviu-iki-sporting-talentu-kalves\/#primaryimage"},"thumbnailUrl":"https:\/\/fkzalgiris.lt\/wp-content\/uploads\/2025\/04\/foto-Elvis-Zaldaris-@elviszaldaris-zaldaris.lt-93-1024x683.jpg","articleSection":["\u017dalgiris"],"inLanguage":"lt-LT"},{"@type":"WebPage","@id":"https:\/\/fkzalgiris.lt\/bruno-tavares-nuo-lisabonos-gatviu-iki-sporting-talentu-kalves\/","url":"https:\/\/fkzalgiris.lt\/bruno-tavares-nuo-lisabonos-gatviu-iki-sporting-talentu-kalves\/","name":"Bruno Tavares: nuo Lisabonos gatvi\u0173 iki \u201eSporting\u201c talent\u0173 kalv\u0117s - FK \u017dalgiris","isPartOf":{"@id":"https:\/\/fkzalgiris.lt\/#website"},"primaryImageOfPage":{"@id":"https:\/\/fkzalgiris.lt\/bruno-tavares-nuo-lisabonos-gatviu-iki-sporting-talentu-kalves\/#primaryimage"},"image":{"@id":"https:\/\/fkzalgiris.lt\/bruno-tavares-nuo-lisabonos-gatviu-iki-sporting-talentu-kalves\/#primaryimage"},"thumbnailUrl":"https:\/\/fkzalgiris.lt\/wp-content\/uploads\/2025\/04\/foto-Elvis-Zaldaris-@elviszaldaris-zaldaris.lt-93-1024x683.jpg","datePublished":"2025-04-10T07:56:19+00:00","breadcrumb":{"@id":"https:\/\/fkzalgiris.lt\/bruno-tavares-nuo-lisabonos-gatviu-iki-sporting-talentu-kalves\/#breadcrumb"},"inLanguage":"lt-LT","potentialAction":[{"@type":"ReadAction","target":["https:\/\/fkzalgiris.lt\/bruno-tavares-nuo-lisabonos-gatviu-iki-sporting-talentu-kalves\/"]}]},{"@type":"ImageObject","inLanguage":"lt-LT","@id":"https:\/\/fkzalgiris.lt\/bruno-tavares-nuo-lisabonos-gatviu-iki-sporting-talentu-kalves\/#primaryimage","url":"https:\/\/fkzalgiris.lt\/wp-content\/uploads\/2025\/04\/foto-Elvis-Zaldaris-@elviszaldaris-zaldaris.lt-93.jpg","contentUrl":"https:\/\/fkzalgiris.lt\/wp-content\/uploads\/2025\/04\/foto-Elvis-Zaldaris-@elviszaldaris-zaldaris.lt-93.jpg","width":2048,"height":1366},{"@type":"BreadcrumbList","@id":"https:\/\/fkzalgiris.lt\/bruno-tavares-nuo-lisabonos-gatviu-iki-sporting-talentu-kalves\/#breadcrumb","itemListElement":[{"@type":"ListItem","position":1,"name":"Home","item":"https:\/\/fkzalgiris.lt\/"},{"@type":"ListItem","position":2,"name":"Bruno Tavares: nuo Lisabonos gatvi\u0173 iki \u201eSporting\u201c talent\u0173 kalv\u0117s"}]},{"@type":"WebSite","@id":"https:\/\/fkzalgiris.lt\/#website","url":"https:\/\/fkzalgiris.lt\/","name":"FK \u017dalgiris","description":"oficiali Vilniaus \u201e\u017dalgirio\u201c futbolo klubo svetain\u0117","publisher":{"@id":"https:\/\/fkzalgiris.lt\/#organization"},"potentialAction":[{"@type":"SearchAction","target":{"@type":"EntryPoint","urlTemplate":"https:\/\/fkzalgiris.lt\/?s={search_term_string}"},"query-input":{"@type":"PropertyValueSpecification","valueRequired":true,"valueName":"search_term_string"}}],"inLanguage":"lt-LT"},{"@type":"Organization","@id":"https:\/\/fkzalgiris.lt\/#organization","name":"FK \u017dalgiris","url":"https:\/\/fkzalgiris.lt\/","logo":{"@type":"ImageObject","inLanguage":"lt-LT","@id":"https:\/\/fkzalgiris.lt\/#\/schema\/logo\/image\/","url":"https:\/\/fkzalgiris.lt\/wp-content\/uploads\/2024\/01\/horiz-FK-Zalgiris-logo-2015.png","contentUrl":"https:\/\/fkzalgiris.lt\/wp-content\/uploads\/2024\/01\/horiz-FK-Zalgiris-logo-2015.png","width":3073,"height":2048,"caption":"FK \u017dalgiris"},"image":{"@id":"https:\/\/fkzalgiris.lt\/#\/schema\/logo\/image\/"},"sameAs":["https:\/\/www.facebook.com\/fkzalgiris\/","https:\/\/x.com\/fkzalgiris","https:\/\/www.instagram.com\/fkzalgiris\/","https:\/\/www.youtube.com\/channel\/UC1ag8JLxGirltMUoLlzfZLA"]},{"@type":"Person","@id":"https:\/\/fkzalgiris.lt\/#\/schema\/person\/8604babbba794a7d8767be324a3eaac8","name":"J"}]}},"_links":{"self":[{"href":"https:\/\/fkzalgiris.lt\/api\/wp\/v2\/posts\/17261","targetHints":{"allow":["GET"]}}],"collection":[{"href":"https:\/\/fkzalgiris.lt\/api\/wp\/v2\/posts"}],"about":[{"href":"https:\/\/fkzalgiris.lt\/api\/wp\/v2\/types\/post"}],"author":[{"embeddable":true,"href":"https:\/\/fkzalgiris.lt\/api\/wp\/v2\/users\/4"}],"replies":[{"embeddable":true,"href":"https:\/\/fkzalgiris.lt\/api\/wp\/v2\/comments?post=17261"}],"version-history":[{"count":3,"href":"https:\/\/fkzalgiris.lt\/api\/wp\/v2\/posts\/17261\/revisions"}],"predecessor-version":[{"id":17267,"href":"https:\/\/fkzalgiris.lt\/api\/wp\/v2\/posts\/17261\/revisions\/17267"}],"wp:attachment":[{"href":"https:\/\/fkzalgiris.lt\/api\/wp\/v2\/media?parent=17261"}],"wp:term":[{"taxonomy":"category","embeddable":true,"href":"https:\/\/fkzalgiris.lt\/api\/wp\/v2\/categories?post=17261"}],"curies":[{"name":"wp","href":"https:\/\/api.w.org\/{rel}","templated":true}]}}