{"id":17052,"date":"2025-03-15T13:31:31","date_gmt":"2025-03-15T11:31:31","guid":{"rendered":"https:\/\/fkzalgiris.lt\/?p=17052"},"modified":"2025-03-15T13:33:48","modified_gmt":"2025-03-15T11:33:48","slug":"moteru-komanda-ruosiasi-debiutui-a-lygoje","status":"publish","type":"post","link":"https:\/\/fkzalgiris.lt\/moteru-komanda-ruosiasi-debiutui-a-lygoje\/","title":{"rendered":"Moter\u0173 komanda ruo\u0161iasi debiutui A lygoje"},"content":{"rendered":"<p data-start=\"79\" data-end=\"481\">Futbolo klubo \u201e\u017dalgiris\u201c istorijos knygoje bus naujas ypatingas \u012fra\u0161as. Sekmadien\u012f startuoja moter\u0173 A lygos pirmenyb\u0117s, kurioje \u0161iemet i\u0161vysime ir sportiniu principu viet\u0105 tarp elito i\u0161kovojusi\u0105 FK \u201e\u017dalgiris\u201c ekip\u0105.<\/p>\n<p data-start=\"79\" data-end=\"481\">Komandai diriguos \u0161eimyninis duetas \u2013 treneriai Justas ir Virginija Klevinskai.<\/p>\n<p data-start=\"79\" data-end=\"481\">2010 &#8211; 2012 metais J. Klevinsko vadovaujama komanda taip pat \u017eaid\u0117 elitiniame moter\u0173 divizione, ta\u010diau tuomet tai dar\u0117 kaip atskira organizacija. Pastaraisiais metais treneriai kartu su savo aukl\u0117tin\u0117mis \u012fsiliejo \u012f futblo klubo \u201e\u017dalgiris\u201c strukt\u016br\u0105.<\/p>\n<p data-start=\"79\" data-end=\"481\">S\u0117kmingu \u017eaidimu pra\u0117jusiais metais merginos i\u0161kovojo kelialap\u012f \u012f auk\u0161\u010diausi\u0105 lyg\u0105 ir joje startuos su FK \u201e\u017dalgiris\u201c v\u0117liava.<\/p>\n<p data-start=\"483\" data-end=\"697\">\u201eTai buvo visos komandos svajon\u0117. D\u017eiaugiuosi, kad darbas atne\u0161\u0117 vaisius, svajon\u0119 \u012f m\u016bs\u0173 kiem\u0105, kurios i\u0161sipildymo lauk\u0117me jau ne vienerius metus\u201c, \u2013 apie patekim\u0105 \u012f auk\u0161\u010diausi\u0105j\u012f divizion\u0105 kalb\u0117jo J. Klevinskas.<\/p>\n<p data-start=\"483\" data-end=\"697\"><img loading=\"lazy\" decoding=\"async\" class=\"alignnone wp-image-17069\" src=\"https:\/\/fkzalgiris.lt\/wp-content\/uploads\/2025\/03\/mfk-IMG_4223-1024x683.jpg\" alt=\"\" width=\"650\" height=\"433\" srcset=\"https:\/\/fkzalgiris.lt\/wp-content\/uploads\/2025\/03\/mfk-IMG_4223-1024x683.jpg 1024w, https:\/\/fkzalgiris.lt\/wp-content\/uploads\/2025\/03\/mfk-IMG_4223-300x200.jpg 300w, https:\/\/fkzalgiris.lt\/wp-content\/uploads\/2025\/03\/mfk-IMG_4223-768x512.jpg 768w, https:\/\/fkzalgiris.lt\/wp-content\/uploads\/2025\/03\/mfk-IMG_4223-1536x1024.jpg 1536w, https:\/\/fkzalgiris.lt\/wp-content\/uploads\/2025\/03\/mfk-IMG_4223-150x100.jpg 150w, https:\/\/fkzalgiris.lt\/wp-content\/uploads\/2025\/03\/mfk-IMG_4223-840x560.jpg 840w, https:\/\/fkzalgiris.lt\/wp-content\/uploads\/2025\/03\/mfk-IMG_4223-570x380.jpg 570w, https:\/\/fkzalgiris.lt\/wp-content\/uploads\/2025\/03\/mfk-IMG_4223-30x20.jpg 30w, https:\/\/fkzalgiris.lt\/wp-content\/uploads\/2025\/03\/mfk-IMG_4223.jpg 1920w\" sizes=\"auto, (max-width: 650px) 100vw, 650px\" \/><\/p>\n<p data-start=\"699\" data-end=\"954\">Anot vieno i\u0161 ekipos strateg\u0173, komanda prie\u0161 nauj\u0105 start\u0105 stiprinasi. Klub\u0105 papild\u0117 jau kelios lietuv\u0117s, laukiama atvykstant ir legionieri\u0173. Visgi komandos branduol\u012f sudaro su \u017ealiai baltomis spalvomis u\u017eaugusios treneri\u0173 aukl\u0117tin\u0117s.<\/p>\n<p data-start=\"956\" data-end=\"1305\">\u201eKadangi \u0161iemet \u017eaisime auk\u0161\u010diausioje lygoje, nat\u016bralu, kad komand\u0105 stiprinsime. Suteiksime daug \u0161ans\u0173 ir m\u016bs\u0173 \u017eaid\u0117joms, kurios i\u0161kovojo t\u0105 galimyb\u0119 \u017eaisti A lygoje \u2013 jaunoms \u017eaid\u0117joms aukl\u0117tin\u0117ms. Daugumai j\u0173 yra 16\u201318 met\u0173. Mes jomis labai tikime ir \u017einome, kad jos yra m\u016bs\u0173 ateities \u017evaig\u017edut\u0117s, kurios atne\u0161 pergales m\u016bs\u0173 klubui\u201c, \u2013 kalb\u0117jo treneris.<\/p>\n<p data-start=\"956\" data-end=\"1305\">Prie komandos prisijung\u0117 Lietuvos moter\u0173 rinktinei atstovavusios ir nema\u017eai A lygoje \u017eaidusios Laura Ruzgut\u0117, Karil\u0117 Liu\u017einait\u0117, jaunimo rinktini\u0173 nar\u0117s Kotryna Ma\u017eelyt\u0117, Ineta \u0160uk\u0161tulyt\u0117. \u012e Vilni\u0173 neseniai atvyko vartinink\u0117 i\u0161 Brazilijos, laukiama ir daugiau \u017eaid\u0117j\u0173. \u201eTikiuosi, j\u0173 patirtis m\u016bs\u0173 jaunimui duos impuls\u0105 dar labiau stengtis, tobul\u0117ti bei augti\u201c, \u2013sak\u0117 J. Klevinskas.<\/p>\n<p data-start=\"956\" data-end=\"1305\">Komandos kapiton\u0117s pareigas atlieka dar viena \u0161eimos nar\u0117 &#8211; Klevinsk\u0173 dukra Karina. Pasak trenerio J. Klevinsko, dirbti kartu su \u0161eima n\u0117ra paprasta, bet \u0161eimyni\u0161ka komandos dvasia gali b\u016bti svarbus privalumas.<\/p>\n<p data-start=\"1957\" data-end=\"2317\">\u201eJau ne vien\u0105 kart\u0105 kartu \u012frod\u0117me, kad galime daryti stebuklus. Tai yra m\u016bs\u0173 pagrindin\u0117s misijos \u2013 daryti stebuklus, kurti komand\u0105, vystyti moter\u0173 futbol\u0105 Lietuvoje, kuris yra m\u016bs\u0173 \u0161eimos tradicija jau vir\u0161 50 met\u0173. Tikiuosi, kad m\u016bs\u0173 trio pad\u0117s komandai susigroti. Komandoje turime puiki\u0105 atmosfer\u0105\u201c, \u2013 sak\u0117 strategas.<\/p>\n<p data-start=\"2319\" data-end=\"2520\">Pasak, jo komandai dar reik\u0117s laiko susistyguoti ir parodyti vis\u0105 savo potencial\u0105.<\/p>\n<p data-start=\"2319\" data-end=\"2520\">\u201e Pasiruo\u0161imo metu su\u017eaid\u0117me 5 kontrolines rungtynes, bet \u0161iuo metu, manau, dar nesame optimalios formos. Kelios \u017eaid\u0117jos prisijung\u0117 \u0161i\u0105 savait\u0119, joms reik\u0117s laiko \u012fsiva\u017eiuoti, adaptuotis prie komandos. Kol \u012fgysime optimali\u0105 form\u0105, kurioje nor\u0117tume matyti savo komand\u0105 likusio sezono metu, dar reik\u0117s bent m\u0117nesio\u201c, \u2013 apie klubo tarpsezon\u012f kalb\u0117jo J. Klevinskas.<\/p>\n<p data-start=\"3387\" data-end=\"3675\"><img loading=\"lazy\" decoding=\"async\" class=\"alignnone wp-image-17068\" src=\"https:\/\/fkzalgiris.lt\/wp-content\/uploads\/2025\/03\/mfk-IMG_3946-1024x683.jpg\" alt=\"\" width=\"650\" height=\"433\" srcset=\"https:\/\/fkzalgiris.lt\/wp-content\/uploads\/2025\/03\/mfk-IMG_3946-1024x683.jpg 1024w, https:\/\/fkzalgiris.lt\/wp-content\/uploads\/2025\/03\/mfk-IMG_3946-300x200.jpg 300w, https:\/\/fkzalgiris.lt\/wp-content\/uploads\/2025\/03\/mfk-IMG_3946-768x512.jpg 768w, https:\/\/fkzalgiris.lt\/wp-content\/uploads\/2025\/03\/mfk-IMG_3946-1536x1024.jpg 1536w, https:\/\/fkzalgiris.lt\/wp-content\/uploads\/2025\/03\/mfk-IMG_3946-150x100.jpg 150w, https:\/\/fkzalgiris.lt\/wp-content\/uploads\/2025\/03\/mfk-IMG_3946-840x560.jpg 840w, https:\/\/fkzalgiris.lt\/wp-content\/uploads\/2025\/03\/mfk-IMG_3946-570x380.jpg 570w, https:\/\/fkzalgiris.lt\/wp-content\/uploads\/2025\/03\/mfk-IMG_3946-30x20.jpg 30w, https:\/\/fkzalgiris.lt\/wp-content\/uploads\/2025\/03\/mfk-IMG_3946.jpg 1920w\" sizes=\"auto, (max-width: 650px) 100vw, 650px\" \/><\/p>\n<p data-start=\"3387\" data-end=\"3675\">Paklaustas apie tikslus ir konkurencingum\u0105 A lygoje, J. Klevinskas pabr\u0117\u017e\u0117, jog vis\u0173 pirma svarbiausia suformuoti komandos identitet\u0105.<\/p>\n<p data-start=\"3387\" data-end=\"3675\">\u201ePirmiausia i\u0161 komandos nor\u0117\u010diau charakterio, kad kiekvienose rungtyn\u0117se b\u016bt\u0173 konkurencingos savo var\u017eov\u0117ms, demonstruot\u0173 nugal\u0117toj\u0173 mentalitet\u0105, kiekvienose rungtyn\u0117se siekt\u0173 tik pergal\u0117s. Nesvarbu prie\u0161 k\u0105 be\u017eaist\u0173 \u2013 prie\u0161 \u201eGintr\u0105\u201c ar bet kuri\u0105 kit\u0105 komand\u0105 \u2013 kad eit\u0173, kaut\u0173si, kovot\u0173 ir stengt\u0173si. Visgi atstovaujame \u201e\u017dalgiriui\u201c, kuris nuolat sau kelia auk\u0161\u010diausius tikslus. Laikas parodys, kokiame lygyje esame ir k\u0105 mes galime \u0161iame sezone pasiekti\u201c, &#8211; sak\u0117 J. Klevinskas.<\/p>\n<p data-start=\"3387\" data-end=\"3675\">Moter\u0173 A lygoje var\u017eov\u0117mis bus penkios komandos &#8211; nugal\u0117toj\u0173 titul\u0105 ginanti \u0160iauli\u0173 \u201eGintra\u201c, Vilniaus MFA \u201e\u017dalgiris-MRU\u201c, Vilniaus rajono \u201eTransINVEST\u201c, Kauno rajono \u201eHegelmann\u201c ir Garg\u017ed\u0173 \u201eBanga\u201c. FK \u201e\u017dalgiris\u201c lygos kontekste bus viena jauniausi\u0173 komand\u0173. Pasak trenerio, jaunosioms \u017eaid\u0117joms tai bus geras \u0161ansas.<\/p>\n<p>\u201eManau, kad lyga \u0161iais metais yra sustipr\u0117jusi, daug konkurencingesn\u0117. Matome, kad ir kitos komandos nesnaud\u017eia, stiprinasi ir turi ne vien\u0105 legionier\u0119, kuri pakelia komandos ir pa\u010dios lygos lyg\u012f. M\u016bs\u0173 tikslas, kad komandoje \u017eaist\u0173 kuo daugiau lietuvai\u010di\u0173. Norime suteikti kuo daugiau \u0161ans\u0173 pasirodyti aik\u0161t\u0117je &#8211; jei jos bus to vertos ir sunkiu darbu treniruot\u0117se tai \u012frodys\u201c, \u2013 teig\u0117 treneris.<\/p>\n<p>Pirmosios komandos rungtyn\u0117s \u2013 sekmadien\u012f 17 val. \u0160iauliuose, Gytari\u0173 stadione prie\u0161 \u0161alies \u010dempion\u0119 \u201eGintros\u201c ekip\u0105.<\/p>\n<p>Moter\u0173 A lygos rungtyn\u0117s bus transliuojamos <a href=\"https:\/\/www.plus.fifa.com\/en\/content\/fk-gintra-v-fk-zalgiris-lithuanian-women-s-a-league-2025-2025\/ecb1b60f-b12f-4a0b-927c-be43da4af8f5\">FIFA+<\/a> platformoje. Centrines turo dvikovas &#8211; pirmajame ture tai bus \u201eGintros\u201c ir \u201e\u017dalgirio\u201c akistata &#8211; bus galima i\u0161vysti ir LRT.lt svetain\u0117je.<\/p>\n<p>Namuose \u201e\u017dalgiris\u201c pirm\u0105sias rungtynes \u017eais kovo 23 d. prie\u0161 \u201eHegelmann\u201c.<\/p>\n","protected":false},"excerpt":{"rendered":"<p>Futbolo klubo \u201e\u017dalgiris\u201c istorijos knygoje bus naujas ypatingas \u012fra\u0161as. Sekmadien\u012f startuoja moter\u0173 A lygos pirmenyb\u0117s, kurioje \u0161iemet i\u0161vysime ir sportiniu principu viet\u0105 tarp elito i\u0161kovojusi\u0105\u2026<\/p>\n","protected":false},"author":12,"featured_media":0,"comment_status":"closed","ping_status":"closed","sticky":false,"template":"","format":"standard","meta":{"_acf_changed":false,"footnotes":""},"categories":[87],"class_list":["post-17052","post","type-post","status-publish","format-standard","hentry","category-zalgiris"],"acf":[],"yoast_head":"<!-- This site is optimized with the Yoast SEO plugin v26.8 - https:\/\/yoast.com\/product\/yoast-seo-wordpress\/ -->\n<title>Moter\u0173 komanda ruo\u0161iasi debiutui A lygoje - FK \u017dalgiris<\/title>\n<meta name=\"robots\" content=\"index, follow, max-snippet:-1, max-image-preview:large, max-video-preview:-1\" \/>\n<link rel=\"canonical\" href=\"https:\/\/fkzalgiris.lt\/moteru-komanda-ruosiasi-debiutui-a-lygoje\/\" \/>\n<meta property=\"og:locale\" content=\"lt_LT\" \/>\n<meta property=\"og:type\" content=\"article\" \/>\n<meta property=\"og:title\" content=\"Moter\u0173 komanda ruo\u0161iasi debiutui A lygoje - FK \u017dalgiris\" \/>\n<meta property=\"og:description\" content=\"Futbolo klubo \u201e\u017dalgiris\u201c istorijos knygoje bus naujas ypatingas \u012fra\u0161as. Sekmadien\u012f startuoja moter\u0173 A lygos pirmenyb\u0117s, kurioje \u0161iemet i\u0161vysime ir sportiniu principu viet\u0105 tarp elito i\u0161kovojusi\u0105\u2026\" \/>\n<meta property=\"og:url\" content=\"https:\/\/fkzalgiris.lt\/moteru-komanda-ruosiasi-debiutui-a-lygoje\/\" \/>\n<meta property=\"og:site_name\" content=\"FK \u017dalgiris\" \/>\n<meta property=\"article:publisher\" content=\"https:\/\/www.facebook.com\/fkzalgiris\/\" \/>\n<meta property=\"article:published_time\" content=\"2025-03-15T11:31:31+00:00\" \/>\n<meta property=\"article:modified_time\" content=\"2025-03-15T11:33:48+00:00\" \/>\n<meta property=\"og:image\" content=\"https:\/\/fkzalgiris.lt\/wp-content\/uploads\/2025\/03\/mfk-IMG_4084.jpg\" \/>\n\t<meta property=\"og:image:width\" content=\"1920\" \/>\n\t<meta property=\"og:image:height\" content=\"1280\" \/>\n\t<meta property=\"og:image:type\" content=\"image\/jpeg\" \/>\n<meta name=\"author\" content=\"Dovydas Tamosynas\" \/>\n<meta name=\"twitter:card\" content=\"summary_large_image\" \/>\n<meta name=\"twitter:creator\" content=\"@fkzalgiris\" \/>\n<meta name=\"twitter:site\" content=\"@fkzalgiris\" \/>\n<meta name=\"twitter:label1\" content=\"Written by\" \/>\n\t<meta name=\"twitter:data1\" content=\"Dovydas Tamosynas\" \/>\n\t<meta name=\"twitter:label2\" content=\"Est. reading time\" \/>\n\t<meta name=\"twitter:data2\" content=\"4 minut\u0117s\" \/>\n<script type=\"application\/ld+json\" class=\"yoast-schema-graph\">{\"@context\":\"https:\/\/schema.org\",\"@graph\":[{\"@type\":\"Article\",\"@id\":\"https:\/\/fkzalgiris.lt\/moteru-komanda-ruosiasi-debiutui-a-lygoje\/#article\",\"isPartOf\":{\"@id\":\"https:\/\/fkzalgiris.lt\/moteru-komanda-ruosiasi-debiutui-a-lygoje\/\"},\"author\":{\"name\":\"Dovydas Tamosynas\",\"@id\":\"https:\/\/fkzalgiris.lt\/#\/schema\/person\/2467ea772c08bd6f150d074bfee22870\"},\"headline\":\"Moter\u0173 komanda ruo\u0161iasi debiutui A lygoje\",\"datePublished\":\"2025-03-15T11:31:31+00:00\",\"dateModified\":\"2025-03-15T11:33:48+00:00\",\"mainEntityOfPage\":{\"@id\":\"https:\/\/fkzalgiris.lt\/moteru-komanda-ruosiasi-debiutui-a-lygoje\/\"},\"wordCount\":701,\"publisher\":{\"@id\":\"https:\/\/fkzalgiris.lt\/#organization\"},\"image\":{\"@id\":\"https:\/\/fkzalgiris.lt\/moteru-komanda-ruosiasi-debiutui-a-lygoje\/#primaryimage\"},\"thumbnailUrl\":\"https:\/\/fkzalgiris.lt\/wp-content\/uploads\/2025\/03\/mfk-IMG_4223-1024x683.jpg\",\"articleSection\":[\"\u017dalgiris\"],\"inLanguage\":\"lt-LT\"},{\"@type\":\"WebPage\",\"@id\":\"https:\/\/fkzalgiris.lt\/moteru-komanda-ruosiasi-debiutui-a-lygoje\/\",\"url\":\"https:\/\/fkzalgiris.lt\/moteru-komanda-ruosiasi-debiutui-a-lygoje\/\",\"name\":\"Moter\u0173 komanda ruo\u0161iasi debiutui A lygoje - FK \u017dalgiris\",\"isPartOf\":{\"@id\":\"https:\/\/fkzalgiris.lt\/#website\"},\"primaryImageOfPage\":{\"@id\":\"https:\/\/fkzalgiris.lt\/moteru-komanda-ruosiasi-debiutui-a-lygoje\/#primaryimage\"},\"image\":{\"@id\":\"https:\/\/fkzalgiris.lt\/moteru-komanda-ruosiasi-debiutui-a-lygoje\/#primaryimage\"},\"thumbnailUrl\":\"https:\/\/fkzalgiris.lt\/wp-content\/uploads\/2025\/03\/mfk-IMG_4223-1024x683.jpg\",\"datePublished\":\"2025-03-15T11:31:31+00:00\",\"dateModified\":\"2025-03-15T11:33:48+00:00\",\"breadcrumb\":{\"@id\":\"https:\/\/fkzalgiris.lt\/moteru-komanda-ruosiasi-debiutui-a-lygoje\/#breadcrumb\"},\"inLanguage\":\"lt-LT\",\"potentialAction\":[{\"@type\":\"ReadAction\",\"target\":[\"https:\/\/fkzalgiris.lt\/moteru-komanda-ruosiasi-debiutui-a-lygoje\/\"]}]},{\"@type\":\"ImageObject\",\"inLanguage\":\"lt-LT\",\"@id\":\"https:\/\/fkzalgiris.lt\/moteru-komanda-ruosiasi-debiutui-a-lygoje\/#primaryimage\",\"url\":\"https:\/\/fkzalgiris.lt\/wp-content\/uploads\/2025\/03\/mfk-IMG_4223.jpg\",\"contentUrl\":\"https:\/\/fkzalgiris.lt\/wp-content\/uploads\/2025\/03\/mfk-IMG_4223.jpg\",\"width\":1920,\"height\":1280},{\"@type\":\"BreadcrumbList\",\"@id\":\"https:\/\/fkzalgiris.lt\/moteru-komanda-ruosiasi-debiutui-a-lygoje\/#breadcrumb\",\"itemListElement\":[{\"@type\":\"ListItem\",\"position\":1,\"name\":\"Home\",\"item\":\"https:\/\/fkzalgiris.lt\/\"},{\"@type\":\"ListItem\",\"position\":2,\"name\":\"Moter\u0173 komanda ruo\u0161iasi debiutui A lygoje\"}]},{\"@type\":\"WebSite\",\"@id\":\"https:\/\/fkzalgiris.lt\/#website\",\"url\":\"https:\/\/fkzalgiris.lt\/\",\"name\":\"FK \u017dalgiris\",\"description\":\"oficiali Vilniaus \u201e\u017dalgirio\u201c futbolo klubo svetain\u0117\",\"publisher\":{\"@id\":\"https:\/\/fkzalgiris.lt\/#organization\"},\"potentialAction\":[{\"@type\":\"SearchAction\",\"target\":{\"@type\":\"EntryPoint\",\"urlTemplate\":\"https:\/\/fkzalgiris.lt\/?s={search_term_string}\"},\"query-input\":{\"@type\":\"PropertyValueSpecification\",\"valueRequired\":true,\"valueName\":\"search_term_string\"}}],\"inLanguage\":\"lt-LT\"},{\"@type\":\"Organization\",\"@id\":\"https:\/\/fkzalgiris.lt\/#organization\",\"name\":\"FK \u017dalgiris\",\"url\":\"https:\/\/fkzalgiris.lt\/\",\"logo\":{\"@type\":\"ImageObject\",\"inLanguage\":\"lt-LT\",\"@id\":\"https:\/\/fkzalgiris.lt\/#\/schema\/logo\/image\/\",\"url\":\"https:\/\/fkzalgiris.lt\/wp-content\/uploads\/2024\/01\/horiz-FK-Zalgiris-logo-2015.png\",\"contentUrl\":\"https:\/\/fkzalgiris.lt\/wp-content\/uploads\/2024\/01\/horiz-FK-Zalgiris-logo-2015.png\",\"width\":3073,\"height\":2048,\"caption\":\"FK \u017dalgiris\"},\"image\":{\"@id\":\"https:\/\/fkzalgiris.lt\/#\/schema\/logo\/image\/\"},\"sameAs\":[\"https:\/\/www.facebook.com\/fkzalgiris\/\",\"https:\/\/x.com\/fkzalgiris\",\"https:\/\/www.instagram.com\/fkzalgiris\/\",\"https:\/\/www.youtube.com\/channel\/UC1ag8JLxGirltMUoLlzfZLA\"]},{\"@type\":\"Person\",\"@id\":\"https:\/\/fkzalgiris.lt\/#\/schema\/person\/2467ea772c08bd6f150d074bfee22870\",\"name\":\"Dovydas Tamosynas\"}]}<\/script>\n<!-- \/ Yoast SEO plugin. -->","yoast_head_json":{"title":"Moter\u0173 komanda ruo\u0161iasi debiutui A lygoje - FK \u017dalgiris","robots":{"index":"index","follow":"follow","max-snippet":"max-snippet:-1","max-image-preview":"max-image-preview:large","max-video-preview":"max-video-preview:-1"},"canonical":"https:\/\/fkzalgiris.lt\/moteru-komanda-ruosiasi-debiutui-a-lygoje\/","og_locale":"lt_LT","og_type":"article","og_title":"Moter\u0173 komanda ruo\u0161iasi debiutui A lygoje - FK \u017dalgiris","og_description":"Futbolo klubo \u201e\u017dalgiris\u201c istorijos knygoje bus naujas ypatingas \u012fra\u0161as. Sekmadien\u012f startuoja moter\u0173 A lygos pirmenyb\u0117s, kurioje \u0161iemet i\u0161vysime ir sportiniu principu viet\u0105 tarp elito i\u0161kovojusi\u0105\u2026","og_url":"https:\/\/fkzalgiris.lt\/moteru-komanda-ruosiasi-debiutui-a-lygoje\/","og_site_name":"FK \u017dalgiris","article_publisher":"https:\/\/www.facebook.com\/fkzalgiris\/","article_published_time":"2025-03-15T11:31:31+00:00","article_modified_time":"2025-03-15T11:33:48+00:00","og_image":[{"width":1920,"height":1280,"url":"https:\/\/fkzalgiris.lt\/wp-content\/uploads\/2025\/03\/mfk-IMG_4084.jpg","type":"image\/jpeg"}],"author":"Dovydas Tamosynas","twitter_card":"summary_large_image","twitter_creator":"@fkzalgiris","twitter_site":"@fkzalgiris","twitter_misc":{"Written by":"Dovydas Tamosynas","Est. reading time":"4 minut\u0117s"},"schema":{"@context":"https:\/\/schema.org","@graph":[{"@type":"Article","@id":"https:\/\/fkzalgiris.lt\/moteru-komanda-ruosiasi-debiutui-a-lygoje\/#article","isPartOf":{"@id":"https:\/\/fkzalgiris.lt\/moteru-komanda-ruosiasi-debiutui-a-lygoje\/"},"author":{"name":"Dovydas Tamosynas","@id":"https:\/\/fkzalgiris.lt\/#\/schema\/person\/2467ea772c08bd6f150d074bfee22870"},"headline":"Moter\u0173 komanda ruo\u0161iasi debiutui A lygoje","datePublished":"2025-03-15T11:31:31+00:00","dateModified":"2025-03-15T11:33:48+00:00","mainEntityOfPage":{"@id":"https:\/\/fkzalgiris.lt\/moteru-komanda-ruosiasi-debiutui-a-lygoje\/"},"wordCount":701,"publisher":{"@id":"https:\/\/fkzalgiris.lt\/#organization"},"image":{"@id":"https:\/\/fkzalgiris.lt\/moteru-komanda-ruosiasi-debiutui-a-lygoje\/#primaryimage"},"thumbnailUrl":"https:\/\/fkzalgiris.lt\/wp-content\/uploads\/2025\/03\/mfk-IMG_4223-1024x683.jpg","articleSection":["\u017dalgiris"],"inLanguage":"lt-LT"},{"@type":"WebPage","@id":"https:\/\/fkzalgiris.lt\/moteru-komanda-ruosiasi-debiutui-a-lygoje\/","url":"https:\/\/fkzalgiris.lt\/moteru-komanda-ruosiasi-debiutui-a-lygoje\/","name":"Moter\u0173 komanda ruo\u0161iasi debiutui A lygoje - FK \u017dalgiris","isPartOf":{"@id":"https:\/\/fkzalgiris.lt\/#website"},"primaryImageOfPage":{"@id":"https:\/\/fkzalgiris.lt\/moteru-komanda-ruosiasi-debiutui-a-lygoje\/#primaryimage"},"image":{"@id":"https:\/\/fkzalgiris.lt\/moteru-komanda-ruosiasi-debiutui-a-lygoje\/#primaryimage"},"thumbnailUrl":"https:\/\/fkzalgiris.lt\/wp-content\/uploads\/2025\/03\/mfk-IMG_4223-1024x683.jpg","datePublished":"2025-03-15T11:31:31+00:00","dateModified":"2025-03-15T11:33:48+00:00","breadcrumb":{"@id":"https:\/\/fkzalgiris.lt\/moteru-komanda-ruosiasi-debiutui-a-lygoje\/#breadcrumb"},"inLanguage":"lt-LT","potentialAction":[{"@type":"ReadAction","target":["https:\/\/fkzalgiris.lt\/moteru-komanda-ruosiasi-debiutui-a-lygoje\/"]}]},{"@type":"ImageObject","inLanguage":"lt-LT","@id":"https:\/\/fkzalgiris.lt\/moteru-komanda-ruosiasi-debiutui-a-lygoje\/#primaryimage","url":"https:\/\/fkzalgiris.lt\/wp-content\/uploads\/2025\/03\/mfk-IMG_4223.jpg","contentUrl":"https:\/\/fkzalgiris.lt\/wp-content\/uploads\/2025\/03\/mfk-IMG_4223.jpg","width":1920,"height":1280},{"@type":"BreadcrumbList","@id":"https:\/\/fkzalgiris.lt\/moteru-komanda-ruosiasi-debiutui-a-lygoje\/#breadcrumb","itemListElement":[{"@type":"ListItem","position":1,"name":"Home","item":"https:\/\/fkzalgiris.lt\/"},{"@type":"ListItem","position":2,"name":"Moter\u0173 komanda ruo\u0161iasi debiutui A lygoje"}]},{"@type":"WebSite","@id":"https:\/\/fkzalgiris.lt\/#website","url":"https:\/\/fkzalgiris.lt\/","name":"FK \u017dalgiris","description":"oficiali Vilniaus \u201e\u017dalgirio\u201c futbolo klubo svetain\u0117","publisher":{"@id":"https:\/\/fkzalgiris.lt\/#organization"},"potentialAction":[{"@type":"SearchAction","target":{"@type":"EntryPoint","urlTemplate":"https:\/\/fkzalgiris.lt\/?s={search_term_string}"},"query-input":{"@type":"PropertyValueSpecification","valueRequired":true,"valueName":"search_term_string"}}],"inLanguage":"lt-LT"},{"@type":"Organization","@id":"https:\/\/fkzalgiris.lt\/#organization","name":"FK \u017dalgiris","url":"https:\/\/fkzalgiris.lt\/","logo":{"@type":"ImageObject","inLanguage":"lt-LT","@id":"https:\/\/fkzalgiris.lt\/#\/schema\/logo\/image\/","url":"https:\/\/fkzalgiris.lt\/wp-content\/uploads\/2024\/01\/horiz-FK-Zalgiris-logo-2015.png","contentUrl":"https:\/\/fkzalgiris.lt\/wp-content\/uploads\/2024\/01\/horiz-FK-Zalgiris-logo-2015.png","width":3073,"height":2048,"caption":"FK \u017dalgiris"},"image":{"@id":"https:\/\/fkzalgiris.lt\/#\/schema\/logo\/image\/"},"sameAs":["https:\/\/www.facebook.com\/fkzalgiris\/","https:\/\/x.com\/fkzalgiris","https:\/\/www.instagram.com\/fkzalgiris\/","https:\/\/www.youtube.com\/channel\/UC1ag8JLxGirltMUoLlzfZLA"]},{"@type":"Person","@id":"https:\/\/fkzalgiris.lt\/#\/schema\/person\/2467ea772c08bd6f150d074bfee22870","name":"Dovydas Tamosynas"}]}},"_links":{"self":[{"href":"https:\/\/fkzalgiris.lt\/api\/wp\/v2\/posts\/17052","targetHints":{"allow":["GET"]}}],"collection":[{"href":"https:\/\/fkzalgiris.lt\/api\/wp\/v2\/posts"}],"about":[{"href":"https:\/\/fkzalgiris.lt\/api\/wp\/v2\/types\/post"}],"author":[{"embeddable":true,"href":"https:\/\/fkzalgiris.lt\/api\/wp\/v2\/users\/12"}],"replies":[{"embeddable":true,"href":"https:\/\/fkzalgiris.lt\/api\/wp\/v2\/comments?post=17052"}],"version-history":[{"count":15,"href":"https:\/\/fkzalgiris.lt\/api\/wp\/v2\/posts\/17052\/revisions"}],"predecessor-version":[{"id":17073,"href":"https:\/\/fkzalgiris.lt\/api\/wp\/v2\/posts\/17052\/revisions\/17073"}],"wp:attachment":[{"href":"https:\/\/fkzalgiris.lt\/api\/wp\/v2\/media?parent=17052"}],"wp:term":[{"taxonomy":"category","embeddable":true,"href":"https:\/\/fkzalgiris.lt\/api\/wp\/v2\/categories?post=17052"}],"curies":[{"name":"wp","href":"https:\/\/api.w.org\/{rel}","templated":true}]}}