{"id":1678,"date":"2020-02-03T14:55:56","date_gmt":"2020-02-03T12:55:56","guid":{"rendered":"https:\/\/fkzalgiris.lt\/?p=1678"},"modified":"2020-02-10T11:32:24","modified_gmt":"2020-02-10T09:32:24","slug":"m-karamarko-kur-treneris-pastatys-ten-ir-zaisiu","status":"publish","type":"post","link":"https:\/\/fkzalgiris.lt\/m-karamarko-kur-treneris-pastatys-ten-ir-zaisiu\/","title":{"rendered":"M.Karamarko: \u201eKur treneris pastatys \u2013 ten ir \u017eaisiu\u201c"},"content":{"rendered":"<h4>Vilniaus \u201e\u017dalgiris\u201c savaitgal\u012f su\u017eaid\u0117 lygiosiomis 0:0 su Suvalk\u0173 \u201eWigry\u201c klubu. \u0160iose rungtyn\u0117se \u017ealgirie\u010di\u0173 sud\u0117tyje debiutavo naujokas Marko Karamarko.<\/h4>\n<p>26-eri\u0173 kra\u0161to gyn\u0117jas i\u0161 Kroatijos susitikim\u0105 prad\u0117jo startin\u0117je sud\u0117tyje ir \u017eaid\u0117 visas 90 minu\u010di\u0173. Pirmajame k\u0117linyje jis rungtyniavo de\u0161inio gyn\u0117jo, o po pertraukos \u2013 de\u0161inio saugo pozicijose.<\/p>\n<p>\u201eRungtyn\u0117s buvo labai atkaklios, j\u0173 pabaigoje jau\u010diau nuovarg\u012f. Buvo sunki savait\u0117, kojos buvo sunkios, ta\u010diau tai yra neatimama pasiruo\u0161imo sezonui dalis. M\u016bs\u0173 komandoje yra nema\u017eai jaun\u0173 \u017eaid\u0117j\u0173, dar laukiame pastiprinimo. \u0160iuo metu ne\u017eaid\u017eiame geriausio futbolo, ta\u010diau iki sezono starto dar turime beveik m\u0117nes\u012f. Neabejoju, kad tinkamai pasirengsime\u201c, &#8211; fkzalgiris.lt po rungtyni\u0173 kalb\u0117jo M. Karamarko.<\/p>\n<p>Sostin\u0117s ekipos naujokas sako, kad su kiekviena diena \u201e\u017dalgiryje\u201c jau\u010diasi vis geriau.<\/p>\n<p>\u201eJau\u010diuosi laimingas \u010dia b\u016bdamas. Tai puikus klubas. Kolektyvas yra vieningas ir maloniai pri\u0117m\u0117. \u017dinoma, reikia laiko, kad geriau vaikinus pa\u017ein\u010diau. Tai buvo tik pirmos mano rungtyn\u0117s. Galiu \u017eaisti ir kra\u0161to gyn\u0117jo, ir saugo pozicijose. Kur treneris pastatys \u2013 ten ir rungtyniausiu\u201c, &#8211; kalb\u0117jo jis.<\/p>\n<p>Tuo tarpu vyriausiasis treneris Aliaksejus Baga po rungtyni\u0173 nerimavo d\u0117l Hugo Videmonto, kuris rungtyni\u0173 prad\u017eioje patyr\u0117 traum\u0105 ir aik\u0161t\u0119 paliko.<\/p>\n<p>\u201eAik\u0161t\u0117je pamat\u0117me daug emocij\u0173, daug kovos ir pernelyg daug klaid\u0173. Rungtyn\u0117s nebuvo labai kokybi\u0161kos. Kita vertus, tai pasirengimo etapas, \u012fvair\u016bs eksperimentai yra normalus rei\u0161kinys \u2013 man reikia kuo geriau susipa\u017einti su \u017eaid\u0117jais, i\u0161bandyti juos \u012fvairiose aik\u0161t\u0117s vietose ir susidaryti kuo ai\u0161kesn\u012f vaizd\u0105. Analizuosime rungtynes, padarytas klaidas ir padarysime i\u0161vadas. Neigiama yra patirtos traumos. Belieka tik\u0117tis, kad Hugo trauma nebus rimta, ta\u010diau kol kas atsakyti \u012f \u0161\u012f klausim\u0105 negaliu\u201c, &#8211; atviravo treneris.<\/p>\n<p>Kitas rungtynes \u017ealgirie\u010diai \u017eais \u0161e\u0161tadien\u012f \u201eSportimoje\u201c su Baltarusijos Gardino \u201eNeman\u201c.<\/p>\n","protected":false},"excerpt":{"rendered":"<p>Vilniaus \u201e\u017dalgiris\u201c savaitgal\u012f su\u017eaid\u0117 lygiosiomis 0:0 su Suvalk\u0173 \u201eWigry\u201c klubu. \u0160iose rungtyn\u0117se \u017ealgirie\u010di\u0173 sud\u0117tyje debiutavo naujokas Marko Karamarko. 26-eri\u0173 kra\u0161to gyn\u0117jas i\u0161 Kroatijos susitikim\u0105 prad\u0117jo\u2026<\/p>\n","protected":false},"author":2,"featured_media":0,"comment_status":"closed","ping_status":"closed","sticky":false,"template":"","format":"standard","meta":{"_acf_changed":false,"footnotes":""},"categories":[87],"class_list":["post-1678","post","type-post","status-publish","format-standard","hentry","category-zalgiris"],"acf":[],"yoast_head":"<!-- This site is optimized with the Yoast SEO plugin v26.8 - https:\/\/yoast.com\/product\/yoast-seo-wordpress\/ -->\n<title>M.Karamarko: \u201eKur treneris pastatys \u2013 ten ir \u017eaisiu\u201c - FK \u017dalgiris<\/title>\n<meta name=\"robots\" content=\"index, follow, max-snippet:-1, max-image-preview:large, max-video-preview:-1\" \/>\n<link rel=\"canonical\" href=\"https:\/\/fkzalgiris.lt\/m-karamarko-kur-treneris-pastatys-ten-ir-zaisiu\/\" \/>\n<meta property=\"og:locale\" content=\"lt_LT\" \/>\n<meta property=\"og:type\" content=\"article\" \/>\n<meta property=\"og:title\" content=\"M.Karamarko: \u201eKur treneris pastatys \u2013 ten ir \u017eaisiu\u201c - FK \u017dalgiris\" \/>\n<meta property=\"og:description\" content=\"Vilniaus \u201e\u017dalgiris\u201c savaitgal\u012f su\u017eaid\u0117 lygiosiomis 0:0 su Suvalk\u0173 \u201eWigry\u201c klubu. \u0160iose rungtyn\u0117se \u017ealgirie\u010di\u0173 sud\u0117tyje debiutavo naujokas Marko Karamarko. 26-eri\u0173 kra\u0161to gyn\u0117jas i\u0161 Kroatijos susitikim\u0105 prad\u0117jo\u2026\" \/>\n<meta property=\"og:url\" content=\"https:\/\/fkzalgiris.lt\/m-karamarko-kur-treneris-pastatys-ten-ir-zaisiu\/\" \/>\n<meta property=\"og:site_name\" content=\"FK \u017dalgiris\" \/>\n<meta property=\"article:publisher\" content=\"https:\/\/www.facebook.com\/fkzalgiris\/\" \/>\n<meta property=\"article:published_time\" content=\"2020-02-03T12:55:56+00:00\" \/>\n<meta property=\"article:modified_time\" content=\"2020-02-10T09:32:24+00:00\" \/>\n<meta property=\"og:image\" content=\"https:\/\/fkzalgiris.lt\/wp-content\/uploads\/2024\/02\/social-horiz_Zalgiris_logo_2024.png\" \/>\n\t<meta property=\"og:image:width\" content=\"3356\" \/>\n\t<meta property=\"og:image:height\" content=\"2259\" \/>\n\t<meta property=\"og:image:type\" content=\"image\/png\" \/>\n<meta name=\"author\" content=\"Paulius Jakelis\" \/>\n<meta name=\"twitter:card\" content=\"summary_large_image\" \/>\n<meta name=\"twitter:creator\" content=\"@fkzalgiris\" \/>\n<meta name=\"twitter:site\" content=\"@fkzalgiris\" \/>\n<meta name=\"twitter:label1\" content=\"Written by\" \/>\n\t<meta name=\"twitter:data1\" content=\"Paulius Jakelis\" \/>\n\t<meta name=\"twitter:label2\" content=\"Est. reading time\" \/>\n\t<meta name=\"twitter:data2\" content=\"2 minut\u0117s\" \/>\n<script type=\"application\/ld+json\" class=\"yoast-schema-graph\">{\"@context\":\"https:\/\/schema.org\",\"@graph\":[{\"@type\":\"Article\",\"@id\":\"https:\/\/fkzalgiris.lt\/m-karamarko-kur-treneris-pastatys-ten-ir-zaisiu\/#article\",\"isPartOf\":{\"@id\":\"https:\/\/fkzalgiris.lt\/m-karamarko-kur-treneris-pastatys-ten-ir-zaisiu\/\"},\"author\":{\"name\":\"Paulius Jakelis\",\"@id\":\"https:\/\/fkzalgiris.lt\/#\/schema\/person\/1a5f07a0e55e2ff329320abdc2f2e953\"},\"headline\":\"M.Karamarko: \u201eKur treneris pastatys \u2013 ten ir \u017eaisiu\u201c\",\"datePublished\":\"2020-02-03T12:55:56+00:00\",\"dateModified\":\"2020-02-10T09:32:24+00:00\",\"mainEntityOfPage\":{\"@id\":\"https:\/\/fkzalgiris.lt\/m-karamarko-kur-treneris-pastatys-ten-ir-zaisiu\/\"},\"wordCount\":316,\"publisher\":{\"@id\":\"https:\/\/fkzalgiris.lt\/#organization\"},\"articleSection\":[\"\u017dalgiris\"],\"inLanguage\":\"lt-LT\"},{\"@type\":\"WebPage\",\"@id\":\"https:\/\/fkzalgiris.lt\/m-karamarko-kur-treneris-pastatys-ten-ir-zaisiu\/\",\"url\":\"https:\/\/fkzalgiris.lt\/m-karamarko-kur-treneris-pastatys-ten-ir-zaisiu\/\",\"name\":\"M.Karamarko: \u201eKur treneris pastatys \u2013 ten ir \u017eaisiu\u201c - FK \u017dalgiris\",\"isPartOf\":{\"@id\":\"https:\/\/fkzalgiris.lt\/#website\"},\"datePublished\":\"2020-02-03T12:55:56+00:00\",\"dateModified\":\"2020-02-10T09:32:24+00:00\",\"breadcrumb\":{\"@id\":\"https:\/\/fkzalgiris.lt\/m-karamarko-kur-treneris-pastatys-ten-ir-zaisiu\/#breadcrumb\"},\"inLanguage\":\"lt-LT\",\"potentialAction\":[{\"@type\":\"ReadAction\",\"target\":[\"https:\/\/fkzalgiris.lt\/m-karamarko-kur-treneris-pastatys-ten-ir-zaisiu\/\"]}]},{\"@type\":\"BreadcrumbList\",\"@id\":\"https:\/\/fkzalgiris.lt\/m-karamarko-kur-treneris-pastatys-ten-ir-zaisiu\/#breadcrumb\",\"itemListElement\":[{\"@type\":\"ListItem\",\"position\":1,\"name\":\"Home\",\"item\":\"https:\/\/fkzalgiris.lt\/\"},{\"@type\":\"ListItem\",\"position\":2,\"name\":\"M.Karamarko: \u201eKur treneris pastatys \u2013 ten ir \u017eaisiu\u201c\"}]},{\"@type\":\"WebSite\",\"@id\":\"https:\/\/fkzalgiris.lt\/#website\",\"url\":\"https:\/\/fkzalgiris.lt\/\",\"name\":\"FK \u017dalgiris\",\"description\":\"oficiali Vilniaus \u201e\u017dalgirio\u201c futbolo klubo svetain\u0117\",\"publisher\":{\"@id\":\"https:\/\/fkzalgiris.lt\/#organization\"},\"potentialAction\":[{\"@type\":\"SearchAction\",\"target\":{\"@type\":\"EntryPoint\",\"urlTemplate\":\"https:\/\/fkzalgiris.lt\/?s={search_term_string}\"},\"query-input\":{\"@type\":\"PropertyValueSpecification\",\"valueRequired\":true,\"valueName\":\"search_term_string\"}}],\"inLanguage\":\"lt-LT\"},{\"@type\":\"Organization\",\"@id\":\"https:\/\/fkzalgiris.lt\/#organization\",\"name\":\"FK \u017dalgiris\",\"url\":\"https:\/\/fkzalgiris.lt\/\",\"logo\":{\"@type\":\"ImageObject\",\"inLanguage\":\"lt-LT\",\"@id\":\"https:\/\/fkzalgiris.lt\/#\/schema\/logo\/image\/\",\"url\":\"https:\/\/fkzalgiris.lt\/wp-content\/uploads\/2024\/01\/horiz-FK-Zalgiris-logo-2015.png\",\"contentUrl\":\"https:\/\/fkzalgiris.lt\/wp-content\/uploads\/2024\/01\/horiz-FK-Zalgiris-logo-2015.png\",\"width\":3073,\"height\":2048,\"caption\":\"FK \u017dalgiris\"},\"image\":{\"@id\":\"https:\/\/fkzalgiris.lt\/#\/schema\/logo\/image\/\"},\"sameAs\":[\"https:\/\/www.facebook.com\/fkzalgiris\/\",\"https:\/\/x.com\/fkzalgiris\",\"https:\/\/www.instagram.com\/fkzalgiris\/\",\"https:\/\/www.youtube.com\/channel\/UC1ag8JLxGirltMUoLlzfZLA\"]},{\"@type\":\"Person\",\"@id\":\"https:\/\/fkzalgiris.lt\/#\/schema\/person\/1a5f07a0e55e2ff329320abdc2f2e953\",\"name\":\"Paulius Jakelis\"}]}<\/script>\n<!-- \/ Yoast SEO plugin. -->","yoast_head_json":{"title":"M.Karamarko: \u201eKur treneris pastatys \u2013 ten ir \u017eaisiu\u201c - FK \u017dalgiris","robots":{"index":"index","follow":"follow","max-snippet":"max-snippet:-1","max-image-preview":"max-image-preview:large","max-video-preview":"max-video-preview:-1"},"canonical":"https:\/\/fkzalgiris.lt\/m-karamarko-kur-treneris-pastatys-ten-ir-zaisiu\/","og_locale":"lt_LT","og_type":"article","og_title":"M.Karamarko: \u201eKur treneris pastatys \u2013 ten ir \u017eaisiu\u201c - FK \u017dalgiris","og_description":"Vilniaus \u201e\u017dalgiris\u201c savaitgal\u012f su\u017eaid\u0117 lygiosiomis 0:0 su Suvalk\u0173 \u201eWigry\u201c klubu. \u0160iose rungtyn\u0117se \u017ealgirie\u010di\u0173 sud\u0117tyje debiutavo naujokas Marko Karamarko. 26-eri\u0173 kra\u0161to gyn\u0117jas i\u0161 Kroatijos susitikim\u0105 prad\u0117jo\u2026","og_url":"https:\/\/fkzalgiris.lt\/m-karamarko-kur-treneris-pastatys-ten-ir-zaisiu\/","og_site_name":"FK \u017dalgiris","article_publisher":"https:\/\/www.facebook.com\/fkzalgiris\/","article_published_time":"2020-02-03T12:55:56+00:00","article_modified_time":"2020-02-10T09:32:24+00:00","og_image":[{"width":3356,"height":2259,"url":"https:\/\/fkzalgiris.lt\/wp-content\/uploads\/2024\/02\/social-horiz_Zalgiris_logo_2024.png","type":"image\/png"}],"author":"Paulius Jakelis","twitter_card":"summary_large_image","twitter_creator":"@fkzalgiris","twitter_site":"@fkzalgiris","twitter_misc":{"Written by":"Paulius Jakelis","Est. reading time":"2 minut\u0117s"},"schema":{"@context":"https:\/\/schema.org","@graph":[{"@type":"Article","@id":"https:\/\/fkzalgiris.lt\/m-karamarko-kur-treneris-pastatys-ten-ir-zaisiu\/#article","isPartOf":{"@id":"https:\/\/fkzalgiris.lt\/m-karamarko-kur-treneris-pastatys-ten-ir-zaisiu\/"},"author":{"name":"Paulius Jakelis","@id":"https:\/\/fkzalgiris.lt\/#\/schema\/person\/1a5f07a0e55e2ff329320abdc2f2e953"},"headline":"M.Karamarko: \u201eKur treneris pastatys \u2013 ten ir \u017eaisiu\u201c","datePublished":"2020-02-03T12:55:56+00:00","dateModified":"2020-02-10T09:32:24+00:00","mainEntityOfPage":{"@id":"https:\/\/fkzalgiris.lt\/m-karamarko-kur-treneris-pastatys-ten-ir-zaisiu\/"},"wordCount":316,"publisher":{"@id":"https:\/\/fkzalgiris.lt\/#organization"},"articleSection":["\u017dalgiris"],"inLanguage":"lt-LT"},{"@type":"WebPage","@id":"https:\/\/fkzalgiris.lt\/m-karamarko-kur-treneris-pastatys-ten-ir-zaisiu\/","url":"https:\/\/fkzalgiris.lt\/m-karamarko-kur-treneris-pastatys-ten-ir-zaisiu\/","name":"M.Karamarko: \u201eKur treneris pastatys \u2013 ten ir \u017eaisiu\u201c - FK \u017dalgiris","isPartOf":{"@id":"https:\/\/fkzalgiris.lt\/#website"},"datePublished":"2020-02-03T12:55:56+00:00","dateModified":"2020-02-10T09:32:24+00:00","breadcrumb":{"@id":"https:\/\/fkzalgiris.lt\/m-karamarko-kur-treneris-pastatys-ten-ir-zaisiu\/#breadcrumb"},"inLanguage":"lt-LT","potentialAction":[{"@type":"ReadAction","target":["https:\/\/fkzalgiris.lt\/m-karamarko-kur-treneris-pastatys-ten-ir-zaisiu\/"]}]},{"@type":"BreadcrumbList","@id":"https:\/\/fkzalgiris.lt\/m-karamarko-kur-treneris-pastatys-ten-ir-zaisiu\/#breadcrumb","itemListElement":[{"@type":"ListItem","position":1,"name":"Home","item":"https:\/\/fkzalgiris.lt\/"},{"@type":"ListItem","position":2,"name":"M.Karamarko: \u201eKur treneris pastatys \u2013 ten ir \u017eaisiu\u201c"}]},{"@type":"WebSite","@id":"https:\/\/fkzalgiris.lt\/#website","url":"https:\/\/fkzalgiris.lt\/","name":"FK \u017dalgiris","description":"oficiali Vilniaus \u201e\u017dalgirio\u201c futbolo klubo svetain\u0117","publisher":{"@id":"https:\/\/fkzalgiris.lt\/#organization"},"potentialAction":[{"@type":"SearchAction","target":{"@type":"EntryPoint","urlTemplate":"https:\/\/fkzalgiris.lt\/?s={search_term_string}"},"query-input":{"@type":"PropertyValueSpecification","valueRequired":true,"valueName":"search_term_string"}}],"inLanguage":"lt-LT"},{"@type":"Organization","@id":"https:\/\/fkzalgiris.lt\/#organization","name":"FK \u017dalgiris","url":"https:\/\/fkzalgiris.lt\/","logo":{"@type":"ImageObject","inLanguage":"lt-LT","@id":"https:\/\/fkzalgiris.lt\/#\/schema\/logo\/image\/","url":"https:\/\/fkzalgiris.lt\/wp-content\/uploads\/2024\/01\/horiz-FK-Zalgiris-logo-2015.png","contentUrl":"https:\/\/fkzalgiris.lt\/wp-content\/uploads\/2024\/01\/horiz-FK-Zalgiris-logo-2015.png","width":3073,"height":2048,"caption":"FK \u017dalgiris"},"image":{"@id":"https:\/\/fkzalgiris.lt\/#\/schema\/logo\/image\/"},"sameAs":["https:\/\/www.facebook.com\/fkzalgiris\/","https:\/\/x.com\/fkzalgiris","https:\/\/www.instagram.com\/fkzalgiris\/","https:\/\/www.youtube.com\/channel\/UC1ag8JLxGirltMUoLlzfZLA"]},{"@type":"Person","@id":"https:\/\/fkzalgiris.lt\/#\/schema\/person\/1a5f07a0e55e2ff329320abdc2f2e953","name":"Paulius Jakelis"}]}},"_links":{"self":[{"href":"https:\/\/fkzalgiris.lt\/api\/wp\/v2\/posts\/1678","targetHints":{"allow":["GET"]}}],"collection":[{"href":"https:\/\/fkzalgiris.lt\/api\/wp\/v2\/posts"}],"about":[{"href":"https:\/\/fkzalgiris.lt\/api\/wp\/v2\/types\/post"}],"author":[{"embeddable":true,"href":"https:\/\/fkzalgiris.lt\/api\/wp\/v2\/users\/2"}],"replies":[{"embeddable":true,"href":"https:\/\/fkzalgiris.lt\/api\/wp\/v2\/comments?post=1678"}],"version-history":[{"count":2,"href":"https:\/\/fkzalgiris.lt\/api\/wp\/v2\/posts\/1678\/revisions"}],"predecessor-version":[{"id":1784,"href":"https:\/\/fkzalgiris.lt\/api\/wp\/v2\/posts\/1678\/revisions\/1784"}],"wp:attachment":[{"href":"https:\/\/fkzalgiris.lt\/api\/wp\/v2\/media?parent=1678"}],"wp:term":[{"taxonomy":"category","embeddable":true,"href":"https:\/\/fkzalgiris.lt\/api\/wp\/v2\/categories?post=1678"}],"curies":[{"name":"wp","href":"https:\/\/api.w.org\/{rel}","templated":true}]}}