{"id":16623,"date":"2025-02-02T11:00:55","date_gmt":"2025-02-02T09:00:55","guid":{"rendered":"https:\/\/fkzalgiris.lt\/?p=16623"},"modified":"2025-01-31T22:14:47","modified_gmt":"2025-01-31T20:14:47","slug":"naujokas-dino-apie-ankstyva-tiksla-tevo-pavyzdi-ir-balkaniska-mentaliteta","status":"publish","type":"post","link":"https:\/\/fkzalgiris.lt\/naujokas-dino-apie-ankstyva-tiksla-tevo-pavyzdi-ir-balkaniska-mentaliteta\/","title":{"rendered":"Naujokas Dino apie ankstyv\u0105 tiksl\u0105, t\u0117vo pavyzd\u012f ir balkani\u0161k\u0105 mentalitet\u0105"},"content":{"rendered":"<p>\u201e\u017dalgirio\u201c komandos naujokas Dino Sal\u010dinovi\u010dius nuo pat vaikyst\u0117s tur\u0117jo vien\u0105 tiksl\u0105 \u2013 tapti profesionaliu futbolininku. Einant \u0161iuo keliu bosni\u0173 kilm\u0117s \u017eaid\u0117jui pad\u0117jo stipri disciplina ir t\u0117vo parama.<\/p>\n<p><strong>Futbolas nuo vaikyst\u0117s<\/strong><\/p>\n<p>23 met\u0173 saugas \u012f Vilni\u0173 saus\u012f atvyko i\u0161 \u0160vedijos, kur yra gim\u0119s ir u\u017eaug\u0119s. Jo t\u0117vai \u2013 emigrantai i\u0161 Bosnijos ir Hercegovinos. Dino motina \u012f \u0160vedij\u0105 atvyko prasid\u0117jus karui, o jo t\u0117vas \u2013 ketveriais metais v\u0117liau.<\/p>\n<p>Futbolo kamuol\u012f spardyti jis prad\u0117jo ketveri\u0173 ar penkeri\u0173 met\u0173 am\u017eiaus. \u201eMane treniravo t\u0117tis nuo pat tada, kai i\u0161mokau vaik\u0161\u010dioti. Viskas, ko nor\u0117jau vaikyst\u0117je \u2013 \u017eaisti futbol\u0105\u201c, \u2013 prisimin\u0117 Dino.<\/p>\n<p>Jis anksti suvok\u0117, jog nor\u0117damas pasiekti auk\u0161\u010diausi\u0105 lyg\u012f, tur\u0117s dirbti daugiau nei kiti. \u012era\u0161as Dino mokyklos knygel\u0117je skelb\u0117 ai\u0161kiai: \u201enoriu tapti profesionaliu futbolininku.\u201c<\/p>\n<p>B\u016bsimo futbolininko t\u0117vas ne tik palaik\u0117 s\u016bn\u0173, bet ir tapo jo asmeniniu treneriu, dietologu bei psichologu. \u201eKai buvau ma\u017eas, treniruodavausi su juo kiekvien\u0105 dien\u0105. Kai man su\u0117jo 12 ar 13 met\u0173, jis tapo ir mano komandos treneriu. Jis buvo \u017emogus, kuris ne tik mane treniravo, bet ir mok\u0117, kaip elgtis profesionaliai, kaip pri\u017ei\u016br\u0117ti savo mityb\u0105, poils\u012f ir visada dirbti daugiau nei kiti\u201c, \u2013 pasakojo Dino.<\/p>\n<p>Jo t\u0117vas jam tapo ne tik futbolo mokytoju, bet ir svarbiausiu \u012fkv\u0117p\u0117ju. \u201eBe jo \u010dia nes\u0117d\u0117\u010diau. Tai buvo ilga ir sunki kelion\u0117, ta\u010diau labai d\u017eiaugiuosi, kad esu \u010dia dabar\u201c, \u2013 teig\u0117 Dino.<\/p>\n<p><img loading=\"lazy\" decoding=\"async\" class=\"alignnone wp-image-16627\" src=\"https:\/\/fkzalgiris.lt\/wp-content\/uploads\/2025\/01\/IMG_8601-1024x683.jpeg\" alt=\"\" width=\"650\" height=\"433\" srcset=\"https:\/\/fkzalgiris.lt\/wp-content\/uploads\/2025\/01\/IMG_8601-1024x683.jpeg 1024w, https:\/\/fkzalgiris.lt\/wp-content\/uploads\/2025\/01\/IMG_8601-300x200.jpeg 300w, https:\/\/fkzalgiris.lt\/wp-content\/uploads\/2025\/01\/IMG_8601-768x512.jpeg 768w, https:\/\/fkzalgiris.lt\/wp-content\/uploads\/2025\/01\/IMG_8601-1536x1024.jpeg 1536w, https:\/\/fkzalgiris.lt\/wp-content\/uploads\/2025\/01\/IMG_8601-2048x1365.jpeg 2048w, https:\/\/fkzalgiris.lt\/wp-content\/uploads\/2025\/01\/IMG_8601-150x100.jpeg 150w, https:\/\/fkzalgiris.lt\/wp-content\/uploads\/2025\/01\/IMG_8601-840x560.jpeg 840w, https:\/\/fkzalgiris.lt\/wp-content\/uploads\/2025\/01\/IMG_8601-570x380.jpeg 570w, https:\/\/fkzalgiris.lt\/wp-content\/uploads\/2025\/01\/IMG_8601-30x20.jpeg 30w\" sizes=\"auto, (max-width: 650px) 100vw, 650px\" \/><\/p>\n<p><strong>Buvo kapitonu<\/strong><\/p>\n<p>Futbolo keli\u0105 jis prad\u0117jo gimtajame mieste esan\u010dio \u201e\u00d6rebro\u201c SK akademijoje. Ta\u010diau labai greitai suprato, kad nori didesni\u0173 i\u0161\u0161\u016bki\u0173 ir pereiti \u012f vyr\u0173 futbol\u0105. Jis prisijung\u0117 prie \u201e\u00d6rebro Syrianska\u201c komandos, kurioje praleido ketverius metus, ilgainiui tapo kapitonu.<\/p>\n<p>\u201eMano did\u017eiausios stipryb\u0117s \u2013 lyderyst\u0117, aik\u0161t\u0117s matymas, perdavimai ir sm\u016bgiai. Esu \u017emogus, kuris veda kitus pirmyn\u201c, \u2013 sako saugas.<\/p>\n<p>\u017diem\u0105 \u017eaid\u0117ju dom\u0117josi ir \u0160vedijos auk\u0161\u010diausios lygos klubai, ta\u010diau sulauk\u0119s skambu\u010dio i\u0161 \u201e\u017dalgirio\u201c jis nedvejodamas susikrov\u0117 lagaminus ir atvyko \u012f Vilni\u0173. \u201ePo savait\u0117s pajutau, kad tai visi\u0161kai teisingas \u017eingsnis. Komanda turi toki\u0105 pa\u010di\u0105 vizij\u0105 kaip ir a\u0161. M\u016bs\u0173 mentalitetas sutampa, o tai labai svarbu\u201c, \u2013 patikino futbolininkas.<\/p>\n<p>Jam antrino ir \u017eaid\u0117jo pagrindinis palaikytojas. \u201eA\u0161 kil\u0119s i\u0161 Balkan\u0173, ir matau \u0161iame klube t\u0105 pa\u010di\u0105 kovin\u0119 dvasi\u0105, kuri yra svarbi tobul\u0117jimui\u201c, \u2013 paantrino Sal\u010dinovi\u010dius vyresnysis. Jis Lietuvoje ne pirm\u0105 kart\u0105 &#8211; buvo lank\u0119sis 2013 metais, kai lemiamas rungtynes d\u0117l patekimo \u012f Pasaulio \u010dempionat\u0105 \u017eaid\u0117 Bosnijos ir Hercegovinos rinktin\u0117.<\/p>\n<p><img loading=\"lazy\" decoding=\"async\" class=\"wp-image-16626\" src=\"https:\/\/fkzalgiris.lt\/wp-content\/uploads\/2025\/01\/foto-Elvis-Zaldaris-@elviszaldaris-zaldaris.lt-13-1024x683.jpg\" alt=\"\" width=\"650\" height=\"433\" srcset=\"https:\/\/fkzalgiris.lt\/wp-content\/uploads\/2025\/01\/foto-Elvis-Zaldaris-@elviszaldaris-zaldaris.lt-13-1024x683.jpg 1024w, https:\/\/fkzalgiris.lt\/wp-content\/uploads\/2025\/01\/foto-Elvis-Zaldaris-@elviszaldaris-zaldaris.lt-13-300x200.jpg 300w, https:\/\/fkzalgiris.lt\/wp-content\/uploads\/2025\/01\/foto-Elvis-Zaldaris-@elviszaldaris-zaldaris.lt-13-768x512.jpg 768w, https:\/\/fkzalgiris.lt\/wp-content\/uploads\/2025\/01\/foto-Elvis-Zaldaris-@elviszaldaris-zaldaris.lt-13-1536x1024.jpg 1536w, https:\/\/fkzalgiris.lt\/wp-content\/uploads\/2025\/01\/foto-Elvis-Zaldaris-@elviszaldaris-zaldaris.lt-13-150x100.jpg 150w, https:\/\/fkzalgiris.lt\/wp-content\/uploads\/2025\/01\/foto-Elvis-Zaldaris-@elviszaldaris-zaldaris.lt-13-840x560.jpg 840w, https:\/\/fkzalgiris.lt\/wp-content\/uploads\/2025\/01\/foto-Elvis-Zaldaris-@elviszaldaris-zaldaris.lt-13-570x380.jpg 570w, https:\/\/fkzalgiris.lt\/wp-content\/uploads\/2025\/01\/foto-Elvis-Zaldaris-@elviszaldaris-zaldaris.lt-13-30x20.jpg 30w, https:\/\/fkzalgiris.lt\/wp-content\/uploads\/2025\/01\/foto-Elvis-Zaldaris-@elviszaldaris-zaldaris.lt-13.jpg 2048w\" sizes=\"auto, (max-width: 650px) 100vw, 650px\" \/><\/p>\n<p>Dino jau sp\u0117jo pasteb\u0117ti \u201e\u017dalgirio\u201c strukt\u016bros profesionalum\u0105 ir \u017eaidimo lyg\u012f, kuris auk\u0161tesnis nei ten, kur jis \u017eaid\u0117 anks\u010diau. \u201eViskas \u010dia grei\u010diau, stipriau, geresn\u0117s komandos. Bet esu pasiruo\u0161\u0119s \u0161iam i\u0161\u0161\u016bkiui\u201c, \u2013 sak\u0117 jis.<\/p>\n<p>Taip pat jis d\u017eiaugiasi, kad komandoje jau turi ger\u0105 draug\u0105 Mohamed\u0105, su kuriuo \u017eaid\u0117 dar nuo 2016 m. \u201ePaskutinius trejus metus buvome tiesiog geriausi draugai. Kartu galime pad\u0117ti vienas kitam tapti stipresniems tiek fizi\u0161kai, tiek psichologi\u0161kai\u201c, \u2013 tikino D. Sal\u010dinovi\u010dius.<\/p>\n<p>\u201e\u017dalgirio\u201c komanda nauj\u0105 sezon\u0105 prad\u0117s vasario 22 d. Supertaur\u0117s rungtyn\u0117mis Vilniuje.<\/p>\n<p>&nbsp;<\/p>\n","protected":false},"excerpt":{"rendered":"<p>\u201e\u017dalgirio\u201c komandos naujokas Dino Sal\u010dinovi\u010dius nuo pat vaikyst\u0117s tur\u0117jo vien\u0105 tiksl\u0105 \u2013 tapti profesionaliu futbolininku. Einant \u0161iuo keliu bosni\u0173 kilm\u0117s \u017eaid\u0117jui pad\u0117jo stipri disciplina ir\u2026<\/p>\n","protected":false},"author":4,"featured_media":0,"comment_status":"closed","ping_status":"closed","sticky":false,"template":"","format":"standard","meta":{"_acf_changed":false,"footnotes":""},"categories":[87],"class_list":["post-16623","post","type-post","status-publish","format-standard","hentry","category-zalgiris"],"acf":[],"yoast_head":"<!-- This site is optimized with the Yoast SEO plugin v26.8 - https:\/\/yoast.com\/product\/yoast-seo-wordpress\/ -->\n<title>Naujokas Dino apie ankstyv\u0105 tiksl\u0105, t\u0117vo pavyzd\u012f ir balkani\u0161k\u0105 mentalitet\u0105 - FK \u017dalgiris<\/title>\n<meta name=\"robots\" content=\"index, follow, max-snippet:-1, max-image-preview:large, max-video-preview:-1\" \/>\n<link rel=\"canonical\" href=\"https:\/\/fkzalgiris.lt\/naujokas-dino-apie-ankstyva-tiksla-tevo-pavyzdi-ir-balkaniska-mentaliteta\/\" \/>\n<meta property=\"og:locale\" content=\"lt_LT\" \/>\n<meta property=\"og:type\" content=\"article\" \/>\n<meta property=\"og:title\" content=\"Naujokas Dino apie ankstyv\u0105 tiksl\u0105, t\u0117vo pavyzd\u012f ir balkani\u0161k\u0105 mentalitet\u0105 - FK \u017dalgiris\" \/>\n<meta property=\"og:description\" content=\"\u201e\u017dalgirio\u201c komandos naujokas Dino Sal\u010dinovi\u010dius nuo pat vaikyst\u0117s tur\u0117jo vien\u0105 tiksl\u0105 \u2013 tapti profesionaliu futbolininku. Einant \u0161iuo keliu bosni\u0173 kilm\u0117s \u017eaid\u0117jui pad\u0117jo stipri disciplina ir\u2026\" \/>\n<meta property=\"og:url\" content=\"https:\/\/fkzalgiris.lt\/naujokas-dino-apie-ankstyva-tiksla-tevo-pavyzdi-ir-balkaniska-mentaliteta\/\" \/>\n<meta property=\"og:site_name\" content=\"FK \u017dalgiris\" \/>\n<meta property=\"article:publisher\" content=\"https:\/\/www.facebook.com\/fkzalgiris\/\" \/>\n<meta property=\"article:published_time\" content=\"2025-02-02T09:00:55+00:00\" \/>\n<meta property=\"og:image\" content=\"https:\/\/fkzalgiris.lt\/wp-content\/uploads\/2025\/01\/IMG_8601-1024x683.jpeg\" \/>\n<meta name=\"author\" content=\"J\" \/>\n<meta name=\"twitter:card\" content=\"summary_large_image\" \/>\n<meta name=\"twitter:creator\" content=\"@fkzalgiris\" \/>\n<meta name=\"twitter:site\" content=\"@fkzalgiris\" \/>\n<meta name=\"twitter:label1\" content=\"Written by\" \/>\n\t<meta name=\"twitter:data1\" content=\"J\" \/>\n\t<meta name=\"twitter:label2\" content=\"Est. reading time\" \/>\n\t<meta name=\"twitter:data2\" content=\"3 minut\u0117s\" \/>\n<script type=\"application\/ld+json\" class=\"yoast-schema-graph\">{\"@context\":\"https:\/\/schema.org\",\"@graph\":[{\"@type\":\"Article\",\"@id\":\"https:\/\/fkzalgiris.lt\/naujokas-dino-apie-ankstyva-tiksla-tevo-pavyzdi-ir-balkaniska-mentaliteta\/#article\",\"isPartOf\":{\"@id\":\"https:\/\/fkzalgiris.lt\/naujokas-dino-apie-ankstyva-tiksla-tevo-pavyzdi-ir-balkaniska-mentaliteta\/\"},\"author\":{\"name\":\"J\",\"@id\":\"https:\/\/fkzalgiris.lt\/#\/schema\/person\/8604babbba794a7d8767be324a3eaac8\"},\"headline\":\"Naujokas Dino apie ankstyv\u0105 tiksl\u0105, t\u0117vo pavyzd\u012f ir balkani\u0161k\u0105 mentalitet\u0105\",\"datePublished\":\"2025-02-02T09:00:55+00:00\",\"mainEntityOfPage\":{\"@id\":\"https:\/\/fkzalgiris.lt\/naujokas-dino-apie-ankstyva-tiksla-tevo-pavyzdi-ir-balkaniska-mentaliteta\/\"},\"wordCount\":529,\"publisher\":{\"@id\":\"https:\/\/fkzalgiris.lt\/#organization\"},\"image\":{\"@id\":\"https:\/\/fkzalgiris.lt\/naujokas-dino-apie-ankstyva-tiksla-tevo-pavyzdi-ir-balkaniska-mentaliteta\/#primaryimage\"},\"thumbnailUrl\":\"https:\/\/fkzalgiris.lt\/wp-content\/uploads\/2025\/01\/IMG_8601-1024x683.jpeg\",\"articleSection\":[\"\u017dalgiris\"],\"inLanguage\":\"lt-LT\"},{\"@type\":\"WebPage\",\"@id\":\"https:\/\/fkzalgiris.lt\/naujokas-dino-apie-ankstyva-tiksla-tevo-pavyzdi-ir-balkaniska-mentaliteta\/\",\"url\":\"https:\/\/fkzalgiris.lt\/naujokas-dino-apie-ankstyva-tiksla-tevo-pavyzdi-ir-balkaniska-mentaliteta\/\",\"name\":\"Naujokas Dino apie ankstyv\u0105 tiksl\u0105, t\u0117vo pavyzd\u012f ir balkani\u0161k\u0105 mentalitet\u0105 - FK \u017dalgiris\",\"isPartOf\":{\"@id\":\"https:\/\/fkzalgiris.lt\/#website\"},\"primaryImageOfPage\":{\"@id\":\"https:\/\/fkzalgiris.lt\/naujokas-dino-apie-ankstyva-tiksla-tevo-pavyzdi-ir-balkaniska-mentaliteta\/#primaryimage\"},\"image\":{\"@id\":\"https:\/\/fkzalgiris.lt\/naujokas-dino-apie-ankstyva-tiksla-tevo-pavyzdi-ir-balkaniska-mentaliteta\/#primaryimage\"},\"thumbnailUrl\":\"https:\/\/fkzalgiris.lt\/wp-content\/uploads\/2025\/01\/IMG_8601-1024x683.jpeg\",\"datePublished\":\"2025-02-02T09:00:55+00:00\",\"breadcrumb\":{\"@id\":\"https:\/\/fkzalgiris.lt\/naujokas-dino-apie-ankstyva-tiksla-tevo-pavyzdi-ir-balkaniska-mentaliteta\/#breadcrumb\"},\"inLanguage\":\"lt-LT\",\"potentialAction\":[{\"@type\":\"ReadAction\",\"target\":[\"https:\/\/fkzalgiris.lt\/naujokas-dino-apie-ankstyva-tiksla-tevo-pavyzdi-ir-balkaniska-mentaliteta\/\"]}]},{\"@type\":\"ImageObject\",\"inLanguage\":\"lt-LT\",\"@id\":\"https:\/\/fkzalgiris.lt\/naujokas-dino-apie-ankstyva-tiksla-tevo-pavyzdi-ir-balkaniska-mentaliteta\/#primaryimage\",\"url\":\"https:\/\/fkzalgiris.lt\/wp-content\/uploads\/2025\/01\/IMG_8601-scaled.jpeg\",\"contentUrl\":\"https:\/\/fkzalgiris.lt\/wp-content\/uploads\/2025\/01\/IMG_8601-scaled.jpeg\",\"width\":2560,\"height\":1706},{\"@type\":\"BreadcrumbList\",\"@id\":\"https:\/\/fkzalgiris.lt\/naujokas-dino-apie-ankstyva-tiksla-tevo-pavyzdi-ir-balkaniska-mentaliteta\/#breadcrumb\",\"itemListElement\":[{\"@type\":\"ListItem\",\"position\":1,\"name\":\"Home\",\"item\":\"https:\/\/fkzalgiris.lt\/\"},{\"@type\":\"ListItem\",\"position\":2,\"name\":\"Naujokas Dino apie ankstyv\u0105 tiksl\u0105, t\u0117vo pavyzd\u012f ir balkani\u0161k\u0105 mentalitet\u0105\"}]},{\"@type\":\"WebSite\",\"@id\":\"https:\/\/fkzalgiris.lt\/#website\",\"url\":\"https:\/\/fkzalgiris.lt\/\",\"name\":\"FK \u017dalgiris\",\"description\":\"oficiali Vilniaus \u201e\u017dalgirio\u201c futbolo klubo svetain\u0117\",\"publisher\":{\"@id\":\"https:\/\/fkzalgiris.lt\/#organization\"},\"potentialAction\":[{\"@type\":\"SearchAction\",\"target\":{\"@type\":\"EntryPoint\",\"urlTemplate\":\"https:\/\/fkzalgiris.lt\/?s={search_term_string}\"},\"query-input\":{\"@type\":\"PropertyValueSpecification\",\"valueRequired\":true,\"valueName\":\"search_term_string\"}}],\"inLanguage\":\"lt-LT\"},{\"@type\":\"Organization\",\"@id\":\"https:\/\/fkzalgiris.lt\/#organization\",\"name\":\"FK \u017dalgiris\",\"url\":\"https:\/\/fkzalgiris.lt\/\",\"logo\":{\"@type\":\"ImageObject\",\"inLanguage\":\"lt-LT\",\"@id\":\"https:\/\/fkzalgiris.lt\/#\/schema\/logo\/image\/\",\"url\":\"https:\/\/fkzalgiris.lt\/wp-content\/uploads\/2024\/01\/horiz-FK-Zalgiris-logo-2015.png\",\"contentUrl\":\"https:\/\/fkzalgiris.lt\/wp-content\/uploads\/2024\/01\/horiz-FK-Zalgiris-logo-2015.png\",\"width\":3073,\"height\":2048,\"caption\":\"FK \u017dalgiris\"},\"image\":{\"@id\":\"https:\/\/fkzalgiris.lt\/#\/schema\/logo\/image\/\"},\"sameAs\":[\"https:\/\/www.facebook.com\/fkzalgiris\/\",\"https:\/\/x.com\/fkzalgiris\",\"https:\/\/www.instagram.com\/fkzalgiris\/\",\"https:\/\/www.youtube.com\/channel\/UC1ag8JLxGirltMUoLlzfZLA\"]},{\"@type\":\"Person\",\"@id\":\"https:\/\/fkzalgiris.lt\/#\/schema\/person\/8604babbba794a7d8767be324a3eaac8\",\"name\":\"J\"}]}<\/script>\n<!-- \/ Yoast SEO plugin. -->","yoast_head_json":{"title":"Naujokas Dino apie ankstyv\u0105 tiksl\u0105, t\u0117vo pavyzd\u012f ir balkani\u0161k\u0105 mentalitet\u0105 - FK \u017dalgiris","robots":{"index":"index","follow":"follow","max-snippet":"max-snippet:-1","max-image-preview":"max-image-preview:large","max-video-preview":"max-video-preview:-1"},"canonical":"https:\/\/fkzalgiris.lt\/naujokas-dino-apie-ankstyva-tiksla-tevo-pavyzdi-ir-balkaniska-mentaliteta\/","og_locale":"lt_LT","og_type":"article","og_title":"Naujokas Dino apie ankstyv\u0105 tiksl\u0105, t\u0117vo pavyzd\u012f ir balkani\u0161k\u0105 mentalitet\u0105 - FK \u017dalgiris","og_description":"\u201e\u017dalgirio\u201c komandos naujokas Dino Sal\u010dinovi\u010dius nuo pat vaikyst\u0117s tur\u0117jo vien\u0105 tiksl\u0105 \u2013 tapti profesionaliu futbolininku. Einant \u0161iuo keliu bosni\u0173 kilm\u0117s \u017eaid\u0117jui pad\u0117jo stipri disciplina ir\u2026","og_url":"https:\/\/fkzalgiris.lt\/naujokas-dino-apie-ankstyva-tiksla-tevo-pavyzdi-ir-balkaniska-mentaliteta\/","og_site_name":"FK \u017dalgiris","article_publisher":"https:\/\/www.facebook.com\/fkzalgiris\/","article_published_time":"2025-02-02T09:00:55+00:00","og_image":[{"url":"https:\/\/fkzalgiris.lt\/wp-content\/uploads\/2025\/01\/IMG_8601-1024x683.jpeg","type":"","width":"","height":""}],"author":"J","twitter_card":"summary_large_image","twitter_creator":"@fkzalgiris","twitter_site":"@fkzalgiris","twitter_misc":{"Written by":"J","Est. reading time":"3 minut\u0117s"},"schema":{"@context":"https:\/\/schema.org","@graph":[{"@type":"Article","@id":"https:\/\/fkzalgiris.lt\/naujokas-dino-apie-ankstyva-tiksla-tevo-pavyzdi-ir-balkaniska-mentaliteta\/#article","isPartOf":{"@id":"https:\/\/fkzalgiris.lt\/naujokas-dino-apie-ankstyva-tiksla-tevo-pavyzdi-ir-balkaniska-mentaliteta\/"},"author":{"name":"J","@id":"https:\/\/fkzalgiris.lt\/#\/schema\/person\/8604babbba794a7d8767be324a3eaac8"},"headline":"Naujokas Dino apie ankstyv\u0105 tiksl\u0105, t\u0117vo pavyzd\u012f ir balkani\u0161k\u0105 mentalitet\u0105","datePublished":"2025-02-02T09:00:55+00:00","mainEntityOfPage":{"@id":"https:\/\/fkzalgiris.lt\/naujokas-dino-apie-ankstyva-tiksla-tevo-pavyzdi-ir-balkaniska-mentaliteta\/"},"wordCount":529,"publisher":{"@id":"https:\/\/fkzalgiris.lt\/#organization"},"image":{"@id":"https:\/\/fkzalgiris.lt\/naujokas-dino-apie-ankstyva-tiksla-tevo-pavyzdi-ir-balkaniska-mentaliteta\/#primaryimage"},"thumbnailUrl":"https:\/\/fkzalgiris.lt\/wp-content\/uploads\/2025\/01\/IMG_8601-1024x683.jpeg","articleSection":["\u017dalgiris"],"inLanguage":"lt-LT"},{"@type":"WebPage","@id":"https:\/\/fkzalgiris.lt\/naujokas-dino-apie-ankstyva-tiksla-tevo-pavyzdi-ir-balkaniska-mentaliteta\/","url":"https:\/\/fkzalgiris.lt\/naujokas-dino-apie-ankstyva-tiksla-tevo-pavyzdi-ir-balkaniska-mentaliteta\/","name":"Naujokas Dino apie ankstyv\u0105 tiksl\u0105, t\u0117vo pavyzd\u012f ir balkani\u0161k\u0105 mentalitet\u0105 - FK \u017dalgiris","isPartOf":{"@id":"https:\/\/fkzalgiris.lt\/#website"},"primaryImageOfPage":{"@id":"https:\/\/fkzalgiris.lt\/naujokas-dino-apie-ankstyva-tiksla-tevo-pavyzdi-ir-balkaniska-mentaliteta\/#primaryimage"},"image":{"@id":"https:\/\/fkzalgiris.lt\/naujokas-dino-apie-ankstyva-tiksla-tevo-pavyzdi-ir-balkaniska-mentaliteta\/#primaryimage"},"thumbnailUrl":"https:\/\/fkzalgiris.lt\/wp-content\/uploads\/2025\/01\/IMG_8601-1024x683.jpeg","datePublished":"2025-02-02T09:00:55+00:00","breadcrumb":{"@id":"https:\/\/fkzalgiris.lt\/naujokas-dino-apie-ankstyva-tiksla-tevo-pavyzdi-ir-balkaniska-mentaliteta\/#breadcrumb"},"inLanguage":"lt-LT","potentialAction":[{"@type":"ReadAction","target":["https:\/\/fkzalgiris.lt\/naujokas-dino-apie-ankstyva-tiksla-tevo-pavyzdi-ir-balkaniska-mentaliteta\/"]}]},{"@type":"ImageObject","inLanguage":"lt-LT","@id":"https:\/\/fkzalgiris.lt\/naujokas-dino-apie-ankstyva-tiksla-tevo-pavyzdi-ir-balkaniska-mentaliteta\/#primaryimage","url":"https:\/\/fkzalgiris.lt\/wp-content\/uploads\/2025\/01\/IMG_8601-scaled.jpeg","contentUrl":"https:\/\/fkzalgiris.lt\/wp-content\/uploads\/2025\/01\/IMG_8601-scaled.jpeg","width":2560,"height":1706},{"@type":"BreadcrumbList","@id":"https:\/\/fkzalgiris.lt\/naujokas-dino-apie-ankstyva-tiksla-tevo-pavyzdi-ir-balkaniska-mentaliteta\/#breadcrumb","itemListElement":[{"@type":"ListItem","position":1,"name":"Home","item":"https:\/\/fkzalgiris.lt\/"},{"@type":"ListItem","position":2,"name":"Naujokas Dino apie ankstyv\u0105 tiksl\u0105, t\u0117vo pavyzd\u012f ir balkani\u0161k\u0105 mentalitet\u0105"}]},{"@type":"WebSite","@id":"https:\/\/fkzalgiris.lt\/#website","url":"https:\/\/fkzalgiris.lt\/","name":"FK \u017dalgiris","description":"oficiali Vilniaus \u201e\u017dalgirio\u201c futbolo klubo svetain\u0117","publisher":{"@id":"https:\/\/fkzalgiris.lt\/#organization"},"potentialAction":[{"@type":"SearchAction","target":{"@type":"EntryPoint","urlTemplate":"https:\/\/fkzalgiris.lt\/?s={search_term_string}"},"query-input":{"@type":"PropertyValueSpecification","valueRequired":true,"valueName":"search_term_string"}}],"inLanguage":"lt-LT"},{"@type":"Organization","@id":"https:\/\/fkzalgiris.lt\/#organization","name":"FK \u017dalgiris","url":"https:\/\/fkzalgiris.lt\/","logo":{"@type":"ImageObject","inLanguage":"lt-LT","@id":"https:\/\/fkzalgiris.lt\/#\/schema\/logo\/image\/","url":"https:\/\/fkzalgiris.lt\/wp-content\/uploads\/2024\/01\/horiz-FK-Zalgiris-logo-2015.png","contentUrl":"https:\/\/fkzalgiris.lt\/wp-content\/uploads\/2024\/01\/horiz-FK-Zalgiris-logo-2015.png","width":3073,"height":2048,"caption":"FK \u017dalgiris"},"image":{"@id":"https:\/\/fkzalgiris.lt\/#\/schema\/logo\/image\/"},"sameAs":["https:\/\/www.facebook.com\/fkzalgiris\/","https:\/\/x.com\/fkzalgiris","https:\/\/www.instagram.com\/fkzalgiris\/","https:\/\/www.youtube.com\/channel\/UC1ag8JLxGirltMUoLlzfZLA"]},{"@type":"Person","@id":"https:\/\/fkzalgiris.lt\/#\/schema\/person\/8604babbba794a7d8767be324a3eaac8","name":"J"}]}},"_links":{"self":[{"href":"https:\/\/fkzalgiris.lt\/api\/wp\/v2\/posts\/16623","targetHints":{"allow":["GET"]}}],"collection":[{"href":"https:\/\/fkzalgiris.lt\/api\/wp\/v2\/posts"}],"about":[{"href":"https:\/\/fkzalgiris.lt\/api\/wp\/v2\/types\/post"}],"author":[{"embeddable":true,"href":"https:\/\/fkzalgiris.lt\/api\/wp\/v2\/users\/4"}],"replies":[{"embeddable":true,"href":"https:\/\/fkzalgiris.lt\/api\/wp\/v2\/comments?post=16623"}],"version-history":[{"count":6,"href":"https:\/\/fkzalgiris.lt\/api\/wp\/v2\/posts\/16623\/revisions"}],"predecessor-version":[{"id":16656,"href":"https:\/\/fkzalgiris.lt\/api\/wp\/v2\/posts\/16623\/revisions\/16656"}],"wp:attachment":[{"href":"https:\/\/fkzalgiris.lt\/api\/wp\/v2\/media?parent=16623"}],"wp:term":[{"taxonomy":"category","embeddable":true,"href":"https:\/\/fkzalgiris.lt\/api\/wp\/v2\/categories?post=16623"}],"curies":[{"name":"wp","href":"https:\/\/api.w.org\/{rel}","templated":true}]}}