{"id":16557,"date":"2025-01-22T15:52:30","date_gmt":"2025-01-22T13:52:30","guid":{"rendered":"https:\/\/fkzalgiris.lt\/?p=16557"},"modified":"2025-01-22T15:56:59","modified_gmt":"2025-01-22T13:56:59","slug":"pries-daugpilio-komanda-penki-aukletiniu-ivarciai","status":"publish","type":"post","link":"https:\/\/fkzalgiris.lt\/pries-daugpilio-komanda-penki-aukletiniu-ivarciai\/","title":{"rendered":"Prie\u0161 Daugpilio komand\u0105 &#8211; penki aukl\u0117tini\u0173 \u012fvar\u010diai"},"content":{"rendered":"<p>Antrose sezono kontrolin\u0117se rungtyn\u0117se \u201e\u017dalgiris\u201c nesunkiai (5:0) \u012fveik\u0117 penkt\u0105 viet\u0105 Latvijos \u010dempionate u\u017e\u0117mus\u012f Daugpilio \u201eDaugavpils\u201c klub\u0105.<\/p>\n<p>Visus penkis \u012fvar\u010dius peln\u0117 \u201e\u017dalgirio\u201c akademijos aukl\u0117tiniai. Pirmajame k\u0117linyje pasi\u017eym\u0117jo Vytis Pavilonis, antrajame dukart \u012fmu\u0161\u0117 Patrikas Maty\u017eonokas, taip pat \u012fvar\u010dius peln\u0117 Nedas Klimavi\u010dius ir Kajus Bi\u010dka.<\/p>\n<p>Pirm\u0105 \u012fvart\u012f 20 min. po kampinio tiksliu sm\u016bgiu koja \u012fmu\u0161\u0117 startin\u0117je sud\u0117tyje debiutav\u0119s V. Pavilonis. Daug prog\u0173 iki pertraukos \u017ealgirie\u010diai nesuk\u016br\u0117.<\/p>\n<p>K\u0117linio pabaigoje u\u017e nesportin\u012f elges\u012f var\u017eov\u0173 \u017eaid\u0117jas buvo nubaustas raudona kortele.<\/p>\n<p>Per pertrauk\u0105 aik\u0161t\u0117je pasikeit\u0117 visi vienuolika \u017eaid\u0117j\u0173, tarp j\u0173 septyni, kurie pra\u0117jusi\u0105 savait\u0119 \u017eaid\u0117 startin\u0117je sud\u0117tyje.<\/p>\n<p>60 min. po M. \u0160etkaus perdavimo i\u0161 kra\u0161to P. Maty\u017eonokas \u012fmu\u0161\u0117 sm\u016bgiu galva i\u0161 arti.<br \/>\nDar trys \u012fvar\u010diai krito nuo 70 iki 75 min. I\u0161 prad\u017ei\u0173 G. Matulevi\u010diaus perdavim\u0105 \u201eu\u017edar\u0117\u201c N. Klimavi\u010dius, v\u0117liau i\u0161 baudos sm\u016bgio \u012fmu\u0161\u0117 K. Bi\u010dka.<\/p>\n<p>Penkt\u0105 komandos ir antra savo \u012fvart\u012f \u012fmu\u0161\u0117 P. Maty\u017eonokas, kuriam beliko \u012fmu\u0161ti i\u0161 arti po O. Verbicko tolimo sm\u016bgio nuo virpsto at\u0161okus\u012f kamuol\u012f.<\/p>\n<p>Kitas kontrolines rungtynes \u201e\u017dalgiris\u201c \u017eais \u0161e\u0161tadien\u012f, sausio 25 d., nuo 18 val. 30 min. prie\u0161 Tel\u0161i\u0173 \u201eD\u017eiug\u0105\u201c.<\/p>\n<p>Startin\u0117 sud\u0117tis: A. Tordai, D. Aleksa, J. Kendy\u0161, V. Pavilonis, U. Simonavi\u010dius, M. Youla, D. Sal\u010dinovi\u0107, A. Fofana, N. Mihajlovi\u0107, G. Jarusevi\u010dius, V. Berenta.<\/p>\n<p>Antrojo k\u0117linio sud\u0117tis.: J. Aliukonis, M. \u0160etkus, G. Mikelaitis, Y. Zahary, J. Moutachy, K. Bi\u010dka, O. Verbickas (80 min. K. Kontautas), G. Matulevi\u010dius, N. Klimavi\u010dius (80 min. D. Veli\u010dka), M. Burba, P. Maty\u017eonok (80 min. K. Luka\u0161evi\u010d)).<\/p>\n","protected":false},"excerpt":{"rendered":"<p>Antrose sezono kontrolin\u0117se rungtyn\u0117se \u201e\u017dalgiris\u201c nesunkiai (5:0) \u012fveik\u0117 penkt\u0105 viet\u0105 Latvijos \u010dempionate u\u017e\u0117mus\u012f Daugpilio \u201eDaugavpils\u201c klub\u0105. Visus penkis \u012fvar\u010dius peln\u0117 \u201e\u017dalgirio\u201c akademijos aukl\u0117tiniai. Pirmajame k\u0117linyje\u2026<\/p>\n","protected":false},"author":4,"featured_media":0,"comment_status":"closed","ping_status":"closed","sticky":false,"template":"","format":"standard","meta":{"_acf_changed":false,"footnotes":""},"categories":[87],"class_list":["post-16557","post","type-post","status-publish","format-standard","hentry","category-zalgiris"],"acf":[],"yoast_head":"<!-- This site is optimized with the Yoast SEO plugin v26.8 - https:\/\/yoast.com\/product\/yoast-seo-wordpress\/ -->\n<title>Prie\u0161 Daugpilio komand\u0105 - penki aukl\u0117tini\u0173 \u012fvar\u010diai - FK \u017dalgiris<\/title>\n<meta name=\"robots\" content=\"index, follow, max-snippet:-1, max-image-preview:large, max-video-preview:-1\" \/>\n<link rel=\"canonical\" href=\"https:\/\/fkzalgiris.lt\/pries-daugpilio-komanda-penki-aukletiniu-ivarciai\/\" \/>\n<meta property=\"og:locale\" content=\"lt_LT\" \/>\n<meta property=\"og:type\" content=\"article\" \/>\n<meta property=\"og:title\" content=\"Prie\u0161 Daugpilio komand\u0105 - penki aukl\u0117tini\u0173 \u012fvar\u010diai - FK \u017dalgiris\" \/>\n<meta property=\"og:description\" content=\"Antrose sezono kontrolin\u0117se rungtyn\u0117se \u201e\u017dalgiris\u201c nesunkiai (5:0) \u012fveik\u0117 penkt\u0105 viet\u0105 Latvijos \u010dempionate u\u017e\u0117mus\u012f Daugpilio \u201eDaugavpils\u201c klub\u0105. Visus penkis \u012fvar\u010dius peln\u0117 \u201e\u017dalgirio\u201c akademijos aukl\u0117tiniai. Pirmajame k\u0117linyje\u2026\" \/>\n<meta property=\"og:url\" content=\"https:\/\/fkzalgiris.lt\/pries-daugpilio-komanda-penki-aukletiniu-ivarciai\/\" \/>\n<meta property=\"og:site_name\" content=\"FK \u017dalgiris\" \/>\n<meta property=\"article:publisher\" content=\"https:\/\/www.facebook.com\/fkzalgiris\/\" \/>\n<meta property=\"article:published_time\" content=\"2025-01-22T13:52:30+00:00\" \/>\n<meta property=\"article:modified_time\" content=\"2025-01-22T13:56:59+00:00\" \/>\n<meta property=\"og:image\" content=\"https:\/\/fkzalgiris.lt\/wp-content\/uploads\/2024\/02\/social-horiz_Zalgiris_logo_2024.png\" \/>\n\t<meta property=\"og:image:width\" content=\"3356\" \/>\n\t<meta property=\"og:image:height\" content=\"2259\" \/>\n\t<meta property=\"og:image:type\" content=\"image\/png\" \/>\n<meta name=\"author\" content=\"J\" \/>\n<meta name=\"twitter:card\" content=\"summary_large_image\" \/>\n<meta name=\"twitter:creator\" content=\"@fkzalgiris\" \/>\n<meta name=\"twitter:site\" content=\"@fkzalgiris\" \/>\n<meta name=\"twitter:label1\" content=\"Written by\" \/>\n\t<meta name=\"twitter:data1\" content=\"J\" \/>\n\t<meta name=\"twitter:label2\" content=\"Est. reading time\" \/>\n\t<meta name=\"twitter:data2\" content=\"2 minut\u0117s\" \/>\n<script type=\"application\/ld+json\" class=\"yoast-schema-graph\">{\"@context\":\"https:\/\/schema.org\",\"@graph\":[{\"@type\":\"Article\",\"@id\":\"https:\/\/fkzalgiris.lt\/pries-daugpilio-komanda-penki-aukletiniu-ivarciai\/#article\",\"isPartOf\":{\"@id\":\"https:\/\/fkzalgiris.lt\/pries-daugpilio-komanda-penki-aukletiniu-ivarciai\/\"},\"author\":{\"name\":\"J\",\"@id\":\"https:\/\/fkzalgiris.lt\/#\/schema\/person\/8604babbba794a7d8767be324a3eaac8\"},\"headline\":\"Prie\u0161 Daugpilio komand\u0105 &#8211; penki aukl\u0117tini\u0173 \u012fvar\u010diai\",\"datePublished\":\"2025-01-22T13:52:30+00:00\",\"dateModified\":\"2025-01-22T13:56:59+00:00\",\"mainEntityOfPage\":{\"@id\":\"https:\/\/fkzalgiris.lt\/pries-daugpilio-komanda-penki-aukletiniu-ivarciai\/\"},\"wordCount\":285,\"publisher\":{\"@id\":\"https:\/\/fkzalgiris.lt\/#organization\"},\"articleSection\":[\"\u017dalgiris\"],\"inLanguage\":\"lt-LT\"},{\"@type\":\"WebPage\",\"@id\":\"https:\/\/fkzalgiris.lt\/pries-daugpilio-komanda-penki-aukletiniu-ivarciai\/\",\"url\":\"https:\/\/fkzalgiris.lt\/pries-daugpilio-komanda-penki-aukletiniu-ivarciai\/\",\"name\":\"Prie\u0161 Daugpilio komand\u0105 - penki aukl\u0117tini\u0173 \u012fvar\u010diai - FK \u017dalgiris\",\"isPartOf\":{\"@id\":\"https:\/\/fkzalgiris.lt\/#website\"},\"datePublished\":\"2025-01-22T13:52:30+00:00\",\"dateModified\":\"2025-01-22T13:56:59+00:00\",\"breadcrumb\":{\"@id\":\"https:\/\/fkzalgiris.lt\/pries-daugpilio-komanda-penki-aukletiniu-ivarciai\/#breadcrumb\"},\"inLanguage\":\"lt-LT\",\"potentialAction\":[{\"@type\":\"ReadAction\",\"target\":[\"https:\/\/fkzalgiris.lt\/pries-daugpilio-komanda-penki-aukletiniu-ivarciai\/\"]}]},{\"@type\":\"BreadcrumbList\",\"@id\":\"https:\/\/fkzalgiris.lt\/pries-daugpilio-komanda-penki-aukletiniu-ivarciai\/#breadcrumb\",\"itemListElement\":[{\"@type\":\"ListItem\",\"position\":1,\"name\":\"Home\",\"item\":\"https:\/\/fkzalgiris.lt\/\"},{\"@type\":\"ListItem\",\"position\":2,\"name\":\"Prie\u0161 Daugpilio komand\u0105 &#8211; penki aukl\u0117tini\u0173 \u012fvar\u010diai\"}]},{\"@type\":\"WebSite\",\"@id\":\"https:\/\/fkzalgiris.lt\/#website\",\"url\":\"https:\/\/fkzalgiris.lt\/\",\"name\":\"FK \u017dalgiris\",\"description\":\"oficiali Vilniaus \u201e\u017dalgirio\u201c futbolo klubo svetain\u0117\",\"publisher\":{\"@id\":\"https:\/\/fkzalgiris.lt\/#organization\"},\"potentialAction\":[{\"@type\":\"SearchAction\",\"target\":{\"@type\":\"EntryPoint\",\"urlTemplate\":\"https:\/\/fkzalgiris.lt\/?s={search_term_string}\"},\"query-input\":{\"@type\":\"PropertyValueSpecification\",\"valueRequired\":true,\"valueName\":\"search_term_string\"}}],\"inLanguage\":\"lt-LT\"},{\"@type\":\"Organization\",\"@id\":\"https:\/\/fkzalgiris.lt\/#organization\",\"name\":\"FK \u017dalgiris\",\"url\":\"https:\/\/fkzalgiris.lt\/\",\"logo\":{\"@type\":\"ImageObject\",\"inLanguage\":\"lt-LT\",\"@id\":\"https:\/\/fkzalgiris.lt\/#\/schema\/logo\/image\/\",\"url\":\"https:\/\/fkzalgiris.lt\/wp-content\/uploads\/2024\/01\/horiz-FK-Zalgiris-logo-2015.png\",\"contentUrl\":\"https:\/\/fkzalgiris.lt\/wp-content\/uploads\/2024\/01\/horiz-FK-Zalgiris-logo-2015.png\",\"width\":3073,\"height\":2048,\"caption\":\"FK \u017dalgiris\"},\"image\":{\"@id\":\"https:\/\/fkzalgiris.lt\/#\/schema\/logo\/image\/\"},\"sameAs\":[\"https:\/\/www.facebook.com\/fkzalgiris\/\",\"https:\/\/x.com\/fkzalgiris\",\"https:\/\/www.instagram.com\/fkzalgiris\/\",\"https:\/\/www.youtube.com\/channel\/UC1ag8JLxGirltMUoLlzfZLA\"]},{\"@type\":\"Person\",\"@id\":\"https:\/\/fkzalgiris.lt\/#\/schema\/person\/8604babbba794a7d8767be324a3eaac8\",\"name\":\"J\"}]}<\/script>\n<!-- \/ Yoast SEO plugin. -->","yoast_head_json":{"title":"Prie\u0161 Daugpilio komand\u0105 - penki aukl\u0117tini\u0173 \u012fvar\u010diai - FK \u017dalgiris","robots":{"index":"index","follow":"follow","max-snippet":"max-snippet:-1","max-image-preview":"max-image-preview:large","max-video-preview":"max-video-preview:-1"},"canonical":"https:\/\/fkzalgiris.lt\/pries-daugpilio-komanda-penki-aukletiniu-ivarciai\/","og_locale":"lt_LT","og_type":"article","og_title":"Prie\u0161 Daugpilio komand\u0105 - penki aukl\u0117tini\u0173 \u012fvar\u010diai - FK \u017dalgiris","og_description":"Antrose sezono kontrolin\u0117se rungtyn\u0117se \u201e\u017dalgiris\u201c nesunkiai (5:0) \u012fveik\u0117 penkt\u0105 viet\u0105 Latvijos \u010dempionate u\u017e\u0117mus\u012f Daugpilio \u201eDaugavpils\u201c klub\u0105. Visus penkis \u012fvar\u010dius peln\u0117 \u201e\u017dalgirio\u201c akademijos aukl\u0117tiniai. Pirmajame k\u0117linyje\u2026","og_url":"https:\/\/fkzalgiris.lt\/pries-daugpilio-komanda-penki-aukletiniu-ivarciai\/","og_site_name":"FK \u017dalgiris","article_publisher":"https:\/\/www.facebook.com\/fkzalgiris\/","article_published_time":"2025-01-22T13:52:30+00:00","article_modified_time":"2025-01-22T13:56:59+00:00","og_image":[{"width":3356,"height":2259,"url":"https:\/\/fkzalgiris.lt\/wp-content\/uploads\/2024\/02\/social-horiz_Zalgiris_logo_2024.png","type":"image\/png"}],"author":"J","twitter_card":"summary_large_image","twitter_creator":"@fkzalgiris","twitter_site":"@fkzalgiris","twitter_misc":{"Written by":"J","Est. reading time":"2 minut\u0117s"},"schema":{"@context":"https:\/\/schema.org","@graph":[{"@type":"Article","@id":"https:\/\/fkzalgiris.lt\/pries-daugpilio-komanda-penki-aukletiniu-ivarciai\/#article","isPartOf":{"@id":"https:\/\/fkzalgiris.lt\/pries-daugpilio-komanda-penki-aukletiniu-ivarciai\/"},"author":{"name":"J","@id":"https:\/\/fkzalgiris.lt\/#\/schema\/person\/8604babbba794a7d8767be324a3eaac8"},"headline":"Prie\u0161 Daugpilio komand\u0105 &#8211; penki aukl\u0117tini\u0173 \u012fvar\u010diai","datePublished":"2025-01-22T13:52:30+00:00","dateModified":"2025-01-22T13:56:59+00:00","mainEntityOfPage":{"@id":"https:\/\/fkzalgiris.lt\/pries-daugpilio-komanda-penki-aukletiniu-ivarciai\/"},"wordCount":285,"publisher":{"@id":"https:\/\/fkzalgiris.lt\/#organization"},"articleSection":["\u017dalgiris"],"inLanguage":"lt-LT"},{"@type":"WebPage","@id":"https:\/\/fkzalgiris.lt\/pries-daugpilio-komanda-penki-aukletiniu-ivarciai\/","url":"https:\/\/fkzalgiris.lt\/pries-daugpilio-komanda-penki-aukletiniu-ivarciai\/","name":"Prie\u0161 Daugpilio komand\u0105 - penki aukl\u0117tini\u0173 \u012fvar\u010diai - FK \u017dalgiris","isPartOf":{"@id":"https:\/\/fkzalgiris.lt\/#website"},"datePublished":"2025-01-22T13:52:30+00:00","dateModified":"2025-01-22T13:56:59+00:00","breadcrumb":{"@id":"https:\/\/fkzalgiris.lt\/pries-daugpilio-komanda-penki-aukletiniu-ivarciai\/#breadcrumb"},"inLanguage":"lt-LT","potentialAction":[{"@type":"ReadAction","target":["https:\/\/fkzalgiris.lt\/pries-daugpilio-komanda-penki-aukletiniu-ivarciai\/"]}]},{"@type":"BreadcrumbList","@id":"https:\/\/fkzalgiris.lt\/pries-daugpilio-komanda-penki-aukletiniu-ivarciai\/#breadcrumb","itemListElement":[{"@type":"ListItem","position":1,"name":"Home","item":"https:\/\/fkzalgiris.lt\/"},{"@type":"ListItem","position":2,"name":"Prie\u0161 Daugpilio komand\u0105 &#8211; penki aukl\u0117tini\u0173 \u012fvar\u010diai"}]},{"@type":"WebSite","@id":"https:\/\/fkzalgiris.lt\/#website","url":"https:\/\/fkzalgiris.lt\/","name":"FK \u017dalgiris","description":"oficiali Vilniaus \u201e\u017dalgirio\u201c futbolo klubo svetain\u0117","publisher":{"@id":"https:\/\/fkzalgiris.lt\/#organization"},"potentialAction":[{"@type":"SearchAction","target":{"@type":"EntryPoint","urlTemplate":"https:\/\/fkzalgiris.lt\/?s={search_term_string}"},"query-input":{"@type":"PropertyValueSpecification","valueRequired":true,"valueName":"search_term_string"}}],"inLanguage":"lt-LT"},{"@type":"Organization","@id":"https:\/\/fkzalgiris.lt\/#organization","name":"FK \u017dalgiris","url":"https:\/\/fkzalgiris.lt\/","logo":{"@type":"ImageObject","inLanguage":"lt-LT","@id":"https:\/\/fkzalgiris.lt\/#\/schema\/logo\/image\/","url":"https:\/\/fkzalgiris.lt\/wp-content\/uploads\/2024\/01\/horiz-FK-Zalgiris-logo-2015.png","contentUrl":"https:\/\/fkzalgiris.lt\/wp-content\/uploads\/2024\/01\/horiz-FK-Zalgiris-logo-2015.png","width":3073,"height":2048,"caption":"FK \u017dalgiris"},"image":{"@id":"https:\/\/fkzalgiris.lt\/#\/schema\/logo\/image\/"},"sameAs":["https:\/\/www.facebook.com\/fkzalgiris\/","https:\/\/x.com\/fkzalgiris","https:\/\/www.instagram.com\/fkzalgiris\/","https:\/\/www.youtube.com\/channel\/UC1ag8JLxGirltMUoLlzfZLA"]},{"@type":"Person","@id":"https:\/\/fkzalgiris.lt\/#\/schema\/person\/8604babbba794a7d8767be324a3eaac8","name":"J"}]}},"_links":{"self":[{"href":"https:\/\/fkzalgiris.lt\/api\/wp\/v2\/posts\/16557","targetHints":{"allow":["GET"]}}],"collection":[{"href":"https:\/\/fkzalgiris.lt\/api\/wp\/v2\/posts"}],"about":[{"href":"https:\/\/fkzalgiris.lt\/api\/wp\/v2\/types\/post"}],"author":[{"embeddable":true,"href":"https:\/\/fkzalgiris.lt\/api\/wp\/v2\/users\/4"}],"replies":[{"embeddable":true,"href":"https:\/\/fkzalgiris.lt\/api\/wp\/v2\/comments?post=16557"}],"version-history":[{"count":5,"href":"https:\/\/fkzalgiris.lt\/api\/wp\/v2\/posts\/16557\/revisions"}],"predecessor-version":[{"id":16564,"href":"https:\/\/fkzalgiris.lt\/api\/wp\/v2\/posts\/16557\/revisions\/16564"}],"wp:attachment":[{"href":"https:\/\/fkzalgiris.lt\/api\/wp\/v2\/media?parent=16557"}],"wp:term":[{"taxonomy":"category","embeddable":true,"href":"https:\/\/fkzalgiris.lt\/api\/wp\/v2\/categories?post=16557"}],"curies":[{"name":"wp","href":"https:\/\/api.w.org\/{rel}","templated":true}]}}