{"id":16551,"date":"2025-01-31T18:44:16","date_gmt":"2025-01-31T16:44:16","guid":{"rendered":"https:\/\/fkzalgiris.lt\/?p=16551"},"modified":"2025-01-31T18:45:45","modified_gmt":"2025-01-31T16:45:45","slug":"trauma-isvede-is-rikiuotes-n-petkoviciu","status":"publish","type":"post","link":"https:\/\/fkzalgiris.lt\/trauma-isvede-is-rikiuotes-n-petkoviciu\/","title":{"rendered":"Trauma ilgam i\u0161ved\u0117 i\u0161 rikiuot\u0117s N. Petkovi\u010di\u0173"},"content":{"rendered":"<p>Pirmosios met\u0173 kontrolin\u0117s rungtyn\u0117s \u201e\u017dalgirio\u201c komandai atne\u0161\u0117 skaud\u017ei\u0173 nuostoli\u0173 \u2013 d\u0117l patirtos sunkios traumos ilg\u0105 laik\u0105 nerungtyniaus puol\u0117jas Nikola Petkovi\u010dius.<\/p>\n<p>Sausio 18 d. kontrolin\u0117je akistatoje prie\u0161 RFS ekip\u0105 po dvikovos prie\u0161 var\u017eov\u0105 16 minut\u0119 futbolininkas i\u0161 Serbijos nes\u0117kmingai kryptel\u0117jo koj\u0105 ir nebegal\u0117jo t\u0119sti rungtyni\u0173.<\/p>\n<p><img loading=\"lazy\" decoding=\"async\" class=\"alignnone wp-image-16554\" src=\"https:\/\/fkzalgiris.lt\/wp-content\/uploads\/2025\/01\/petkovic-54273756931_8fa8fd80c4_o-1024x682.jpg\" alt=\"\" width=\"650\" height=\"433\" srcset=\"https:\/\/fkzalgiris.lt\/wp-content\/uploads\/2025\/01\/petkovic-54273756931_8fa8fd80c4_o-1024x682.jpg 1024w, https:\/\/fkzalgiris.lt\/wp-content\/uploads\/2025\/01\/petkovic-54273756931_8fa8fd80c4_o-300x200.jpg 300w, https:\/\/fkzalgiris.lt\/wp-content\/uploads\/2025\/01\/petkovic-54273756931_8fa8fd80c4_o-768x512.jpg 768w, https:\/\/fkzalgiris.lt\/wp-content\/uploads\/2025\/01\/petkovic-54273756931_8fa8fd80c4_o-1536x1023.jpg 1536w, https:\/\/fkzalgiris.lt\/wp-content\/uploads\/2025\/01\/petkovic-54273756931_8fa8fd80c4_o-150x100.jpg 150w, https:\/\/fkzalgiris.lt\/wp-content\/uploads\/2025\/01\/petkovic-54273756931_8fa8fd80c4_o-840x560.jpg 840w, https:\/\/fkzalgiris.lt\/wp-content\/uploads\/2025\/01\/petkovic-54273756931_8fa8fd80c4_o-570x380.jpg 570w, https:\/\/fkzalgiris.lt\/wp-content\/uploads\/2025\/01\/petkovic-54273756931_8fa8fd80c4_o-30x20.jpg 30w, https:\/\/fkzalgiris.lt\/wp-content\/uploads\/2025\/01\/petkovic-54273756931_8fa8fd80c4_o.jpg 2048w\" sizes=\"auto, (max-width: 650px) 100vw, 650px\" \/><\/p>\n<p>\u0160i\u0105 savait\u0119 futbolininkui buvo atlikta operacija, po kurios reabilitacija gali trukti apie 6 m\u0117nesius.<\/p>\n<p>N. Petkovi\u010dius \u012f \u201e\u017dalgir\u012f\u201c atvyko prie\u0161 metus.<\/p>\n<p>Pra\u0117jus\u012f sezon\u0105 per 24 rungtynes \u010dempionate jis pasi\u017eym\u0117jo 8 \u012fvar\u010diais ir atliko 3 rezultatyvius perdavimus.<\/p>\n","protected":false},"excerpt":{"rendered":"<p>Pirmosios met\u0173 kontrolin\u0117s rungtyn\u0117s \u201e\u017dalgirio\u201c komandai atne\u0161\u0117 skaud\u017ei\u0173 nuostoli\u0173 \u2013 d\u0117l patirtos sunkios traumos ilg\u0105 laik\u0105 nerungtyniaus puol\u0117jas Nikola Petkovi\u010dius. Sausio 18 d. kontrolin\u0117je akistatoje\u2026<\/p>\n","protected":false},"author":4,"featured_media":0,"comment_status":"closed","ping_status":"closed","sticky":false,"template":"","format":"standard","meta":{"_acf_changed":false,"footnotes":""},"categories":[87],"class_list":["post-16551","post","type-post","status-publish","format-standard","hentry","category-zalgiris"],"acf":[],"yoast_head":"<!-- This site is optimized with the Yoast SEO plugin v26.8 - https:\/\/yoast.com\/product\/yoast-seo-wordpress\/ -->\n<title>Trauma ilgam i\u0161ved\u0117 i\u0161 rikiuot\u0117s N. Petkovi\u010di\u0173 - FK \u017dalgiris<\/title>\n<meta name=\"robots\" content=\"index, follow, max-snippet:-1, max-image-preview:large, max-video-preview:-1\" \/>\n<link rel=\"canonical\" href=\"https:\/\/fkzalgiris.lt\/trauma-isvede-is-rikiuotes-n-petkoviciu\/\" \/>\n<meta property=\"og:locale\" content=\"lt_LT\" \/>\n<meta property=\"og:type\" content=\"article\" \/>\n<meta property=\"og:title\" content=\"Trauma ilgam i\u0161ved\u0117 i\u0161 rikiuot\u0117s N. Petkovi\u010di\u0173 - FK \u017dalgiris\" \/>\n<meta property=\"og:description\" content=\"Pirmosios met\u0173 kontrolin\u0117s rungtyn\u0117s \u201e\u017dalgirio\u201c komandai atne\u0161\u0117 skaud\u017ei\u0173 nuostoli\u0173 \u2013 d\u0117l patirtos sunkios traumos ilg\u0105 laik\u0105 nerungtyniaus puol\u0117jas Nikola Petkovi\u010dius. Sausio 18 d. kontrolin\u0117je akistatoje\u2026\" \/>\n<meta property=\"og:url\" content=\"https:\/\/fkzalgiris.lt\/trauma-isvede-is-rikiuotes-n-petkoviciu\/\" \/>\n<meta property=\"og:site_name\" content=\"FK \u017dalgiris\" \/>\n<meta property=\"article:publisher\" content=\"https:\/\/www.facebook.com\/fkzalgiris\/\" \/>\n<meta property=\"article:published_time\" content=\"2025-01-31T16:44:16+00:00\" \/>\n<meta property=\"article:modified_time\" content=\"2025-01-31T16:45:45+00:00\" \/>\n<meta property=\"og:image\" content=\"https:\/\/fkzalgiris.lt\/wp-content\/uploads\/2025\/01\/petkovic-54273756931_8fa8fd80c4_o-1024x682.jpg\" \/>\n<meta name=\"author\" content=\"J\" \/>\n<meta name=\"twitter:card\" content=\"summary_large_image\" \/>\n<meta name=\"twitter:creator\" content=\"@fkzalgiris\" \/>\n<meta name=\"twitter:site\" content=\"@fkzalgiris\" \/>\n<meta name=\"twitter:label1\" content=\"Written by\" \/>\n\t<meta name=\"twitter:data1\" content=\"J\" \/>\n\t<meta name=\"twitter:label2\" content=\"Est. reading time\" \/>\n\t<meta name=\"twitter:data2\" content=\"1 minut\u0117\" \/>\n<script type=\"application\/ld+json\" class=\"yoast-schema-graph\">{\"@context\":\"https:\/\/schema.org\",\"@graph\":[{\"@type\":\"Article\",\"@id\":\"https:\/\/fkzalgiris.lt\/trauma-isvede-is-rikiuotes-n-petkoviciu\/#article\",\"isPartOf\":{\"@id\":\"https:\/\/fkzalgiris.lt\/trauma-isvede-is-rikiuotes-n-petkoviciu\/\"},\"author\":{\"name\":\"J\",\"@id\":\"https:\/\/fkzalgiris.lt\/#\/schema\/person\/8604babbba794a7d8767be324a3eaac8\"},\"headline\":\"Trauma ilgam i\u0161ved\u0117 i\u0161 rikiuot\u0117s N. Petkovi\u010di\u0173\",\"datePublished\":\"2025-01-31T16:44:16+00:00\",\"dateModified\":\"2025-01-31T16:45:45+00:00\",\"mainEntityOfPage\":{\"@id\":\"https:\/\/fkzalgiris.lt\/trauma-isvede-is-rikiuotes-n-petkoviciu\/\"},\"wordCount\":100,\"publisher\":{\"@id\":\"https:\/\/fkzalgiris.lt\/#organization\"},\"image\":{\"@id\":\"https:\/\/fkzalgiris.lt\/trauma-isvede-is-rikiuotes-n-petkoviciu\/#primaryimage\"},\"thumbnailUrl\":\"https:\/\/fkzalgiris.lt\/wp-content\/uploads\/2025\/01\/petkovic-54273756931_8fa8fd80c4_o-1024x682.jpg\",\"articleSection\":[\"\u017dalgiris\"],\"inLanguage\":\"lt-LT\"},{\"@type\":\"WebPage\",\"@id\":\"https:\/\/fkzalgiris.lt\/trauma-isvede-is-rikiuotes-n-petkoviciu\/\",\"url\":\"https:\/\/fkzalgiris.lt\/trauma-isvede-is-rikiuotes-n-petkoviciu\/\",\"name\":\"Trauma ilgam i\u0161ved\u0117 i\u0161 rikiuot\u0117s N. Petkovi\u010di\u0173 - FK \u017dalgiris\",\"isPartOf\":{\"@id\":\"https:\/\/fkzalgiris.lt\/#website\"},\"primaryImageOfPage\":{\"@id\":\"https:\/\/fkzalgiris.lt\/trauma-isvede-is-rikiuotes-n-petkoviciu\/#primaryimage\"},\"image\":{\"@id\":\"https:\/\/fkzalgiris.lt\/trauma-isvede-is-rikiuotes-n-petkoviciu\/#primaryimage\"},\"thumbnailUrl\":\"https:\/\/fkzalgiris.lt\/wp-content\/uploads\/2025\/01\/petkovic-54273756931_8fa8fd80c4_o-1024x682.jpg\",\"datePublished\":\"2025-01-31T16:44:16+00:00\",\"dateModified\":\"2025-01-31T16:45:45+00:00\",\"breadcrumb\":{\"@id\":\"https:\/\/fkzalgiris.lt\/trauma-isvede-is-rikiuotes-n-petkoviciu\/#breadcrumb\"},\"inLanguage\":\"lt-LT\",\"potentialAction\":[{\"@type\":\"ReadAction\",\"target\":[\"https:\/\/fkzalgiris.lt\/trauma-isvede-is-rikiuotes-n-petkoviciu\/\"]}]},{\"@type\":\"ImageObject\",\"inLanguage\":\"lt-LT\",\"@id\":\"https:\/\/fkzalgiris.lt\/trauma-isvede-is-rikiuotes-n-petkoviciu\/#primaryimage\",\"url\":\"https:\/\/fkzalgiris.lt\/wp-content\/uploads\/2025\/01\/petkovic-54273756931_8fa8fd80c4_o.jpg\",\"contentUrl\":\"https:\/\/fkzalgiris.lt\/wp-content\/uploads\/2025\/01\/petkovic-54273756931_8fa8fd80c4_o.jpg\",\"width\":2048,\"height\":1364},{\"@type\":\"BreadcrumbList\",\"@id\":\"https:\/\/fkzalgiris.lt\/trauma-isvede-is-rikiuotes-n-petkoviciu\/#breadcrumb\",\"itemListElement\":[{\"@type\":\"ListItem\",\"position\":1,\"name\":\"Home\",\"item\":\"https:\/\/fkzalgiris.lt\/\"},{\"@type\":\"ListItem\",\"position\":2,\"name\":\"Trauma ilgam i\u0161ved\u0117 i\u0161 rikiuot\u0117s N. Petkovi\u010di\u0173\"}]},{\"@type\":\"WebSite\",\"@id\":\"https:\/\/fkzalgiris.lt\/#website\",\"url\":\"https:\/\/fkzalgiris.lt\/\",\"name\":\"FK \u017dalgiris\",\"description\":\"oficiali Vilniaus \u201e\u017dalgirio\u201c futbolo klubo svetain\u0117\",\"publisher\":{\"@id\":\"https:\/\/fkzalgiris.lt\/#organization\"},\"potentialAction\":[{\"@type\":\"SearchAction\",\"target\":{\"@type\":\"EntryPoint\",\"urlTemplate\":\"https:\/\/fkzalgiris.lt\/?s={search_term_string}\"},\"query-input\":{\"@type\":\"PropertyValueSpecification\",\"valueRequired\":true,\"valueName\":\"search_term_string\"}}],\"inLanguage\":\"lt-LT\"},{\"@type\":\"Organization\",\"@id\":\"https:\/\/fkzalgiris.lt\/#organization\",\"name\":\"FK \u017dalgiris\",\"url\":\"https:\/\/fkzalgiris.lt\/\",\"logo\":{\"@type\":\"ImageObject\",\"inLanguage\":\"lt-LT\",\"@id\":\"https:\/\/fkzalgiris.lt\/#\/schema\/logo\/image\/\",\"url\":\"https:\/\/fkzalgiris.lt\/wp-content\/uploads\/2024\/01\/horiz-FK-Zalgiris-logo-2015.png\",\"contentUrl\":\"https:\/\/fkzalgiris.lt\/wp-content\/uploads\/2024\/01\/horiz-FK-Zalgiris-logo-2015.png\",\"width\":3073,\"height\":2048,\"caption\":\"FK \u017dalgiris\"},\"image\":{\"@id\":\"https:\/\/fkzalgiris.lt\/#\/schema\/logo\/image\/\"},\"sameAs\":[\"https:\/\/www.facebook.com\/fkzalgiris\/\",\"https:\/\/x.com\/fkzalgiris\",\"https:\/\/www.instagram.com\/fkzalgiris\/\",\"https:\/\/www.youtube.com\/channel\/UC1ag8JLxGirltMUoLlzfZLA\"]},{\"@type\":\"Person\",\"@id\":\"https:\/\/fkzalgiris.lt\/#\/schema\/person\/8604babbba794a7d8767be324a3eaac8\",\"name\":\"J\"}]}<\/script>\n<!-- \/ Yoast SEO plugin. -->","yoast_head_json":{"title":"Trauma ilgam i\u0161ved\u0117 i\u0161 rikiuot\u0117s N. Petkovi\u010di\u0173 - FK \u017dalgiris","robots":{"index":"index","follow":"follow","max-snippet":"max-snippet:-1","max-image-preview":"max-image-preview:large","max-video-preview":"max-video-preview:-1"},"canonical":"https:\/\/fkzalgiris.lt\/trauma-isvede-is-rikiuotes-n-petkoviciu\/","og_locale":"lt_LT","og_type":"article","og_title":"Trauma ilgam i\u0161ved\u0117 i\u0161 rikiuot\u0117s N. Petkovi\u010di\u0173 - FK \u017dalgiris","og_description":"Pirmosios met\u0173 kontrolin\u0117s rungtyn\u0117s \u201e\u017dalgirio\u201c komandai atne\u0161\u0117 skaud\u017ei\u0173 nuostoli\u0173 \u2013 d\u0117l patirtos sunkios traumos ilg\u0105 laik\u0105 nerungtyniaus puol\u0117jas Nikola Petkovi\u010dius. Sausio 18 d. kontrolin\u0117je akistatoje\u2026","og_url":"https:\/\/fkzalgiris.lt\/trauma-isvede-is-rikiuotes-n-petkoviciu\/","og_site_name":"FK \u017dalgiris","article_publisher":"https:\/\/www.facebook.com\/fkzalgiris\/","article_published_time":"2025-01-31T16:44:16+00:00","article_modified_time":"2025-01-31T16:45:45+00:00","og_image":[{"url":"https:\/\/fkzalgiris.lt\/wp-content\/uploads\/2025\/01\/petkovic-54273756931_8fa8fd80c4_o-1024x682.jpg","type":"","width":"","height":""}],"author":"J","twitter_card":"summary_large_image","twitter_creator":"@fkzalgiris","twitter_site":"@fkzalgiris","twitter_misc":{"Written by":"J","Est. reading time":"1 minut\u0117"},"schema":{"@context":"https:\/\/schema.org","@graph":[{"@type":"Article","@id":"https:\/\/fkzalgiris.lt\/trauma-isvede-is-rikiuotes-n-petkoviciu\/#article","isPartOf":{"@id":"https:\/\/fkzalgiris.lt\/trauma-isvede-is-rikiuotes-n-petkoviciu\/"},"author":{"name":"J","@id":"https:\/\/fkzalgiris.lt\/#\/schema\/person\/8604babbba794a7d8767be324a3eaac8"},"headline":"Trauma ilgam i\u0161ved\u0117 i\u0161 rikiuot\u0117s N. Petkovi\u010di\u0173","datePublished":"2025-01-31T16:44:16+00:00","dateModified":"2025-01-31T16:45:45+00:00","mainEntityOfPage":{"@id":"https:\/\/fkzalgiris.lt\/trauma-isvede-is-rikiuotes-n-petkoviciu\/"},"wordCount":100,"publisher":{"@id":"https:\/\/fkzalgiris.lt\/#organization"},"image":{"@id":"https:\/\/fkzalgiris.lt\/trauma-isvede-is-rikiuotes-n-petkoviciu\/#primaryimage"},"thumbnailUrl":"https:\/\/fkzalgiris.lt\/wp-content\/uploads\/2025\/01\/petkovic-54273756931_8fa8fd80c4_o-1024x682.jpg","articleSection":["\u017dalgiris"],"inLanguage":"lt-LT"},{"@type":"WebPage","@id":"https:\/\/fkzalgiris.lt\/trauma-isvede-is-rikiuotes-n-petkoviciu\/","url":"https:\/\/fkzalgiris.lt\/trauma-isvede-is-rikiuotes-n-petkoviciu\/","name":"Trauma ilgam i\u0161ved\u0117 i\u0161 rikiuot\u0117s N. Petkovi\u010di\u0173 - FK \u017dalgiris","isPartOf":{"@id":"https:\/\/fkzalgiris.lt\/#website"},"primaryImageOfPage":{"@id":"https:\/\/fkzalgiris.lt\/trauma-isvede-is-rikiuotes-n-petkoviciu\/#primaryimage"},"image":{"@id":"https:\/\/fkzalgiris.lt\/trauma-isvede-is-rikiuotes-n-petkoviciu\/#primaryimage"},"thumbnailUrl":"https:\/\/fkzalgiris.lt\/wp-content\/uploads\/2025\/01\/petkovic-54273756931_8fa8fd80c4_o-1024x682.jpg","datePublished":"2025-01-31T16:44:16+00:00","dateModified":"2025-01-31T16:45:45+00:00","breadcrumb":{"@id":"https:\/\/fkzalgiris.lt\/trauma-isvede-is-rikiuotes-n-petkoviciu\/#breadcrumb"},"inLanguage":"lt-LT","potentialAction":[{"@type":"ReadAction","target":["https:\/\/fkzalgiris.lt\/trauma-isvede-is-rikiuotes-n-petkoviciu\/"]}]},{"@type":"ImageObject","inLanguage":"lt-LT","@id":"https:\/\/fkzalgiris.lt\/trauma-isvede-is-rikiuotes-n-petkoviciu\/#primaryimage","url":"https:\/\/fkzalgiris.lt\/wp-content\/uploads\/2025\/01\/petkovic-54273756931_8fa8fd80c4_o.jpg","contentUrl":"https:\/\/fkzalgiris.lt\/wp-content\/uploads\/2025\/01\/petkovic-54273756931_8fa8fd80c4_o.jpg","width":2048,"height":1364},{"@type":"BreadcrumbList","@id":"https:\/\/fkzalgiris.lt\/trauma-isvede-is-rikiuotes-n-petkoviciu\/#breadcrumb","itemListElement":[{"@type":"ListItem","position":1,"name":"Home","item":"https:\/\/fkzalgiris.lt\/"},{"@type":"ListItem","position":2,"name":"Trauma ilgam i\u0161ved\u0117 i\u0161 rikiuot\u0117s N. Petkovi\u010di\u0173"}]},{"@type":"WebSite","@id":"https:\/\/fkzalgiris.lt\/#website","url":"https:\/\/fkzalgiris.lt\/","name":"FK \u017dalgiris","description":"oficiali Vilniaus \u201e\u017dalgirio\u201c futbolo klubo svetain\u0117","publisher":{"@id":"https:\/\/fkzalgiris.lt\/#organization"},"potentialAction":[{"@type":"SearchAction","target":{"@type":"EntryPoint","urlTemplate":"https:\/\/fkzalgiris.lt\/?s={search_term_string}"},"query-input":{"@type":"PropertyValueSpecification","valueRequired":true,"valueName":"search_term_string"}}],"inLanguage":"lt-LT"},{"@type":"Organization","@id":"https:\/\/fkzalgiris.lt\/#organization","name":"FK \u017dalgiris","url":"https:\/\/fkzalgiris.lt\/","logo":{"@type":"ImageObject","inLanguage":"lt-LT","@id":"https:\/\/fkzalgiris.lt\/#\/schema\/logo\/image\/","url":"https:\/\/fkzalgiris.lt\/wp-content\/uploads\/2024\/01\/horiz-FK-Zalgiris-logo-2015.png","contentUrl":"https:\/\/fkzalgiris.lt\/wp-content\/uploads\/2024\/01\/horiz-FK-Zalgiris-logo-2015.png","width":3073,"height":2048,"caption":"FK \u017dalgiris"},"image":{"@id":"https:\/\/fkzalgiris.lt\/#\/schema\/logo\/image\/"},"sameAs":["https:\/\/www.facebook.com\/fkzalgiris\/","https:\/\/x.com\/fkzalgiris","https:\/\/www.instagram.com\/fkzalgiris\/","https:\/\/www.youtube.com\/channel\/UC1ag8JLxGirltMUoLlzfZLA"]},{"@type":"Person","@id":"https:\/\/fkzalgiris.lt\/#\/schema\/person\/8604babbba794a7d8767be324a3eaac8","name":"J"}]}},"_links":{"self":[{"href":"https:\/\/fkzalgiris.lt\/api\/wp\/v2\/posts\/16551","targetHints":{"allow":["GET"]}}],"collection":[{"href":"https:\/\/fkzalgiris.lt\/api\/wp\/v2\/posts"}],"about":[{"href":"https:\/\/fkzalgiris.lt\/api\/wp\/v2\/types\/post"}],"author":[{"embeddable":true,"href":"https:\/\/fkzalgiris.lt\/api\/wp\/v2\/users\/4"}],"replies":[{"embeddable":true,"href":"https:\/\/fkzalgiris.lt\/api\/wp\/v2\/comments?post=16551"}],"version-history":[{"count":6,"href":"https:\/\/fkzalgiris.lt\/api\/wp\/v2\/posts\/16551\/revisions"}],"predecessor-version":[{"id":16652,"href":"https:\/\/fkzalgiris.lt\/api\/wp\/v2\/posts\/16551\/revisions\/16652"}],"wp:attachment":[{"href":"https:\/\/fkzalgiris.lt\/api\/wp\/v2\/media?parent=16551"}],"wp:term":[{"taxonomy":"category","embeddable":true,"href":"https:\/\/fkzalgiris.lt\/api\/wp\/v2\/categories?post=16551"}],"curies":[{"name":"wp","href":"https:\/\/api.w.org\/{rel}","templated":true}]}}