{"id":16497,"date":"2025-01-09T11:43:36","date_gmt":"2025-01-09T09:43:36","guid":{"rendered":"https:\/\/fkzalgiris.lt\/?p=16497"},"modified":"2025-01-09T11:44:17","modified_gmt":"2025-01-09T09:44:17","slug":"v-ceburinas-yra-labai-didele-svajone","status":"publish","type":"post","link":"https:\/\/fkzalgiris.lt\/v-ceburinas-yra-labai-didele-svajone\/","title":{"rendered":"V. \u010ceburinas: \u201eYra labai didel\u0117 svajon\u0117\u201c"},"content":{"rendered":"<p>Prie\u0161 pirm\u0105j\u0105 2025 met\u0173 \u201e\u017dalgirio\u201c vyr\u0173 komandin\u0119 treniruot\u0119 \u012f \u017einiasklaidos klausimus atsak\u0117 treneris Vladimiras \u010ceburinas ir kapitonas Ovidijus Verbickas.<\/p>\n<p>\u201ePirma diena, \u012f\u017eangin\u0117 treniruot\u0117. Pradedam pasiruo\u0161im\u0105 sezonui. Turime daug jaun\u0173 \u017eaid\u0117j\u0173. M\u016bs\u0173 strategija \u2013 atkreipti d\u0117mes\u012f \u012f savo aukl\u0117tinius. Ne kart\u0105 tai akcentavome. Turime akademij\u0105, stadion\u0105, jaunimui atsiranda daugiau galimybi\u0173. Yra \u017eaid\u0117j\u0173, kurie papild\u0117 komand\u0105, kiti dalyvauja per\u017ei\u016broje\u201c, \u2013 sak\u0117 V. \u010ceburinas.<\/p>\n<p>Paklaustas, ar tur\u0117jo kit\u0173 pasi\u016blym\u0173, treneris atsak\u0117: \u201eTur\u0117jau, iki dabar j\u0173 yra. Ta\u010diau sutariau likti \u010dia, eisime link nauj\u0173 tiksl\u0173. Mes turime labai didel\u0119 svajon\u0119, v\u0117l laukia \u010cempion\u0173 lyga. Noriu siekti tos svajon\u0117s i\u0161sipildymo.\u201c<\/p>\n<p><em>Visas V. \u010ceburino interviu:<\/em><\/p>\n<div class=\"embed-responsive embed-responsive-16by9 mb-4\"><iframe title=\"\u010ceburin | Interviu | Pasiruo\u0161imas 2025 [CC]\" src=\"https:\/\/www.youtube.com\/embed\/KR5S2l3nVdA?feature=oembed\" frameborder=\"0\" allow=\"accelerometer; autoplay; clipboard-write; encrypted-media; gyroscope; picture-in-picture; web-share\" referrerpolicy=\"strict-origin-when-cross-origin\" allowfullscreen><\/iframe> <\/div>\n<p>Antrus metus i\u0161 eil\u0117s komandos kapitonu bus O. Verbickas. \u201ePirmais metai vis\u0105laik b\u016bna daug naujovi\u0173. Dabar jau kaip ir viskas pa\u017e\u012fstama, viskas \u017einoma \u017einomi visi klubo tikslai. Stengsiuosi vest toliau komand\u0105 \u012f priek\u012f. Tikslai nesikei\u010dia \u2013 tapti \u010dempionais, artimiausiu metu \u2013 laim\u0117ti Supertaur\u0119. V\u0117liau \u2013 kuo toliau nu\u017eygiuoti Europoje, patekti \u012f Konferencij\u0173 lygos pagrindin\u012f etap\u0105.\u201c<\/p>\n<p><em>Visas O. Verbicko interviu:<\/em><\/p>\n<div class=\"embed-responsive embed-responsive-16by9 mb-4\"><iframe title=\"Verbickas | Interviu | Pasiruo\u0161imas 2025\" src=\"https:\/\/www.youtube.com\/embed\/5eCkRDj2Dy8?feature=oembed\" frameborder=\"0\" allow=\"accelerometer; autoplay; clipboard-write; encrypted-media; gyroscope; picture-in-picture; web-share\" referrerpolicy=\"strict-origin-when-cross-origin\" allowfullscreen><\/iframe> <\/div>\n","protected":false},"excerpt":{"rendered":"<p>Prie\u0161 pirm\u0105j\u0105 2025 met\u0173 \u201e\u017dalgirio\u201c vyr\u0173 komandin\u0119 treniruot\u0119 \u012f \u017einiasklaidos klausimus atsak\u0117 treneris Vladimiras \u010ceburinas ir kapitonas Ovidijus Verbickas. \u201ePirma diena, \u012f\u017eangin\u0117 treniruot\u0117. Pradedam pasiruo\u0161im\u0105\u2026<\/p>\n","protected":false},"author":4,"featured_media":0,"comment_status":"closed","ping_status":"closed","sticky":false,"template":"","format":"standard","meta":{"_acf_changed":false,"footnotes":""},"categories":[87],"class_list":["post-16497","post","type-post","status-publish","format-standard","hentry","category-zalgiris"],"acf":[],"yoast_head":"<!-- This site is optimized with the Yoast SEO plugin v26.8 - https:\/\/yoast.com\/product\/yoast-seo-wordpress\/ -->\n<title>V. \u010ceburinas: \u201eYra labai didel\u0117 svajon\u0117\u201c - FK \u017dalgiris<\/title>\n<meta name=\"robots\" content=\"index, follow, max-snippet:-1, max-image-preview:large, max-video-preview:-1\" \/>\n<link rel=\"canonical\" href=\"https:\/\/fkzalgiris.lt\/v-ceburinas-yra-labai-didele-svajone\/\" \/>\n<meta property=\"og:locale\" content=\"lt_LT\" \/>\n<meta property=\"og:type\" content=\"article\" \/>\n<meta property=\"og:title\" content=\"V. \u010ceburinas: \u201eYra labai didel\u0117 svajon\u0117\u201c - FK \u017dalgiris\" \/>\n<meta property=\"og:description\" content=\"Prie\u0161 pirm\u0105j\u0105 2025 met\u0173 \u201e\u017dalgirio\u201c vyr\u0173 komandin\u0119 treniruot\u0119 \u012f \u017einiasklaidos klausimus atsak\u0117 treneris Vladimiras \u010ceburinas ir kapitonas Ovidijus Verbickas. \u201ePirma diena, \u012f\u017eangin\u0117 treniruot\u0117. Pradedam pasiruo\u0161im\u0105\u2026\" \/>\n<meta property=\"og:url\" content=\"https:\/\/fkzalgiris.lt\/v-ceburinas-yra-labai-didele-svajone\/\" \/>\n<meta property=\"og:site_name\" content=\"FK \u017dalgiris\" \/>\n<meta property=\"article:publisher\" content=\"https:\/\/www.facebook.com\/fkzalgiris\/\" \/>\n<meta property=\"article:published_time\" content=\"2025-01-09T09:43:36+00:00\" \/>\n<meta property=\"article:modified_time\" content=\"2025-01-09T09:44:17+00:00\" \/>\n<meta property=\"og:image\" content=\"https:\/\/fkzalgiris.lt\/wp-content\/uploads\/2024\/02\/social-horiz_Zalgiris_logo_2024.png\" \/>\n\t<meta property=\"og:image:width\" content=\"3356\" \/>\n\t<meta property=\"og:image:height\" content=\"2259\" \/>\n\t<meta property=\"og:image:type\" content=\"image\/png\" \/>\n<meta name=\"author\" content=\"J\" \/>\n<meta name=\"twitter:card\" content=\"summary_large_image\" \/>\n<meta name=\"twitter:creator\" content=\"@fkzalgiris\" \/>\n<meta name=\"twitter:site\" content=\"@fkzalgiris\" \/>\n<meta name=\"twitter:label1\" content=\"Written by\" \/>\n\t<meta name=\"twitter:data1\" content=\"J\" \/>\n\t<meta name=\"twitter:label2\" content=\"Est. reading time\" \/>\n\t<meta name=\"twitter:data2\" content=\"1 minut\u0117\" \/>\n<script type=\"application\/ld+json\" class=\"yoast-schema-graph\">{\"@context\":\"https:\/\/schema.org\",\"@graph\":[{\"@type\":\"Article\",\"@id\":\"https:\/\/fkzalgiris.lt\/v-ceburinas-yra-labai-didele-svajone\/#article\",\"isPartOf\":{\"@id\":\"https:\/\/fkzalgiris.lt\/v-ceburinas-yra-labai-didele-svajone\/\"},\"author\":{\"name\":\"J\",\"@id\":\"https:\/\/fkzalgiris.lt\/#\/schema\/person\/8604babbba794a7d8767be324a3eaac8\"},\"headline\":\"V. \u010ceburinas: \u201eYra labai didel\u0117 svajon\u0117\u201c\",\"datePublished\":\"2025-01-09T09:43:36+00:00\",\"dateModified\":\"2025-01-09T09:44:17+00:00\",\"mainEntityOfPage\":{\"@id\":\"https:\/\/fkzalgiris.lt\/v-ceburinas-yra-labai-didele-svajone\/\"},\"wordCount\":200,\"publisher\":{\"@id\":\"https:\/\/fkzalgiris.lt\/#organization\"},\"articleSection\":[\"\u017dalgiris\"],\"inLanguage\":\"lt-LT\"},{\"@type\":\"WebPage\",\"@id\":\"https:\/\/fkzalgiris.lt\/v-ceburinas-yra-labai-didele-svajone\/\",\"url\":\"https:\/\/fkzalgiris.lt\/v-ceburinas-yra-labai-didele-svajone\/\",\"name\":\"V. \u010ceburinas: \u201eYra labai didel\u0117 svajon\u0117\u201c - FK \u017dalgiris\",\"isPartOf\":{\"@id\":\"https:\/\/fkzalgiris.lt\/#website\"},\"datePublished\":\"2025-01-09T09:43:36+00:00\",\"dateModified\":\"2025-01-09T09:44:17+00:00\",\"breadcrumb\":{\"@id\":\"https:\/\/fkzalgiris.lt\/v-ceburinas-yra-labai-didele-svajone\/#breadcrumb\"},\"inLanguage\":\"lt-LT\",\"potentialAction\":[{\"@type\":\"ReadAction\",\"target\":[\"https:\/\/fkzalgiris.lt\/v-ceburinas-yra-labai-didele-svajone\/\"]}]},{\"@type\":\"BreadcrumbList\",\"@id\":\"https:\/\/fkzalgiris.lt\/v-ceburinas-yra-labai-didele-svajone\/#breadcrumb\",\"itemListElement\":[{\"@type\":\"ListItem\",\"position\":1,\"name\":\"Home\",\"item\":\"https:\/\/fkzalgiris.lt\/\"},{\"@type\":\"ListItem\",\"position\":2,\"name\":\"V. \u010ceburinas: \u201eYra labai didel\u0117 svajon\u0117\u201c\"}]},{\"@type\":\"WebSite\",\"@id\":\"https:\/\/fkzalgiris.lt\/#website\",\"url\":\"https:\/\/fkzalgiris.lt\/\",\"name\":\"FK \u017dalgiris\",\"description\":\"oficiali Vilniaus \u201e\u017dalgirio\u201c futbolo klubo svetain\u0117\",\"publisher\":{\"@id\":\"https:\/\/fkzalgiris.lt\/#organization\"},\"potentialAction\":[{\"@type\":\"SearchAction\",\"target\":{\"@type\":\"EntryPoint\",\"urlTemplate\":\"https:\/\/fkzalgiris.lt\/?s={search_term_string}\"},\"query-input\":{\"@type\":\"PropertyValueSpecification\",\"valueRequired\":true,\"valueName\":\"search_term_string\"}}],\"inLanguage\":\"lt-LT\"},{\"@type\":\"Organization\",\"@id\":\"https:\/\/fkzalgiris.lt\/#organization\",\"name\":\"FK \u017dalgiris\",\"url\":\"https:\/\/fkzalgiris.lt\/\",\"logo\":{\"@type\":\"ImageObject\",\"inLanguage\":\"lt-LT\",\"@id\":\"https:\/\/fkzalgiris.lt\/#\/schema\/logo\/image\/\",\"url\":\"https:\/\/fkzalgiris.lt\/wp-content\/uploads\/2024\/01\/horiz-FK-Zalgiris-logo-2015.png\",\"contentUrl\":\"https:\/\/fkzalgiris.lt\/wp-content\/uploads\/2024\/01\/horiz-FK-Zalgiris-logo-2015.png\",\"width\":3073,\"height\":2048,\"caption\":\"FK \u017dalgiris\"},\"image\":{\"@id\":\"https:\/\/fkzalgiris.lt\/#\/schema\/logo\/image\/\"},\"sameAs\":[\"https:\/\/www.facebook.com\/fkzalgiris\/\",\"https:\/\/x.com\/fkzalgiris\",\"https:\/\/www.instagram.com\/fkzalgiris\/\",\"https:\/\/www.youtube.com\/channel\/UC1ag8JLxGirltMUoLlzfZLA\"]},{\"@type\":\"Person\",\"@id\":\"https:\/\/fkzalgiris.lt\/#\/schema\/person\/8604babbba794a7d8767be324a3eaac8\",\"name\":\"J\"}]}<\/script>\n<!-- \/ Yoast SEO plugin. -->","yoast_head_json":{"title":"V. \u010ceburinas: \u201eYra labai didel\u0117 svajon\u0117\u201c - FK \u017dalgiris","robots":{"index":"index","follow":"follow","max-snippet":"max-snippet:-1","max-image-preview":"max-image-preview:large","max-video-preview":"max-video-preview:-1"},"canonical":"https:\/\/fkzalgiris.lt\/v-ceburinas-yra-labai-didele-svajone\/","og_locale":"lt_LT","og_type":"article","og_title":"V. \u010ceburinas: \u201eYra labai didel\u0117 svajon\u0117\u201c - FK \u017dalgiris","og_description":"Prie\u0161 pirm\u0105j\u0105 2025 met\u0173 \u201e\u017dalgirio\u201c vyr\u0173 komandin\u0119 treniruot\u0119 \u012f \u017einiasklaidos klausimus atsak\u0117 treneris Vladimiras \u010ceburinas ir kapitonas Ovidijus Verbickas. \u201ePirma diena, \u012f\u017eangin\u0117 treniruot\u0117. Pradedam pasiruo\u0161im\u0105\u2026","og_url":"https:\/\/fkzalgiris.lt\/v-ceburinas-yra-labai-didele-svajone\/","og_site_name":"FK \u017dalgiris","article_publisher":"https:\/\/www.facebook.com\/fkzalgiris\/","article_published_time":"2025-01-09T09:43:36+00:00","article_modified_time":"2025-01-09T09:44:17+00:00","og_image":[{"width":3356,"height":2259,"url":"https:\/\/fkzalgiris.lt\/wp-content\/uploads\/2024\/02\/social-horiz_Zalgiris_logo_2024.png","type":"image\/png"}],"author":"J","twitter_card":"summary_large_image","twitter_creator":"@fkzalgiris","twitter_site":"@fkzalgiris","twitter_misc":{"Written by":"J","Est. reading time":"1 minut\u0117"},"schema":{"@context":"https:\/\/schema.org","@graph":[{"@type":"Article","@id":"https:\/\/fkzalgiris.lt\/v-ceburinas-yra-labai-didele-svajone\/#article","isPartOf":{"@id":"https:\/\/fkzalgiris.lt\/v-ceburinas-yra-labai-didele-svajone\/"},"author":{"name":"J","@id":"https:\/\/fkzalgiris.lt\/#\/schema\/person\/8604babbba794a7d8767be324a3eaac8"},"headline":"V. \u010ceburinas: \u201eYra labai didel\u0117 svajon\u0117\u201c","datePublished":"2025-01-09T09:43:36+00:00","dateModified":"2025-01-09T09:44:17+00:00","mainEntityOfPage":{"@id":"https:\/\/fkzalgiris.lt\/v-ceburinas-yra-labai-didele-svajone\/"},"wordCount":200,"publisher":{"@id":"https:\/\/fkzalgiris.lt\/#organization"},"articleSection":["\u017dalgiris"],"inLanguage":"lt-LT"},{"@type":"WebPage","@id":"https:\/\/fkzalgiris.lt\/v-ceburinas-yra-labai-didele-svajone\/","url":"https:\/\/fkzalgiris.lt\/v-ceburinas-yra-labai-didele-svajone\/","name":"V. \u010ceburinas: \u201eYra labai didel\u0117 svajon\u0117\u201c - FK \u017dalgiris","isPartOf":{"@id":"https:\/\/fkzalgiris.lt\/#website"},"datePublished":"2025-01-09T09:43:36+00:00","dateModified":"2025-01-09T09:44:17+00:00","breadcrumb":{"@id":"https:\/\/fkzalgiris.lt\/v-ceburinas-yra-labai-didele-svajone\/#breadcrumb"},"inLanguage":"lt-LT","potentialAction":[{"@type":"ReadAction","target":["https:\/\/fkzalgiris.lt\/v-ceburinas-yra-labai-didele-svajone\/"]}]},{"@type":"BreadcrumbList","@id":"https:\/\/fkzalgiris.lt\/v-ceburinas-yra-labai-didele-svajone\/#breadcrumb","itemListElement":[{"@type":"ListItem","position":1,"name":"Home","item":"https:\/\/fkzalgiris.lt\/"},{"@type":"ListItem","position":2,"name":"V. \u010ceburinas: \u201eYra labai didel\u0117 svajon\u0117\u201c"}]},{"@type":"WebSite","@id":"https:\/\/fkzalgiris.lt\/#website","url":"https:\/\/fkzalgiris.lt\/","name":"FK \u017dalgiris","description":"oficiali Vilniaus \u201e\u017dalgirio\u201c futbolo klubo svetain\u0117","publisher":{"@id":"https:\/\/fkzalgiris.lt\/#organization"},"potentialAction":[{"@type":"SearchAction","target":{"@type":"EntryPoint","urlTemplate":"https:\/\/fkzalgiris.lt\/?s={search_term_string}"},"query-input":{"@type":"PropertyValueSpecification","valueRequired":true,"valueName":"search_term_string"}}],"inLanguage":"lt-LT"},{"@type":"Organization","@id":"https:\/\/fkzalgiris.lt\/#organization","name":"FK \u017dalgiris","url":"https:\/\/fkzalgiris.lt\/","logo":{"@type":"ImageObject","inLanguage":"lt-LT","@id":"https:\/\/fkzalgiris.lt\/#\/schema\/logo\/image\/","url":"https:\/\/fkzalgiris.lt\/wp-content\/uploads\/2024\/01\/horiz-FK-Zalgiris-logo-2015.png","contentUrl":"https:\/\/fkzalgiris.lt\/wp-content\/uploads\/2024\/01\/horiz-FK-Zalgiris-logo-2015.png","width":3073,"height":2048,"caption":"FK \u017dalgiris"},"image":{"@id":"https:\/\/fkzalgiris.lt\/#\/schema\/logo\/image\/"},"sameAs":["https:\/\/www.facebook.com\/fkzalgiris\/","https:\/\/x.com\/fkzalgiris","https:\/\/www.instagram.com\/fkzalgiris\/","https:\/\/www.youtube.com\/channel\/UC1ag8JLxGirltMUoLlzfZLA"]},{"@type":"Person","@id":"https:\/\/fkzalgiris.lt\/#\/schema\/person\/8604babbba794a7d8767be324a3eaac8","name":"J"}]}},"_links":{"self":[{"href":"https:\/\/fkzalgiris.lt\/api\/wp\/v2\/posts\/16497","targetHints":{"allow":["GET"]}}],"collection":[{"href":"https:\/\/fkzalgiris.lt\/api\/wp\/v2\/posts"}],"about":[{"href":"https:\/\/fkzalgiris.lt\/api\/wp\/v2\/types\/post"}],"author":[{"embeddable":true,"href":"https:\/\/fkzalgiris.lt\/api\/wp\/v2\/users\/4"}],"replies":[{"embeddable":true,"href":"https:\/\/fkzalgiris.lt\/api\/wp\/v2\/comments?post=16497"}],"version-history":[{"count":3,"href":"https:\/\/fkzalgiris.lt\/api\/wp\/v2\/posts\/16497\/revisions"}],"predecessor-version":[{"id":16503,"href":"https:\/\/fkzalgiris.lt\/api\/wp\/v2\/posts\/16497\/revisions\/16503"}],"wp:attachment":[{"href":"https:\/\/fkzalgiris.lt\/api\/wp\/v2\/media?parent=16497"}],"wp:term":[{"taxonomy":"category","embeddable":true,"href":"https:\/\/fkzalgiris.lt\/api\/wp\/v2\/categories?post=16497"}],"curies":[{"name":"wp","href":"https:\/\/api.w.org\/{rel}","templated":true}]}}