{"id":16476,"date":"2025-01-08T14:41:17","date_gmt":"2025-01-08T12:41:17","guid":{"rendered":"https:\/\/fkzalgiris.lt\/?p=16476"},"modified":"2025-01-12T11:17:54","modified_gmt":"2025-01-12T09:17:54","slug":"pagrindine-komanda-pradejo-pasiruosima-2025-metu-sezonui","status":"publish","type":"post","link":"https:\/\/fkzalgiris.lt\/pagrindine-komanda-pradejo-pasiruosima-2025-metu-sezonui\/","title":{"rendered":"Pagrindin\u0117 komanda prad\u0117jo pasiruo\u0161im\u0105 2025 met\u0173 sezonui"},"content":{"rendered":"<p>Sausio 8-\u0105j\u0105 Lietuvos \u010dempiono \u201e\u017dalgirio\u201c pagrindin\u0117 vyr\u0173 ekipa susirinko \u012f pirm\u0105j\u0105 2025-\u0173j\u0173 komandin\u0119 treniruot\u0119.<\/p>\n<p>Tradici\u0161kai sostin\u0117s \u201eSportima\u201c arenoje \u012f pirm\u0105sias pratybas susirinko gausus b\u016brys \u017eaid\u0117j\u0173, tarp kuri\u0173 \u2013 18 pernai \u017eaidusi\u0173 Lietuvos \u010dempionate, keli potencial\u016bs naujokai ir nema\u017eai jaun\u0173j\u0173 futbolinink\u0173.<\/p>\n<p>Pra\u0117jusiais metais kartu i\u0161kovot\u0105 \u010dempion\u0173 titul\u0105 \u201e\u017dalgirio\u201c gretose ruo\u0161iasi ginti 13 \u017eaid\u0117j\u0173: vartininkai Arpadas Tordai, Joris Aliukonis, gyn\u0117jai Younnas Zahary, Joris Moutachy, Martynas \u0160etkus, Jurijus Kendy\u0161as, saugai Ovidijus Verbickas, Adama Fofana, Giedrius Matulevi\u010dius, Nemanja Mihajlovi\u010dius, Jake\u2019as Larssonas, puol\u0117jai Nikola Petkovi\u010dius, Patrikas Maty\u017eonokas.<\/p>\n<p>\u012e komand\u0105 gr\u012f\u017eo pagal nuomos sutartis pernai kitiems klubams atstovav\u0119 4 klubo akademijos aukl\u0117tiniai \u2013 gyn\u0117jas D\u017eiugas Aleksa, saugai Dariu\u0161as Stankevi\u010dius, Kajus Bi\u010dka ir puol\u0117jas Motiejus Burba.<\/p>\n<p>Po sezono pertraukos gr\u012f\u017eti \u012f \u201e\u017dalgir\u012f\u201c nutar\u0117 ir Gustas Jarusevi\u010dius, kuris pernai \u017eaid\u0117 Vilniaus rajono komandoje.<\/p>\n<p>Pirmoje treniruot\u0117je komandai prisistat\u0117 kol kas vienintelis oficialiai prisijung\u0119s naujokas \u2013 ekipos vartinink\u0173 treneris Valerijus Sitalo.<\/p>\n<p>Galimyb\u0119 pasirodyti \u201e\u017dalgirio\u201c pagrindin\u0117s ekipos treneriams pasiruo\u0161imo sezonui prad\u017eioje tur\u0117s dubleri\u0173 ir jaunimo komand\u0173 \u017eaid\u0117jai Dominykas \u010cekavi\u010dius, Julius Plan\u010di\u016bnas, Vytis Pavilonis, Patrikas Kauklys, Arminas Soja, Ugnius Simonavi\u010dius, Gustas \u017deder\u0161treimas, Erik Tu\u010dinskij, Benas Bruzga, Vakaris Berenta, Danielius Veli\u010dka, Kevin Luka\u0161evi\u010d, Vakaris Brad\u016bnas.<\/p>\n<p>Su klubu po pra\u0117jusio sezono atsisveikino vartininkas Du\u0161anas Markovi\u010dius, gyn\u0117jas Myroslavas Mazuras, saugas Leandro Fernande\u0161as, vartinink\u0173 treneris Audrius Ramonas ir pernai d\u0117l traumos ne\u017eaid\u0119s Benas Traore, kurio nuomos sutartis baig\u0117si. Saugai Paulius Golubickas ir Yukiyoshi Karashima fini\u0161avus kontraktams su \u201e\u017dalgiriu\u201c pasirinko i\u0161bandyti save kit\u0173 \u0161ali\u0173 lygose.<\/p>\n<p>Po pra\u0117jusio sezono turi laisvojo agento status\u0105 turi ir d\u0117l kitos karjeros stotel\u0117s svarsto gyn\u0117jas Joelis Bopesu, puol\u0117jai Liviu Antalis, Romualdas Jansonas, Arminas Hod\u017ei\u010dius, Meinardas Mikul\u0117nas.<\/p>\n<p>Pirmosios kontrolin\u0117s \u201e\u017dalgirio\u201c rungtyn\u0117s \u0161iemet numatytos sausio 18 d. Vilniuje prie\u0161 Latvijos \u010dempion\u0119 Rygos RFS komand\u0105.<\/p>\n<p>Iki sezono prad\u017eios \u017ealgirie\u010diai taip pat planuoja kontrolinius testus su latvi\u0173 \u201eDaugavpils\u201c, Kauno rajono \u201eHegelmann\u201c, Tel\u0161i\u0173 \u201eD\u017eiugo\u201c, Suvalk\u0173 \u201eWigry\u201c, Panev\u0117\u017eio \u201eEkrano\u201c ir kitomis komandomis.<\/p>\n<p>Sezono starte \u201e\u017dalgiris\u201c vasario 22 d. LFF Supertaur\u0117s rungtyn\u0117se susitiks su Garg\u017ed\u0173 \u201eBanga\u201c.<\/p>\n","protected":false},"excerpt":{"rendered":"<p>Sausio 8-\u0105j\u0105 Lietuvos \u010dempiono \u201e\u017dalgirio\u201c pagrindin\u0117 vyr\u0173 ekipa susirinko \u012f pirm\u0105j\u0105 2025-\u0173j\u0173 komandin\u0119 treniruot\u0119. Tradici\u0161kai sostin\u0117s \u201eSportima\u201c arenoje \u012f pirm\u0105sias pratybas susirinko gausus b\u016brys \u017eaid\u0117j\u0173,\u2026<\/p>\n","protected":false},"author":4,"featured_media":0,"comment_status":"closed","ping_status":"closed","sticky":false,"template":"","format":"standard","meta":{"_acf_changed":false,"footnotes":""},"categories":[87],"class_list":["post-16476","post","type-post","status-publish","format-standard","hentry","category-zalgiris"],"acf":[],"yoast_head":"<!-- This site is optimized with the Yoast SEO plugin v26.8 - https:\/\/yoast.com\/product\/yoast-seo-wordpress\/ -->\n<title>Pagrindin\u0117 komanda prad\u0117jo pasiruo\u0161im\u0105 2025 met\u0173 sezonui - FK \u017dalgiris<\/title>\n<meta name=\"robots\" content=\"index, follow, max-snippet:-1, max-image-preview:large, max-video-preview:-1\" \/>\n<link rel=\"canonical\" href=\"https:\/\/fkzalgiris.lt\/pagrindine-komanda-pradejo-pasiruosima-2025-metu-sezonui\/\" \/>\n<meta property=\"og:locale\" content=\"lt_LT\" \/>\n<meta property=\"og:type\" content=\"article\" \/>\n<meta property=\"og:title\" content=\"Pagrindin\u0117 komanda prad\u0117jo pasiruo\u0161im\u0105 2025 met\u0173 sezonui - FK \u017dalgiris\" \/>\n<meta property=\"og:description\" content=\"Sausio 8-\u0105j\u0105 Lietuvos \u010dempiono \u201e\u017dalgirio\u201c pagrindin\u0117 vyr\u0173 ekipa susirinko \u012f pirm\u0105j\u0105 2025-\u0173j\u0173 komandin\u0119 treniruot\u0119. Tradici\u0161kai sostin\u0117s \u201eSportima\u201c arenoje \u012f pirm\u0105sias pratybas susirinko gausus b\u016brys \u017eaid\u0117j\u0173,\u2026\" \/>\n<meta property=\"og:url\" content=\"https:\/\/fkzalgiris.lt\/pagrindine-komanda-pradejo-pasiruosima-2025-metu-sezonui\/\" \/>\n<meta property=\"og:site_name\" content=\"FK \u017dalgiris\" \/>\n<meta property=\"article:publisher\" content=\"https:\/\/www.facebook.com\/fkzalgiris\/\" \/>\n<meta property=\"article:published_time\" content=\"2025-01-08T12:41:17+00:00\" \/>\n<meta property=\"article:modified_time\" content=\"2025-01-12T09:17:54+00:00\" \/>\n<meta property=\"og:image\" content=\"https:\/\/fkzalgiris.lt\/wp-content\/uploads\/2025\/01\/foto-Elvis-Zaldaris-@elviszaldaris-zaldaris.lt-1-1024x683.jpg\" \/>\n\t<meta property=\"og:image:width\" content=\"1024\" \/>\n\t<meta property=\"og:image:height\" content=\"683\" \/>\n\t<meta property=\"og:image:type\" content=\"image\/jpeg\" \/>\n<meta name=\"author\" content=\"J\" \/>\n<meta name=\"twitter:card\" content=\"summary_large_image\" \/>\n<meta name=\"twitter:creator\" content=\"@fkzalgiris\" \/>\n<meta name=\"twitter:site\" content=\"@fkzalgiris\" \/>\n<meta name=\"twitter:label1\" content=\"Written by\" \/>\n\t<meta name=\"twitter:data1\" content=\"J\" \/>\n\t<meta name=\"twitter:label2\" content=\"Est. reading time\" \/>\n\t<meta name=\"twitter:data2\" content=\"2 minut\u0117s\" \/>\n<script type=\"application\/ld+json\" class=\"yoast-schema-graph\">{\"@context\":\"https:\/\/schema.org\",\"@graph\":[{\"@type\":\"Article\",\"@id\":\"https:\/\/fkzalgiris.lt\/pagrindine-komanda-pradejo-pasiruosima-2025-metu-sezonui\/#article\",\"isPartOf\":{\"@id\":\"https:\/\/fkzalgiris.lt\/pagrindine-komanda-pradejo-pasiruosima-2025-metu-sezonui\/\"},\"author\":{\"name\":\"J\",\"@id\":\"https:\/\/fkzalgiris.lt\/#\/schema\/person\/8604babbba794a7d8767be324a3eaac8\"},\"headline\":\"Pagrindin\u0117 komanda prad\u0117jo pasiruo\u0161im\u0105 2025 met\u0173 sezonui\",\"datePublished\":\"2025-01-08T12:41:17+00:00\",\"dateModified\":\"2025-01-12T09:17:54+00:00\",\"mainEntityOfPage\":{\"@id\":\"https:\/\/fkzalgiris.lt\/pagrindine-komanda-pradejo-pasiruosima-2025-metu-sezonui\/\"},\"wordCount\":381,\"publisher\":{\"@id\":\"https:\/\/fkzalgiris.lt\/#organization\"},\"articleSection\":[\"\u017dalgiris\"],\"inLanguage\":\"lt-LT\"},{\"@type\":\"WebPage\",\"@id\":\"https:\/\/fkzalgiris.lt\/pagrindine-komanda-pradejo-pasiruosima-2025-metu-sezonui\/\",\"url\":\"https:\/\/fkzalgiris.lt\/pagrindine-komanda-pradejo-pasiruosima-2025-metu-sezonui\/\",\"name\":\"Pagrindin\u0117 komanda prad\u0117jo pasiruo\u0161im\u0105 2025 met\u0173 sezonui - FK \u017dalgiris\",\"isPartOf\":{\"@id\":\"https:\/\/fkzalgiris.lt\/#website\"},\"datePublished\":\"2025-01-08T12:41:17+00:00\",\"dateModified\":\"2025-01-12T09:17:54+00:00\",\"breadcrumb\":{\"@id\":\"https:\/\/fkzalgiris.lt\/pagrindine-komanda-pradejo-pasiruosima-2025-metu-sezonui\/#breadcrumb\"},\"inLanguage\":\"lt-LT\",\"potentialAction\":[{\"@type\":\"ReadAction\",\"target\":[\"https:\/\/fkzalgiris.lt\/pagrindine-komanda-pradejo-pasiruosima-2025-metu-sezonui\/\"]}]},{\"@type\":\"BreadcrumbList\",\"@id\":\"https:\/\/fkzalgiris.lt\/pagrindine-komanda-pradejo-pasiruosima-2025-metu-sezonui\/#breadcrumb\",\"itemListElement\":[{\"@type\":\"ListItem\",\"position\":1,\"name\":\"Home\",\"item\":\"https:\/\/fkzalgiris.lt\/\"},{\"@type\":\"ListItem\",\"position\":2,\"name\":\"Pagrindin\u0117 komanda prad\u0117jo pasiruo\u0161im\u0105 2025 met\u0173 sezonui\"}]},{\"@type\":\"WebSite\",\"@id\":\"https:\/\/fkzalgiris.lt\/#website\",\"url\":\"https:\/\/fkzalgiris.lt\/\",\"name\":\"FK \u017dalgiris\",\"description\":\"oficiali Vilniaus \u201e\u017dalgirio\u201c futbolo klubo svetain\u0117\",\"publisher\":{\"@id\":\"https:\/\/fkzalgiris.lt\/#organization\"},\"potentialAction\":[{\"@type\":\"SearchAction\",\"target\":{\"@type\":\"EntryPoint\",\"urlTemplate\":\"https:\/\/fkzalgiris.lt\/?s={search_term_string}\"},\"query-input\":{\"@type\":\"PropertyValueSpecification\",\"valueRequired\":true,\"valueName\":\"search_term_string\"}}],\"inLanguage\":\"lt-LT\"},{\"@type\":\"Organization\",\"@id\":\"https:\/\/fkzalgiris.lt\/#organization\",\"name\":\"FK \u017dalgiris\",\"url\":\"https:\/\/fkzalgiris.lt\/\",\"logo\":{\"@type\":\"ImageObject\",\"inLanguage\":\"lt-LT\",\"@id\":\"https:\/\/fkzalgiris.lt\/#\/schema\/logo\/image\/\",\"url\":\"https:\/\/fkzalgiris.lt\/wp-content\/uploads\/2024\/01\/horiz-FK-Zalgiris-logo-2015.png\",\"contentUrl\":\"https:\/\/fkzalgiris.lt\/wp-content\/uploads\/2024\/01\/horiz-FK-Zalgiris-logo-2015.png\",\"width\":3073,\"height\":2048,\"caption\":\"FK \u017dalgiris\"},\"image\":{\"@id\":\"https:\/\/fkzalgiris.lt\/#\/schema\/logo\/image\/\"},\"sameAs\":[\"https:\/\/www.facebook.com\/fkzalgiris\/\",\"https:\/\/x.com\/fkzalgiris\",\"https:\/\/www.instagram.com\/fkzalgiris\/\",\"https:\/\/www.youtube.com\/channel\/UC1ag8JLxGirltMUoLlzfZLA\"]},{\"@type\":\"Person\",\"@id\":\"https:\/\/fkzalgiris.lt\/#\/schema\/person\/8604babbba794a7d8767be324a3eaac8\",\"name\":\"J\"}]}<\/script>\n<!-- \/ Yoast SEO plugin. -->","yoast_head_json":{"title":"Pagrindin\u0117 komanda prad\u0117jo pasiruo\u0161im\u0105 2025 met\u0173 sezonui - FK \u017dalgiris","robots":{"index":"index","follow":"follow","max-snippet":"max-snippet:-1","max-image-preview":"max-image-preview:large","max-video-preview":"max-video-preview:-1"},"canonical":"https:\/\/fkzalgiris.lt\/pagrindine-komanda-pradejo-pasiruosima-2025-metu-sezonui\/","og_locale":"lt_LT","og_type":"article","og_title":"Pagrindin\u0117 komanda prad\u0117jo pasiruo\u0161im\u0105 2025 met\u0173 sezonui - FK \u017dalgiris","og_description":"Sausio 8-\u0105j\u0105 Lietuvos \u010dempiono \u201e\u017dalgirio\u201c pagrindin\u0117 vyr\u0173 ekipa susirinko \u012f pirm\u0105j\u0105 2025-\u0173j\u0173 komandin\u0119 treniruot\u0119. Tradici\u0161kai sostin\u0117s \u201eSportima\u201c arenoje \u012f pirm\u0105sias pratybas susirinko gausus b\u016brys \u017eaid\u0117j\u0173,\u2026","og_url":"https:\/\/fkzalgiris.lt\/pagrindine-komanda-pradejo-pasiruosima-2025-metu-sezonui\/","og_site_name":"FK \u017dalgiris","article_publisher":"https:\/\/www.facebook.com\/fkzalgiris\/","article_published_time":"2025-01-08T12:41:17+00:00","article_modified_time":"2025-01-12T09:17:54+00:00","og_image":[{"width":1024,"height":683,"url":"https:\/\/fkzalgiris.lt\/wp-content\/uploads\/2025\/01\/foto-Elvis-Zaldaris-@elviszaldaris-zaldaris.lt-1-1024x683.jpg","type":"image\/jpeg"}],"author":"J","twitter_card":"summary_large_image","twitter_creator":"@fkzalgiris","twitter_site":"@fkzalgiris","twitter_misc":{"Written by":"J","Est. reading time":"2 minut\u0117s"},"schema":{"@context":"https:\/\/schema.org","@graph":[{"@type":"Article","@id":"https:\/\/fkzalgiris.lt\/pagrindine-komanda-pradejo-pasiruosima-2025-metu-sezonui\/#article","isPartOf":{"@id":"https:\/\/fkzalgiris.lt\/pagrindine-komanda-pradejo-pasiruosima-2025-metu-sezonui\/"},"author":{"name":"J","@id":"https:\/\/fkzalgiris.lt\/#\/schema\/person\/8604babbba794a7d8767be324a3eaac8"},"headline":"Pagrindin\u0117 komanda prad\u0117jo pasiruo\u0161im\u0105 2025 met\u0173 sezonui","datePublished":"2025-01-08T12:41:17+00:00","dateModified":"2025-01-12T09:17:54+00:00","mainEntityOfPage":{"@id":"https:\/\/fkzalgiris.lt\/pagrindine-komanda-pradejo-pasiruosima-2025-metu-sezonui\/"},"wordCount":381,"publisher":{"@id":"https:\/\/fkzalgiris.lt\/#organization"},"articleSection":["\u017dalgiris"],"inLanguage":"lt-LT"},{"@type":"WebPage","@id":"https:\/\/fkzalgiris.lt\/pagrindine-komanda-pradejo-pasiruosima-2025-metu-sezonui\/","url":"https:\/\/fkzalgiris.lt\/pagrindine-komanda-pradejo-pasiruosima-2025-metu-sezonui\/","name":"Pagrindin\u0117 komanda prad\u0117jo pasiruo\u0161im\u0105 2025 met\u0173 sezonui - FK \u017dalgiris","isPartOf":{"@id":"https:\/\/fkzalgiris.lt\/#website"},"datePublished":"2025-01-08T12:41:17+00:00","dateModified":"2025-01-12T09:17:54+00:00","breadcrumb":{"@id":"https:\/\/fkzalgiris.lt\/pagrindine-komanda-pradejo-pasiruosima-2025-metu-sezonui\/#breadcrumb"},"inLanguage":"lt-LT","potentialAction":[{"@type":"ReadAction","target":["https:\/\/fkzalgiris.lt\/pagrindine-komanda-pradejo-pasiruosima-2025-metu-sezonui\/"]}]},{"@type":"BreadcrumbList","@id":"https:\/\/fkzalgiris.lt\/pagrindine-komanda-pradejo-pasiruosima-2025-metu-sezonui\/#breadcrumb","itemListElement":[{"@type":"ListItem","position":1,"name":"Home","item":"https:\/\/fkzalgiris.lt\/"},{"@type":"ListItem","position":2,"name":"Pagrindin\u0117 komanda prad\u0117jo pasiruo\u0161im\u0105 2025 met\u0173 sezonui"}]},{"@type":"WebSite","@id":"https:\/\/fkzalgiris.lt\/#website","url":"https:\/\/fkzalgiris.lt\/","name":"FK \u017dalgiris","description":"oficiali Vilniaus \u201e\u017dalgirio\u201c futbolo klubo svetain\u0117","publisher":{"@id":"https:\/\/fkzalgiris.lt\/#organization"},"potentialAction":[{"@type":"SearchAction","target":{"@type":"EntryPoint","urlTemplate":"https:\/\/fkzalgiris.lt\/?s={search_term_string}"},"query-input":{"@type":"PropertyValueSpecification","valueRequired":true,"valueName":"search_term_string"}}],"inLanguage":"lt-LT"},{"@type":"Organization","@id":"https:\/\/fkzalgiris.lt\/#organization","name":"FK \u017dalgiris","url":"https:\/\/fkzalgiris.lt\/","logo":{"@type":"ImageObject","inLanguage":"lt-LT","@id":"https:\/\/fkzalgiris.lt\/#\/schema\/logo\/image\/","url":"https:\/\/fkzalgiris.lt\/wp-content\/uploads\/2024\/01\/horiz-FK-Zalgiris-logo-2015.png","contentUrl":"https:\/\/fkzalgiris.lt\/wp-content\/uploads\/2024\/01\/horiz-FK-Zalgiris-logo-2015.png","width":3073,"height":2048,"caption":"FK \u017dalgiris"},"image":{"@id":"https:\/\/fkzalgiris.lt\/#\/schema\/logo\/image\/"},"sameAs":["https:\/\/www.facebook.com\/fkzalgiris\/","https:\/\/x.com\/fkzalgiris","https:\/\/www.instagram.com\/fkzalgiris\/","https:\/\/www.youtube.com\/channel\/UC1ag8JLxGirltMUoLlzfZLA"]},{"@type":"Person","@id":"https:\/\/fkzalgiris.lt\/#\/schema\/person\/8604babbba794a7d8767be324a3eaac8","name":"J"}]}},"_links":{"self":[{"href":"https:\/\/fkzalgiris.lt\/api\/wp\/v2\/posts\/16476","targetHints":{"allow":["GET"]}}],"collection":[{"href":"https:\/\/fkzalgiris.lt\/api\/wp\/v2\/posts"}],"about":[{"href":"https:\/\/fkzalgiris.lt\/api\/wp\/v2\/types\/post"}],"author":[{"embeddable":true,"href":"https:\/\/fkzalgiris.lt\/api\/wp\/v2\/users\/4"}],"replies":[{"embeddable":true,"href":"https:\/\/fkzalgiris.lt\/api\/wp\/v2\/comments?post=16476"}],"version-history":[{"count":12,"href":"https:\/\/fkzalgiris.lt\/api\/wp\/v2\/posts\/16476\/revisions"}],"predecessor-version":[{"id":16521,"href":"https:\/\/fkzalgiris.lt\/api\/wp\/v2\/posts\/16476\/revisions\/16521"}],"wp:attachment":[{"href":"https:\/\/fkzalgiris.lt\/api\/wp\/v2\/media?parent=16476"}],"wp:term":[{"taxonomy":"category","embeddable":true,"href":"https:\/\/fkzalgiris.lt\/api\/wp\/v2\/categories?post=16476"}],"curies":[{"name":"wp","href":"https:\/\/api.w.org\/{rel}","templated":true}]}}