{"id":16431,"date":"2024-12-27T18:04:29","date_gmt":"2024-12-27T16:04:29","guid":{"rendered":"https:\/\/fkzalgiris.lt\/?p=16431"},"modified":"2024-12-27T18:20:20","modified_gmt":"2024-12-27T16:20:20","slug":"zalgiris-tures-savo-namus-sutarta-del-stadiono-isigijimo","status":"publish","type":"post","link":"https:\/\/fkzalgiris.lt\/zalgiris-tures-savo-namus-sutarta-del-stadiono-isigijimo\/","title":{"rendered":"\u201e\u017dalgiris\u201c tur\u0117s savo namus &#8211; sutarta d\u0117l stadiono \u012fsigijimo"},"content":{"rendered":"<p>Futbolo klubas \u201e\u017dalgiris\u201c po ilgesn\u0117s pertraukos tur\u0117s savo pastovius namus \u2013 pasira\u0161yta sutartis d\u0117l Liepkalnyje esan\u010dio Lietuvos futbolo federacijos (LFF) stadiono \u012fsigijimo. Sandoris oficialiai pristatytas penktadien\u012f stadione surengtoje konferencijoje \u017einiasklaidai.<\/p>\n<p>77 met\u0173 tradicijas turinti reprezentacinis Vilniaus futbolo klubas prie\u0161 keliolika met\u0173 neteko savo nam\u0173 \u201e\u017dalgirio\u201c stadiono bei treniruo\u010di\u0173 baz\u0117s ir pats buvo arti i\u0161nykimo ribos.<\/p>\n<p>Klubo vadov\u0117 V. Venslovaitien\u0117 prisimin\u0117, jog taip sutapo prie\u0161 15 met\u0173, 2009-\u0173j\u0173 \u0160v. Kal\u0117d\u0173 i\u0161vakar\u0117se atgimti siekusio \u201e\u017dalgirio\u201c ateitis sprend\u0117si susitikime Vilniaus miesto savivaldyb\u0117je. Netrukus po jo, 2010-\u0173j\u0173 vasar\u012f, savivaldyb\u0117 tarybos sprendimu tapo klubo dalinink\u0117.<\/p>\n<p>Atsik\u016brusi komanda tik neilgai \u017eaid\u0117 \u201e\u017dalgirio\u201c stadione, kuris v\u0117liau buvo nugriautas, kur\u012f laik\u0105 tur\u0117jo nam\u0173 rungtynes \u017eaisti ir Marijampol\u0117s, Kauno stadionuose, o 2011 m. pabaigoje prad\u0117jo rungtyniauti atnaujintame stadione Vilniaus Liepkalnyje.<\/p>\n<p>\u201eTai yra nuostabi diena, kurios laukiau 15 met\u0173. Visada tur\u0117jome svajon\u0119 tur\u0117ti savo namus. Kaip ir visuomet \u017ead\u0117jau \u2013 po akademijos \u012fsigijimo kitas tikslas buvo stadionas. Klubas jau turi savo akademij\u0105, piln\u0105 strukt\u016br\u0105, o dabar \u2013 ir savo namus. Noriu pasveikinti vis\u0105 \u201e\u017dalgirio\u201c bendruomen\u0119, nes tai yra did\u017eiulis \u012fvykis, \u2013 kalb\u0117jo \u201e\u017dalgirio\u201c direktor\u0117 Vilma Venslovaitien\u0117. \u2013 \u017dinant, jog tai vienintelis stadionas Vilniuje, kuris atitinka licencijavimo reikalavimus A lygos ir UEFA vyr\u0173 futbolo rungtyn\u0117ms, m\u016bs\u0173 pareiga buvo i\u0161saugoti j\u012f \u201e\u017dalgiriui\u201c ir Vilniaus miestui. \u0160iandien tik nedaugelis sporto klub\u0173 Lietuvoje gali pasid\u017eiaugti savo stadionu.\u201c<\/p>\n<p><img loading=\"lazy\" decoding=\"async\" class=\"alignnone wp-image-16435\" src=\"https:\/\/fkzalgiris.lt\/wp-content\/uploads\/2024\/12\/foto-Elvis-Zaldaris-@elviszaldaris-zaldaris.lt-2.jpg-1024x683.jpg\" alt=\"\" width=\"650\" height=\"434\" srcset=\"https:\/\/fkzalgiris.lt\/wp-content\/uploads\/2024\/12\/foto-Elvis-Zaldaris-@elviszaldaris-zaldaris.lt-2.jpg-1024x683.jpg 1024w, https:\/\/fkzalgiris.lt\/wp-content\/uploads\/2024\/12\/foto-Elvis-Zaldaris-@elviszaldaris-zaldaris.lt-2.jpg-300x200.jpg 300w, https:\/\/fkzalgiris.lt\/wp-content\/uploads\/2024\/12\/foto-Elvis-Zaldaris-@elviszaldaris-zaldaris.lt-2.jpg-768x513.jpg 768w, https:\/\/fkzalgiris.lt\/wp-content\/uploads\/2024\/12\/foto-Elvis-Zaldaris-@elviszaldaris-zaldaris.lt-2.jpg-150x100.jpg 150w, https:\/\/fkzalgiris.lt\/wp-content\/uploads\/2024\/12\/foto-Elvis-Zaldaris-@elviszaldaris-zaldaris.lt-2.jpg-840x560.jpg 840w, https:\/\/fkzalgiris.lt\/wp-content\/uploads\/2024\/12\/foto-Elvis-Zaldaris-@elviszaldaris-zaldaris.lt-2.jpg-570x380.jpg 570w, https:\/\/fkzalgiris.lt\/wp-content\/uploads\/2024\/12\/foto-Elvis-Zaldaris-@elviszaldaris-zaldaris.lt-2.jpg-30x20.jpg 30w, https:\/\/fkzalgiris.lt\/wp-content\/uploads\/2024\/12\/foto-Elvis-Zaldaris-@elviszaldaris-zaldaris.lt-2.jpg.jpg 1500w\" sizes=\"auto, (max-width: 650px) 100vw, 650px\" \/><\/p>\n<p>LFF prezidentas Edgaras Stankevi\u010dius pa\u017eym\u0117jo, jog prie sandorio inicijavimo prisid\u0117jo \u201e\u017dalgirio\u201c aistruoliai, kuri\u0173 pra\u0161ymas stadion\u0105 perleisti istorinio futbolo klubo veiklai buvo priimtas teigiamai.<\/p>\n<p>\u201eD\u0117koju \u201e\u017dalgirio\u201c aistruoliams, kurie ir buvo vieni i\u0161 pagrindini\u0173 iniciatori\u0173 d\u0117l \u0161io klausimo i\u0161sprendimo. Jie paragino klubo dalininkus ir federacij\u0105 rasti bendrus s\u0105ly\u010dio ta\u0161kus, kad stadionas atitekt\u0173 \u201e\u017dalgiriui\u201c, akademijai ir likt\u0173 naudojamas pagal futbolo paskirt\u012f. Federacija labiausiai baiminosi, kad stadionas ateityje neb\u016bt\u0173 naudojamas pagal kit\u0105 paskirt\u012f. Prie\u0161 naujus metus esu ramus, kad \u010dia tikrai liks futbolas, \u010dia bus \u201e\u017dalgirio\u201c klubo, fan\u0173 ir akademijos namai. Tas labiausiai d\u017eiugina\u201c, \u2013 sak\u0117 E. Stankevi\u010dius.<\/p>\n<p>\u201e\u017dalgirio\u201c aistruoli\u0173 bendruomen\u0117s narys Tadas teig\u0117, jog sunku patik\u0117ti, bet viskas prasid\u0117jo prie\u0161 pusmet\u012f nuo paprastos \u017einut\u0117s socialiniame tinkle, jog \u201e\u017dalgiriui\u201c reikalingi namai.<\/p>\n<p>\u201eDabar juos turime. Fanams labai svarbu, kad pagaliau tur\u0117sime savo viet\u0105, ir nesijausime kaip sve\u010diai. A\u010di\u016b LFF, kuri tes\u0117jo savo \u017eod\u012f, kad stadionas gali b\u016bti \u201e\u017dalgirio\u201c. Taip ir \u012fvyko. Nuostabi diena. Tikim\u0117s, kad \u0161is stadionas palengva taps m\u016bs\u0173 namais. A\u010di\u016b visiems, kurie prisid\u0117jo, a\u010di\u016b \u017einiasklaidai, jog vie\u0161ino \u0161\u012f klausim\u0105\u201c, \u2013 kalb\u0117jo aktyvus komandos gerb\u0117jas.<\/p>\n<p><img loading=\"lazy\" decoding=\"async\" class=\"alignnone wp-image-16437\" src=\"https:\/\/fkzalgiris.lt\/wp-content\/uploads\/2024\/12\/foto-Elvis-Zaldaris-@elviszaldaris-zaldaris.lt-6.jpg-1024x683.jpg\" alt=\"\" width=\"650\" height=\"433\" srcset=\"https:\/\/fkzalgiris.lt\/wp-content\/uploads\/2024\/12\/foto-Elvis-Zaldaris-@elviszaldaris-zaldaris.lt-6.jpg-1024x683.jpg 1024w, https:\/\/fkzalgiris.lt\/wp-content\/uploads\/2024\/12\/foto-Elvis-Zaldaris-@elviszaldaris-zaldaris.lt-6.jpg-300x200.jpg 300w, https:\/\/fkzalgiris.lt\/wp-content\/uploads\/2024\/12\/foto-Elvis-Zaldaris-@elviszaldaris-zaldaris.lt-6.jpg-768x512.jpg 768w, https:\/\/fkzalgiris.lt\/wp-content\/uploads\/2024\/12\/foto-Elvis-Zaldaris-@elviszaldaris-zaldaris.lt-6.jpg-150x100.jpg 150w, https:\/\/fkzalgiris.lt\/wp-content\/uploads\/2024\/12\/foto-Elvis-Zaldaris-@elviszaldaris-zaldaris.lt-6.jpg-840x560.jpg 840w, https:\/\/fkzalgiris.lt\/wp-content\/uploads\/2024\/12\/foto-Elvis-Zaldaris-@elviszaldaris-zaldaris.lt-6.jpg-570x380.jpg 570w, https:\/\/fkzalgiris.lt\/wp-content\/uploads\/2024\/12\/foto-Elvis-Zaldaris-@elviszaldaris-zaldaris.lt-6.jpg-30x20.jpg 30w, https:\/\/fkzalgiris.lt\/wp-content\/uploads\/2024\/12\/foto-Elvis-Zaldaris-@elviszaldaris-zaldaris.lt-6.jpg.jpg 1500w\" sizes=\"auto, (max-width: 650px) 100vw, 650px\" \/><\/p>\n<p>Spal\u012f aistruoliai ir klubas pakviet\u0117 verslo atstovus ir visus norin\u010dius prisijungti prie akcijos \u201eSugr\u0105\u017einkime namus \u201e\u017dalgiriui\u201c.<\/p>\n<p>Pasak V. Venslovaitien\u0117s, nors \u0161i akcija ir nevirto didele finansine paspirtimi stadiono \u012fsigijimui, sulauktas palaikymas paskatino ie\u0161koti alternatyvi\u0173 b\u016bd\u0173 ir galutinis tikslas vis tiek buvo pasiektas.<\/p>\n<p>\u201eNoriu pad\u0117koti visiems prisijungusiems prie akcijos verslininkams ir aistruoliams. Vis\u0173 aistruoli\u0173 d\u0117mesys buvo matomas. Tur\u0117jome daug noro, bet laiko buvo per ma\u017eai. Tai buvo tas impulsas, kuris m\u016bs\u0173 dalininkus privert\u0117 ie\u0161koti kito sprendimo, link savo tikslo ugdyti jaun\u0105j\u0105 futbolo kart\u0105 nam\u0173 s\u0105lygomis. Kaip min\u0117jome, nepaisant to kaip pavykt\u0173 akcija, vis tiek stadion\u0105 sieksime \u012fsigyti savo l\u0117\u0161omis, o gauta parama skirta akademijos reikm\u0117ms. Tas ir buvo padaryta\u201c, \u2013 kalb\u0117jo V. Venslovaitien\u0117.<\/p>\n<p>Atsi\u017evelgiant \u012f ribotas klubo finansines galimybes dabartiniu laikotarpiu, stadiono \u012fsigijim\u0105 finansavo klubo dalininkai \u2013 V. Venslovaitien\u0117 ir kompanija \u201eOllex\u201c, kuri\u0105 atstovauja Olegas ir Edvinas Radionovai.<\/p>\n<p>\u201eSu \u201e\u017dalgiriu\u201c esame nuo klubo atk\u016brimo 2009 metais. Tik\u0117jome ta id\u0117ja nuo pat pirmosios dienos. Labai smagu, jog galime dalyvauti \u0161iame \u012fvykyje. Manau, kad po ka\u017ekiek met\u0173 gal\u0117sime apie tai pasakoti savo vaikams, kad ir mes \u010dia buvome. Tikiu, kad \u201e\u017dalgiris\u201c tur\u0117damas savo namus gal\u0117s vienu laipteliu \u012f priek\u012f eiti dar grei\u010diau\u201c, \u2013 kalb\u0117jo \u201e\u017dalgirio\u201c dalininko \u201eOllex\u201c atstovas E. Radionovas.<\/p>\n<p><img loading=\"lazy\" decoding=\"async\" class=\"alignnone wp-image-16436\" src=\"https:\/\/fkzalgiris.lt\/wp-content\/uploads\/2024\/12\/foto-Elvis-Zaldaris-@elviszaldaris-zaldaris.lt-21.jpg-1024x683.jpg\" alt=\"\" width=\"650\" height=\"433\" srcset=\"https:\/\/fkzalgiris.lt\/wp-content\/uploads\/2024\/12\/foto-Elvis-Zaldaris-@elviszaldaris-zaldaris.lt-21.jpg-1024x683.jpg 1024w, https:\/\/fkzalgiris.lt\/wp-content\/uploads\/2024\/12\/foto-Elvis-Zaldaris-@elviszaldaris-zaldaris.lt-21.jpg-300x200.jpg 300w, https:\/\/fkzalgiris.lt\/wp-content\/uploads\/2024\/12\/foto-Elvis-Zaldaris-@elviszaldaris-zaldaris.lt-21.jpg-768x512.jpg 768w, https:\/\/fkzalgiris.lt\/wp-content\/uploads\/2024\/12\/foto-Elvis-Zaldaris-@elviszaldaris-zaldaris.lt-21.jpg-150x100.jpg 150w, https:\/\/fkzalgiris.lt\/wp-content\/uploads\/2024\/12\/foto-Elvis-Zaldaris-@elviszaldaris-zaldaris.lt-21.jpg-840x560.jpg 840w, https:\/\/fkzalgiris.lt\/wp-content\/uploads\/2024\/12\/foto-Elvis-Zaldaris-@elviszaldaris-zaldaris.lt-21.jpg-570x380.jpg 570w, https:\/\/fkzalgiris.lt\/wp-content\/uploads\/2024\/12\/foto-Elvis-Zaldaris-@elviszaldaris-zaldaris.lt-21.jpg-30x20.jpg 30w, https:\/\/fkzalgiris.lt\/wp-content\/uploads\/2024\/12\/foto-Elvis-Zaldaris-@elviszaldaris-zaldaris.lt-21.jpg.jpg 1500w\" sizes=\"auto, (max-width: 650px) 100vw, 650px\" \/><\/p>\n<p>Pasak LFF prezidento Edgaro Stankevi\u010diaus, derybos buvo pakankamai greitos, pavyko surasti abiems pus\u0117ms tinkam\u0105 variant\u0105. Jis atskleid\u0117, jog stadionas kainuos 3,5 mln. eur\u0173.<\/p>\n<p>\u201eB\u016btume gal\u0117j\u0119 tik\u0117tis didesn\u0117s sumos i\u0161 verslo, bet atsiradus pasi\u016blymui i\u0161 \u201e\u017dalgirio\u201c klubo LFF Vykdomajame komitete \u0161iai id\u0117jai buvo pritarta vienbalsiai. Per kelias savaites buvo suderinti teisiniai formalumai, po nauj\u0173j\u0173 vyks galutinis atsiskaitymas ir nuo kit\u0173 met\u0173 prad\u017eios klubas taps stadiono savininkais, \u2013 sak\u0117 LFF vadovas \u2013 \u201e\u017dalgiris\u201c yra legendinis klubas. Tikrai nor\u0117josi, kad klubas tur\u0117t\u0173 tinkam\u0105 stadion\u0105 vietos ir tarptautin\u0117ms rungtyn\u0117ms. Kai atsirado ta galimyb\u0117, man tai buvo garb\u0117s reikalas ir \u012fsipareigojimas prie\u0161 fan\u0173 bendruomen\u0119, kad stadionas b\u016bt\u0173 perleistas \u012f patikimas rankas.\u201c<\/p>\n<p>Siekiant pabr\u0117\u017eti sandorio tikslus, stadiono \u012fsigijim\u0105 finansav\u0119 klubo dalininkai pasira\u0161\u0117 formal\u0173 ketinim\u0173 protokol\u0105, kuriame nurodoma, jog stadionas skirtas i\u0161nuomojamas \u201e\u017dalgirio\u201c klubui ir akademijai ma\u017eiausiai 10 met\u0173 su pirmumo teise klubui per t\u0105 laikotarp\u012f stadion\u0105 \u012fsigyti.<\/p>\n<p>Kad sandoris \u012fvykt\u0173, pastar\u0105j\u012f m\u0117nes\u012f \u201e\u017dalgirio\u201c dalininkai kartu su LFF derino teisines ir finansines s\u0105lygas. U\u017e konsultacijas ruo\u0161iant sandor\u012f klubo vadov\u0117 d\u0117kojo teisininkei, \u201eAAA Law\u201c vadovaujan\u010diai partnerei Giedrei Domkutei ir finansininkei, \u201eVersluma\u201c vadovei Natalijai Gudaitienei.<\/p>\n<p><img loading=\"lazy\" decoding=\"async\" class=\"alignnone wp-image-16434\" src=\"https:\/\/fkzalgiris.lt\/wp-content\/uploads\/2024\/12\/foto-Elvis-Zaldaris-@elviszaldaris-zaldaris.lt-14.jpg-1024x683.jpg\" alt=\"\" width=\"650\" height=\"433\" srcset=\"https:\/\/fkzalgiris.lt\/wp-content\/uploads\/2024\/12\/foto-Elvis-Zaldaris-@elviszaldaris-zaldaris.lt-14.jpg-1024x683.jpg 1024w, https:\/\/fkzalgiris.lt\/wp-content\/uploads\/2024\/12\/foto-Elvis-Zaldaris-@elviszaldaris-zaldaris.lt-14.jpg-300x200.jpg 300w, https:\/\/fkzalgiris.lt\/wp-content\/uploads\/2024\/12\/foto-Elvis-Zaldaris-@elviszaldaris-zaldaris.lt-14.jpg-768x512.jpg 768w, https:\/\/fkzalgiris.lt\/wp-content\/uploads\/2024\/12\/foto-Elvis-Zaldaris-@elviszaldaris-zaldaris.lt-14.jpg-150x100.jpg 150w, https:\/\/fkzalgiris.lt\/wp-content\/uploads\/2024\/12\/foto-Elvis-Zaldaris-@elviszaldaris-zaldaris.lt-14.jpg-840x560.jpg 840w, https:\/\/fkzalgiris.lt\/wp-content\/uploads\/2024\/12\/foto-Elvis-Zaldaris-@elviszaldaris-zaldaris.lt-14.jpg-570x380.jpg 570w, https:\/\/fkzalgiris.lt\/wp-content\/uploads\/2024\/12\/foto-Elvis-Zaldaris-@elviszaldaris-zaldaris.lt-14.jpg-30x20.jpg 30w, https:\/\/fkzalgiris.lt\/wp-content\/uploads\/2024\/12\/foto-Elvis-Zaldaris-@elviszaldaris-zaldaris.lt-14.jpg.jpg 1500w\" sizes=\"auto, (max-width: 650px) 100vw, 650px\" \/><\/p>\n<p>Artimiausiu metu \u012f stadion\u0105 persikels \u201e\u017dalgirio\u201c klubo administracija ir personalas, \u010dia bus sudarytos s\u0105lygos akademijos aukl\u0117tini\u0173 treniruot\u0117ms, taip pat savo viet\u0105 atras komandos gerb\u0117j\u0173 bendruomen\u0117.<\/p>\n<p>Pasak \u201e\u017dalgirio\u201c vadov\u0117s, teis\u0119 \u012f stadiono pavadinim\u0105 bus si\u016bloma \u012fsigyti r\u0117m\u0117jams, o galimi stadiono atnaujinimai \u2013 tolimesn\u0117s ateities klausimas, nes turimi finansiniai resursai sutelkti stadiono \u012fsigijimui, o vystymo kryptys priklausys ir nuo nacionalinio stadiono \u0160e\u0161kin\u0117je projekto.<\/p>\n<p>\u201eMes labai laukiame nacionalinio stadiono. Vilnie\u010diai yra verti jo. Kai jis atsiras, stadionas Liepkalnyje tur\u0117t\u0173 b\u016bti klubo treniruo\u010di\u0173 baze ir akademijos namais. Iki tol planuojame \u010dia \u012fsikelti, tvarkytis, ir \u017ei\u016br\u0117sime k\u0105 daryti toliau, nes artimiausiu metu \u0161iame stadione oficialias rungtynes Lietuvoje ir Europoje ir toliau reik\u0117s \u017eaisti pagrindinei vyr\u0173 komandai\u201c, \u2013 teig\u0117 V. Venslovaitien\u0117.<\/p>\n<p>Sausio 6-\u0105j\u0105 planuojamos \u012fkurtuv\u0117s, \u012f kurias kvie\u010diama visa \u201e\u017dalgirio\u201c bendruomen\u0117. T\u0105 pa\u010di\u0105 savait\u0119 pasiruo\u0161im\u0105 naujam sezonui prad\u0117s ir pagrindin\u0117 klubo vyr\u0173 komanda.<\/p>\n<p><strong>Stadiono \u012fsigijimo pristatymo konferencijos vaizdo \u012fra\u0161as:<\/strong><\/p>\n","protected":false},"excerpt":{"rendered":"<p>Futbolo klubas \u201e\u017dalgiris\u201c po ilgesn\u0117s pertraukos tur\u0117s savo pastovius namus \u2013 pasira\u0161yta sutartis d\u0117l Liepkalnyje esan\u010dio Lietuvos futbolo federacijos (LFF) stadiono \u012fsigijimo. Sandoris oficialiai pristatytas\u2026<\/p>\n","protected":false},"author":4,"featured_media":0,"comment_status":"closed","ping_status":"closed","sticky":false,"template":"","format":"standard","meta":{"_acf_changed":false,"footnotes":""},"categories":[87],"class_list":["post-16431","post","type-post","status-publish","format-standard","hentry","category-zalgiris"],"acf":[],"yoast_head":"<!-- This site is optimized with the Yoast SEO plugin v26.8 - https:\/\/yoast.com\/product\/yoast-seo-wordpress\/ -->\n<title>\u201e\u017dalgiris\u201c tur\u0117s savo namus - sutarta d\u0117l stadiono \u012fsigijimo - FK \u017dalgiris<\/title>\n<meta name=\"robots\" content=\"index, follow, max-snippet:-1, max-image-preview:large, max-video-preview:-1\" \/>\n<link rel=\"canonical\" href=\"https:\/\/fkzalgiris.lt\/zalgiris-tures-savo-namus-sutarta-del-stadiono-isigijimo\/\" \/>\n<meta property=\"og:locale\" content=\"lt_LT\" \/>\n<meta property=\"og:type\" content=\"article\" \/>\n<meta property=\"og:title\" content=\"\u201e\u017dalgiris\u201c tur\u0117s savo namus - sutarta d\u0117l stadiono \u012fsigijimo - FK \u017dalgiris\" \/>\n<meta property=\"og:description\" content=\"Futbolo klubas \u201e\u017dalgiris\u201c po ilgesn\u0117s pertraukos tur\u0117s savo pastovius namus \u2013 pasira\u0161yta sutartis d\u0117l Liepkalnyje esan\u010dio Lietuvos futbolo federacijos (LFF) stadiono \u012fsigijimo. Sandoris oficialiai pristatytas\u2026\" \/>\n<meta property=\"og:url\" content=\"https:\/\/fkzalgiris.lt\/zalgiris-tures-savo-namus-sutarta-del-stadiono-isigijimo\/\" \/>\n<meta property=\"og:site_name\" content=\"FK \u017dalgiris\" \/>\n<meta property=\"article:publisher\" content=\"https:\/\/www.facebook.com\/fkzalgiris\/\" \/>\n<meta property=\"article:published_time\" content=\"2024-12-27T16:04:29+00:00\" \/>\n<meta property=\"article:modified_time\" content=\"2024-12-27T16:20:20+00:00\" \/>\n<meta property=\"og:image\" content=\"https:\/\/fkzalgiris.lt\/wp-content\/uploads\/2024\/12\/foto-Elvis-Zaldaris-@elviszaldaris-zaldaris.lt-2.jpg-1024x683.jpg\" \/>\n<meta name=\"author\" content=\"J\" \/>\n<meta name=\"twitter:card\" content=\"summary_large_image\" \/>\n<meta name=\"twitter:creator\" content=\"@fkzalgiris\" \/>\n<meta name=\"twitter:site\" content=\"@fkzalgiris\" \/>\n<meta name=\"twitter:label1\" content=\"Written by\" \/>\n\t<meta name=\"twitter:data1\" content=\"J\" \/>\n\t<meta name=\"twitter:label2\" content=\"Est. reading time\" \/>\n\t<meta name=\"twitter:data2\" content=\"6 minut\u0117s\" \/>\n<script type=\"application\/ld+json\" class=\"yoast-schema-graph\">{\"@context\":\"https:\/\/schema.org\",\"@graph\":[{\"@type\":\"Article\",\"@id\":\"https:\/\/fkzalgiris.lt\/zalgiris-tures-savo-namus-sutarta-del-stadiono-isigijimo\/#article\",\"isPartOf\":{\"@id\":\"https:\/\/fkzalgiris.lt\/zalgiris-tures-savo-namus-sutarta-del-stadiono-isigijimo\/\"},\"author\":{\"name\":\"J\",\"@id\":\"https:\/\/fkzalgiris.lt\/#\/schema\/person\/8604babbba794a7d8767be324a3eaac8\"},\"headline\":\"\u201e\u017dalgiris\u201c tur\u0117s savo namus &#8211; sutarta d\u0117l stadiono \u012fsigijimo\",\"datePublished\":\"2024-12-27T16:04:29+00:00\",\"dateModified\":\"2024-12-27T16:20:20+00:00\",\"mainEntityOfPage\":{\"@id\":\"https:\/\/fkzalgiris.lt\/zalgiris-tures-savo-namus-sutarta-del-stadiono-isigijimo\/\"},\"wordCount\":1021,\"publisher\":{\"@id\":\"https:\/\/fkzalgiris.lt\/#organization\"},\"image\":{\"@id\":\"https:\/\/fkzalgiris.lt\/zalgiris-tures-savo-namus-sutarta-del-stadiono-isigijimo\/#primaryimage\"},\"thumbnailUrl\":\"https:\/\/fkzalgiris.lt\/wp-content\/uploads\/2024\/12\/foto-Elvis-Zaldaris-@elviszaldaris-zaldaris.lt-2.jpg-1024x683.jpg\",\"articleSection\":[\"\u017dalgiris\"],\"inLanguage\":\"lt-LT\"},{\"@type\":\"WebPage\",\"@id\":\"https:\/\/fkzalgiris.lt\/zalgiris-tures-savo-namus-sutarta-del-stadiono-isigijimo\/\",\"url\":\"https:\/\/fkzalgiris.lt\/zalgiris-tures-savo-namus-sutarta-del-stadiono-isigijimo\/\",\"name\":\"\u201e\u017dalgiris\u201c tur\u0117s savo namus - sutarta d\u0117l stadiono \u012fsigijimo - FK \u017dalgiris\",\"isPartOf\":{\"@id\":\"https:\/\/fkzalgiris.lt\/#website\"},\"primaryImageOfPage\":{\"@id\":\"https:\/\/fkzalgiris.lt\/zalgiris-tures-savo-namus-sutarta-del-stadiono-isigijimo\/#primaryimage\"},\"image\":{\"@id\":\"https:\/\/fkzalgiris.lt\/zalgiris-tures-savo-namus-sutarta-del-stadiono-isigijimo\/#primaryimage\"},\"thumbnailUrl\":\"https:\/\/fkzalgiris.lt\/wp-content\/uploads\/2024\/12\/foto-Elvis-Zaldaris-@elviszaldaris-zaldaris.lt-2.jpg-1024x683.jpg\",\"datePublished\":\"2024-12-27T16:04:29+00:00\",\"dateModified\":\"2024-12-27T16:20:20+00:00\",\"breadcrumb\":{\"@id\":\"https:\/\/fkzalgiris.lt\/zalgiris-tures-savo-namus-sutarta-del-stadiono-isigijimo\/#breadcrumb\"},\"inLanguage\":\"lt-LT\",\"potentialAction\":[{\"@type\":\"ReadAction\",\"target\":[\"https:\/\/fkzalgiris.lt\/zalgiris-tures-savo-namus-sutarta-del-stadiono-isigijimo\/\"]}]},{\"@type\":\"ImageObject\",\"inLanguage\":\"lt-LT\",\"@id\":\"https:\/\/fkzalgiris.lt\/zalgiris-tures-savo-namus-sutarta-del-stadiono-isigijimo\/#primaryimage\",\"url\":\"https:\/\/fkzalgiris.lt\/wp-content\/uploads\/2024\/12\/foto-Elvis-Zaldaris-@elviszaldaris-zaldaris.lt-2.jpg.jpg\",\"contentUrl\":\"https:\/\/fkzalgiris.lt\/wp-content\/uploads\/2024\/12\/foto-Elvis-Zaldaris-@elviszaldaris-zaldaris.lt-2.jpg.jpg\",\"width\":1500,\"height\":1001},{\"@type\":\"BreadcrumbList\",\"@id\":\"https:\/\/fkzalgiris.lt\/zalgiris-tures-savo-namus-sutarta-del-stadiono-isigijimo\/#breadcrumb\",\"itemListElement\":[{\"@type\":\"ListItem\",\"position\":1,\"name\":\"Home\",\"item\":\"https:\/\/fkzalgiris.lt\/\"},{\"@type\":\"ListItem\",\"position\":2,\"name\":\"\u201e\u017dalgiris\u201c tur\u0117s savo namus &#8211; sutarta d\u0117l stadiono \u012fsigijimo\"}]},{\"@type\":\"WebSite\",\"@id\":\"https:\/\/fkzalgiris.lt\/#website\",\"url\":\"https:\/\/fkzalgiris.lt\/\",\"name\":\"FK \u017dalgiris\",\"description\":\"oficiali Vilniaus \u201e\u017dalgirio\u201c futbolo klubo svetain\u0117\",\"publisher\":{\"@id\":\"https:\/\/fkzalgiris.lt\/#organization\"},\"potentialAction\":[{\"@type\":\"SearchAction\",\"target\":{\"@type\":\"EntryPoint\",\"urlTemplate\":\"https:\/\/fkzalgiris.lt\/?s={search_term_string}\"},\"query-input\":{\"@type\":\"PropertyValueSpecification\",\"valueRequired\":true,\"valueName\":\"search_term_string\"}}],\"inLanguage\":\"lt-LT\"},{\"@type\":\"Organization\",\"@id\":\"https:\/\/fkzalgiris.lt\/#organization\",\"name\":\"FK \u017dalgiris\",\"url\":\"https:\/\/fkzalgiris.lt\/\",\"logo\":{\"@type\":\"ImageObject\",\"inLanguage\":\"lt-LT\",\"@id\":\"https:\/\/fkzalgiris.lt\/#\/schema\/logo\/image\/\",\"url\":\"https:\/\/fkzalgiris.lt\/wp-content\/uploads\/2024\/01\/horiz-FK-Zalgiris-logo-2015.png\",\"contentUrl\":\"https:\/\/fkzalgiris.lt\/wp-content\/uploads\/2024\/01\/horiz-FK-Zalgiris-logo-2015.png\",\"width\":3073,\"height\":2048,\"caption\":\"FK \u017dalgiris\"},\"image\":{\"@id\":\"https:\/\/fkzalgiris.lt\/#\/schema\/logo\/image\/\"},\"sameAs\":[\"https:\/\/www.facebook.com\/fkzalgiris\/\",\"https:\/\/x.com\/fkzalgiris\",\"https:\/\/www.instagram.com\/fkzalgiris\/\",\"https:\/\/www.youtube.com\/channel\/UC1ag8JLxGirltMUoLlzfZLA\"]},{\"@type\":\"Person\",\"@id\":\"https:\/\/fkzalgiris.lt\/#\/schema\/person\/8604babbba794a7d8767be324a3eaac8\",\"name\":\"J\"}]}<\/script>\n<!-- \/ Yoast SEO plugin. -->","yoast_head_json":{"title":"\u201e\u017dalgiris\u201c tur\u0117s savo namus - sutarta d\u0117l stadiono \u012fsigijimo - FK \u017dalgiris","robots":{"index":"index","follow":"follow","max-snippet":"max-snippet:-1","max-image-preview":"max-image-preview:large","max-video-preview":"max-video-preview:-1"},"canonical":"https:\/\/fkzalgiris.lt\/zalgiris-tures-savo-namus-sutarta-del-stadiono-isigijimo\/","og_locale":"lt_LT","og_type":"article","og_title":"\u201e\u017dalgiris\u201c tur\u0117s savo namus - sutarta d\u0117l stadiono \u012fsigijimo - FK \u017dalgiris","og_description":"Futbolo klubas \u201e\u017dalgiris\u201c po ilgesn\u0117s pertraukos tur\u0117s savo pastovius namus \u2013 pasira\u0161yta sutartis d\u0117l Liepkalnyje esan\u010dio Lietuvos futbolo federacijos (LFF) stadiono \u012fsigijimo. Sandoris oficialiai pristatytas\u2026","og_url":"https:\/\/fkzalgiris.lt\/zalgiris-tures-savo-namus-sutarta-del-stadiono-isigijimo\/","og_site_name":"FK \u017dalgiris","article_publisher":"https:\/\/www.facebook.com\/fkzalgiris\/","article_published_time":"2024-12-27T16:04:29+00:00","article_modified_time":"2024-12-27T16:20:20+00:00","og_image":[{"url":"https:\/\/fkzalgiris.lt\/wp-content\/uploads\/2024\/12\/foto-Elvis-Zaldaris-@elviszaldaris-zaldaris.lt-2.jpg-1024x683.jpg","type":"","width":"","height":""}],"author":"J","twitter_card":"summary_large_image","twitter_creator":"@fkzalgiris","twitter_site":"@fkzalgiris","twitter_misc":{"Written by":"J","Est. reading time":"6 minut\u0117s"},"schema":{"@context":"https:\/\/schema.org","@graph":[{"@type":"Article","@id":"https:\/\/fkzalgiris.lt\/zalgiris-tures-savo-namus-sutarta-del-stadiono-isigijimo\/#article","isPartOf":{"@id":"https:\/\/fkzalgiris.lt\/zalgiris-tures-savo-namus-sutarta-del-stadiono-isigijimo\/"},"author":{"name":"J","@id":"https:\/\/fkzalgiris.lt\/#\/schema\/person\/8604babbba794a7d8767be324a3eaac8"},"headline":"\u201e\u017dalgiris\u201c tur\u0117s savo namus &#8211; sutarta d\u0117l stadiono \u012fsigijimo","datePublished":"2024-12-27T16:04:29+00:00","dateModified":"2024-12-27T16:20:20+00:00","mainEntityOfPage":{"@id":"https:\/\/fkzalgiris.lt\/zalgiris-tures-savo-namus-sutarta-del-stadiono-isigijimo\/"},"wordCount":1021,"publisher":{"@id":"https:\/\/fkzalgiris.lt\/#organization"},"image":{"@id":"https:\/\/fkzalgiris.lt\/zalgiris-tures-savo-namus-sutarta-del-stadiono-isigijimo\/#primaryimage"},"thumbnailUrl":"https:\/\/fkzalgiris.lt\/wp-content\/uploads\/2024\/12\/foto-Elvis-Zaldaris-@elviszaldaris-zaldaris.lt-2.jpg-1024x683.jpg","articleSection":["\u017dalgiris"],"inLanguage":"lt-LT"},{"@type":"WebPage","@id":"https:\/\/fkzalgiris.lt\/zalgiris-tures-savo-namus-sutarta-del-stadiono-isigijimo\/","url":"https:\/\/fkzalgiris.lt\/zalgiris-tures-savo-namus-sutarta-del-stadiono-isigijimo\/","name":"\u201e\u017dalgiris\u201c tur\u0117s savo namus - sutarta d\u0117l stadiono \u012fsigijimo - FK \u017dalgiris","isPartOf":{"@id":"https:\/\/fkzalgiris.lt\/#website"},"primaryImageOfPage":{"@id":"https:\/\/fkzalgiris.lt\/zalgiris-tures-savo-namus-sutarta-del-stadiono-isigijimo\/#primaryimage"},"image":{"@id":"https:\/\/fkzalgiris.lt\/zalgiris-tures-savo-namus-sutarta-del-stadiono-isigijimo\/#primaryimage"},"thumbnailUrl":"https:\/\/fkzalgiris.lt\/wp-content\/uploads\/2024\/12\/foto-Elvis-Zaldaris-@elviszaldaris-zaldaris.lt-2.jpg-1024x683.jpg","datePublished":"2024-12-27T16:04:29+00:00","dateModified":"2024-12-27T16:20:20+00:00","breadcrumb":{"@id":"https:\/\/fkzalgiris.lt\/zalgiris-tures-savo-namus-sutarta-del-stadiono-isigijimo\/#breadcrumb"},"inLanguage":"lt-LT","potentialAction":[{"@type":"ReadAction","target":["https:\/\/fkzalgiris.lt\/zalgiris-tures-savo-namus-sutarta-del-stadiono-isigijimo\/"]}]},{"@type":"ImageObject","inLanguage":"lt-LT","@id":"https:\/\/fkzalgiris.lt\/zalgiris-tures-savo-namus-sutarta-del-stadiono-isigijimo\/#primaryimage","url":"https:\/\/fkzalgiris.lt\/wp-content\/uploads\/2024\/12\/foto-Elvis-Zaldaris-@elviszaldaris-zaldaris.lt-2.jpg.jpg","contentUrl":"https:\/\/fkzalgiris.lt\/wp-content\/uploads\/2024\/12\/foto-Elvis-Zaldaris-@elviszaldaris-zaldaris.lt-2.jpg.jpg","width":1500,"height":1001},{"@type":"BreadcrumbList","@id":"https:\/\/fkzalgiris.lt\/zalgiris-tures-savo-namus-sutarta-del-stadiono-isigijimo\/#breadcrumb","itemListElement":[{"@type":"ListItem","position":1,"name":"Home","item":"https:\/\/fkzalgiris.lt\/"},{"@type":"ListItem","position":2,"name":"\u201e\u017dalgiris\u201c tur\u0117s savo namus &#8211; sutarta d\u0117l stadiono \u012fsigijimo"}]},{"@type":"WebSite","@id":"https:\/\/fkzalgiris.lt\/#website","url":"https:\/\/fkzalgiris.lt\/","name":"FK \u017dalgiris","description":"oficiali Vilniaus \u201e\u017dalgirio\u201c futbolo klubo svetain\u0117","publisher":{"@id":"https:\/\/fkzalgiris.lt\/#organization"},"potentialAction":[{"@type":"SearchAction","target":{"@type":"EntryPoint","urlTemplate":"https:\/\/fkzalgiris.lt\/?s={search_term_string}"},"query-input":{"@type":"PropertyValueSpecification","valueRequired":true,"valueName":"search_term_string"}}],"inLanguage":"lt-LT"},{"@type":"Organization","@id":"https:\/\/fkzalgiris.lt\/#organization","name":"FK \u017dalgiris","url":"https:\/\/fkzalgiris.lt\/","logo":{"@type":"ImageObject","inLanguage":"lt-LT","@id":"https:\/\/fkzalgiris.lt\/#\/schema\/logo\/image\/","url":"https:\/\/fkzalgiris.lt\/wp-content\/uploads\/2024\/01\/horiz-FK-Zalgiris-logo-2015.png","contentUrl":"https:\/\/fkzalgiris.lt\/wp-content\/uploads\/2024\/01\/horiz-FK-Zalgiris-logo-2015.png","width":3073,"height":2048,"caption":"FK \u017dalgiris"},"image":{"@id":"https:\/\/fkzalgiris.lt\/#\/schema\/logo\/image\/"},"sameAs":["https:\/\/www.facebook.com\/fkzalgiris\/","https:\/\/x.com\/fkzalgiris","https:\/\/www.instagram.com\/fkzalgiris\/","https:\/\/www.youtube.com\/channel\/UC1ag8JLxGirltMUoLlzfZLA"]},{"@type":"Person","@id":"https:\/\/fkzalgiris.lt\/#\/schema\/person\/8604babbba794a7d8767be324a3eaac8","name":"J"}]}},"_links":{"self":[{"href":"https:\/\/fkzalgiris.lt\/api\/wp\/v2\/posts\/16431","targetHints":{"allow":["GET"]}}],"collection":[{"href":"https:\/\/fkzalgiris.lt\/api\/wp\/v2\/posts"}],"about":[{"href":"https:\/\/fkzalgiris.lt\/api\/wp\/v2\/types\/post"}],"author":[{"embeddable":true,"href":"https:\/\/fkzalgiris.lt\/api\/wp\/v2\/users\/4"}],"replies":[{"embeddable":true,"href":"https:\/\/fkzalgiris.lt\/api\/wp\/v2\/comments?post=16431"}],"version-history":[{"count":3,"href":"https:\/\/fkzalgiris.lt\/api\/wp\/v2\/posts\/16431\/revisions"}],"predecessor-version":[{"id":16440,"href":"https:\/\/fkzalgiris.lt\/api\/wp\/v2\/posts\/16431\/revisions\/16440"}],"wp:attachment":[{"href":"https:\/\/fkzalgiris.lt\/api\/wp\/v2\/media?parent=16431"}],"wp:term":[{"taxonomy":"category","embeddable":true,"href":"https:\/\/fkzalgiris.lt\/api\/wp\/v2\/categories?post=16431"}],"curies":[{"name":"wp","href":"https:\/\/api.w.org\/{rel}","templated":true}]}}