{"id":16404,"date":"2024-12-23T13:20:48","date_gmt":"2024-12-23T11:20:48","guid":{"rendered":"https:\/\/fkzalgiris.lt\/?p=16404"},"modified":"2024-12-23T13:20:33","modified_gmt":"2024-12-23T11:20:33","slug":"prie-zalgirio-komandos-vairo-lieka-v-ceburinas","status":"publish","type":"post","link":"https:\/\/fkzalgiris.lt\/prie-zalgirio-komandos-vairo-lieka-v-ceburinas\/","title":{"rendered":"Prie \u201e\u017dalgirio\u201c komandos vairo lieka V. \u010ceburinas"},"content":{"rendered":"<p>Rekordin\u012f trof\u0117j\u0173 skai\u010di\u0173 Lietuvoje sukaup\u0119s treneris Vladimiras \u010ceburinas lieka sostin\u0117je ir toliau treniruos FK \u201e\u017dalgirio\u201c komand\u0105 \u2013 treneris ir klubas susitar\u0117 d\u0117l kontrakto prat\u0119simo.<\/p>\n<p>Nuo 2021 met\u0173 \u201e\u017dalgirio\u201c pagrindinei komandai vadovaujantis strategas \u0161iemet 3 kart\u0105 per 4 sezonus su vilnie\u010diais i\u0161kovojo Lietuvos \u010dempion\u0173 titul\u0105.<\/p>\n<p>Po pra\u0117jusi\u0173 met\u0173 \u017ealgirie\u010di\u0173 sud\u0117tyje \u012fvyko nema\u017eai permain\u0173, po kuri\u0173 nedaugelis futbolo ap\u017evalginink\u0173 \u0161\u012f sezon\u0105 mat\u0117 \u201e\u017dalgir\u012f\u201c \u010dempionato vir\u0161\u016bn\u0117je.<\/p>\n<p>\u201ePrie\u0161 sezon\u0105 atrod\u0117, kad m\u016bs\u0173 \u0161ansais tik\u0117jo tik klubo administracija, treneri\u0173 \u0161tabas, \u017eaid\u0117jai ir tie i\u0161tikimiausi m\u016bs\u0173 aistruoliai, kurie visada tiki \u201e\u017dalgiriu\u201c, \u2013 prisimin\u0117 V. \u010ceburinas \u2013 Kuo \u0161is sezonas skirtingas? Kiekvienas sezonas yra kitoks. Atsi\u017evelgiant \u012f pra\u0117jusi\u0173 met\u0173 patirt\u012f \u0161iemet komplektuojant sud\u0117t\u012f atlikome daug darbo atsirinkdami tuos \u017emones, kurie mums reikalingi, kurie gali kartu su mumis kovoti d\u0117l auk\u0161t\u0173 tiksl\u0173. Daug \u017eaid\u0117j\u0173 i\u0161vyko, su kai kuriais i\u0161siskyr\u0117me. Tai buvo 75 proc. nauja komanda.\u201c<\/p>\n<p><span style=\"font-size: 16px;\">Pasak stratego, sezon\u0105 galima \u012fvertinti kaip s\u0117kming\u0105 d\u0117l i\u0161kovoto \u010dempion\u0173 titulo, bet buvo ir nusivylim\u0173: \u201eNepasisek\u0117 Europoje, ta\u010diau tam yra sav\u0173 prie\u017eas\u010di\u0173. \u017daid\u0117jams esu d\u0117kingas u\u017e t\u0105 kov\u0105 Kipre \u017eaid\u017eiant beveik visas rungtynes ma\u017eumoje. Tai n\u0117ra lengva, i\u0161ties labai sunku. \u0160\u012f sezon\u0105 t\u0173 minus\u0173 buvo \u2013 d\u0117l taur\u0117s, d\u0117l Europos. Kit\u0105met stengsim\u0117s pasirodyti geriau.\u201c<\/span><\/p>\n<p><img loading=\"lazy\" decoding=\"async\" class=\"wp-image-16419\" src=\"https:\/\/fkzalgiris.lt\/wp-content\/uploads\/2024\/12\/20240724_Alfredas_Pliadis_DSC_7577-1024x683.jpg\" alt=\"\" width=\"650\" height=\"433\" srcset=\"https:\/\/fkzalgiris.lt\/wp-content\/uploads\/2024\/12\/20240724_Alfredas_Pliadis_DSC_7577-1024x683.jpg 1024w, https:\/\/fkzalgiris.lt\/wp-content\/uploads\/2024\/12\/20240724_Alfredas_Pliadis_DSC_7577-300x200.jpg 300w, https:\/\/fkzalgiris.lt\/wp-content\/uploads\/2024\/12\/20240724_Alfredas_Pliadis_DSC_7577-768x512.jpg 768w, https:\/\/fkzalgiris.lt\/wp-content\/uploads\/2024\/12\/20240724_Alfredas_Pliadis_DSC_7577-1536x1024.jpg 1536w, https:\/\/fkzalgiris.lt\/wp-content\/uploads\/2024\/12\/20240724_Alfredas_Pliadis_DSC_7577-2048x1365.jpg 2048w, https:\/\/fkzalgiris.lt\/wp-content\/uploads\/2024\/12\/20240724_Alfredas_Pliadis_DSC_7577-150x100.jpg 150w, https:\/\/fkzalgiris.lt\/wp-content\/uploads\/2024\/12\/20240724_Alfredas_Pliadis_DSC_7577-840x560.jpg 840w, https:\/\/fkzalgiris.lt\/wp-content\/uploads\/2024\/12\/20240724_Alfredas_Pliadis_DSC_7577-570x380.jpg 570w, https:\/\/fkzalgiris.lt\/wp-content\/uploads\/2024\/12\/20240724_Alfredas_Pliadis_DSC_7577-30x20.jpg 30w\" sizes=\"auto, (max-width: 650px) 100vw, 650px\" \/><\/p>\n<p>Vertindamas s\u0117kming\u0105 keli\u0105 link titulo nul\u0117musias prie\u017eastis treneris pa\u017eym\u0117jo kolektyv\u0105: \u201eKertinis dalykas buvo r\u016bbin\u0117, komandin\u0117 dvasia. Atliktas darbas atrenkant \u017eaid\u0117jus pad\u0117jo suburti komand\u0105, kurioje buvo stipri konkurencija, buvo stipri\u0173 \u017eaid\u0117j\u0173. \u017daid\u0117j\u0173, kurie ne tik nor\u0117jo \u017eaisti, bet ir palaik\u0117 komand\u0105, at\u0117j\u0119 \u012f \u201e\u017dalgirio\u201c \u0161eim\u0105 pri\u0117m\u0117 t\u0105 klubo dvasi\u0105, \u0117m\u0117si didel\u0117s atsakomyb\u0117s. Tur\u0117jome \u017eaid\u0117j\u0173 su didele patirtimi auk\u0161\u010diausio lygio klubuose, tur\u0117jome tikr\u0173 profesional\u0173 i\u0161 did\u017eiosios raid\u0117s. Jie myl\u0117jo savo darb\u0105, pri\u0117m\u0117 m\u016bs\u0173 id\u0117jas. Taip, buvo nesusipratim\u0173, reik\u0117jo kurti, koreguoti, styguoti veiksmus. Ta\u010diau jie \u0117jo tuo keliu, \u017eaid\u0117 ir id\u0117jas realizavo aik\u0161t\u0117je. Nor\u0117\u010diau pad\u0117koti \u017eaid\u0117jams u\u017e atsidavim\u0105, profesionalum\u0105. D\u0117koju kapiton\u0173 kolektyvui u\u017e meil\u0119 klubui ir komandos vedim\u0105 \u012f pergales. D\u0117koju klubo administracijai u\u017e tai, kad padar\u0117 prakti\u0161kai visk\u0105, kad \u017eaid\u0117jams b\u016bt\u0173 kuo patogiau atlikti savo darb\u0105. Labai a\u010di\u016b m\u016bs\u0173 aistruoliams. Nepaisant pra\u0117jusi\u0173 met\u0173 jie palaik\u0117 mus kiekvienose rungtyn\u0117se &#8211; nesvarbu kur b\u016btume, kokioje \u0161alyje ar mieste. Taip pat a\u010di\u016b u\u017e param\u0105 Vilniaus miestui, savivaldybei.\u201c<\/p>\n<p>Kartu su trimis anks\u010diau i\u0161kovotais aukso medalius V. \u010ceburinas tapo absoliu\u010diu m\u016bs\u0173 \u0161alies \u010dempionato rekordininku.<\/p>\n<p><img loading=\"lazy\" decoding=\"async\" class=\"alignnone wp-image-16414\" src=\"https:\/\/fkzalgiris.lt\/wp-content\/uploads\/2024\/12\/Ceburin-maike-foto-Elvis-Zaldaris-@elviszaldaris-zaldaris.lt-37-1024x683.jpg\" alt=\"\" width=\"650\" height=\"433\" srcset=\"https:\/\/fkzalgiris.lt\/wp-content\/uploads\/2024\/12\/Ceburin-maike-foto-Elvis-Zaldaris-@elviszaldaris-zaldaris.lt-37-1024x683.jpg 1024w, https:\/\/fkzalgiris.lt\/wp-content\/uploads\/2024\/12\/Ceburin-maike-foto-Elvis-Zaldaris-@elviszaldaris-zaldaris.lt-37-300x200.jpg 300w, https:\/\/fkzalgiris.lt\/wp-content\/uploads\/2024\/12\/Ceburin-maike-foto-Elvis-Zaldaris-@elviszaldaris-zaldaris.lt-37-768x512.jpg 768w, https:\/\/fkzalgiris.lt\/wp-content\/uploads\/2024\/12\/Ceburin-maike-foto-Elvis-Zaldaris-@elviszaldaris-zaldaris.lt-37-1536x1024.jpg 1536w, https:\/\/fkzalgiris.lt\/wp-content\/uploads\/2024\/12\/Ceburin-maike-foto-Elvis-Zaldaris-@elviszaldaris-zaldaris.lt-37-150x100.jpg 150w, https:\/\/fkzalgiris.lt\/wp-content\/uploads\/2024\/12\/Ceburin-maike-foto-Elvis-Zaldaris-@elviszaldaris-zaldaris.lt-37-840x560.jpg 840w, https:\/\/fkzalgiris.lt\/wp-content\/uploads\/2024\/12\/Ceburin-maike-foto-Elvis-Zaldaris-@elviszaldaris-zaldaris.lt-37-570x380.jpg 570w, https:\/\/fkzalgiris.lt\/wp-content\/uploads\/2024\/12\/Ceburin-maike-foto-Elvis-Zaldaris-@elviszaldaris-zaldaris.lt-37-30x20.jpg 30w, https:\/\/fkzalgiris.lt\/wp-content\/uploads\/2024\/12\/Ceburin-maike-foto-Elvis-Zaldaris-@elviszaldaris-zaldaris.lt-37.jpg 2048w\" sizes=\"auto, (max-width: 650px) 100vw, 650px\" \/><\/p>\n<p>Savo trof\u0117j\u0173 kolekcijoje jis taip pat turi 2 LFF taur\u0117s ir 3 LFF Supertaur\u0117s trof\u0117jus.<\/p>\n<p>Vadovaujant V. \u010ceburinui \u017ealgirie\u010diai pirmieji i\u0161 Lietuvos klub\u0173 2022 metais pateko \u012f UEFA turnyr\u0173 pagrindin\u012f etap\u0105.<\/p>\n<p>Paklaustas apie motyvacij\u0105 t\u0119sti darbus ir asmeninius tikslus, treneris pamin\u0117jo nor\u0105 pasiekti dar daugiau tarptautiniame fronte ir darb\u0105 su jaunaisiais \u017eaid\u0117jais i\u0161 klubo akademijos.<\/p>\n<p>\u201eMan didel\u0117 garb\u0117 b\u016bti \u201e\u017dalgirio\u201c dalimi, did\u017eiuojuosi tuo. Pamenu pirm\u0105j\u012f skambut\u012f, kai sutar\u0117me d\u0117l mano atvykimo, tas paliko \u012fsp\u016bd\u012f. \u010cia yra s\u0105lygos darbui, dideli tikslai, noras visuomet tobul\u0117ti, eiti \u012f priek\u012f, realizuoti savo id\u0117jas. J\u0173 turiu daug ir noriu, kad jos virst\u0173 k\u016bnu. Turime bendrus norus \u2013 m\u016bs\u0173 tikslus i\u0161kovoti trof\u0117jus. Taip pat, \u017einoma, yra Europa. Jau buvome Konferencij\u0173 lygoje. Norisi daugiau. Yra motyvacijos kurti, statyti, i\u0161pildyti id\u0117jas ir, ai\u0161ku, pasiekti rezultat\u0105 \u2013 kas yra svarbiausia. Turime tokius aistruolius, kurie gyvena klubiniu futbolu. Be j\u0173 klubas neb\u016bt\u0173 toks, koks yra. Turime akademij\u0105, kuriai galima perduoti savo \u017einias ir patirt\u012f. Konstruojame visk\u0105 taip, kad m\u016bs\u0173 vaikinai gal\u0117t\u0173 papildyti \u201e\u017dalgirio\u201c pagrindin\u0119 komand\u0105, kad jiems \u201e\u017dalgiris\u201c b\u016bt\u0173 \u0161irdyje. Norime ir siekiame, kad jie gaut\u0173 galimyb\u0119 \u017eaisti. Dirbsime kartu, kad \u0161is klubas klest\u0117t\u0173, kad komanda did\u017eiuot\u0173si ne tik Vilnius, bet ir visa Lietuva. Motyvacija didel\u0117. Tikiuosi, kad kit\u0105met tur\u0117sime dar geresnes s\u0105lygas produktyvesniam darbui ir id\u0117j\u0173 \u012fgyvendinimui. Tai irgi motyvuoja trener\u012f. \u017dinoma, treneriui svarbu materialin\u0117s s\u0105lygos, ta\u010diau taip pat svarbu tikslai, kuriuos nori pasiekti gyvenime. Svarbiausia m\u0117gautis tuo k\u0105 darai. Prie\u0161 did\u017ei\u0105sias met\u0173 \u0161ventes visiems visiems linkiu g\u0117rio, laim\u0117s, sveikatos, tur\u0117ti savo tiksl\u0105, tik\u0117ti savimi ir pasiekti pergales\u201c, \u2013 palink\u0117jo V. \u010ceburinas.<\/p>\n<p>\u012e pirm\u0105j\u0105 komandin\u0119 treniruot\u0119 ruo\u0161iantis naujam sezonui \u201e\u017dalgirio\u201c pagrindin\u0117 ekipa planuoja susirinkti sausio antr\u0105j\u0105 savait\u0119.<\/p>\n","protected":false},"excerpt":{"rendered":"<p>Rekordin\u012f trof\u0117j\u0173 skai\u010di\u0173 Lietuvoje sukaup\u0119s treneris Vladimiras \u010ceburinas lieka sostin\u0117je ir toliau treniruos FK \u201e\u017dalgirio\u201c komand\u0105 \u2013 treneris ir klubas susitar\u0117 d\u0117l kontrakto prat\u0119simo. Nuo\u2026<\/p>\n","protected":false},"author":4,"featured_media":0,"comment_status":"closed","ping_status":"closed","sticky":false,"template":"","format":"standard","meta":{"_acf_changed":false,"footnotes":""},"categories":[87],"class_list":["post-16404","post","type-post","status-publish","format-standard","hentry","category-zalgiris"],"acf":[],"yoast_head":"<!-- This site is optimized with the Yoast SEO plugin v26.8 - https:\/\/yoast.com\/product\/yoast-seo-wordpress\/ -->\n<title>Prie \u201e\u017dalgirio\u201c komandos vairo lieka V. \u010ceburinas - FK \u017dalgiris<\/title>\n<meta name=\"robots\" content=\"index, follow, max-snippet:-1, max-image-preview:large, max-video-preview:-1\" \/>\n<link rel=\"canonical\" href=\"https:\/\/fkzalgiris.lt\/prie-zalgirio-komandos-vairo-lieka-v-ceburinas\/\" \/>\n<meta property=\"og:locale\" content=\"lt_LT\" \/>\n<meta property=\"og:type\" content=\"article\" \/>\n<meta property=\"og:title\" content=\"Prie \u201e\u017dalgirio\u201c komandos vairo lieka V. \u010ceburinas - FK \u017dalgiris\" \/>\n<meta property=\"og:description\" content=\"Rekordin\u012f trof\u0117j\u0173 skai\u010di\u0173 Lietuvoje sukaup\u0119s treneris Vladimiras \u010ceburinas lieka sostin\u0117je ir toliau treniruos FK \u201e\u017dalgirio\u201c komand\u0105 \u2013 treneris ir klubas susitar\u0117 d\u0117l kontrakto prat\u0119simo. Nuo\u2026\" \/>\n<meta property=\"og:url\" content=\"https:\/\/fkzalgiris.lt\/prie-zalgirio-komandos-vairo-lieka-v-ceburinas\/\" \/>\n<meta property=\"og:site_name\" content=\"FK \u017dalgiris\" \/>\n<meta property=\"article:publisher\" content=\"https:\/\/www.facebook.com\/fkzalgiris\/\" \/>\n<meta property=\"article:published_time\" content=\"2024-12-23T11:20:48+00:00\" \/>\n<meta property=\"og:image\" content=\"https:\/\/fkzalgiris.lt\/wp-content\/uploads\/2024\/12\/Ceburin-maike-foto-Elvis-Zaldaris-@elviszaldaris-zaldaris.lt-37-1024x683.jpg\" \/>\n\t<meta property=\"og:image:width\" content=\"1024\" \/>\n\t<meta property=\"og:image:height\" content=\"683\" \/>\n\t<meta property=\"og:image:type\" content=\"image\/jpeg\" \/>\n<meta name=\"author\" content=\"J\" \/>\n<meta name=\"twitter:card\" content=\"summary_large_image\" \/>\n<meta name=\"twitter:creator\" content=\"@fkzalgiris\" \/>\n<meta name=\"twitter:site\" content=\"@fkzalgiris\" \/>\n<meta name=\"twitter:label1\" content=\"Written by\" \/>\n\t<meta name=\"twitter:data1\" content=\"J\" \/>\n\t<meta name=\"twitter:label2\" content=\"Est. reading time\" \/>\n\t<meta name=\"twitter:data2\" content=\"4 minut\u0117s\" \/>\n<script type=\"application\/ld+json\" class=\"yoast-schema-graph\">{\"@context\":\"https:\/\/schema.org\",\"@graph\":[{\"@type\":\"Article\",\"@id\":\"https:\/\/fkzalgiris.lt\/prie-zalgirio-komandos-vairo-lieka-v-ceburinas\/#article\",\"isPartOf\":{\"@id\":\"https:\/\/fkzalgiris.lt\/prie-zalgirio-komandos-vairo-lieka-v-ceburinas\/\"},\"author\":{\"name\":\"J\",\"@id\":\"https:\/\/fkzalgiris.lt\/#\/schema\/person\/8604babbba794a7d8767be324a3eaac8\"},\"headline\":\"Prie \u201e\u017dalgirio\u201c komandos vairo lieka V. \u010ceburinas\",\"datePublished\":\"2024-12-23T11:20:48+00:00\",\"mainEntityOfPage\":{\"@id\":\"https:\/\/fkzalgiris.lt\/prie-zalgirio-komandos-vairo-lieka-v-ceburinas\/\"},\"wordCount\":755,\"publisher\":{\"@id\":\"https:\/\/fkzalgiris.lt\/#organization\"},\"image\":{\"@id\":\"https:\/\/fkzalgiris.lt\/prie-zalgirio-komandos-vairo-lieka-v-ceburinas\/#primaryimage\"},\"thumbnailUrl\":\"https:\/\/fkzalgiris.lt\/wp-content\/uploads\/2024\/12\/20240724_Alfredas_Pliadis_DSC_7577-1024x683.jpg\",\"articleSection\":[\"\u017dalgiris\"],\"inLanguage\":\"lt-LT\"},{\"@type\":\"WebPage\",\"@id\":\"https:\/\/fkzalgiris.lt\/prie-zalgirio-komandos-vairo-lieka-v-ceburinas\/\",\"url\":\"https:\/\/fkzalgiris.lt\/prie-zalgirio-komandos-vairo-lieka-v-ceburinas\/\",\"name\":\"Prie \u201e\u017dalgirio\u201c komandos vairo lieka V. \u010ceburinas - FK \u017dalgiris\",\"isPartOf\":{\"@id\":\"https:\/\/fkzalgiris.lt\/#website\"},\"primaryImageOfPage\":{\"@id\":\"https:\/\/fkzalgiris.lt\/prie-zalgirio-komandos-vairo-lieka-v-ceburinas\/#primaryimage\"},\"image\":{\"@id\":\"https:\/\/fkzalgiris.lt\/prie-zalgirio-komandos-vairo-lieka-v-ceburinas\/#primaryimage\"},\"thumbnailUrl\":\"https:\/\/fkzalgiris.lt\/wp-content\/uploads\/2024\/12\/20240724_Alfredas_Pliadis_DSC_7577-1024x683.jpg\",\"datePublished\":\"2024-12-23T11:20:48+00:00\",\"breadcrumb\":{\"@id\":\"https:\/\/fkzalgiris.lt\/prie-zalgirio-komandos-vairo-lieka-v-ceburinas\/#breadcrumb\"},\"inLanguage\":\"lt-LT\",\"potentialAction\":[{\"@type\":\"ReadAction\",\"target\":[\"https:\/\/fkzalgiris.lt\/prie-zalgirio-komandos-vairo-lieka-v-ceburinas\/\"]}]},{\"@type\":\"ImageObject\",\"inLanguage\":\"lt-LT\",\"@id\":\"https:\/\/fkzalgiris.lt\/prie-zalgirio-komandos-vairo-lieka-v-ceburinas\/#primaryimage\",\"url\":\"https:\/\/fkzalgiris.lt\/wp-content\/uploads\/2024\/12\/20240724_Alfredas_Pliadis_DSC_7577.jpg\",\"contentUrl\":\"https:\/\/fkzalgiris.lt\/wp-content\/uploads\/2024\/12\/20240724_Alfredas_Pliadis_DSC_7577.jpg\",\"width\":2060,\"height\":1373,\"caption\":\"2024 07 24. Futbolas - Vilniaus Zalgiris. Fotografas Alfredas Pliadis\"},{\"@type\":\"BreadcrumbList\",\"@id\":\"https:\/\/fkzalgiris.lt\/prie-zalgirio-komandos-vairo-lieka-v-ceburinas\/#breadcrumb\",\"itemListElement\":[{\"@type\":\"ListItem\",\"position\":1,\"name\":\"Home\",\"item\":\"https:\/\/fkzalgiris.lt\/\"},{\"@type\":\"ListItem\",\"position\":2,\"name\":\"Prie \u201e\u017dalgirio\u201c komandos vairo lieka V. \u010ceburinas\"}]},{\"@type\":\"WebSite\",\"@id\":\"https:\/\/fkzalgiris.lt\/#website\",\"url\":\"https:\/\/fkzalgiris.lt\/\",\"name\":\"FK \u017dalgiris\",\"description\":\"oficiali Vilniaus \u201e\u017dalgirio\u201c futbolo klubo svetain\u0117\",\"publisher\":{\"@id\":\"https:\/\/fkzalgiris.lt\/#organization\"},\"potentialAction\":[{\"@type\":\"SearchAction\",\"target\":{\"@type\":\"EntryPoint\",\"urlTemplate\":\"https:\/\/fkzalgiris.lt\/?s={search_term_string}\"},\"query-input\":{\"@type\":\"PropertyValueSpecification\",\"valueRequired\":true,\"valueName\":\"search_term_string\"}}],\"inLanguage\":\"lt-LT\"},{\"@type\":\"Organization\",\"@id\":\"https:\/\/fkzalgiris.lt\/#organization\",\"name\":\"FK \u017dalgiris\",\"url\":\"https:\/\/fkzalgiris.lt\/\",\"logo\":{\"@type\":\"ImageObject\",\"inLanguage\":\"lt-LT\",\"@id\":\"https:\/\/fkzalgiris.lt\/#\/schema\/logo\/image\/\",\"url\":\"https:\/\/fkzalgiris.lt\/wp-content\/uploads\/2024\/01\/horiz-FK-Zalgiris-logo-2015.png\",\"contentUrl\":\"https:\/\/fkzalgiris.lt\/wp-content\/uploads\/2024\/01\/horiz-FK-Zalgiris-logo-2015.png\",\"width\":3073,\"height\":2048,\"caption\":\"FK \u017dalgiris\"},\"image\":{\"@id\":\"https:\/\/fkzalgiris.lt\/#\/schema\/logo\/image\/\"},\"sameAs\":[\"https:\/\/www.facebook.com\/fkzalgiris\/\",\"https:\/\/x.com\/fkzalgiris\",\"https:\/\/www.instagram.com\/fkzalgiris\/\",\"https:\/\/www.youtube.com\/channel\/UC1ag8JLxGirltMUoLlzfZLA\"]},{\"@type\":\"Person\",\"@id\":\"https:\/\/fkzalgiris.lt\/#\/schema\/person\/8604babbba794a7d8767be324a3eaac8\",\"name\":\"J\"}]}<\/script>\n<!-- \/ Yoast SEO plugin. -->","yoast_head_json":{"title":"Prie \u201e\u017dalgirio\u201c komandos vairo lieka V. \u010ceburinas - FK \u017dalgiris","robots":{"index":"index","follow":"follow","max-snippet":"max-snippet:-1","max-image-preview":"max-image-preview:large","max-video-preview":"max-video-preview:-1"},"canonical":"https:\/\/fkzalgiris.lt\/prie-zalgirio-komandos-vairo-lieka-v-ceburinas\/","og_locale":"lt_LT","og_type":"article","og_title":"Prie \u201e\u017dalgirio\u201c komandos vairo lieka V. \u010ceburinas - FK \u017dalgiris","og_description":"Rekordin\u012f trof\u0117j\u0173 skai\u010di\u0173 Lietuvoje sukaup\u0119s treneris Vladimiras \u010ceburinas lieka sostin\u0117je ir toliau treniruos FK \u201e\u017dalgirio\u201c komand\u0105 \u2013 treneris ir klubas susitar\u0117 d\u0117l kontrakto prat\u0119simo. Nuo\u2026","og_url":"https:\/\/fkzalgiris.lt\/prie-zalgirio-komandos-vairo-lieka-v-ceburinas\/","og_site_name":"FK \u017dalgiris","article_publisher":"https:\/\/www.facebook.com\/fkzalgiris\/","article_published_time":"2024-12-23T11:20:48+00:00","og_image":[{"width":1024,"height":683,"url":"https:\/\/fkzalgiris.lt\/wp-content\/uploads\/2024\/12\/Ceburin-maike-foto-Elvis-Zaldaris-@elviszaldaris-zaldaris.lt-37-1024x683.jpg","type":"image\/jpeg"}],"author":"J","twitter_card":"summary_large_image","twitter_creator":"@fkzalgiris","twitter_site":"@fkzalgiris","twitter_misc":{"Written by":"J","Est. reading time":"4 minut\u0117s"},"schema":{"@context":"https:\/\/schema.org","@graph":[{"@type":"Article","@id":"https:\/\/fkzalgiris.lt\/prie-zalgirio-komandos-vairo-lieka-v-ceburinas\/#article","isPartOf":{"@id":"https:\/\/fkzalgiris.lt\/prie-zalgirio-komandos-vairo-lieka-v-ceburinas\/"},"author":{"name":"J","@id":"https:\/\/fkzalgiris.lt\/#\/schema\/person\/8604babbba794a7d8767be324a3eaac8"},"headline":"Prie \u201e\u017dalgirio\u201c komandos vairo lieka V. \u010ceburinas","datePublished":"2024-12-23T11:20:48+00:00","mainEntityOfPage":{"@id":"https:\/\/fkzalgiris.lt\/prie-zalgirio-komandos-vairo-lieka-v-ceburinas\/"},"wordCount":755,"publisher":{"@id":"https:\/\/fkzalgiris.lt\/#organization"},"image":{"@id":"https:\/\/fkzalgiris.lt\/prie-zalgirio-komandos-vairo-lieka-v-ceburinas\/#primaryimage"},"thumbnailUrl":"https:\/\/fkzalgiris.lt\/wp-content\/uploads\/2024\/12\/20240724_Alfredas_Pliadis_DSC_7577-1024x683.jpg","articleSection":["\u017dalgiris"],"inLanguage":"lt-LT"},{"@type":"WebPage","@id":"https:\/\/fkzalgiris.lt\/prie-zalgirio-komandos-vairo-lieka-v-ceburinas\/","url":"https:\/\/fkzalgiris.lt\/prie-zalgirio-komandos-vairo-lieka-v-ceburinas\/","name":"Prie \u201e\u017dalgirio\u201c komandos vairo lieka V. \u010ceburinas - FK \u017dalgiris","isPartOf":{"@id":"https:\/\/fkzalgiris.lt\/#website"},"primaryImageOfPage":{"@id":"https:\/\/fkzalgiris.lt\/prie-zalgirio-komandos-vairo-lieka-v-ceburinas\/#primaryimage"},"image":{"@id":"https:\/\/fkzalgiris.lt\/prie-zalgirio-komandos-vairo-lieka-v-ceburinas\/#primaryimage"},"thumbnailUrl":"https:\/\/fkzalgiris.lt\/wp-content\/uploads\/2024\/12\/20240724_Alfredas_Pliadis_DSC_7577-1024x683.jpg","datePublished":"2024-12-23T11:20:48+00:00","breadcrumb":{"@id":"https:\/\/fkzalgiris.lt\/prie-zalgirio-komandos-vairo-lieka-v-ceburinas\/#breadcrumb"},"inLanguage":"lt-LT","potentialAction":[{"@type":"ReadAction","target":["https:\/\/fkzalgiris.lt\/prie-zalgirio-komandos-vairo-lieka-v-ceburinas\/"]}]},{"@type":"ImageObject","inLanguage":"lt-LT","@id":"https:\/\/fkzalgiris.lt\/prie-zalgirio-komandos-vairo-lieka-v-ceburinas\/#primaryimage","url":"https:\/\/fkzalgiris.lt\/wp-content\/uploads\/2024\/12\/20240724_Alfredas_Pliadis_DSC_7577.jpg","contentUrl":"https:\/\/fkzalgiris.lt\/wp-content\/uploads\/2024\/12\/20240724_Alfredas_Pliadis_DSC_7577.jpg","width":2060,"height":1373,"caption":"2024 07 24. Futbolas - Vilniaus Zalgiris. Fotografas Alfredas Pliadis"},{"@type":"BreadcrumbList","@id":"https:\/\/fkzalgiris.lt\/prie-zalgirio-komandos-vairo-lieka-v-ceburinas\/#breadcrumb","itemListElement":[{"@type":"ListItem","position":1,"name":"Home","item":"https:\/\/fkzalgiris.lt\/"},{"@type":"ListItem","position":2,"name":"Prie \u201e\u017dalgirio\u201c komandos vairo lieka V. \u010ceburinas"}]},{"@type":"WebSite","@id":"https:\/\/fkzalgiris.lt\/#website","url":"https:\/\/fkzalgiris.lt\/","name":"FK \u017dalgiris","description":"oficiali Vilniaus \u201e\u017dalgirio\u201c futbolo klubo svetain\u0117","publisher":{"@id":"https:\/\/fkzalgiris.lt\/#organization"},"potentialAction":[{"@type":"SearchAction","target":{"@type":"EntryPoint","urlTemplate":"https:\/\/fkzalgiris.lt\/?s={search_term_string}"},"query-input":{"@type":"PropertyValueSpecification","valueRequired":true,"valueName":"search_term_string"}}],"inLanguage":"lt-LT"},{"@type":"Organization","@id":"https:\/\/fkzalgiris.lt\/#organization","name":"FK \u017dalgiris","url":"https:\/\/fkzalgiris.lt\/","logo":{"@type":"ImageObject","inLanguage":"lt-LT","@id":"https:\/\/fkzalgiris.lt\/#\/schema\/logo\/image\/","url":"https:\/\/fkzalgiris.lt\/wp-content\/uploads\/2024\/01\/horiz-FK-Zalgiris-logo-2015.png","contentUrl":"https:\/\/fkzalgiris.lt\/wp-content\/uploads\/2024\/01\/horiz-FK-Zalgiris-logo-2015.png","width":3073,"height":2048,"caption":"FK \u017dalgiris"},"image":{"@id":"https:\/\/fkzalgiris.lt\/#\/schema\/logo\/image\/"},"sameAs":["https:\/\/www.facebook.com\/fkzalgiris\/","https:\/\/x.com\/fkzalgiris","https:\/\/www.instagram.com\/fkzalgiris\/","https:\/\/www.youtube.com\/channel\/UC1ag8JLxGirltMUoLlzfZLA"]},{"@type":"Person","@id":"https:\/\/fkzalgiris.lt\/#\/schema\/person\/8604babbba794a7d8767be324a3eaac8","name":"J"}]}},"_links":{"self":[{"href":"https:\/\/fkzalgiris.lt\/api\/wp\/v2\/posts\/16404","targetHints":{"allow":["GET"]}}],"collection":[{"href":"https:\/\/fkzalgiris.lt\/api\/wp\/v2\/posts"}],"about":[{"href":"https:\/\/fkzalgiris.lt\/api\/wp\/v2\/types\/post"}],"author":[{"embeddable":true,"href":"https:\/\/fkzalgiris.lt\/api\/wp\/v2\/users\/4"}],"replies":[{"embeddable":true,"href":"https:\/\/fkzalgiris.lt\/api\/wp\/v2\/comments?post=16404"}],"version-history":[{"count":10,"href":"https:\/\/fkzalgiris.lt\/api\/wp\/v2\/posts\/16404\/revisions"}],"predecessor-version":[{"id":16427,"href":"https:\/\/fkzalgiris.lt\/api\/wp\/v2\/posts\/16404\/revisions\/16427"}],"wp:attachment":[{"href":"https:\/\/fkzalgiris.lt\/api\/wp\/v2\/media?parent=16404"}],"wp:term":[{"taxonomy":"category","embeddable":true,"href":"https:\/\/fkzalgiris.lt\/api\/wp\/v2\/categories?post=16404"}],"curies":[{"name":"wp","href":"https:\/\/api.w.org\/{rel}","templated":true}]}}