{"id":16339,"date":"2024-11-11T16:16:42","date_gmt":"2024-11-11T14:16:42","guid":{"rendered":"https:\/\/fkzalgiris.lt\/?p=16339"},"modified":"2024-11-12T18:19:12","modified_gmt":"2024-11-12T16:19:12","slug":"v-ceburinas-stebime-jaunima","status":"publish","type":"post","link":"https:\/\/fkzalgiris.lt\/v-ceburinas-stebime-jaunima\/","title":{"rendered":"V. \u010ceburinas: \u201eStebime jaunim\u0105\u201c"},"content":{"rendered":"<p>\u201e\u017dalgirio\u201c treneris Vladimiras \u010ceburinas po paskutini\u0173 sezono rungtyni\u0173 pasidalino mintimis apie \u017ei\u016brov\u0173 apsilankym\u0105 stadionuose, jaunimo integracij\u0105 ir komandos lyderius.<\/p>\n<p>Sezono fini\u0161e \u017ealgirie\u010diai \u017eaid\u0117 Tel\u0161iuose, kur susirinko gausiausiai \u017ei\u016brov\u0173. \u201e\u010cempionatas \u0161iemet buvo \u012fdomus. Likus keliems turams buvo nema\u017eai pretendent\u0173 i\u0161kristi i\u0161 lygos. Noriu pad\u0117koti aistruoliams, kad tiek toli vyko m\u016bs\u0173 palaikyti. Visada malonu, ir \u017eaisti komandoms ir patiems \u017ei\u016brovams steb\u0117ti tokias rungtynes, \u2013 kalb\u0117jo treneris \u2013 Galb\u016bt futbolo kokyb\u0119 dar reikt\u0173 pagerinti d\u0117l \u017ei\u016brovo. \u017dinoma, reikia ir dirbti ties \u017ei\u016brov\u0173 pakvietimu. Tam yra vadyba ir visa kita. Ta\u010diau matau, kad Lietuvoje yra mylin\u010di\u0173 futbol\u0105. Tik ne visad gal yra laiko ar galimybi\u0173 ateiti \u012f stadion\u0105. Ta\u010diau futbolas yra m\u0117gstamas.\u201c<\/p>\n<div class=\"embed-responsive embed-responsive-16by9 mb-4\"><iframe title=\"\u010ceburin | Trenerio interviu | Sezono pabaiga | D\u017eiugas - \u017dalgiris\" src=\"https:\/\/www.youtube.com\/embed\/nADWwO5--2s?feature=oembed\" frameborder=\"0\" allow=\"accelerometer; autoplay; clipboard-write; encrypted-media; gyroscope; picture-in-picture; web-share\" referrerpolicy=\"strict-origin-when-cross-origin\" allowfullscreen><\/iframe> <\/div>\n<p>&nbsp;<\/p>\n<p>Rezultatyviausiu \u010dempionato \u017eaid\u0117ju tapo 20 \u012fvar\u010di\u0173 peln\u0119s komandos veteranas Liviu Antalis. \u201eTai ir yra profesionalumas, kai labiausiai reikia. jiems pavyksta ta parodyti. Nerei\u0161kia, kad jie anks\u010diau to nedaro. Ta\u010diau kai sunku, kai b\u016btina, tada tos lyderi\u0173 savyb\u0117s, profesionalo, \u017eaid\u0117jo, \u017emogaus savyb\u0117s atlieka labai didel\u012f vaidmen\u012f.\u201c<\/p>\n<p>Paskutin\u0117se dvejose sezono rungtyn\u0117se aik\u0161t\u0117je pasirod\u0117 16 met\u0173 saugas Karolis Chrustaliovas. \u201eAntr\u0105 kart\u0105 tur\u0117jome jaunuol\u012f aik\u0161t\u0117je. Nors tik sakome, kad jaunuolis. Yra kurie jau pana\u0161aus am\u017eiaus FC \u201eBarcelona\u201c komandoje \u012fsp\u016bdingai \u017eaid\u017eia. Ir mes toki\u0173 norime, ir tikiuosi jie bus. M\u016bs\u0173 u\u017eduotis yra labiau atsi\u017evelgti \u012f akademijos jaunim\u0105. Stebime juos, kontroliuojame, \u012ftraukiame \u012f treniruo\u010di\u0173 proces\u0105. Esant galimybei leid\u017eiame \u012f aik\u0161t\u0119\u201c, \u2013 patikino V. \u010ceburinas.<\/p>\n<p>\u201eTikrai nebuvo min\u010di\u0173 apie debiut\u0105, nesitik\u0117jau. Esu labai laimingas. A\u010di\u016b treneriams u\u017e pasitik\u0117jim\u0105. Sak\u0117 nesijaudinti, nebijoti, ie\u0161koti ilgesni\u0173 perdavim\u0173 \u012f kra\u0161tus. Manau, kad pavyko tikrai neblogai. \u012evykd\u017eiau visas nurodytas u\u017eduotis. Jausimas b\u016bti su komanda tikrai geras, viskas labai patiko. Reikia dirbti toliau\u201c, &#8211; sak\u0117 K. Chrustaliovas.<\/p>\n<div class=\"embed-responsive embed-responsive-16by9 mb-4\"><iframe title=\"Chrustaliov | Interviu | D\u017eiugas - \u017dalgiris\" src=\"https:\/\/www.youtube.com\/embed\/itxHU3Rsb4Q?feature=oembed\" frameborder=\"0\" allow=\"accelerometer; autoplay; clipboard-write; encrypted-media; gyroscope; picture-in-picture; web-share\" referrerpolicy=\"strict-origin-when-cross-origin\" allowfullscreen><\/iframe> <\/div>\n<p>&nbsp;<\/p>\n<p>Sezono pabaigoje \u017ealgirie\u010diai vert\u0117si be keli\u0173 \u017eaid\u0117j\u0173, kurie buvo i\u0161vyk\u0119 \u012f tarptautines rungtynes prie\u0161 \u201eManchester United\u201c, taip pat atstovavo d\u0117l pirmosios vietos kovojan\u010diai B ekipai.<\/p>\n<p>\u201eJaunimo komanda, po pergal\u0117s Velse per abejas rungtynes \u012fveikusi var\u017eovus, nusipeln\u0117 tokio var\u017eovo kaip \u201eManchester United\u201c. Ta patirtis jiems liks visam gyvenimui. \u012esp\u016bd\u017eiai i\u0161 rungtyni\u0173 ten, i\u0161 \u017eaidimo nam\u0173 stadione. Kai kur nepasisek\u0117. Bet suprantame lygi\u0173 skirtum\u0105. Norime, jog ir m\u016bsi\u0161kiai augt\u0173 dalyvaujant tokiuose turnyruose\u201c, \u2013 sak\u0117 strategas.<\/p>\n","protected":false},"excerpt":{"rendered":"<p>\u201e\u017dalgirio\u201c treneris Vladimiras \u010ceburinas po paskutini\u0173 sezono rungtyni\u0173 pasidalino mintimis apie \u017ei\u016brov\u0173 apsilankym\u0105 stadionuose, jaunimo integracij\u0105 ir komandos lyderius. Sezono fini\u0161e \u017ealgirie\u010diai \u017eaid\u0117 Tel\u0161iuose, kur\u2026<\/p>\n","protected":false},"author":4,"featured_media":0,"comment_status":"closed","ping_status":"closed","sticky":false,"template":"","format":"standard","meta":{"_acf_changed":false,"footnotes":""},"categories":[87],"class_list":["post-16339","post","type-post","status-publish","format-standard","hentry","category-zalgiris"],"acf":[],"yoast_head":"<!-- This site is optimized with the Yoast SEO plugin v26.8 - https:\/\/yoast.com\/product\/yoast-seo-wordpress\/ -->\n<title>V. \u010ceburinas: \u201eStebime jaunim\u0105\u201c - FK \u017dalgiris<\/title>\n<meta name=\"robots\" content=\"index, follow, max-snippet:-1, max-image-preview:large, max-video-preview:-1\" \/>\n<link rel=\"canonical\" href=\"https:\/\/fkzalgiris.lt\/v-ceburinas-stebime-jaunima\/\" \/>\n<meta property=\"og:locale\" content=\"lt_LT\" \/>\n<meta property=\"og:type\" content=\"article\" \/>\n<meta property=\"og:title\" content=\"V. \u010ceburinas: \u201eStebime jaunim\u0105\u201c - FK \u017dalgiris\" \/>\n<meta property=\"og:description\" content=\"\u201e\u017dalgirio\u201c treneris Vladimiras \u010ceburinas po paskutini\u0173 sezono rungtyni\u0173 pasidalino mintimis apie \u017ei\u016brov\u0173 apsilankym\u0105 stadionuose, jaunimo integracij\u0105 ir komandos lyderius. Sezono fini\u0161e \u017ealgirie\u010diai \u017eaid\u0117 Tel\u0161iuose, kur\u2026\" \/>\n<meta property=\"og:url\" content=\"https:\/\/fkzalgiris.lt\/v-ceburinas-stebime-jaunima\/\" \/>\n<meta property=\"og:site_name\" content=\"FK \u017dalgiris\" \/>\n<meta property=\"article:publisher\" content=\"https:\/\/www.facebook.com\/fkzalgiris\/\" \/>\n<meta property=\"article:published_time\" content=\"2024-11-11T14:16:42+00:00\" \/>\n<meta property=\"article:modified_time\" content=\"2024-11-12T16:19:12+00:00\" \/>\n<meta property=\"og:image\" content=\"https:\/\/fkzalgiris.lt\/wp-content\/uploads\/2024\/02\/social-horiz_Zalgiris_logo_2024.png\" \/>\n\t<meta property=\"og:image:width\" content=\"3356\" \/>\n\t<meta property=\"og:image:height\" content=\"2259\" \/>\n\t<meta property=\"og:image:type\" content=\"image\/png\" \/>\n<meta name=\"author\" content=\"J\" \/>\n<meta name=\"twitter:card\" content=\"summary_large_image\" \/>\n<meta name=\"twitter:creator\" content=\"@fkzalgiris\" \/>\n<meta name=\"twitter:site\" content=\"@fkzalgiris\" \/>\n<meta name=\"twitter:label1\" content=\"Written by\" \/>\n\t<meta name=\"twitter:data1\" content=\"J\" \/>\n\t<meta name=\"twitter:label2\" content=\"Est. reading time\" \/>\n\t<meta name=\"twitter:data2\" content=\"2 minut\u0117s\" \/>\n<script type=\"application\/ld+json\" class=\"yoast-schema-graph\">{\"@context\":\"https:\/\/schema.org\",\"@graph\":[{\"@type\":\"Article\",\"@id\":\"https:\/\/fkzalgiris.lt\/v-ceburinas-stebime-jaunima\/#article\",\"isPartOf\":{\"@id\":\"https:\/\/fkzalgiris.lt\/v-ceburinas-stebime-jaunima\/\"},\"author\":{\"name\":\"J\",\"@id\":\"https:\/\/fkzalgiris.lt\/#\/schema\/person\/8604babbba794a7d8767be324a3eaac8\"},\"headline\":\"V. \u010ceburinas: \u201eStebime jaunim\u0105\u201c\",\"datePublished\":\"2024-11-11T14:16:42+00:00\",\"dateModified\":\"2024-11-12T16:19:12+00:00\",\"mainEntityOfPage\":{\"@id\":\"https:\/\/fkzalgiris.lt\/v-ceburinas-stebime-jaunima\/\"},\"wordCount\":414,\"publisher\":{\"@id\":\"https:\/\/fkzalgiris.lt\/#organization\"},\"articleSection\":[\"\u017dalgiris\"],\"inLanguage\":\"lt-LT\"},{\"@type\":\"WebPage\",\"@id\":\"https:\/\/fkzalgiris.lt\/v-ceburinas-stebime-jaunima\/\",\"url\":\"https:\/\/fkzalgiris.lt\/v-ceburinas-stebime-jaunima\/\",\"name\":\"V. \u010ceburinas: \u201eStebime jaunim\u0105\u201c - FK \u017dalgiris\",\"isPartOf\":{\"@id\":\"https:\/\/fkzalgiris.lt\/#website\"},\"datePublished\":\"2024-11-11T14:16:42+00:00\",\"dateModified\":\"2024-11-12T16:19:12+00:00\",\"breadcrumb\":{\"@id\":\"https:\/\/fkzalgiris.lt\/v-ceburinas-stebime-jaunima\/#breadcrumb\"},\"inLanguage\":\"lt-LT\",\"potentialAction\":[{\"@type\":\"ReadAction\",\"target\":[\"https:\/\/fkzalgiris.lt\/v-ceburinas-stebime-jaunima\/\"]}]},{\"@type\":\"BreadcrumbList\",\"@id\":\"https:\/\/fkzalgiris.lt\/v-ceburinas-stebime-jaunima\/#breadcrumb\",\"itemListElement\":[{\"@type\":\"ListItem\",\"position\":1,\"name\":\"Home\",\"item\":\"https:\/\/fkzalgiris.lt\/\"},{\"@type\":\"ListItem\",\"position\":2,\"name\":\"V. \u010ceburinas: \u201eStebime jaunim\u0105\u201c\"}]},{\"@type\":\"WebSite\",\"@id\":\"https:\/\/fkzalgiris.lt\/#website\",\"url\":\"https:\/\/fkzalgiris.lt\/\",\"name\":\"FK \u017dalgiris\",\"description\":\"oficiali Vilniaus \u201e\u017dalgirio\u201c futbolo klubo svetain\u0117\",\"publisher\":{\"@id\":\"https:\/\/fkzalgiris.lt\/#organization\"},\"potentialAction\":[{\"@type\":\"SearchAction\",\"target\":{\"@type\":\"EntryPoint\",\"urlTemplate\":\"https:\/\/fkzalgiris.lt\/?s={search_term_string}\"},\"query-input\":{\"@type\":\"PropertyValueSpecification\",\"valueRequired\":true,\"valueName\":\"search_term_string\"}}],\"inLanguage\":\"lt-LT\"},{\"@type\":\"Organization\",\"@id\":\"https:\/\/fkzalgiris.lt\/#organization\",\"name\":\"FK \u017dalgiris\",\"url\":\"https:\/\/fkzalgiris.lt\/\",\"logo\":{\"@type\":\"ImageObject\",\"inLanguage\":\"lt-LT\",\"@id\":\"https:\/\/fkzalgiris.lt\/#\/schema\/logo\/image\/\",\"url\":\"https:\/\/fkzalgiris.lt\/wp-content\/uploads\/2024\/01\/horiz-FK-Zalgiris-logo-2015.png\",\"contentUrl\":\"https:\/\/fkzalgiris.lt\/wp-content\/uploads\/2024\/01\/horiz-FK-Zalgiris-logo-2015.png\",\"width\":3073,\"height\":2048,\"caption\":\"FK \u017dalgiris\"},\"image\":{\"@id\":\"https:\/\/fkzalgiris.lt\/#\/schema\/logo\/image\/\"},\"sameAs\":[\"https:\/\/www.facebook.com\/fkzalgiris\/\",\"https:\/\/x.com\/fkzalgiris\",\"https:\/\/www.instagram.com\/fkzalgiris\/\",\"https:\/\/www.youtube.com\/channel\/UC1ag8JLxGirltMUoLlzfZLA\"]},{\"@type\":\"Person\",\"@id\":\"https:\/\/fkzalgiris.lt\/#\/schema\/person\/8604babbba794a7d8767be324a3eaac8\",\"name\":\"J\"}]}<\/script>\n<!-- \/ Yoast SEO plugin. -->","yoast_head_json":{"title":"V. \u010ceburinas: \u201eStebime jaunim\u0105\u201c - FK \u017dalgiris","robots":{"index":"index","follow":"follow","max-snippet":"max-snippet:-1","max-image-preview":"max-image-preview:large","max-video-preview":"max-video-preview:-1"},"canonical":"https:\/\/fkzalgiris.lt\/v-ceburinas-stebime-jaunima\/","og_locale":"lt_LT","og_type":"article","og_title":"V. \u010ceburinas: \u201eStebime jaunim\u0105\u201c - FK \u017dalgiris","og_description":"\u201e\u017dalgirio\u201c treneris Vladimiras \u010ceburinas po paskutini\u0173 sezono rungtyni\u0173 pasidalino mintimis apie \u017ei\u016brov\u0173 apsilankym\u0105 stadionuose, jaunimo integracij\u0105 ir komandos lyderius. Sezono fini\u0161e \u017ealgirie\u010diai \u017eaid\u0117 Tel\u0161iuose, kur\u2026","og_url":"https:\/\/fkzalgiris.lt\/v-ceburinas-stebime-jaunima\/","og_site_name":"FK \u017dalgiris","article_publisher":"https:\/\/www.facebook.com\/fkzalgiris\/","article_published_time":"2024-11-11T14:16:42+00:00","article_modified_time":"2024-11-12T16:19:12+00:00","og_image":[{"width":3356,"height":2259,"url":"https:\/\/fkzalgiris.lt\/wp-content\/uploads\/2024\/02\/social-horiz_Zalgiris_logo_2024.png","type":"image\/png"}],"author":"J","twitter_card":"summary_large_image","twitter_creator":"@fkzalgiris","twitter_site":"@fkzalgiris","twitter_misc":{"Written by":"J","Est. reading time":"2 minut\u0117s"},"schema":{"@context":"https:\/\/schema.org","@graph":[{"@type":"Article","@id":"https:\/\/fkzalgiris.lt\/v-ceburinas-stebime-jaunima\/#article","isPartOf":{"@id":"https:\/\/fkzalgiris.lt\/v-ceburinas-stebime-jaunima\/"},"author":{"name":"J","@id":"https:\/\/fkzalgiris.lt\/#\/schema\/person\/8604babbba794a7d8767be324a3eaac8"},"headline":"V. \u010ceburinas: \u201eStebime jaunim\u0105\u201c","datePublished":"2024-11-11T14:16:42+00:00","dateModified":"2024-11-12T16:19:12+00:00","mainEntityOfPage":{"@id":"https:\/\/fkzalgiris.lt\/v-ceburinas-stebime-jaunima\/"},"wordCount":414,"publisher":{"@id":"https:\/\/fkzalgiris.lt\/#organization"},"articleSection":["\u017dalgiris"],"inLanguage":"lt-LT"},{"@type":"WebPage","@id":"https:\/\/fkzalgiris.lt\/v-ceburinas-stebime-jaunima\/","url":"https:\/\/fkzalgiris.lt\/v-ceburinas-stebime-jaunima\/","name":"V. \u010ceburinas: \u201eStebime jaunim\u0105\u201c - FK \u017dalgiris","isPartOf":{"@id":"https:\/\/fkzalgiris.lt\/#website"},"datePublished":"2024-11-11T14:16:42+00:00","dateModified":"2024-11-12T16:19:12+00:00","breadcrumb":{"@id":"https:\/\/fkzalgiris.lt\/v-ceburinas-stebime-jaunima\/#breadcrumb"},"inLanguage":"lt-LT","potentialAction":[{"@type":"ReadAction","target":["https:\/\/fkzalgiris.lt\/v-ceburinas-stebime-jaunima\/"]}]},{"@type":"BreadcrumbList","@id":"https:\/\/fkzalgiris.lt\/v-ceburinas-stebime-jaunima\/#breadcrumb","itemListElement":[{"@type":"ListItem","position":1,"name":"Home","item":"https:\/\/fkzalgiris.lt\/"},{"@type":"ListItem","position":2,"name":"V. \u010ceburinas: \u201eStebime jaunim\u0105\u201c"}]},{"@type":"WebSite","@id":"https:\/\/fkzalgiris.lt\/#website","url":"https:\/\/fkzalgiris.lt\/","name":"FK \u017dalgiris","description":"oficiali Vilniaus \u201e\u017dalgirio\u201c futbolo klubo svetain\u0117","publisher":{"@id":"https:\/\/fkzalgiris.lt\/#organization"},"potentialAction":[{"@type":"SearchAction","target":{"@type":"EntryPoint","urlTemplate":"https:\/\/fkzalgiris.lt\/?s={search_term_string}"},"query-input":{"@type":"PropertyValueSpecification","valueRequired":true,"valueName":"search_term_string"}}],"inLanguage":"lt-LT"},{"@type":"Organization","@id":"https:\/\/fkzalgiris.lt\/#organization","name":"FK \u017dalgiris","url":"https:\/\/fkzalgiris.lt\/","logo":{"@type":"ImageObject","inLanguage":"lt-LT","@id":"https:\/\/fkzalgiris.lt\/#\/schema\/logo\/image\/","url":"https:\/\/fkzalgiris.lt\/wp-content\/uploads\/2024\/01\/horiz-FK-Zalgiris-logo-2015.png","contentUrl":"https:\/\/fkzalgiris.lt\/wp-content\/uploads\/2024\/01\/horiz-FK-Zalgiris-logo-2015.png","width":3073,"height":2048,"caption":"FK \u017dalgiris"},"image":{"@id":"https:\/\/fkzalgiris.lt\/#\/schema\/logo\/image\/"},"sameAs":["https:\/\/www.facebook.com\/fkzalgiris\/","https:\/\/x.com\/fkzalgiris","https:\/\/www.instagram.com\/fkzalgiris\/","https:\/\/www.youtube.com\/channel\/UC1ag8JLxGirltMUoLlzfZLA"]},{"@type":"Person","@id":"https:\/\/fkzalgiris.lt\/#\/schema\/person\/8604babbba794a7d8767be324a3eaac8","name":"J"}]}},"_links":{"self":[{"href":"https:\/\/fkzalgiris.lt\/api\/wp\/v2\/posts\/16339","targetHints":{"allow":["GET"]}}],"collection":[{"href":"https:\/\/fkzalgiris.lt\/api\/wp\/v2\/posts"}],"about":[{"href":"https:\/\/fkzalgiris.lt\/api\/wp\/v2\/types\/post"}],"author":[{"embeddable":true,"href":"https:\/\/fkzalgiris.lt\/api\/wp\/v2\/users\/4"}],"replies":[{"embeddable":true,"href":"https:\/\/fkzalgiris.lt\/api\/wp\/v2\/comments?post=16339"}],"version-history":[{"count":4,"href":"https:\/\/fkzalgiris.lt\/api\/wp\/v2\/posts\/16339\/revisions"}],"predecessor-version":[{"id":16344,"href":"https:\/\/fkzalgiris.lt\/api\/wp\/v2\/posts\/16339\/revisions\/16344"}],"wp:attachment":[{"href":"https:\/\/fkzalgiris.lt\/api\/wp\/v2\/media?parent=16339"}],"wp:term":[{"taxonomy":"category","embeddable":true,"href":"https:\/\/fkzalgiris.lt\/api\/wp\/v2\/categories?post=16339"}],"curies":[{"name":"wp","href":"https:\/\/api.w.org\/{rel}","templated":true}]}}