{"id":16311,"date":"2024-11-06T20:50:21","date_gmt":"2024-11-06T18:50:21","guid":{"rendered":"https:\/\/fkzalgiris.lt\/?p=16311"},"modified":"2024-11-06T20:50:52","modified_gmt":"2024-11-06T18:50:52","slug":"du-p-golubicko-ivarciai-padejo-iveikti-siaulius","status":"publish","type":"post","link":"https:\/\/fkzalgiris.lt\/du-p-golubicko-ivarciai-padejo-iveikti-siaulius\/","title":{"rendered":"Du P. Golubicko \u012fvar\u010diai pad\u0117jo \u012fveikti \u201e\u0160iaulius\u201c"},"content":{"rendered":"<p>Paskutin\u0117se sezono nam\u0173 rungtyn\u0117se \u201e\u017dalgiris\u201c u\u017etikrintai \u012fveik\u0117 \u201e\u0160iauli\u0173\u201c komand\u0105 rezultatu 3:1.<\/p>\n<p>Atid\u0117toje dvikovoje du \u012fvar\u010dius \u017ealgirie\u010diams peln\u0117 Paulius Golubickas, kart\u0105 pasi\u017eym\u0117jo Liviu Antalis. \u0160iaulie\u010di\u0173 gretose \u012fvart\u012f peln\u0117 Davis Ikaunieks.<\/p>\n<p>\u012e \u201e\u017dalgirio\u201c starto vienuoliktuk\u0105 gr\u012f\u017eo Y. Zahary ir N. Mihajlovi\u010dius, o vartuose debiutavo D. Markovi\u010dius. D\u0117l ligos komandai negal\u0117jo pad\u0117ti A. Hod\u017ei\u010dius.<\/p>\n<p>Komandos nuo rungtyni\u0173 prad\u017eios atakavo aktyviai ir keit\u0117si pavojingais i\u0161puoliais.<\/p>\n<p>19 min. krito pirmasis \u012fvartis. U\u017e pra\u017eang\u0105 prie\u0161 P. Golubick\u0105 skirt\u0105 baudin\u012f realizavo L. Antalis.<\/p>\n<p>32 min. po J. Bopesu perdavimo i\u0161 kra\u0161to P. Golubickas i\u0161 arti pasiunt\u0117 kamuol\u012f \u012f vartus.<\/p>\n<p>Abiej\u0173 komand\u0173 vartininkai tur\u0117jo nema\u017eai darb\u0173, o labiausiai i\u0161siskyr\u0117 35 min., kai E. Jankauskas pab\u0117go vienas prie\u0161 vien\u0105, bet jo sm\u016bg\u012f atmu\u0161\u0117 D. Markovi\u010dius.<\/p>\n<p>39 min. po J. Kendy\u0161o pra\u017eangos prie\u0161 D. Kazlausk\u0105 buvo skirtas baudinys, kur\u012f realizavo \u201e\u0160iauli\u0173\u201c puol\u0117jas D. Ikaunieks.<\/p>\n<p>Antrojo k\u0117linio prad\u017eioje var\u017eovo galva sm\u016bgiuot\u0105 kamuol\u012f nuo linijos \u012fsp\u016bdingai atmu\u0161\u0117 D. Markovi\u010dius.<\/p>\n<p>Po dviej\u0173 minu\u010di\u0173 kitoje aik\u0161t\u0117s pus\u0117je po J. Bopesu sm\u016bgio kamuolys pataik\u0117 \u012f virpst\u0105.<\/p>\n<p>55 min. vartus v\u0117l puikiai apsaugojo D. Markovi\u010dius, o 60 min. krito tre\u010diasis \u012fvartis. \u0160\u012f kart\u0105 po J. Bopesu perdavimo P. Golubickas dvikovoje su gyn\u0117ju prie tolimojo virpsto pirmiau ky\u0161tel\u0117jo koj\u0105 ir \u012fmu\u0161\u0117 \u012f tu\u0161\u010dius vartus.<\/p>\n<p>Paskutines sezono rungtynes vilnie\u010diai \u017eais \u0161e\u0161tadien\u012f, lapkri\u010dio 9 d. Tel\u0161iuose.<\/p>\n","protected":false},"excerpt":{"rendered":"<p>Paskutin\u0117se sezono nam\u0173 rungtyn\u0117se \u201e\u017dalgiris\u201c u\u017etikrintai \u012fveik\u0117 \u201e\u0160iauli\u0173\u201c komand\u0105 rezultatu 3:1. Atid\u0117toje dvikovoje du \u012fvar\u010dius \u017ealgirie\u010diams peln\u0117 Paulius Golubickas, kart\u0105 pasi\u017eym\u0117jo Liviu Antalis. \u0160iaulie\u010di\u0173 gretose\u2026<\/p>\n","protected":false},"author":4,"featured_media":0,"comment_status":"closed","ping_status":"closed","sticky":false,"template":"","format":"standard","meta":{"_acf_changed":false,"footnotes":""},"categories":[87],"class_list":["post-16311","post","type-post","status-publish","format-standard","hentry","category-zalgiris"],"acf":[],"yoast_head":"<!-- This site is optimized with the Yoast SEO plugin v26.8 - https:\/\/yoast.com\/product\/yoast-seo-wordpress\/ -->\n<title>Du P. Golubicko \u012fvar\u010diai pad\u0117jo \u012fveikti \u201e\u0160iaulius\u201c - FK \u017dalgiris<\/title>\n<meta name=\"robots\" content=\"index, follow, max-snippet:-1, max-image-preview:large, max-video-preview:-1\" \/>\n<link rel=\"canonical\" href=\"https:\/\/fkzalgiris.lt\/du-p-golubicko-ivarciai-padejo-iveikti-siaulius\/\" \/>\n<meta property=\"og:locale\" content=\"lt_LT\" \/>\n<meta property=\"og:type\" content=\"article\" \/>\n<meta property=\"og:title\" content=\"Du P. Golubicko \u012fvar\u010diai pad\u0117jo \u012fveikti \u201e\u0160iaulius\u201c - FK \u017dalgiris\" \/>\n<meta property=\"og:description\" content=\"Paskutin\u0117se sezono nam\u0173 rungtyn\u0117se \u201e\u017dalgiris\u201c u\u017etikrintai \u012fveik\u0117 \u201e\u0160iauli\u0173\u201c komand\u0105 rezultatu 3:1. Atid\u0117toje dvikovoje du \u012fvar\u010dius \u017ealgirie\u010diams peln\u0117 Paulius Golubickas, kart\u0105 pasi\u017eym\u0117jo Liviu Antalis. \u0160iaulie\u010di\u0173 gretose\u2026\" \/>\n<meta property=\"og:url\" content=\"https:\/\/fkzalgiris.lt\/du-p-golubicko-ivarciai-padejo-iveikti-siaulius\/\" \/>\n<meta property=\"og:site_name\" content=\"FK \u017dalgiris\" \/>\n<meta property=\"article:publisher\" content=\"https:\/\/www.facebook.com\/fkzalgiris\/\" \/>\n<meta property=\"article:published_time\" content=\"2024-11-06T18:50:21+00:00\" \/>\n<meta property=\"article:modified_time\" content=\"2024-11-06T18:50:52+00:00\" \/>\n<meta property=\"og:image\" content=\"https:\/\/fkzalgiris.lt\/wp-content\/uploads\/2024\/02\/social-horiz_Zalgiris_logo_2024.png\" \/>\n\t<meta property=\"og:image:width\" content=\"3356\" \/>\n\t<meta property=\"og:image:height\" content=\"2259\" \/>\n\t<meta property=\"og:image:type\" content=\"image\/png\" \/>\n<meta name=\"author\" content=\"J\" \/>\n<meta name=\"twitter:card\" content=\"summary_large_image\" \/>\n<meta name=\"twitter:creator\" content=\"@fkzalgiris\" \/>\n<meta name=\"twitter:site\" content=\"@fkzalgiris\" \/>\n<meta name=\"twitter:label1\" content=\"Written by\" \/>\n\t<meta name=\"twitter:data1\" content=\"J\" \/>\n\t<meta name=\"twitter:label2\" content=\"Est. reading time\" \/>\n\t<meta name=\"twitter:data2\" content=\"2 minut\u0117s\" \/>\n<script type=\"application\/ld+json\" class=\"yoast-schema-graph\">{\"@context\":\"https:\/\/schema.org\",\"@graph\":[{\"@type\":\"Article\",\"@id\":\"https:\/\/fkzalgiris.lt\/du-p-golubicko-ivarciai-padejo-iveikti-siaulius\/#article\",\"isPartOf\":{\"@id\":\"https:\/\/fkzalgiris.lt\/du-p-golubicko-ivarciai-padejo-iveikti-siaulius\/\"},\"author\":{\"name\":\"J\",\"@id\":\"https:\/\/fkzalgiris.lt\/#\/schema\/person\/8604babbba794a7d8767be324a3eaac8\"},\"headline\":\"Du P. Golubicko \u012fvar\u010diai pad\u0117jo \u012fveikti \u201e\u0160iaulius\u201c\",\"datePublished\":\"2024-11-06T18:50:21+00:00\",\"dateModified\":\"2024-11-06T18:50:52+00:00\",\"mainEntityOfPage\":{\"@id\":\"https:\/\/fkzalgiris.lt\/du-p-golubicko-ivarciai-padejo-iveikti-siaulius\/\"},\"wordCount\":256,\"publisher\":{\"@id\":\"https:\/\/fkzalgiris.lt\/#organization\"},\"articleSection\":[\"\u017dalgiris\"],\"inLanguage\":\"lt-LT\"},{\"@type\":\"WebPage\",\"@id\":\"https:\/\/fkzalgiris.lt\/du-p-golubicko-ivarciai-padejo-iveikti-siaulius\/\",\"url\":\"https:\/\/fkzalgiris.lt\/du-p-golubicko-ivarciai-padejo-iveikti-siaulius\/\",\"name\":\"Du P. Golubicko \u012fvar\u010diai pad\u0117jo \u012fveikti \u201e\u0160iaulius\u201c - FK \u017dalgiris\",\"isPartOf\":{\"@id\":\"https:\/\/fkzalgiris.lt\/#website\"},\"datePublished\":\"2024-11-06T18:50:21+00:00\",\"dateModified\":\"2024-11-06T18:50:52+00:00\",\"breadcrumb\":{\"@id\":\"https:\/\/fkzalgiris.lt\/du-p-golubicko-ivarciai-padejo-iveikti-siaulius\/#breadcrumb\"},\"inLanguage\":\"lt-LT\",\"potentialAction\":[{\"@type\":\"ReadAction\",\"target\":[\"https:\/\/fkzalgiris.lt\/du-p-golubicko-ivarciai-padejo-iveikti-siaulius\/\"]}]},{\"@type\":\"BreadcrumbList\",\"@id\":\"https:\/\/fkzalgiris.lt\/du-p-golubicko-ivarciai-padejo-iveikti-siaulius\/#breadcrumb\",\"itemListElement\":[{\"@type\":\"ListItem\",\"position\":1,\"name\":\"Home\",\"item\":\"https:\/\/fkzalgiris.lt\/\"},{\"@type\":\"ListItem\",\"position\":2,\"name\":\"Du P. Golubicko \u012fvar\u010diai pad\u0117jo \u012fveikti \u201e\u0160iaulius\u201c\"}]},{\"@type\":\"WebSite\",\"@id\":\"https:\/\/fkzalgiris.lt\/#website\",\"url\":\"https:\/\/fkzalgiris.lt\/\",\"name\":\"FK \u017dalgiris\",\"description\":\"oficiali Vilniaus \u201e\u017dalgirio\u201c futbolo klubo svetain\u0117\",\"publisher\":{\"@id\":\"https:\/\/fkzalgiris.lt\/#organization\"},\"potentialAction\":[{\"@type\":\"SearchAction\",\"target\":{\"@type\":\"EntryPoint\",\"urlTemplate\":\"https:\/\/fkzalgiris.lt\/?s={search_term_string}\"},\"query-input\":{\"@type\":\"PropertyValueSpecification\",\"valueRequired\":true,\"valueName\":\"search_term_string\"}}],\"inLanguage\":\"lt-LT\"},{\"@type\":\"Organization\",\"@id\":\"https:\/\/fkzalgiris.lt\/#organization\",\"name\":\"FK \u017dalgiris\",\"url\":\"https:\/\/fkzalgiris.lt\/\",\"logo\":{\"@type\":\"ImageObject\",\"inLanguage\":\"lt-LT\",\"@id\":\"https:\/\/fkzalgiris.lt\/#\/schema\/logo\/image\/\",\"url\":\"https:\/\/fkzalgiris.lt\/wp-content\/uploads\/2024\/01\/horiz-FK-Zalgiris-logo-2015.png\",\"contentUrl\":\"https:\/\/fkzalgiris.lt\/wp-content\/uploads\/2024\/01\/horiz-FK-Zalgiris-logo-2015.png\",\"width\":3073,\"height\":2048,\"caption\":\"FK \u017dalgiris\"},\"image\":{\"@id\":\"https:\/\/fkzalgiris.lt\/#\/schema\/logo\/image\/\"},\"sameAs\":[\"https:\/\/www.facebook.com\/fkzalgiris\/\",\"https:\/\/x.com\/fkzalgiris\",\"https:\/\/www.instagram.com\/fkzalgiris\/\",\"https:\/\/www.youtube.com\/channel\/UC1ag8JLxGirltMUoLlzfZLA\"]},{\"@type\":\"Person\",\"@id\":\"https:\/\/fkzalgiris.lt\/#\/schema\/person\/8604babbba794a7d8767be324a3eaac8\",\"name\":\"J\"}]}<\/script>\n<!-- \/ Yoast SEO plugin. -->","yoast_head_json":{"title":"Du P. Golubicko \u012fvar\u010diai pad\u0117jo \u012fveikti \u201e\u0160iaulius\u201c - FK \u017dalgiris","robots":{"index":"index","follow":"follow","max-snippet":"max-snippet:-1","max-image-preview":"max-image-preview:large","max-video-preview":"max-video-preview:-1"},"canonical":"https:\/\/fkzalgiris.lt\/du-p-golubicko-ivarciai-padejo-iveikti-siaulius\/","og_locale":"lt_LT","og_type":"article","og_title":"Du P. Golubicko \u012fvar\u010diai pad\u0117jo \u012fveikti \u201e\u0160iaulius\u201c - FK \u017dalgiris","og_description":"Paskutin\u0117se sezono nam\u0173 rungtyn\u0117se \u201e\u017dalgiris\u201c u\u017etikrintai \u012fveik\u0117 \u201e\u0160iauli\u0173\u201c komand\u0105 rezultatu 3:1. Atid\u0117toje dvikovoje du \u012fvar\u010dius \u017ealgirie\u010diams peln\u0117 Paulius Golubickas, kart\u0105 pasi\u017eym\u0117jo Liviu Antalis. \u0160iaulie\u010di\u0173 gretose\u2026","og_url":"https:\/\/fkzalgiris.lt\/du-p-golubicko-ivarciai-padejo-iveikti-siaulius\/","og_site_name":"FK \u017dalgiris","article_publisher":"https:\/\/www.facebook.com\/fkzalgiris\/","article_published_time":"2024-11-06T18:50:21+00:00","article_modified_time":"2024-11-06T18:50:52+00:00","og_image":[{"width":3356,"height":2259,"url":"https:\/\/fkzalgiris.lt\/wp-content\/uploads\/2024\/02\/social-horiz_Zalgiris_logo_2024.png","type":"image\/png"}],"author":"J","twitter_card":"summary_large_image","twitter_creator":"@fkzalgiris","twitter_site":"@fkzalgiris","twitter_misc":{"Written by":"J","Est. reading time":"2 minut\u0117s"},"schema":{"@context":"https:\/\/schema.org","@graph":[{"@type":"Article","@id":"https:\/\/fkzalgiris.lt\/du-p-golubicko-ivarciai-padejo-iveikti-siaulius\/#article","isPartOf":{"@id":"https:\/\/fkzalgiris.lt\/du-p-golubicko-ivarciai-padejo-iveikti-siaulius\/"},"author":{"name":"J","@id":"https:\/\/fkzalgiris.lt\/#\/schema\/person\/8604babbba794a7d8767be324a3eaac8"},"headline":"Du P. Golubicko \u012fvar\u010diai pad\u0117jo \u012fveikti \u201e\u0160iaulius\u201c","datePublished":"2024-11-06T18:50:21+00:00","dateModified":"2024-11-06T18:50:52+00:00","mainEntityOfPage":{"@id":"https:\/\/fkzalgiris.lt\/du-p-golubicko-ivarciai-padejo-iveikti-siaulius\/"},"wordCount":256,"publisher":{"@id":"https:\/\/fkzalgiris.lt\/#organization"},"articleSection":["\u017dalgiris"],"inLanguage":"lt-LT"},{"@type":"WebPage","@id":"https:\/\/fkzalgiris.lt\/du-p-golubicko-ivarciai-padejo-iveikti-siaulius\/","url":"https:\/\/fkzalgiris.lt\/du-p-golubicko-ivarciai-padejo-iveikti-siaulius\/","name":"Du P. Golubicko \u012fvar\u010diai pad\u0117jo \u012fveikti \u201e\u0160iaulius\u201c - FK \u017dalgiris","isPartOf":{"@id":"https:\/\/fkzalgiris.lt\/#website"},"datePublished":"2024-11-06T18:50:21+00:00","dateModified":"2024-11-06T18:50:52+00:00","breadcrumb":{"@id":"https:\/\/fkzalgiris.lt\/du-p-golubicko-ivarciai-padejo-iveikti-siaulius\/#breadcrumb"},"inLanguage":"lt-LT","potentialAction":[{"@type":"ReadAction","target":["https:\/\/fkzalgiris.lt\/du-p-golubicko-ivarciai-padejo-iveikti-siaulius\/"]}]},{"@type":"BreadcrumbList","@id":"https:\/\/fkzalgiris.lt\/du-p-golubicko-ivarciai-padejo-iveikti-siaulius\/#breadcrumb","itemListElement":[{"@type":"ListItem","position":1,"name":"Home","item":"https:\/\/fkzalgiris.lt\/"},{"@type":"ListItem","position":2,"name":"Du P. Golubicko \u012fvar\u010diai pad\u0117jo \u012fveikti \u201e\u0160iaulius\u201c"}]},{"@type":"WebSite","@id":"https:\/\/fkzalgiris.lt\/#website","url":"https:\/\/fkzalgiris.lt\/","name":"FK \u017dalgiris","description":"oficiali Vilniaus \u201e\u017dalgirio\u201c futbolo klubo svetain\u0117","publisher":{"@id":"https:\/\/fkzalgiris.lt\/#organization"},"potentialAction":[{"@type":"SearchAction","target":{"@type":"EntryPoint","urlTemplate":"https:\/\/fkzalgiris.lt\/?s={search_term_string}"},"query-input":{"@type":"PropertyValueSpecification","valueRequired":true,"valueName":"search_term_string"}}],"inLanguage":"lt-LT"},{"@type":"Organization","@id":"https:\/\/fkzalgiris.lt\/#organization","name":"FK \u017dalgiris","url":"https:\/\/fkzalgiris.lt\/","logo":{"@type":"ImageObject","inLanguage":"lt-LT","@id":"https:\/\/fkzalgiris.lt\/#\/schema\/logo\/image\/","url":"https:\/\/fkzalgiris.lt\/wp-content\/uploads\/2024\/01\/horiz-FK-Zalgiris-logo-2015.png","contentUrl":"https:\/\/fkzalgiris.lt\/wp-content\/uploads\/2024\/01\/horiz-FK-Zalgiris-logo-2015.png","width":3073,"height":2048,"caption":"FK \u017dalgiris"},"image":{"@id":"https:\/\/fkzalgiris.lt\/#\/schema\/logo\/image\/"},"sameAs":["https:\/\/www.facebook.com\/fkzalgiris\/","https:\/\/x.com\/fkzalgiris","https:\/\/www.instagram.com\/fkzalgiris\/","https:\/\/www.youtube.com\/channel\/UC1ag8JLxGirltMUoLlzfZLA"]},{"@type":"Person","@id":"https:\/\/fkzalgiris.lt\/#\/schema\/person\/8604babbba794a7d8767be324a3eaac8","name":"J"}]}},"_links":{"self":[{"href":"https:\/\/fkzalgiris.lt\/api\/wp\/v2\/posts\/16311","targetHints":{"allow":["GET"]}}],"collection":[{"href":"https:\/\/fkzalgiris.lt\/api\/wp\/v2\/posts"}],"about":[{"href":"https:\/\/fkzalgiris.lt\/api\/wp\/v2\/types\/post"}],"author":[{"embeddable":true,"href":"https:\/\/fkzalgiris.lt\/api\/wp\/v2\/users\/4"}],"replies":[{"embeddable":true,"href":"https:\/\/fkzalgiris.lt\/api\/wp\/v2\/comments?post=16311"}],"version-history":[{"count":2,"href":"https:\/\/fkzalgiris.lt\/api\/wp\/v2\/posts\/16311\/revisions"}],"predecessor-version":[{"id":16314,"href":"https:\/\/fkzalgiris.lt\/api\/wp\/v2\/posts\/16311\/revisions\/16314"}],"wp:attachment":[{"href":"https:\/\/fkzalgiris.lt\/api\/wp\/v2\/media?parent=16311"}],"wp:term":[{"taxonomy":"category","embeddable":true,"href":"https:\/\/fkzalgiris.lt\/api\/wp\/v2\/categories?post=16311"}],"curies":[{"name":"wp","href":"https:\/\/api.w.org\/{rel}","templated":true}]}}