{"id":16035,"date":"2024-10-02T00:23:50","date_gmt":"2024-10-01T21:23:50","guid":{"rendered":"https:\/\/fkzalgiris.lt\/?p=16035"},"modified":"2024-10-02T19:40:58","modified_gmt":"2024-10-02T16:40:58","slug":"d-greviskis-galime-ir-mokame-musti-ivarcius-reikia-tiketi","status":"publish","type":"post","link":"https:\/\/fkzalgiris.lt\/d-greviskis-galime-ir-mokame-musti-ivarcius-reikia-tiketi\/","title":{"rendered":"D. Grevi\u0161kis: \u201eParod\u0117me, kad galime ir mokame mu\u0161ti \u012fvar\u010dius\u201c"},"content":{"rendered":"<p>\u201e\u017dalgirio\u201c jaunimo komandos treneris Dainius Grevi\u0161kis po pergal\u0117s prie\u0161 Velso \u010dempionus UEFA Jaunimo lygoje d\u017eiaug\u0117si drausme gynyboje \u012fvar\u010diu gausa ir kalb\u0117jo apie laukian\u010di\u0105 didel\u0119 garb\u0119 bei atsakomyb\u0119 &#8211; akistat\u0105 prie\u0161 Anglijos superklub\u0105.<\/p>\n<p>Pirm\u0105sias rungtynes prie\u0161 \u201eThe New Saints\u201c bendraam\u017eius Vilniuje \u201e\u017dalgiris\u201c laim\u0117jo rezultatu 3:2, o antroje dvikovoje sve\u010diuose i\u0161kovojo triu\u0161kinam\u0105 pergal\u0119 rezultatu 4:0.<\/p>\n<p>\u201eLabai gerai suveik\u0117 rungtyni\u0173 planas. Rungtyni\u0173 prad\u017eia buvo sunkesn\u0117, daugiau gyn\u0117m\u0117s, buvo duobel\u0117. V\u0117liau pavyko gerai i\u0161eiti \u012f kontratakas. I\u0161kent\u0117jome, i\u0161lauk\u0117me savo moment\u0173 ir pavyko \u012fmu\u0161ti du \u012fvar\u010dius. Var\u017eovai \u017eaid\u0117 auk\u0161ta linija, kontratakose pora kart\u0173 pavyko per\u017eaisti vidur\u012f ir \u012fmesti kamuol\u012f \u012f erdv\u0119 P. Maty\u017eonokui, kuris pab\u0117go ir \u012fmu\u0161\u0117, \u2013 apie rungtynes pasakojo D. Grevi\u0161kis. \u2013 Antrajame k\u0117linyje i\u0161\u0117jome ramiai su maksimaliu susikaupimu, ta\u010diau buvo nelengva, buvo auk\u0161tas tempas. Tur\u0117jome tiksl\u0105 \u012fmu\u0161ti tre\u010di\u0105 \u012fvart\u012f ir viskas pavyko kaip i\u0161 vadov\u0117lio. Po pozicin\u0117s atakos sm\u016bgiu i\u0161 16 metr\u0173 vien\u0105 \u012fvart\u012f \u012fmu\u0161\u0117 R. Jansonas, antr\u0105 \u2013 po prasiver\u017eimo kra\u0161tu. Komanda ypa\u010d drausmingai su\u017eaid\u0117 gynyboje, var\u017eovai beveik netur\u0117jo reali\u0173 prog\u0173.\u201c<\/p>\n<p>\u012evar\u010diais pasi\u017eym\u0117jo \u0161\u012f sezon\u0105 vyr\u0173 futbolo patirties \u012fgij\u0119 puol\u0117jai. Pirmajame k\u0117linyje du \u012fvar\u010dius \u012fmu\u0161\u0117 P. Maty\u017eonokas, o antrajame dukart pasi\u017eym\u0117jo R. Jansonas. Pastarasis tris \u012fvar\u010dius peln\u0117 komand\u0173 akistatoje Vilniuje.<\/p>\n<p>\u201eLabai d\u017eiaugiam\u0117s, kad Patrikui pavyko \u012fmu\u0161ti. Nors jam buvo tikrai sunkios rungtyn\u0117s. Tuo momentu, kai labai reik\u0117jo, pavyko i\u0161naudoti jo geriausi\u0105 savyb\u0119 \u2013 greit\u012f prie auk\u0161tos var\u017eov\u0173 gynybos linijos. Pus\u0119 \u012fvar\u010di\u0173 \u017einoma reik\u0117t\u0173 duoti komandos draugams, nes jie gerai i\u0161ved\u0117 \u012f atak\u0105, &#8211; kalb\u0117jo D. Grevi\u0161kis &#8211; Romualdas v\u0117l parod\u0117 savo individual\u0173 meistri\u0161kum\u0105, tur\u0117jo dvi progas ir abi \u012fmu\u0161\u0117 \u2013 kaip auk\u0161to lygio puol\u0117jas. Bendrai per 2 rungtynes \u012fmu\u0161\u0117me 7 \u012fvar\u010dius. Tai rodo, kad galime ir mokame mu\u0161ti \u012fvar\u010dius ir tikr\u0173 futbolo valstybi\u0173 komandoms \u2013 reikia tik\u0117ti.&#8221;<\/p>\n<p>Prie\u0161 pirm\u0105sias komand\u0173 rungtynes \u201e\u017dalgiris\u201c \u0117jo \u012f kov\u0105 su savoti\u0161ka ne\u017einia, nes netur\u0117jo galimybi\u0173 i\u0161vysti var\u017eov\u0173 rungtyni\u0173 ir juos \u012fsivertinti. \u0160\u012f kart\u0105 pasiruo\u0161imas buvo daug efektyvesnis.<\/p>\n<p>\u201eKomanda puikiai bendravo iki rungtyni\u0173. Daug kalb\u0117jom\u0117s apie komandi\u0161kum\u0105, charakter\u012f. Buvo labai daug analizi\u0173. Gynyboje pakeit\u0117me kelet\u0105 dalyk\u0173 \u2013 nenaudojome auk\u0161to presingo, band\u0117me pasyviai stumti var\u017eovus \u012f kra\u0161t\u0105. Var\u017eovai tur\u0117jo labai greit\u0173 \u017eaid\u0117j\u0173. Vienas i\u0161 j\u0173 \u2013 \u201eManchester United\u201c akademijos aukl\u0117tinis. I\u0161 prad\u017ei\u0173 buvo sunkiau, bet v\u0117liau visgi pavyko juos neutralizuoti. Pagrindinis dalykas \u2013 tur\u0117jome kent\u0117ti ir laikytis \u017eaidybinio plano\u201c, \u2013 sak\u0117 treneris.<\/p>\n<p>I\u0161kovotos pergal\u0117s prizas \u2013 dvikova prie\u0161 \u201eManchester United\u201c klubo jaunim\u0105. \u201eTai istorinis pasiekimas. Prie\u0161 rungtynes sakiau vaikinams \u2013 m\u0117gaukit\u0117s kiekviena akimirka, m\u0117gaukit\u0117s futbolu ir viskas bus gerai. Visi visk\u0105 i\u0161girdo. Kiekvienas \u012fvartis buvo kaip ma\u017eas stebuklas. Atve\u017eti \u012f Lietuv\u0105 \u201eManchester United\u201c \u2013 didelis pasiekimas, garb\u0117 ir atsakomyb\u0117. Labai nor\u0117t\u0173si, kad susirinkt\u0173 pilnas stadionas ir palaikyt\u0173 komand\u0105. Neketiname nuleisti rank\u0173 ir pasiduoti i\u0161 anksto.\u201c<\/p>\n<p>UEFA Jaunimo lygos antrojo etapo rungtyn\u0117s numatytos spalio 23 d. ir lapkri\u010dio 6 dienomis. Pirmosios komand\u0173 rungtyn\u0117s vyks Vilniuje, antrosios \u2013 Anglijoje.<\/p>\n","protected":false},"excerpt":{"rendered":"<p>\u201e\u017dalgirio\u201c jaunimo komandos treneris Dainius Grevi\u0161kis po pergal\u0117s prie\u0161 Velso \u010dempionus UEFA Jaunimo lygoje d\u017eiaug\u0117si drausme gynyboje \u012fvar\u010diu gausa ir kalb\u0117jo apie laukian\u010di\u0105 didel\u0119 garb\u0119\u2026<\/p>\n","protected":false},"author":4,"featured_media":0,"comment_status":"closed","ping_status":"closed","sticky":false,"template":"","format":"standard","meta":{"_acf_changed":false,"footnotes":""},"categories":[87],"class_list":["post-16035","post","type-post","status-publish","format-standard","hentry","category-zalgiris"],"acf":[],"yoast_head":"<!-- This site is optimized with the Yoast SEO plugin v26.8 - https:\/\/yoast.com\/product\/yoast-seo-wordpress\/ -->\n<title>D. Grevi\u0161kis: \u201eParod\u0117me, kad galime ir mokame mu\u0161ti \u012fvar\u010dius\u201c - FK \u017dalgiris<\/title>\n<meta name=\"robots\" content=\"index, follow, max-snippet:-1, max-image-preview:large, max-video-preview:-1\" \/>\n<link rel=\"canonical\" href=\"https:\/\/fkzalgiris.lt\/d-greviskis-galime-ir-mokame-musti-ivarcius-reikia-tiketi\/\" \/>\n<meta property=\"og:locale\" content=\"lt_LT\" \/>\n<meta property=\"og:type\" content=\"article\" \/>\n<meta property=\"og:title\" content=\"D. Grevi\u0161kis: \u201eParod\u0117me, kad galime ir mokame mu\u0161ti \u012fvar\u010dius\u201c - FK \u017dalgiris\" \/>\n<meta property=\"og:description\" content=\"\u201e\u017dalgirio\u201c jaunimo komandos treneris Dainius Grevi\u0161kis po pergal\u0117s prie\u0161 Velso \u010dempionus UEFA Jaunimo lygoje d\u017eiaug\u0117si drausme gynyboje \u012fvar\u010diu gausa ir kalb\u0117jo apie laukian\u010di\u0105 didel\u0119 garb\u0119\u2026\" \/>\n<meta property=\"og:url\" content=\"https:\/\/fkzalgiris.lt\/d-greviskis-galime-ir-mokame-musti-ivarcius-reikia-tiketi\/\" \/>\n<meta property=\"og:site_name\" content=\"FK \u017dalgiris\" \/>\n<meta property=\"article:publisher\" content=\"https:\/\/www.facebook.com\/fkzalgiris\/\" \/>\n<meta property=\"article:published_time\" content=\"2024-10-01T21:23:50+00:00\" \/>\n<meta property=\"article:modified_time\" content=\"2024-10-02T16:40:58+00:00\" \/>\n<meta property=\"og:image\" content=\"https:\/\/fkzalgiris.lt\/wp-content\/uploads\/2024\/10\/foto-Elvis-Zaldaris-@elviszaldaris-zaldaris.lt-96.jpg\" \/>\n\t<meta property=\"og:image:width\" content=\"2048\" \/>\n\t<meta property=\"og:image:height\" content=\"1367\" \/>\n\t<meta property=\"og:image:type\" content=\"image\/jpeg\" \/>\n<meta name=\"author\" content=\"J\" \/>\n<meta name=\"twitter:card\" content=\"summary_large_image\" \/>\n<meta name=\"twitter:creator\" content=\"@fkzalgiris\" \/>\n<meta name=\"twitter:site\" content=\"@fkzalgiris\" \/>\n<meta name=\"twitter:label1\" content=\"Written by\" \/>\n\t<meta name=\"twitter:data1\" content=\"J\" \/>\n\t<meta name=\"twitter:label2\" content=\"Est. reading time\" \/>\n\t<meta name=\"twitter:data2\" content=\"3 minut\u0117s\" \/>\n<script type=\"application\/ld+json\" class=\"yoast-schema-graph\">{\"@context\":\"https:\/\/schema.org\",\"@graph\":[{\"@type\":\"Article\",\"@id\":\"https:\/\/fkzalgiris.lt\/d-greviskis-galime-ir-mokame-musti-ivarcius-reikia-tiketi\/#article\",\"isPartOf\":{\"@id\":\"https:\/\/fkzalgiris.lt\/d-greviskis-galime-ir-mokame-musti-ivarcius-reikia-tiketi\/\"},\"author\":{\"name\":\"J\",\"@id\":\"https:\/\/fkzalgiris.lt\/#\/schema\/person\/8604babbba794a7d8767be324a3eaac8\"},\"headline\":\"D. Grevi\u0161kis: \u201eParod\u0117me, kad galime ir mokame mu\u0161ti \u012fvar\u010dius\u201c\",\"datePublished\":\"2024-10-01T21:23:50+00:00\",\"dateModified\":\"2024-10-02T16:40:58+00:00\",\"mainEntityOfPage\":{\"@id\":\"https:\/\/fkzalgiris.lt\/d-greviskis-galime-ir-mokame-musti-ivarcius-reikia-tiketi\/\"},\"wordCount\":549,\"publisher\":{\"@id\":\"https:\/\/fkzalgiris.lt\/#organization\"},\"articleSection\":[\"\u017dalgiris\"],\"inLanguage\":\"lt-LT\"},{\"@type\":\"WebPage\",\"@id\":\"https:\/\/fkzalgiris.lt\/d-greviskis-galime-ir-mokame-musti-ivarcius-reikia-tiketi\/\",\"url\":\"https:\/\/fkzalgiris.lt\/d-greviskis-galime-ir-mokame-musti-ivarcius-reikia-tiketi\/\",\"name\":\"D. Grevi\u0161kis: \u201eParod\u0117me, kad galime ir mokame mu\u0161ti \u012fvar\u010dius\u201c - FK \u017dalgiris\",\"isPartOf\":{\"@id\":\"https:\/\/fkzalgiris.lt\/#website\"},\"datePublished\":\"2024-10-01T21:23:50+00:00\",\"dateModified\":\"2024-10-02T16:40:58+00:00\",\"breadcrumb\":{\"@id\":\"https:\/\/fkzalgiris.lt\/d-greviskis-galime-ir-mokame-musti-ivarcius-reikia-tiketi\/#breadcrumb\"},\"inLanguage\":\"lt-LT\",\"potentialAction\":[{\"@type\":\"ReadAction\",\"target\":[\"https:\/\/fkzalgiris.lt\/d-greviskis-galime-ir-mokame-musti-ivarcius-reikia-tiketi\/\"]}]},{\"@type\":\"BreadcrumbList\",\"@id\":\"https:\/\/fkzalgiris.lt\/d-greviskis-galime-ir-mokame-musti-ivarcius-reikia-tiketi\/#breadcrumb\",\"itemListElement\":[{\"@type\":\"ListItem\",\"position\":1,\"name\":\"Home\",\"item\":\"https:\/\/fkzalgiris.lt\/\"},{\"@type\":\"ListItem\",\"position\":2,\"name\":\"D. Grevi\u0161kis: \u201eParod\u0117me, kad galime ir mokame mu\u0161ti \u012fvar\u010dius\u201c\"}]},{\"@type\":\"WebSite\",\"@id\":\"https:\/\/fkzalgiris.lt\/#website\",\"url\":\"https:\/\/fkzalgiris.lt\/\",\"name\":\"FK \u017dalgiris\",\"description\":\"oficiali Vilniaus \u201e\u017dalgirio\u201c futbolo klubo svetain\u0117\",\"publisher\":{\"@id\":\"https:\/\/fkzalgiris.lt\/#organization\"},\"potentialAction\":[{\"@type\":\"SearchAction\",\"target\":{\"@type\":\"EntryPoint\",\"urlTemplate\":\"https:\/\/fkzalgiris.lt\/?s={search_term_string}\"},\"query-input\":{\"@type\":\"PropertyValueSpecification\",\"valueRequired\":true,\"valueName\":\"search_term_string\"}}],\"inLanguage\":\"lt-LT\"},{\"@type\":\"Organization\",\"@id\":\"https:\/\/fkzalgiris.lt\/#organization\",\"name\":\"FK \u017dalgiris\",\"url\":\"https:\/\/fkzalgiris.lt\/\",\"logo\":{\"@type\":\"ImageObject\",\"inLanguage\":\"lt-LT\",\"@id\":\"https:\/\/fkzalgiris.lt\/#\/schema\/logo\/image\/\",\"url\":\"https:\/\/fkzalgiris.lt\/wp-content\/uploads\/2024\/01\/horiz-FK-Zalgiris-logo-2015.png\",\"contentUrl\":\"https:\/\/fkzalgiris.lt\/wp-content\/uploads\/2024\/01\/horiz-FK-Zalgiris-logo-2015.png\",\"width\":3073,\"height\":2048,\"caption\":\"FK \u017dalgiris\"},\"image\":{\"@id\":\"https:\/\/fkzalgiris.lt\/#\/schema\/logo\/image\/\"},\"sameAs\":[\"https:\/\/www.facebook.com\/fkzalgiris\/\",\"https:\/\/x.com\/fkzalgiris\",\"https:\/\/www.instagram.com\/fkzalgiris\/\",\"https:\/\/www.youtube.com\/channel\/UC1ag8JLxGirltMUoLlzfZLA\"]},{\"@type\":\"Person\",\"@id\":\"https:\/\/fkzalgiris.lt\/#\/schema\/person\/8604babbba794a7d8767be324a3eaac8\",\"name\":\"J\"}]}<\/script>\n<!-- \/ Yoast SEO plugin. -->","yoast_head_json":{"title":"D. Grevi\u0161kis: \u201eParod\u0117me, kad galime ir mokame mu\u0161ti \u012fvar\u010dius\u201c - FK \u017dalgiris","robots":{"index":"index","follow":"follow","max-snippet":"max-snippet:-1","max-image-preview":"max-image-preview:large","max-video-preview":"max-video-preview:-1"},"canonical":"https:\/\/fkzalgiris.lt\/d-greviskis-galime-ir-mokame-musti-ivarcius-reikia-tiketi\/","og_locale":"lt_LT","og_type":"article","og_title":"D. Grevi\u0161kis: \u201eParod\u0117me, kad galime ir mokame mu\u0161ti \u012fvar\u010dius\u201c - FK \u017dalgiris","og_description":"\u201e\u017dalgirio\u201c jaunimo komandos treneris Dainius Grevi\u0161kis po pergal\u0117s prie\u0161 Velso \u010dempionus UEFA Jaunimo lygoje d\u017eiaug\u0117si drausme gynyboje \u012fvar\u010diu gausa ir kalb\u0117jo apie laukian\u010di\u0105 didel\u0119 garb\u0119\u2026","og_url":"https:\/\/fkzalgiris.lt\/d-greviskis-galime-ir-mokame-musti-ivarcius-reikia-tiketi\/","og_site_name":"FK \u017dalgiris","article_publisher":"https:\/\/www.facebook.com\/fkzalgiris\/","article_published_time":"2024-10-01T21:23:50+00:00","article_modified_time":"2024-10-02T16:40:58+00:00","og_image":[{"width":2048,"height":1367,"url":"https:\/\/fkzalgiris.lt\/wp-content\/uploads\/2024\/10\/foto-Elvis-Zaldaris-@elviszaldaris-zaldaris.lt-96.jpg","type":"image\/jpeg"}],"author":"J","twitter_card":"summary_large_image","twitter_creator":"@fkzalgiris","twitter_site":"@fkzalgiris","twitter_misc":{"Written by":"J","Est. reading time":"3 minut\u0117s"},"schema":{"@context":"https:\/\/schema.org","@graph":[{"@type":"Article","@id":"https:\/\/fkzalgiris.lt\/d-greviskis-galime-ir-mokame-musti-ivarcius-reikia-tiketi\/#article","isPartOf":{"@id":"https:\/\/fkzalgiris.lt\/d-greviskis-galime-ir-mokame-musti-ivarcius-reikia-tiketi\/"},"author":{"name":"J","@id":"https:\/\/fkzalgiris.lt\/#\/schema\/person\/8604babbba794a7d8767be324a3eaac8"},"headline":"D. Grevi\u0161kis: \u201eParod\u0117me, kad galime ir mokame mu\u0161ti \u012fvar\u010dius\u201c","datePublished":"2024-10-01T21:23:50+00:00","dateModified":"2024-10-02T16:40:58+00:00","mainEntityOfPage":{"@id":"https:\/\/fkzalgiris.lt\/d-greviskis-galime-ir-mokame-musti-ivarcius-reikia-tiketi\/"},"wordCount":549,"publisher":{"@id":"https:\/\/fkzalgiris.lt\/#organization"},"articleSection":["\u017dalgiris"],"inLanguage":"lt-LT"},{"@type":"WebPage","@id":"https:\/\/fkzalgiris.lt\/d-greviskis-galime-ir-mokame-musti-ivarcius-reikia-tiketi\/","url":"https:\/\/fkzalgiris.lt\/d-greviskis-galime-ir-mokame-musti-ivarcius-reikia-tiketi\/","name":"D. Grevi\u0161kis: \u201eParod\u0117me, kad galime ir mokame mu\u0161ti \u012fvar\u010dius\u201c - FK \u017dalgiris","isPartOf":{"@id":"https:\/\/fkzalgiris.lt\/#website"},"datePublished":"2024-10-01T21:23:50+00:00","dateModified":"2024-10-02T16:40:58+00:00","breadcrumb":{"@id":"https:\/\/fkzalgiris.lt\/d-greviskis-galime-ir-mokame-musti-ivarcius-reikia-tiketi\/#breadcrumb"},"inLanguage":"lt-LT","potentialAction":[{"@type":"ReadAction","target":["https:\/\/fkzalgiris.lt\/d-greviskis-galime-ir-mokame-musti-ivarcius-reikia-tiketi\/"]}]},{"@type":"BreadcrumbList","@id":"https:\/\/fkzalgiris.lt\/d-greviskis-galime-ir-mokame-musti-ivarcius-reikia-tiketi\/#breadcrumb","itemListElement":[{"@type":"ListItem","position":1,"name":"Home","item":"https:\/\/fkzalgiris.lt\/"},{"@type":"ListItem","position":2,"name":"D. Grevi\u0161kis: \u201eParod\u0117me, kad galime ir mokame mu\u0161ti \u012fvar\u010dius\u201c"}]},{"@type":"WebSite","@id":"https:\/\/fkzalgiris.lt\/#website","url":"https:\/\/fkzalgiris.lt\/","name":"FK \u017dalgiris","description":"oficiali Vilniaus \u201e\u017dalgirio\u201c futbolo klubo svetain\u0117","publisher":{"@id":"https:\/\/fkzalgiris.lt\/#organization"},"potentialAction":[{"@type":"SearchAction","target":{"@type":"EntryPoint","urlTemplate":"https:\/\/fkzalgiris.lt\/?s={search_term_string}"},"query-input":{"@type":"PropertyValueSpecification","valueRequired":true,"valueName":"search_term_string"}}],"inLanguage":"lt-LT"},{"@type":"Organization","@id":"https:\/\/fkzalgiris.lt\/#organization","name":"FK \u017dalgiris","url":"https:\/\/fkzalgiris.lt\/","logo":{"@type":"ImageObject","inLanguage":"lt-LT","@id":"https:\/\/fkzalgiris.lt\/#\/schema\/logo\/image\/","url":"https:\/\/fkzalgiris.lt\/wp-content\/uploads\/2024\/01\/horiz-FK-Zalgiris-logo-2015.png","contentUrl":"https:\/\/fkzalgiris.lt\/wp-content\/uploads\/2024\/01\/horiz-FK-Zalgiris-logo-2015.png","width":3073,"height":2048,"caption":"FK \u017dalgiris"},"image":{"@id":"https:\/\/fkzalgiris.lt\/#\/schema\/logo\/image\/"},"sameAs":["https:\/\/www.facebook.com\/fkzalgiris\/","https:\/\/x.com\/fkzalgiris","https:\/\/www.instagram.com\/fkzalgiris\/","https:\/\/www.youtube.com\/channel\/UC1ag8JLxGirltMUoLlzfZLA"]},{"@type":"Person","@id":"https:\/\/fkzalgiris.lt\/#\/schema\/person\/8604babbba794a7d8767be324a3eaac8","name":"J"}]}},"_links":{"self":[{"href":"https:\/\/fkzalgiris.lt\/api\/wp\/v2\/posts\/16035","targetHints":{"allow":["GET"]}}],"collection":[{"href":"https:\/\/fkzalgiris.lt\/api\/wp\/v2\/posts"}],"about":[{"href":"https:\/\/fkzalgiris.lt\/api\/wp\/v2\/types\/post"}],"author":[{"embeddable":true,"href":"https:\/\/fkzalgiris.lt\/api\/wp\/v2\/users\/4"}],"replies":[{"embeddable":true,"href":"https:\/\/fkzalgiris.lt\/api\/wp\/v2\/comments?post=16035"}],"version-history":[{"count":3,"href":"https:\/\/fkzalgiris.lt\/api\/wp\/v2\/posts\/16035\/revisions"}],"predecessor-version":[{"id":16044,"href":"https:\/\/fkzalgiris.lt\/api\/wp\/v2\/posts\/16035\/revisions\/16044"}],"wp:attachment":[{"href":"https:\/\/fkzalgiris.lt\/api\/wp\/v2\/media?parent=16035"}],"wp:term":[{"taxonomy":"category","embeddable":true,"href":"https:\/\/fkzalgiris.lt\/api\/wp\/v2\/categories?post=16035"}],"curies":[{"name":"wp","href":"https:\/\/api.w.org\/{rel}","templated":true}]}}