{"id":15996,"date":"2024-09-19T19:45:29","date_gmt":"2024-09-19T16:45:29","guid":{"rendered":"https:\/\/fkzalgiris.lt\/?p=15996"},"modified":"2024-09-19T19:49:27","modified_gmt":"2024-09-19T16:49:27","slug":"tris-ivarcius-susapnaves-r-jansonas-jautesi-kaip-cempionu-lyga","status":"publish","type":"post","link":"https:\/\/fkzalgiris.lt\/tris-ivarcius-susapnaves-r-jansonas-jautesi-kaip-cempionu-lyga\/","title":{"rendered":"Tris \u012fvar\u010dius susapnav\u0119s R. Jansonas: \u201eJaut\u0117si kaip \u010cempion\u0173 lyga\u201c"},"content":{"rendered":"<p>Po pergal\u0117s UEFA Jaunimo lygos rungtyn\u0117se \u201e\u017dalgirio\u201c treneris ir \u017eaid\u0117jai kalb\u0117jo apie \u012fsimintinas rungtynes, neeilines emocijas, o tris \u012fvar\u010dius peln\u0119s rungtyni\u0173 herojus atskleid\u0117 savo prana\u0161i\u0161k\u0105 sapn\u0105.<\/p>\n<p>\u201e\u017dalgirio\u201c jaunimo komanda dvikovoje prie\u0161 Velso \u010dempionus \u201eThe New Saints\u201c atsilikin\u0117jo 1:2, ta\u010diau po pertraukos persv\u0117r\u0117 rezultat\u0105 savo naudai ir laim\u0117jo 3:2.<\/p>\n<p>\u201eSenai tokios emocijos bebuvo. Tur\u0117jau kelet\u0105 rungtyni\u0173 prie\u0161 por\u0105 m\u0117nesi\u0173, kai tapome Elitin\u0117s jauni\u0173 lygos \u010dempionais. Bet \u0161itos rungtyn\u0117s i\u0161 ties\u0173 yra tikrai labai labai \u012fsimintinos. Vien k\u0105 rei\u0161kia atmosfera, pralaimin\u0117jant 1:2 gr\u012f\u017eti \u012f rungtynes ir i\u0161kovoti pergal\u0119. Labai laimingas, labai patenkintas\u201c, \u2013 kalb\u0117jo treneris Dainius Grevi\u0161kis.<\/p>\n<p><img loading=\"lazy\" decoding=\"async\" class=\"alignnone wp-image-16000\" src=\"https:\/\/fkzalgiris.lt\/wp-content\/uploads\/2024\/09\/foto-Elvis-Zaldaris-@elviszaldaris-zaldaris.lt-101-1024x683.jpg\" alt=\"\" width=\"650\" height=\"433\" srcset=\"https:\/\/fkzalgiris.lt\/wp-content\/uploads\/2024\/09\/foto-Elvis-Zaldaris-@elviszaldaris-zaldaris.lt-101-1024x683.jpg 1024w, https:\/\/fkzalgiris.lt\/wp-content\/uploads\/2024\/09\/foto-Elvis-Zaldaris-@elviszaldaris-zaldaris.lt-101-300x200.jpg 300w, https:\/\/fkzalgiris.lt\/wp-content\/uploads\/2024\/09\/foto-Elvis-Zaldaris-@elviszaldaris-zaldaris.lt-101-768x512.jpg 768w, https:\/\/fkzalgiris.lt\/wp-content\/uploads\/2024\/09\/foto-Elvis-Zaldaris-@elviszaldaris-zaldaris.lt-101-1536x1024.jpg 1536w, https:\/\/fkzalgiris.lt\/wp-content\/uploads\/2024\/09\/foto-Elvis-Zaldaris-@elviszaldaris-zaldaris.lt-101-150x100.jpg 150w, https:\/\/fkzalgiris.lt\/wp-content\/uploads\/2024\/09\/foto-Elvis-Zaldaris-@elviszaldaris-zaldaris.lt-101-840x560.jpg 840w, https:\/\/fkzalgiris.lt\/wp-content\/uploads\/2024\/09\/foto-Elvis-Zaldaris-@elviszaldaris-zaldaris.lt-101-570x380.jpg 570w, https:\/\/fkzalgiris.lt\/wp-content\/uploads\/2024\/09\/foto-Elvis-Zaldaris-@elviszaldaris-zaldaris.lt-101-30x20.jpg 30w, https:\/\/fkzalgiris.lt\/wp-content\/uploads\/2024\/09\/foto-Elvis-Zaldaris-@elviszaldaris-zaldaris.lt-101.jpg 2048w\" sizes=\"auto, (max-width: 650px) 100vw, 650px\" \/><\/p>\n<p>Anot jo, rungtyni\u0173 prad\u017eia nieko blogo ne\u017ead\u0117jo, bet pirmasis k\u0117linys netik\u0117tai pakrypo nes\u0117kmingai. \u201ePavyko auk\u0161tas spaudimas, ir keletas sm\u016bgi\u0173 vartus, ir pasiektas \u012fvartis. Bet kaip da\u017eniausiai b\u016bna jaunimo futbole \u2013 pameti koncentracij\u0105 viename kitame momente ir var\u017eovai baud\u017eia. Reikia nepamir\u0161ti, vis tiek tai yra Velso \u010dempionai, jie turi ger\u0173, vikri\u0173 \u017eaid\u0117j\u0173, kurie gali b\u0117gti, kurie yra pavojingi ir gali \u012fmu\u0161ti \u012fvart\u012f. B\u016bsime geriau pasiruo\u0161\u0119 kitom rungtyn\u0117ms. Mat\u0117me \u017eaid\u0117j\u0173 stipri\u0105sias pus\u0117s. Tikrai turi atakuojan\u010di\u0173 \u017eaid\u0117j\u0173, greit\u0173, gyn\u0117j\u0173, kurie gali apsiginti. Viskas spr\u0119sis antros rungtyn\u0117se\u201c, \u2013 sak\u0117 treneris.<\/p>\n<p>Komandos kapitono vaidmen\u012f atlik\u0119s Romualdas Jansonas \u012fmu\u0161\u0117 visus tris savo komandos \u012fvar\u010dius. Nakt\u012f prie\u0161 rungtynes t\u0105 pat\u012f jis \u201eatliko\u201c savo sapne.<\/p>\n<p>\u201eD\u017eiaugiam\u0117s, kad pavyko laim\u0117ti. Tikrai daug j\u0117g\u0173 pareikalavo \u0161i pergal\u0117. A\u010di\u016b Dievui, i\u0161trauk\u0117me iki galo, laim\u0117jome. Prie\u0161 \u0161i\u0105 nakt\u012f buvau susapnav\u0119s, kad \u012fmu\u0161iu 3 \u012fvar\u010dius. \u017di\u016br\u0117jau praeit\u0105 vakar\u0105 Man City [dokumentin\u012f] serial\u0105, kai jie laim\u0117jo <em>treble&#8217;\u0105 <\/em>ir ten tikrai buco daug Haalando <em>hat-trick\u0173<\/em> ir ka\u017ekaip i\u0161\u0117jo, kad ir sapne atsirado. Sutapimas. D\u017eiaugiuosi, kad pavyko \u012fmu\u0161ti tris \u012fvar\u010dius. Tikiuosi pavyks ir ten\u201c, \u2013 kalb\u0117jo R. Jansonas.<\/p>\n<p>Kalb\u0117damas apie \u012fvar\u010dius, jis atidav\u0117 duokl\u0119 komandos draugams ir treneriui u\u017e sugalvot\u0105 standartin\u0119 situacij\u0105.<\/p>\n<p>\u201ePrie pirmo \u012fvar\u010dio [Martynas] \u0160etkus padar\u0117 labai didel\u012f ind\u0117l\u012f, sutrauk\u0117 \u017emones prie sav\u0119s, a\u0161 radau tarp\u0105, atliko puik\u0173 perdavim\u0105 pavyko \u012fmu\u0161ti. Antras po kampinio, tai \u2013 trenerio [Justino] Bau\u017eio sugalvotas standartas. Buvome susitik\u0119 prie\u0161 \u0161itas rungtyn\u0117s, \u0161nek\u0117jom apie \u0161it\u0105 standart\u0105. Var\u017eovai tikrai buvo palik\u0119 dideles erdves ir pavyko \u012fmu\u0161ti \u012fvart\u012f i\u0161 to standarto. Tikrai didelis trenerio ind\u0117lis. O tre\u010dias \u012fvartis&#8230; Jau buvau leisgyvis, bet puikus [Vakario] Berentos perdavimas ir pavyko \u012fmu\u0161ti \u012f tu\u0161\u010dius vartus\u201c, \u2013 ai\u0161kino R. Jansonas.<\/p>\n<p><img loading=\"lazy\" decoding=\"async\" class=\"alignnone wp-image-16002\" src=\"https:\/\/fkzalgiris.lt\/wp-content\/uploads\/2024\/09\/foto-Elvis-Zaldaris-@elviszaldaris-zaldaris.lt-110-1024x684.jpg\" alt=\"\" width=\"650\" height=\"434\" srcset=\"https:\/\/fkzalgiris.lt\/wp-content\/uploads\/2024\/09\/foto-Elvis-Zaldaris-@elviszaldaris-zaldaris.lt-110-1024x684.jpg 1024w, https:\/\/fkzalgiris.lt\/wp-content\/uploads\/2024\/09\/foto-Elvis-Zaldaris-@elviszaldaris-zaldaris.lt-110-300x200.jpg 300w, https:\/\/fkzalgiris.lt\/wp-content\/uploads\/2024\/09\/foto-Elvis-Zaldaris-@elviszaldaris-zaldaris.lt-110-768x513.jpg 768w, https:\/\/fkzalgiris.lt\/wp-content\/uploads\/2024\/09\/foto-Elvis-Zaldaris-@elviszaldaris-zaldaris.lt-110-1536x1025.jpg 1536w, https:\/\/fkzalgiris.lt\/wp-content\/uploads\/2024\/09\/foto-Elvis-Zaldaris-@elviszaldaris-zaldaris.lt-110-150x100.jpg 150w, https:\/\/fkzalgiris.lt\/wp-content\/uploads\/2024\/09\/foto-Elvis-Zaldaris-@elviszaldaris-zaldaris.lt-110-840x560.jpg 840w, https:\/\/fkzalgiris.lt\/wp-content\/uploads\/2024\/09\/foto-Elvis-Zaldaris-@elviszaldaris-zaldaris.lt-110-570x380.jpg 570w, https:\/\/fkzalgiris.lt\/wp-content\/uploads\/2024\/09\/foto-Elvis-Zaldaris-@elviszaldaris-zaldaris.lt-110-30x20.jpg 30w, https:\/\/fkzalgiris.lt\/wp-content\/uploads\/2024\/09\/foto-Elvis-Zaldaris-@elviszaldaris-zaldaris.lt-110.jpg 2048w\" sizes=\"auto, (max-width: 650px) 100vw, 650px\" \/><\/p>\n<p>Starto sud\u0117tyje \u0161\u012f kart\u0105 \u017eaid\u0117 ir 15 met\u0173 saugas Benas Bruzga. \u201eLabai d\u017eiaugiam\u0117s kaip komanda. Labai smagu, kad pirmas rungtynes laim\u0117jome. D\u0117l \u017eaidimo \u2013 turime nauj\u0105 komand\u0105, i\u0161 prad\u017ei\u0173, ai\u0161ku, yra sunku \u012fsi\u017eaisti. Bet prie\u0161 antr\u0105j\u012f k\u0117lin\u012f aptar\u0117me m\u016bs\u0173 klaidas, k\u0105 gal\u0117jom padaryti geriau ir t\u0105 i\u0161pild\u0117me aik\u0161t\u0117je, pavyko parodyti rezultat\u0105. Var\u017eov\u0173 komanda nebloga, gerai juda, bet mums \u012fmanoma antrose rungtyn\u0117se juos \u012fveikti. I\u0161 prad\u017ei\u0173 truput\u012f jaudinausi, bet viskas normaliai, po to \u012fsi\u017eaid\u017eiau ir prad\u0117jau geriau jaustis aik\u0161t\u0117je\u201c, \u2013 sak\u0117 jis.<\/p>\n<p>Pasak R. Jansono gavus pylos nuo trenerio antrajame k\u0117linyje pavyko susitvarkyti su jauduliu.<\/p>\n<p>\u201ePer pertrauk\u0105 treneris \u201enudav\u0117\u201c taip liaudi\u0161kai. Pasi\u0161nek\u0117jome, susid\u0117jom ta\u0161kus ant \u201ei\u201c, i\u0161\u0117jom ir kov\u0117m\u0117s. Galb\u016bt truput\u012f pirmam k\u0117linyje buvo \u0161iek tiek jaudulio, bet antrame jau visi nusiramino, prad\u0117jo \u017eaisti futbol\u0105. Kaip i\u0161\u0117jom i\u0161 gynybos, kokios kombinacijos&#8230;. Mes prisimin\u0117m, kad nereikia vargti \u017eaid\u017eiant futbol\u0105, reikia \u017eaisti futbol\u0105. Tikrai pavyko daug gra\u017ei\u0173 atak\u0173 ir d\u0117l to sumu\u0161\u0117me \u012fvar\u010dius, antr\u0105j\u012f k\u0117lin\u012f laim\u0117jome\u201c, \u2013 sak\u0117 puol\u0117jas.<\/p>\n<p>\u201eDideli\u0173 pakeitim\u0173 nedar\u0117me, \u017eaid\u0117jams su treneriu \u0161tabu pamin\u0117jau por\u0105 niuans\u0173. Bet esminis rungtyni\u0173 momentas buvo tas, kad komanda i\u0161\u0117jus po pertraukos i\u0161girdo \u017eod\u017eius, k\u0105 nor\u0117jau pasakyti, kad tur\u0117jom parodyti charakter\u012f. Tas toks nuvalkiotas \u017eodis, bet jie i\u0161girdo ir patys puikiai mat\u0117te, koks rezultatas i\u0161\u0117jo\u201c, \u2013 vertino treneris.<\/p>\n<p>Jis pagyr\u0117 tiek savo kapiton\u0105, tiek antrajame k\u0117linyje ne kart\u0105 gelb\u0117jusi vartinink\u0105. \u201eNor\u0117jau pasid\u017eiaugti vartininko Jorio Aliukonio pasirodymu. Vien jo trys i\u0161traukti sm\u016bgiai ir Jansono <em>hat-trickas<\/em> \u2013 tai parodo, kad galime. Manau, puol\u0117jui nieko daugiau nereikia \u2013 tik mu\u0161ti \u012fvar\u010dius yra patenkinti mes treneriai, patenkinti sirgaliai.\u201c<\/p>\n<p>Dvikova vyko LFF stadione tre\u010diadienio vakar\u0105, \u012f stadion\u0105 palaikyti jaunimo susirinko ir i\u0161tikimiausi \u201e\u017dalgirio\u201c aistruoliai.<\/p>\n<p><img loading=\"lazy\" decoding=\"async\" class=\"alignnone wp-image-16001\" src=\"https:\/\/fkzalgiris.lt\/wp-content\/uploads\/2024\/09\/foto-Elvis-Zaldaris-@elviszaldaris-zaldaris.lt-185-1024x684.jpg\" alt=\"\" width=\"650\" height=\"434\" srcset=\"https:\/\/fkzalgiris.lt\/wp-content\/uploads\/2024\/09\/foto-Elvis-Zaldaris-@elviszaldaris-zaldaris.lt-185-1024x684.jpg 1024w, https:\/\/fkzalgiris.lt\/wp-content\/uploads\/2024\/09\/foto-Elvis-Zaldaris-@elviszaldaris-zaldaris.lt-185-300x200.jpg 300w, https:\/\/fkzalgiris.lt\/wp-content\/uploads\/2024\/09\/foto-Elvis-Zaldaris-@elviszaldaris-zaldaris.lt-185-768x513.jpg 768w, https:\/\/fkzalgiris.lt\/wp-content\/uploads\/2024\/09\/foto-Elvis-Zaldaris-@elviszaldaris-zaldaris.lt-185-1536x1025.jpg 1536w, https:\/\/fkzalgiris.lt\/wp-content\/uploads\/2024\/09\/foto-Elvis-Zaldaris-@elviszaldaris-zaldaris.lt-185-150x100.jpg 150w, https:\/\/fkzalgiris.lt\/wp-content\/uploads\/2024\/09\/foto-Elvis-Zaldaris-@elviszaldaris-zaldaris.lt-185-840x560.jpg 840w, https:\/\/fkzalgiris.lt\/wp-content\/uploads\/2024\/09\/foto-Elvis-Zaldaris-@elviszaldaris-zaldaris.lt-185-570x380.jpg 570w, https:\/\/fkzalgiris.lt\/wp-content\/uploads\/2024\/09\/foto-Elvis-Zaldaris-@elviszaldaris-zaldaris.lt-185-30x20.jpg 30w, https:\/\/fkzalgiris.lt\/wp-content\/uploads\/2024\/09\/foto-Elvis-Zaldaris-@elviszaldaris-zaldaris.lt-185.jpg 2048w\" sizes=\"auto, (max-width: 650px) 100vw, 650px\" \/><\/p>\n<p>\u201eTai yra kaip 12 \u017eaid\u0117jas. Visi da\u017enai taip sako, bet tai i\u0161 tikr\u0173j\u0173 yra labai didelis post\u016bmis \u012f priek\u012f. Gal netgi i\u0161\u0117jus buvo toks spaudimas, ne visada tenka \u017eaisti prie tiek \u017ei\u016brov\u0173. Ai\u0161ku, nor\u0117t\u0173si, kad tai b\u016bt\u0173 ir da\u017eniau. Vakare rungtyn\u0117s, jaut\u0117si kaip \u010cempion\u0173 lyga. Tikrai, manau, kiekvienas i\u0161 m\u016bs\u0173 pasim\u0117gavo \u0161itomis rungtyn\u0117ms. Nuva\u017eiav\u0119 [\u012f i\u0161vyk\u0105] atiduosime visk\u0105 ir tikim\u0117s pavyks atve\u017eti \u201eManchester United\u201c [\u012f Vilni\u0173]\u201c, \u2013 kalb\u0117jo R. Jansonas.<\/p>\n<p>\u201ePrie tokios atmosferos \u010dia yra fantastika. Visiems did\u017eiul\u0117 patirtis, \u012fsp\u016bdis \u2013 palaik\u0117 \u201ePiet\u0173 4\u201c fanai, t\u0117vai, akademijos aukl\u0117tiniai. Tai yra nuostabi patirtis. Tikiuosi, kad komanda prisimins \u0161itas rungtynes ir mes perkelsime t\u0105 pa\u010di\u0105 emocij\u0105 \u012f Vels\u0105. Tai didelis u\u017etaisas prie\u0161 antras rungtynes, nes dabar jau pamat\u0117m var\u017eovo stipri\u0105sias, silpn\u0105sias puses. Manau, komanda bus dar geriau pasiruo\u0161usi antroms rungtyn\u0117ms, nes tikslas yra vienas \u2013 laim\u0117ti ir i\u0161eiti \u012f kit\u0105 etap\u0105\u201c, \u2013 sak\u0117 D. Grevi\u0161kis.<\/p>\n<p>Atsakom\u0105sias rungtynes \u201e\u017dalgiris\u201c \u017eais spalio 1 dien\u0105 Osvestryje.<\/p>\n","protected":false},"excerpt":{"rendered":"<p>Po pergal\u0117s UEFA Jaunimo lygos rungtyn\u0117se \u201e\u017dalgirio\u201c treneris ir \u017eaid\u0117jai kalb\u0117jo apie \u012fsimintinas rungtynes, neeilines emocijas, o tris \u012fvar\u010dius peln\u0119s rungtyni\u0173 herojus atskleid\u0117 savo prana\u0161i\u0161k\u0105\u2026<\/p>\n","protected":false},"author":4,"featured_media":0,"comment_status":"closed","ping_status":"closed","sticky":false,"template":"","format":"standard","meta":{"_acf_changed":false,"footnotes":""},"categories":[1],"class_list":["post-15996","post","type-post","status-publish","format-standard","hentry","category-be-kategorijos"],"acf":[],"yoast_head":"<!-- This site is optimized with the Yoast SEO plugin v26.8 - https:\/\/yoast.com\/product\/yoast-seo-wordpress\/ -->\n<title>Tris \u012fvar\u010dius susapnav\u0119s R. Jansonas: \u201eJaut\u0117si kaip \u010cempion\u0173 lyga\u201c - FK \u017dalgiris<\/title>\n<meta name=\"robots\" content=\"index, follow, max-snippet:-1, max-image-preview:large, max-video-preview:-1\" \/>\n<link rel=\"canonical\" href=\"https:\/\/fkzalgiris.lt\/tris-ivarcius-susapnaves-r-jansonas-jautesi-kaip-cempionu-lyga\/\" \/>\n<meta property=\"og:locale\" content=\"lt_LT\" \/>\n<meta property=\"og:type\" content=\"article\" \/>\n<meta property=\"og:title\" content=\"Tris \u012fvar\u010dius susapnav\u0119s R. Jansonas: \u201eJaut\u0117si kaip \u010cempion\u0173 lyga\u201c - FK \u017dalgiris\" \/>\n<meta property=\"og:description\" content=\"Po pergal\u0117s UEFA Jaunimo lygos rungtyn\u0117se \u201e\u017dalgirio\u201c treneris ir \u017eaid\u0117jai kalb\u0117jo apie \u012fsimintinas rungtynes, neeilines emocijas, o tris \u012fvar\u010dius peln\u0119s rungtyni\u0173 herojus atskleid\u0117 savo prana\u0161i\u0161k\u0105\u2026\" \/>\n<meta property=\"og:url\" content=\"https:\/\/fkzalgiris.lt\/tris-ivarcius-susapnaves-r-jansonas-jautesi-kaip-cempionu-lyga\/\" \/>\n<meta property=\"og:site_name\" content=\"FK \u017dalgiris\" \/>\n<meta property=\"article:publisher\" content=\"https:\/\/www.facebook.com\/fkzalgiris\/\" \/>\n<meta property=\"article:published_time\" content=\"2024-09-19T16:45:29+00:00\" \/>\n<meta property=\"article:modified_time\" content=\"2024-09-19T16:49:27+00:00\" \/>\n<meta property=\"og:image\" content=\"https:\/\/fkzalgiris.lt\/wp-content\/uploads\/2024\/09\/foto-Elvis-Zaldaris-@elviszaldaris-zaldaris.lt-48-1-1024x682.jpg\" \/>\n\t<meta property=\"og:image:width\" content=\"1024\" \/>\n\t<meta property=\"og:image:height\" content=\"682\" \/>\n\t<meta property=\"og:image:type\" content=\"image\/jpeg\" \/>\n<meta name=\"author\" content=\"J\" \/>\n<meta name=\"twitter:card\" content=\"summary_large_image\" \/>\n<meta name=\"twitter:creator\" content=\"@fkzalgiris\" \/>\n<meta name=\"twitter:site\" content=\"@fkzalgiris\" \/>\n<meta name=\"twitter:label1\" content=\"Written by\" \/>\n\t<meta name=\"twitter:data1\" content=\"J\" \/>\n\t<meta name=\"twitter:label2\" content=\"Est. reading time\" \/>\n\t<meta name=\"twitter:data2\" content=\"5 minut\u0117s\" \/>\n<script type=\"application\/ld+json\" class=\"yoast-schema-graph\">{\"@context\":\"https:\/\/schema.org\",\"@graph\":[{\"@type\":\"Article\",\"@id\":\"https:\/\/fkzalgiris.lt\/tris-ivarcius-susapnaves-r-jansonas-jautesi-kaip-cempionu-lyga\/#article\",\"isPartOf\":{\"@id\":\"https:\/\/fkzalgiris.lt\/tris-ivarcius-susapnaves-r-jansonas-jautesi-kaip-cempionu-lyga\/\"},\"author\":{\"name\":\"J\",\"@id\":\"https:\/\/fkzalgiris.lt\/#\/schema\/person\/8604babbba794a7d8767be324a3eaac8\"},\"headline\":\"Tris \u012fvar\u010dius susapnav\u0119s R. Jansonas: \u201eJaut\u0117si kaip \u010cempion\u0173 lyga\u201c\",\"datePublished\":\"2024-09-19T16:45:29+00:00\",\"dateModified\":\"2024-09-19T16:49:27+00:00\",\"mainEntityOfPage\":{\"@id\":\"https:\/\/fkzalgiris.lt\/tris-ivarcius-susapnaves-r-jansonas-jautesi-kaip-cempionu-lyga\/\"},\"wordCount\":947,\"publisher\":{\"@id\":\"https:\/\/fkzalgiris.lt\/#organization\"},\"image\":{\"@id\":\"https:\/\/fkzalgiris.lt\/tris-ivarcius-susapnaves-r-jansonas-jautesi-kaip-cempionu-lyga\/#primaryimage\"},\"thumbnailUrl\":\"https:\/\/fkzalgiris.lt\/wp-content\/uploads\/2024\/09\/foto-Elvis-Zaldaris-@elviszaldaris-zaldaris.lt-101-1024x683.jpg\",\"inLanguage\":\"lt-LT\"},{\"@type\":\"WebPage\",\"@id\":\"https:\/\/fkzalgiris.lt\/tris-ivarcius-susapnaves-r-jansonas-jautesi-kaip-cempionu-lyga\/\",\"url\":\"https:\/\/fkzalgiris.lt\/tris-ivarcius-susapnaves-r-jansonas-jautesi-kaip-cempionu-lyga\/\",\"name\":\"Tris \u012fvar\u010dius susapnav\u0119s R. Jansonas: \u201eJaut\u0117si kaip \u010cempion\u0173 lyga\u201c - FK \u017dalgiris\",\"isPartOf\":{\"@id\":\"https:\/\/fkzalgiris.lt\/#website\"},\"primaryImageOfPage\":{\"@id\":\"https:\/\/fkzalgiris.lt\/tris-ivarcius-susapnaves-r-jansonas-jautesi-kaip-cempionu-lyga\/#primaryimage\"},\"image\":{\"@id\":\"https:\/\/fkzalgiris.lt\/tris-ivarcius-susapnaves-r-jansonas-jautesi-kaip-cempionu-lyga\/#primaryimage\"},\"thumbnailUrl\":\"https:\/\/fkzalgiris.lt\/wp-content\/uploads\/2024\/09\/foto-Elvis-Zaldaris-@elviszaldaris-zaldaris.lt-101-1024x683.jpg\",\"datePublished\":\"2024-09-19T16:45:29+00:00\",\"dateModified\":\"2024-09-19T16:49:27+00:00\",\"breadcrumb\":{\"@id\":\"https:\/\/fkzalgiris.lt\/tris-ivarcius-susapnaves-r-jansonas-jautesi-kaip-cempionu-lyga\/#breadcrumb\"},\"inLanguage\":\"lt-LT\",\"potentialAction\":[{\"@type\":\"ReadAction\",\"target\":[\"https:\/\/fkzalgiris.lt\/tris-ivarcius-susapnaves-r-jansonas-jautesi-kaip-cempionu-lyga\/\"]}]},{\"@type\":\"ImageObject\",\"inLanguage\":\"lt-LT\",\"@id\":\"https:\/\/fkzalgiris.lt\/tris-ivarcius-susapnaves-r-jansonas-jautesi-kaip-cempionu-lyga\/#primaryimage\",\"url\":\"https:\/\/fkzalgiris.lt\/wp-content\/uploads\/2024\/09\/foto-Elvis-Zaldaris-@elviszaldaris-zaldaris.lt-101.jpg\",\"contentUrl\":\"https:\/\/fkzalgiris.lt\/wp-content\/uploads\/2024\/09\/foto-Elvis-Zaldaris-@elviszaldaris-zaldaris.lt-101.jpg\",\"width\":2048,\"height\":1365},{\"@type\":\"BreadcrumbList\",\"@id\":\"https:\/\/fkzalgiris.lt\/tris-ivarcius-susapnaves-r-jansonas-jautesi-kaip-cempionu-lyga\/#breadcrumb\",\"itemListElement\":[{\"@type\":\"ListItem\",\"position\":1,\"name\":\"Home\",\"item\":\"https:\/\/fkzalgiris.lt\/\"},{\"@type\":\"ListItem\",\"position\":2,\"name\":\"Tris \u012fvar\u010dius susapnav\u0119s R. Jansonas: \u201eJaut\u0117si kaip \u010cempion\u0173 lyga\u201c\"}]},{\"@type\":\"WebSite\",\"@id\":\"https:\/\/fkzalgiris.lt\/#website\",\"url\":\"https:\/\/fkzalgiris.lt\/\",\"name\":\"FK \u017dalgiris\",\"description\":\"oficiali Vilniaus \u201e\u017dalgirio\u201c futbolo klubo svetain\u0117\",\"publisher\":{\"@id\":\"https:\/\/fkzalgiris.lt\/#organization\"},\"potentialAction\":[{\"@type\":\"SearchAction\",\"target\":{\"@type\":\"EntryPoint\",\"urlTemplate\":\"https:\/\/fkzalgiris.lt\/?s={search_term_string}\"},\"query-input\":{\"@type\":\"PropertyValueSpecification\",\"valueRequired\":true,\"valueName\":\"search_term_string\"}}],\"inLanguage\":\"lt-LT\"},{\"@type\":\"Organization\",\"@id\":\"https:\/\/fkzalgiris.lt\/#organization\",\"name\":\"FK \u017dalgiris\",\"url\":\"https:\/\/fkzalgiris.lt\/\",\"logo\":{\"@type\":\"ImageObject\",\"inLanguage\":\"lt-LT\",\"@id\":\"https:\/\/fkzalgiris.lt\/#\/schema\/logo\/image\/\",\"url\":\"https:\/\/fkzalgiris.lt\/wp-content\/uploads\/2024\/01\/horiz-FK-Zalgiris-logo-2015.png\",\"contentUrl\":\"https:\/\/fkzalgiris.lt\/wp-content\/uploads\/2024\/01\/horiz-FK-Zalgiris-logo-2015.png\",\"width\":3073,\"height\":2048,\"caption\":\"FK \u017dalgiris\"},\"image\":{\"@id\":\"https:\/\/fkzalgiris.lt\/#\/schema\/logo\/image\/\"},\"sameAs\":[\"https:\/\/www.facebook.com\/fkzalgiris\/\",\"https:\/\/x.com\/fkzalgiris\",\"https:\/\/www.instagram.com\/fkzalgiris\/\",\"https:\/\/www.youtube.com\/channel\/UC1ag8JLxGirltMUoLlzfZLA\"]},{\"@type\":\"Person\",\"@id\":\"https:\/\/fkzalgiris.lt\/#\/schema\/person\/8604babbba794a7d8767be324a3eaac8\",\"name\":\"J\"}]}<\/script>\n<!-- \/ Yoast SEO plugin. -->","yoast_head_json":{"title":"Tris \u012fvar\u010dius susapnav\u0119s R. Jansonas: \u201eJaut\u0117si kaip \u010cempion\u0173 lyga\u201c - FK \u017dalgiris","robots":{"index":"index","follow":"follow","max-snippet":"max-snippet:-1","max-image-preview":"max-image-preview:large","max-video-preview":"max-video-preview:-1"},"canonical":"https:\/\/fkzalgiris.lt\/tris-ivarcius-susapnaves-r-jansonas-jautesi-kaip-cempionu-lyga\/","og_locale":"lt_LT","og_type":"article","og_title":"Tris \u012fvar\u010dius susapnav\u0119s R. Jansonas: \u201eJaut\u0117si kaip \u010cempion\u0173 lyga\u201c - FK \u017dalgiris","og_description":"Po pergal\u0117s UEFA Jaunimo lygos rungtyn\u0117se \u201e\u017dalgirio\u201c treneris ir \u017eaid\u0117jai kalb\u0117jo apie \u012fsimintinas rungtynes, neeilines emocijas, o tris \u012fvar\u010dius peln\u0119s rungtyni\u0173 herojus atskleid\u0117 savo prana\u0161i\u0161k\u0105\u2026","og_url":"https:\/\/fkzalgiris.lt\/tris-ivarcius-susapnaves-r-jansonas-jautesi-kaip-cempionu-lyga\/","og_site_name":"FK \u017dalgiris","article_publisher":"https:\/\/www.facebook.com\/fkzalgiris\/","article_published_time":"2024-09-19T16:45:29+00:00","article_modified_time":"2024-09-19T16:49:27+00:00","og_image":[{"width":1024,"height":682,"url":"https:\/\/fkzalgiris.lt\/wp-content\/uploads\/2024\/09\/foto-Elvis-Zaldaris-@elviszaldaris-zaldaris.lt-48-1-1024x682.jpg","type":"image\/jpeg"}],"author":"J","twitter_card":"summary_large_image","twitter_creator":"@fkzalgiris","twitter_site":"@fkzalgiris","twitter_misc":{"Written by":"J","Est. reading time":"5 minut\u0117s"},"schema":{"@context":"https:\/\/schema.org","@graph":[{"@type":"Article","@id":"https:\/\/fkzalgiris.lt\/tris-ivarcius-susapnaves-r-jansonas-jautesi-kaip-cempionu-lyga\/#article","isPartOf":{"@id":"https:\/\/fkzalgiris.lt\/tris-ivarcius-susapnaves-r-jansonas-jautesi-kaip-cempionu-lyga\/"},"author":{"name":"J","@id":"https:\/\/fkzalgiris.lt\/#\/schema\/person\/8604babbba794a7d8767be324a3eaac8"},"headline":"Tris \u012fvar\u010dius susapnav\u0119s R. Jansonas: \u201eJaut\u0117si kaip \u010cempion\u0173 lyga\u201c","datePublished":"2024-09-19T16:45:29+00:00","dateModified":"2024-09-19T16:49:27+00:00","mainEntityOfPage":{"@id":"https:\/\/fkzalgiris.lt\/tris-ivarcius-susapnaves-r-jansonas-jautesi-kaip-cempionu-lyga\/"},"wordCount":947,"publisher":{"@id":"https:\/\/fkzalgiris.lt\/#organization"},"image":{"@id":"https:\/\/fkzalgiris.lt\/tris-ivarcius-susapnaves-r-jansonas-jautesi-kaip-cempionu-lyga\/#primaryimage"},"thumbnailUrl":"https:\/\/fkzalgiris.lt\/wp-content\/uploads\/2024\/09\/foto-Elvis-Zaldaris-@elviszaldaris-zaldaris.lt-101-1024x683.jpg","inLanguage":"lt-LT"},{"@type":"WebPage","@id":"https:\/\/fkzalgiris.lt\/tris-ivarcius-susapnaves-r-jansonas-jautesi-kaip-cempionu-lyga\/","url":"https:\/\/fkzalgiris.lt\/tris-ivarcius-susapnaves-r-jansonas-jautesi-kaip-cempionu-lyga\/","name":"Tris \u012fvar\u010dius susapnav\u0119s R. Jansonas: \u201eJaut\u0117si kaip \u010cempion\u0173 lyga\u201c - FK \u017dalgiris","isPartOf":{"@id":"https:\/\/fkzalgiris.lt\/#website"},"primaryImageOfPage":{"@id":"https:\/\/fkzalgiris.lt\/tris-ivarcius-susapnaves-r-jansonas-jautesi-kaip-cempionu-lyga\/#primaryimage"},"image":{"@id":"https:\/\/fkzalgiris.lt\/tris-ivarcius-susapnaves-r-jansonas-jautesi-kaip-cempionu-lyga\/#primaryimage"},"thumbnailUrl":"https:\/\/fkzalgiris.lt\/wp-content\/uploads\/2024\/09\/foto-Elvis-Zaldaris-@elviszaldaris-zaldaris.lt-101-1024x683.jpg","datePublished":"2024-09-19T16:45:29+00:00","dateModified":"2024-09-19T16:49:27+00:00","breadcrumb":{"@id":"https:\/\/fkzalgiris.lt\/tris-ivarcius-susapnaves-r-jansonas-jautesi-kaip-cempionu-lyga\/#breadcrumb"},"inLanguage":"lt-LT","potentialAction":[{"@type":"ReadAction","target":["https:\/\/fkzalgiris.lt\/tris-ivarcius-susapnaves-r-jansonas-jautesi-kaip-cempionu-lyga\/"]}]},{"@type":"ImageObject","inLanguage":"lt-LT","@id":"https:\/\/fkzalgiris.lt\/tris-ivarcius-susapnaves-r-jansonas-jautesi-kaip-cempionu-lyga\/#primaryimage","url":"https:\/\/fkzalgiris.lt\/wp-content\/uploads\/2024\/09\/foto-Elvis-Zaldaris-@elviszaldaris-zaldaris.lt-101.jpg","contentUrl":"https:\/\/fkzalgiris.lt\/wp-content\/uploads\/2024\/09\/foto-Elvis-Zaldaris-@elviszaldaris-zaldaris.lt-101.jpg","width":2048,"height":1365},{"@type":"BreadcrumbList","@id":"https:\/\/fkzalgiris.lt\/tris-ivarcius-susapnaves-r-jansonas-jautesi-kaip-cempionu-lyga\/#breadcrumb","itemListElement":[{"@type":"ListItem","position":1,"name":"Home","item":"https:\/\/fkzalgiris.lt\/"},{"@type":"ListItem","position":2,"name":"Tris \u012fvar\u010dius susapnav\u0119s R. Jansonas: \u201eJaut\u0117si kaip \u010cempion\u0173 lyga\u201c"}]},{"@type":"WebSite","@id":"https:\/\/fkzalgiris.lt\/#website","url":"https:\/\/fkzalgiris.lt\/","name":"FK \u017dalgiris","description":"oficiali Vilniaus \u201e\u017dalgirio\u201c futbolo klubo svetain\u0117","publisher":{"@id":"https:\/\/fkzalgiris.lt\/#organization"},"potentialAction":[{"@type":"SearchAction","target":{"@type":"EntryPoint","urlTemplate":"https:\/\/fkzalgiris.lt\/?s={search_term_string}"},"query-input":{"@type":"PropertyValueSpecification","valueRequired":true,"valueName":"search_term_string"}}],"inLanguage":"lt-LT"},{"@type":"Organization","@id":"https:\/\/fkzalgiris.lt\/#organization","name":"FK \u017dalgiris","url":"https:\/\/fkzalgiris.lt\/","logo":{"@type":"ImageObject","inLanguage":"lt-LT","@id":"https:\/\/fkzalgiris.lt\/#\/schema\/logo\/image\/","url":"https:\/\/fkzalgiris.lt\/wp-content\/uploads\/2024\/01\/horiz-FK-Zalgiris-logo-2015.png","contentUrl":"https:\/\/fkzalgiris.lt\/wp-content\/uploads\/2024\/01\/horiz-FK-Zalgiris-logo-2015.png","width":3073,"height":2048,"caption":"FK \u017dalgiris"},"image":{"@id":"https:\/\/fkzalgiris.lt\/#\/schema\/logo\/image\/"},"sameAs":["https:\/\/www.facebook.com\/fkzalgiris\/","https:\/\/x.com\/fkzalgiris","https:\/\/www.instagram.com\/fkzalgiris\/","https:\/\/www.youtube.com\/channel\/UC1ag8JLxGirltMUoLlzfZLA"]},{"@type":"Person","@id":"https:\/\/fkzalgiris.lt\/#\/schema\/person\/8604babbba794a7d8767be324a3eaac8","name":"J"}]}},"_links":{"self":[{"href":"https:\/\/fkzalgiris.lt\/api\/wp\/v2\/posts\/15996","targetHints":{"allow":["GET"]}}],"collection":[{"href":"https:\/\/fkzalgiris.lt\/api\/wp\/v2\/posts"}],"about":[{"href":"https:\/\/fkzalgiris.lt\/api\/wp\/v2\/types\/post"}],"author":[{"embeddable":true,"href":"https:\/\/fkzalgiris.lt\/api\/wp\/v2\/users\/4"}],"replies":[{"embeddable":true,"href":"https:\/\/fkzalgiris.lt\/api\/wp\/v2\/comments?post=15996"}],"version-history":[{"count":4,"href":"https:\/\/fkzalgiris.lt\/api\/wp\/v2\/posts\/15996\/revisions"}],"predecessor-version":[{"id":16003,"href":"https:\/\/fkzalgiris.lt\/api\/wp\/v2\/posts\/15996\/revisions\/16003"}],"wp:attachment":[{"href":"https:\/\/fkzalgiris.lt\/api\/wp\/v2\/media?parent=15996"}],"wp:term":[{"taxonomy":"category","embeddable":true,"href":"https:\/\/fkzalgiris.lt\/api\/wp\/v2\/categories?post=15996"}],"curies":[{"name":"wp","href":"https:\/\/api.w.org\/{rel}","templated":true}]}}