{"id":15798,"date":"2024-08-01T21:33:46","date_gmt":"2024-08-01T18:33:46","guid":{"rendered":"https:\/\/fkzalgiris.lt\/?p=15798"},"modified":"2024-08-02T00:00:54","modified_gmt":"2024-08-01T21:00:54","slug":"kipre-pralaimeta-desimtiese-ir-pratesime","status":"publish","type":"post","link":"https:\/\/fkzalgiris.lt\/kipre-pralaimeta-desimtiese-ir-pratesime\/","title":{"rendered":"Kipre pralaim\u0117ta de\u0161imtiese po prat\u0119simo"},"content":{"rendered":"<p>\u201e\u017dalgirio\u201c \u017eygis Europoje po \u012ftemptos ir dramati\u0161kos kovos baig\u0117si Kipre. Ilg\u0105 laik\u0105 \u017eaid\u0117j\u0173 deficit\u0105 tur\u0117j\u0119 \u017ealgirie\u010diai UEFA Konferencij\u0173 lygos 2 etapo rungtyn\u0117se pralaim\u0117jo prie\u0161 \u201ePafos\u201c po prat\u0119simo rezultatu 0:3.<\/p>\n<p>Pirmoji komand\u0173 dvikova Vilniuje baig\u0117si \u0161eiminink\u0173 pergale 2:1. Antroje akistatoje var\u017eovams 21 min. rezultat\u0105 i\u0161lygino Muameras Tankovi\u010dius. Nuo 36 min. \u017ealgirie\u010diams teko \u017eaisti de\u0161imtiese be pa\u0161alinto Y. Zahary, ta\u010diau per 90 minu\u010di\u0173 rezultatas nepasikeit\u0117. Visgi prat\u0119simo pirmajame k\u0117linyje \u201ePafos\u201c var\u017eovus \u012f priek\u012f i\u0161ved\u0117 Andersonas, o dvikovai baigiantis tre\u010di\u0105 \u012fvart\u012f peln\u0117 V. Dragomiras.<\/p>\n<p>\u201e\u017dalgirio\u201c starto sud\u0117tyje \u012fvyko vienas pasikeitimas \u2013 nuo prad\u017ei\u0173 rungtynes prad\u0117jo Nikola Petkovi\u010dius.<\/p>\n<p>3 min. neblog\u0105 \u0161ans\u0105 O. Verbickas, kuris kontratakoje gavo kamuol\u012f prie pat baudos aik\u0161tel\u0117s laisvas, bet sm\u016bgiavo vir\u0161 vart\u0173.<\/p>\n<p>8 min. po baudos sm\u016bgio i\u0161 kra\u0161to A. Tordai nukreip\u0117 kamuol\u012f \u012f skersin\u012f ir vir\u0161 vart\u0173. Netrukus vartininkas v\u0117l su\u017eaid\u0117 puikiai \u2013 po kampinio at\u0161okus kamuoliui V. Dragomiro sm\u016bg\u012f i\u0161 eigos i\u0161 20 metr\u0173.<\/p>\n<p>14 min. var\u017eovai netiksliai sm\u016bgiavo galva.<\/p>\n<p>21 min. \u201ePafos\u201c i\u0161lygino bendr\u0105 dvikovos rezultat\u0105. Jairo tiksliu perdavimu surado de\u0161iniajame kra\u0161te laisv\u0105 M. Tankovi\u010di\u0173 ir \u0161is tiksliu sm\u016bgiu pasiunt\u0117 kamuol\u012f \u012f vart\u0173 kamp\u0105.<\/p>\n<p>36 min. teis\u0117jas \u012f\u017evelg\u0117 Y. Zahary paskutin\u0117s vilties pra\u017eang\u0105 ir pa\u0161alino gyn\u0117j\u0105 i\u0161 aik\u0161t\u0117s. Po baudos sm\u016bgio i\u0161 25 metr\u0173 D. Luckasseno mu\u0161tas kamuolys pataik\u0117 \u012f skersin\u012f.<\/p>\n<p>49 min. Jairo tur\u0117jo ger\u0105 \u0161ans\u0105 per\u0117m\u0119s kamuol\u012f i\u0161 A. Tordai po netikslaus perdavimo, ta\u010diau laimei i\u0161 a\u0161traus kampo pasirinko sm\u016bg\u012f ir mu\u0161\u0117 pro \u0161al\u012f.<\/p>\n<p>54 min. pavojingai i\u0161 toli sm\u016bgiavo Y. Karashima, kamuolys praskriejo \u0161alia virpsto.<\/p>\n<p>59 min. arti tikslo buvo L. Antalis, po jo sm\u016bgio i\u0161 de\u0161inio kra\u0161to i\u0161 35 metr\u0173 kamuolys atsimu\u0161\u0117 \u012f virpsto ir skersinio sand\u016br\u0105.<\/p>\n<p>61 min. po M. Tankovi\u010diaus sm\u016bgio i\u0161 baudos aik\u0161tel\u0117s vidurio kamuol\u012f puikiai atmu\u0161\u0117 A. Tordai.<\/p>\n<p>77 min. po perdavimo i\u0161 kra\u0161to galimyb\u0119 tur\u0117jo J. Bopesu, bet dvikovoje su gyn\u0117ju kamuolio pasiekti nepavyko, \u017ealgirietis apeliavo d\u0117l var\u017eovo pra\u017eangos.<\/p>\n<p>79 min. pavojingai i\u0161 kairio baudos aik\u0161tel\u0117s kra\u0161to sm\u016bgiavo Andersonas.<\/p>\n<p>Per prid\u0117tin\u012f laik\u0105 pavyko blokuoti por\u0105 pavojing\u0173 sm\u016bgi\u0173.<\/p>\n<p>Bendras dvikovos rezultatas po 180 minu\u010di\u0173 i\u0161liko lygus \u2013 2:2. Komandoms teko \u017eaisti prat\u0119sim\u0105.<\/p>\n<p>Pa\u010dioje prat\u0119simo prad\u017eioje po reido kairiu kra\u0161tu \u0161ans\u0105 tur\u0117jo Andersonas, jo mu\u0161tas kamuolys skriejo pro \u0161al\u012f.<\/p>\n<p>98 min. po perdavimo i\u0161 kra\u0161to galva \u0161alia vart\u0173 sm\u016bgiavo Jairo.<\/p>\n<p>101 min. \u201ePafos\u201c i\u0161siver\u017e\u0117 \u012f priek\u012f. Sm\u016bgiu per save kamuol\u012f \u012f vartus pasiunt\u0117 Andersonas.<\/p>\n<p>Rungtyni\u0173 pabaigoje tre\u010di\u0105 \u012fvart\u012f sm\u016bgiu galva prid\u0117jo V. Dragomiras. \u201ePafos\u201c \u0161vent\u0117 pergal\u0119 ir pateko \u012f kit\u0105 etap\u0105. \u201e\u017dalgirio\u201c pasirodymas UEFA turnyruose \u0161\u012f sezon\u0105 baig\u0117si.<\/p>\n<p>Kitos \u201e\u017dalgirio\u201c rungtyn\u0117s suplanuotos rugpj\u016b\u010dio 5 d. namuos prie\u0161 Vilniaus rajono \u201eTransinvest\u201c.<\/p>\n","protected":false},"excerpt":{"rendered":"<p>\u201e\u017dalgirio\u201c \u017eygis Europoje po \u012ftemptos ir dramati\u0161kos kovos baig\u0117si Kipre. Ilg\u0105 laik\u0105 \u017eaid\u0117j\u0173 deficit\u0105 tur\u0117j\u0119 \u017ealgirie\u010diai UEFA Konferencij\u0173 lygos 2 etapo rungtyn\u0117se pralaim\u0117jo prie\u0161 \u201ePafos\u201c\u2026<\/p>\n","protected":false},"author":4,"featured_media":0,"comment_status":"closed","ping_status":"closed","sticky":false,"template":"","format":"standard","meta":{"_acf_changed":false,"footnotes":""},"categories":[87],"class_list":["post-15798","post","type-post","status-publish","format-standard","hentry","category-zalgiris"],"acf":[],"yoast_head":"<!-- This site is optimized with the Yoast SEO plugin v26.8 - https:\/\/yoast.com\/product\/yoast-seo-wordpress\/ -->\n<title>Kipre pralaim\u0117ta de\u0161imtiese po prat\u0119simo - FK \u017dalgiris<\/title>\n<meta name=\"robots\" content=\"index, follow, max-snippet:-1, max-image-preview:large, max-video-preview:-1\" \/>\n<link rel=\"canonical\" href=\"https:\/\/fkzalgiris.lt\/kipre-pralaimeta-desimtiese-ir-pratesime\/\" \/>\n<meta property=\"og:locale\" content=\"lt_LT\" \/>\n<meta property=\"og:type\" content=\"article\" \/>\n<meta property=\"og:title\" content=\"Kipre pralaim\u0117ta de\u0161imtiese po prat\u0119simo - FK \u017dalgiris\" \/>\n<meta property=\"og:description\" content=\"\u201e\u017dalgirio\u201c \u017eygis Europoje po \u012ftemptos ir dramati\u0161kos kovos baig\u0117si Kipre. Ilg\u0105 laik\u0105 \u017eaid\u0117j\u0173 deficit\u0105 tur\u0117j\u0119 \u017ealgirie\u010diai UEFA Konferencij\u0173 lygos 2 etapo rungtyn\u0117se pralaim\u0117jo prie\u0161 \u201ePafos\u201c\u2026\" \/>\n<meta property=\"og:url\" content=\"https:\/\/fkzalgiris.lt\/kipre-pralaimeta-desimtiese-ir-pratesime\/\" \/>\n<meta property=\"og:site_name\" content=\"FK \u017dalgiris\" \/>\n<meta property=\"article:publisher\" content=\"https:\/\/www.facebook.com\/fkzalgiris\/\" \/>\n<meta property=\"article:published_time\" content=\"2024-08-01T18:33:46+00:00\" \/>\n<meta property=\"article:modified_time\" content=\"2024-08-01T21:00:54+00:00\" \/>\n<meta property=\"og:image\" content=\"https:\/\/fkzalgiris.lt\/wp-content\/uploads\/2024\/02\/social-horiz_Zalgiris_logo_2024.png\" \/>\n\t<meta property=\"og:image:width\" content=\"3356\" \/>\n\t<meta property=\"og:image:height\" content=\"2259\" \/>\n\t<meta property=\"og:image:type\" content=\"image\/png\" \/>\n<meta name=\"author\" content=\"J\" \/>\n<meta name=\"twitter:card\" content=\"summary_large_image\" \/>\n<meta name=\"twitter:creator\" content=\"@fkzalgiris\" \/>\n<meta name=\"twitter:site\" content=\"@fkzalgiris\" \/>\n<meta name=\"twitter:label1\" content=\"Written by\" \/>\n\t<meta name=\"twitter:data1\" content=\"J\" \/>\n\t<meta name=\"twitter:label2\" content=\"Est. reading time\" \/>\n\t<meta name=\"twitter:data2\" content=\"3 minut\u0117s\" \/>\n<script type=\"application\/ld+json\" class=\"yoast-schema-graph\">{\"@context\":\"https:\/\/schema.org\",\"@graph\":[{\"@type\":\"Article\",\"@id\":\"https:\/\/fkzalgiris.lt\/kipre-pralaimeta-desimtiese-ir-pratesime\/#article\",\"isPartOf\":{\"@id\":\"https:\/\/fkzalgiris.lt\/kipre-pralaimeta-desimtiese-ir-pratesime\/\"},\"author\":{\"name\":\"J\",\"@id\":\"https:\/\/fkzalgiris.lt\/#\/schema\/person\/8604babbba794a7d8767be324a3eaac8\"},\"headline\":\"Kipre pralaim\u0117ta de\u0161imtiese po prat\u0119simo\",\"datePublished\":\"2024-08-01T18:33:46+00:00\",\"dateModified\":\"2024-08-01T21:00:54+00:00\",\"mainEntityOfPage\":{\"@id\":\"https:\/\/fkzalgiris.lt\/kipre-pralaimeta-desimtiese-ir-pratesime\/\"},\"wordCount\":479,\"publisher\":{\"@id\":\"https:\/\/fkzalgiris.lt\/#organization\"},\"articleSection\":[\"\u017dalgiris\"],\"inLanguage\":\"lt-LT\"},{\"@type\":\"WebPage\",\"@id\":\"https:\/\/fkzalgiris.lt\/kipre-pralaimeta-desimtiese-ir-pratesime\/\",\"url\":\"https:\/\/fkzalgiris.lt\/kipre-pralaimeta-desimtiese-ir-pratesime\/\",\"name\":\"Kipre pralaim\u0117ta de\u0161imtiese po prat\u0119simo - FK \u017dalgiris\",\"isPartOf\":{\"@id\":\"https:\/\/fkzalgiris.lt\/#website\"},\"datePublished\":\"2024-08-01T18:33:46+00:00\",\"dateModified\":\"2024-08-01T21:00:54+00:00\",\"breadcrumb\":{\"@id\":\"https:\/\/fkzalgiris.lt\/kipre-pralaimeta-desimtiese-ir-pratesime\/#breadcrumb\"},\"inLanguage\":\"lt-LT\",\"potentialAction\":[{\"@type\":\"ReadAction\",\"target\":[\"https:\/\/fkzalgiris.lt\/kipre-pralaimeta-desimtiese-ir-pratesime\/\"]}]},{\"@type\":\"BreadcrumbList\",\"@id\":\"https:\/\/fkzalgiris.lt\/kipre-pralaimeta-desimtiese-ir-pratesime\/#breadcrumb\",\"itemListElement\":[{\"@type\":\"ListItem\",\"position\":1,\"name\":\"Home\",\"item\":\"https:\/\/fkzalgiris.lt\/\"},{\"@type\":\"ListItem\",\"position\":2,\"name\":\"Kipre pralaim\u0117ta de\u0161imtiese po prat\u0119simo\"}]},{\"@type\":\"WebSite\",\"@id\":\"https:\/\/fkzalgiris.lt\/#website\",\"url\":\"https:\/\/fkzalgiris.lt\/\",\"name\":\"FK \u017dalgiris\",\"description\":\"oficiali Vilniaus \u201e\u017dalgirio\u201c futbolo klubo svetain\u0117\",\"publisher\":{\"@id\":\"https:\/\/fkzalgiris.lt\/#organization\"},\"potentialAction\":[{\"@type\":\"SearchAction\",\"target\":{\"@type\":\"EntryPoint\",\"urlTemplate\":\"https:\/\/fkzalgiris.lt\/?s={search_term_string}\"},\"query-input\":{\"@type\":\"PropertyValueSpecification\",\"valueRequired\":true,\"valueName\":\"search_term_string\"}}],\"inLanguage\":\"lt-LT\"},{\"@type\":\"Organization\",\"@id\":\"https:\/\/fkzalgiris.lt\/#organization\",\"name\":\"FK \u017dalgiris\",\"url\":\"https:\/\/fkzalgiris.lt\/\",\"logo\":{\"@type\":\"ImageObject\",\"inLanguage\":\"lt-LT\",\"@id\":\"https:\/\/fkzalgiris.lt\/#\/schema\/logo\/image\/\",\"url\":\"https:\/\/fkzalgiris.lt\/wp-content\/uploads\/2024\/01\/horiz-FK-Zalgiris-logo-2015.png\",\"contentUrl\":\"https:\/\/fkzalgiris.lt\/wp-content\/uploads\/2024\/01\/horiz-FK-Zalgiris-logo-2015.png\",\"width\":3073,\"height\":2048,\"caption\":\"FK \u017dalgiris\"},\"image\":{\"@id\":\"https:\/\/fkzalgiris.lt\/#\/schema\/logo\/image\/\"},\"sameAs\":[\"https:\/\/www.facebook.com\/fkzalgiris\/\",\"https:\/\/x.com\/fkzalgiris\",\"https:\/\/www.instagram.com\/fkzalgiris\/\",\"https:\/\/www.youtube.com\/channel\/UC1ag8JLxGirltMUoLlzfZLA\"]},{\"@type\":\"Person\",\"@id\":\"https:\/\/fkzalgiris.lt\/#\/schema\/person\/8604babbba794a7d8767be324a3eaac8\",\"name\":\"J\"}]}<\/script>\n<!-- \/ Yoast SEO plugin. -->","yoast_head_json":{"title":"Kipre pralaim\u0117ta de\u0161imtiese po prat\u0119simo - FK \u017dalgiris","robots":{"index":"index","follow":"follow","max-snippet":"max-snippet:-1","max-image-preview":"max-image-preview:large","max-video-preview":"max-video-preview:-1"},"canonical":"https:\/\/fkzalgiris.lt\/kipre-pralaimeta-desimtiese-ir-pratesime\/","og_locale":"lt_LT","og_type":"article","og_title":"Kipre pralaim\u0117ta de\u0161imtiese po prat\u0119simo - FK \u017dalgiris","og_description":"\u201e\u017dalgirio\u201c \u017eygis Europoje po \u012ftemptos ir dramati\u0161kos kovos baig\u0117si Kipre. Ilg\u0105 laik\u0105 \u017eaid\u0117j\u0173 deficit\u0105 tur\u0117j\u0119 \u017ealgirie\u010diai UEFA Konferencij\u0173 lygos 2 etapo rungtyn\u0117se pralaim\u0117jo prie\u0161 \u201ePafos\u201c\u2026","og_url":"https:\/\/fkzalgiris.lt\/kipre-pralaimeta-desimtiese-ir-pratesime\/","og_site_name":"FK \u017dalgiris","article_publisher":"https:\/\/www.facebook.com\/fkzalgiris\/","article_published_time":"2024-08-01T18:33:46+00:00","article_modified_time":"2024-08-01T21:00:54+00:00","og_image":[{"width":3356,"height":2259,"url":"https:\/\/fkzalgiris.lt\/wp-content\/uploads\/2024\/02\/social-horiz_Zalgiris_logo_2024.png","type":"image\/png"}],"author":"J","twitter_card":"summary_large_image","twitter_creator":"@fkzalgiris","twitter_site":"@fkzalgiris","twitter_misc":{"Written by":"J","Est. reading time":"3 minut\u0117s"},"schema":{"@context":"https:\/\/schema.org","@graph":[{"@type":"Article","@id":"https:\/\/fkzalgiris.lt\/kipre-pralaimeta-desimtiese-ir-pratesime\/#article","isPartOf":{"@id":"https:\/\/fkzalgiris.lt\/kipre-pralaimeta-desimtiese-ir-pratesime\/"},"author":{"name":"J","@id":"https:\/\/fkzalgiris.lt\/#\/schema\/person\/8604babbba794a7d8767be324a3eaac8"},"headline":"Kipre pralaim\u0117ta de\u0161imtiese po prat\u0119simo","datePublished":"2024-08-01T18:33:46+00:00","dateModified":"2024-08-01T21:00:54+00:00","mainEntityOfPage":{"@id":"https:\/\/fkzalgiris.lt\/kipre-pralaimeta-desimtiese-ir-pratesime\/"},"wordCount":479,"publisher":{"@id":"https:\/\/fkzalgiris.lt\/#organization"},"articleSection":["\u017dalgiris"],"inLanguage":"lt-LT"},{"@type":"WebPage","@id":"https:\/\/fkzalgiris.lt\/kipre-pralaimeta-desimtiese-ir-pratesime\/","url":"https:\/\/fkzalgiris.lt\/kipre-pralaimeta-desimtiese-ir-pratesime\/","name":"Kipre pralaim\u0117ta de\u0161imtiese po prat\u0119simo - FK \u017dalgiris","isPartOf":{"@id":"https:\/\/fkzalgiris.lt\/#website"},"datePublished":"2024-08-01T18:33:46+00:00","dateModified":"2024-08-01T21:00:54+00:00","breadcrumb":{"@id":"https:\/\/fkzalgiris.lt\/kipre-pralaimeta-desimtiese-ir-pratesime\/#breadcrumb"},"inLanguage":"lt-LT","potentialAction":[{"@type":"ReadAction","target":["https:\/\/fkzalgiris.lt\/kipre-pralaimeta-desimtiese-ir-pratesime\/"]}]},{"@type":"BreadcrumbList","@id":"https:\/\/fkzalgiris.lt\/kipre-pralaimeta-desimtiese-ir-pratesime\/#breadcrumb","itemListElement":[{"@type":"ListItem","position":1,"name":"Home","item":"https:\/\/fkzalgiris.lt\/"},{"@type":"ListItem","position":2,"name":"Kipre pralaim\u0117ta de\u0161imtiese po prat\u0119simo"}]},{"@type":"WebSite","@id":"https:\/\/fkzalgiris.lt\/#website","url":"https:\/\/fkzalgiris.lt\/","name":"FK \u017dalgiris","description":"oficiali Vilniaus \u201e\u017dalgirio\u201c futbolo klubo svetain\u0117","publisher":{"@id":"https:\/\/fkzalgiris.lt\/#organization"},"potentialAction":[{"@type":"SearchAction","target":{"@type":"EntryPoint","urlTemplate":"https:\/\/fkzalgiris.lt\/?s={search_term_string}"},"query-input":{"@type":"PropertyValueSpecification","valueRequired":true,"valueName":"search_term_string"}}],"inLanguage":"lt-LT"},{"@type":"Organization","@id":"https:\/\/fkzalgiris.lt\/#organization","name":"FK \u017dalgiris","url":"https:\/\/fkzalgiris.lt\/","logo":{"@type":"ImageObject","inLanguage":"lt-LT","@id":"https:\/\/fkzalgiris.lt\/#\/schema\/logo\/image\/","url":"https:\/\/fkzalgiris.lt\/wp-content\/uploads\/2024\/01\/horiz-FK-Zalgiris-logo-2015.png","contentUrl":"https:\/\/fkzalgiris.lt\/wp-content\/uploads\/2024\/01\/horiz-FK-Zalgiris-logo-2015.png","width":3073,"height":2048,"caption":"FK \u017dalgiris"},"image":{"@id":"https:\/\/fkzalgiris.lt\/#\/schema\/logo\/image\/"},"sameAs":["https:\/\/www.facebook.com\/fkzalgiris\/","https:\/\/x.com\/fkzalgiris","https:\/\/www.instagram.com\/fkzalgiris\/","https:\/\/www.youtube.com\/channel\/UC1ag8JLxGirltMUoLlzfZLA"]},{"@type":"Person","@id":"https:\/\/fkzalgiris.lt\/#\/schema\/person\/8604babbba794a7d8767be324a3eaac8","name":"J"}]}},"_links":{"self":[{"href":"https:\/\/fkzalgiris.lt\/api\/wp\/v2\/posts\/15798","targetHints":{"allow":["GET"]}}],"collection":[{"href":"https:\/\/fkzalgiris.lt\/api\/wp\/v2\/posts"}],"about":[{"href":"https:\/\/fkzalgiris.lt\/api\/wp\/v2\/types\/post"}],"author":[{"embeddable":true,"href":"https:\/\/fkzalgiris.lt\/api\/wp\/v2\/users\/4"}],"replies":[{"embeddable":true,"href":"https:\/\/fkzalgiris.lt\/api\/wp\/v2\/comments?post=15798"}],"version-history":[{"count":7,"href":"https:\/\/fkzalgiris.lt\/api\/wp\/v2\/posts\/15798\/revisions"}],"predecessor-version":[{"id":15806,"href":"https:\/\/fkzalgiris.lt\/api\/wp\/v2\/posts\/15798\/revisions\/15806"}],"wp:attachment":[{"href":"https:\/\/fkzalgiris.lt\/api\/wp\/v2\/media?parent=15798"}],"wp:term":[{"taxonomy":"category","embeddable":true,"href":"https:\/\/fkzalgiris.lt\/api\/wp\/v2\/categories?post=15798"}],"curies":[{"name":"wp","href":"https:\/\/api.w.org\/{rel}","templated":true}]}}