{"id":15744,"date":"2024-07-24T22:00:49","date_gmt":"2024-07-24T19:00:49","guid":{"rendered":"https:\/\/fkzalgiris.lt\/?p=15744"},"modified":"2024-07-24T22:44:35","modified_gmt":"2024-07-24T19:44:35","slug":"o-verbickas-dar-geriau-startuoti-namie","status":"publish","type":"post","link":"https:\/\/fkzalgiris.lt\/o-verbickas-dar-geriau-startuoti-namie\/","title":{"rendered":"O. Verbickas: \u201eDar geriau startuoti namie\u201c"},"content":{"rendered":"<p>Ketvirtadien\u012f \u201e\u017dalgirio\u201c laukia pirmasis i\u0161bandymas prie\u0161 Kipro taur\u0117s laim\u0117toj\u0105 \u201ePafos\u201c FC \u2013 UEFA Konferencij\u0173 lygos antrojo atrankos etapo pirmosios rungtyn\u0117s vyks Vilniuje, LFF stadione.<\/p>\n<p>Prie\u0161 dvikov\u0105 \u201e\u017dalgirio\u201c treneris Vladimiras \u010ceburinas ir komandos kapitonas Ovidijus Verbickas vyl\u0117si, jog nam\u0173 sienos pad\u0117s pasiekti teigiam\u0105 rezultat\u0105.<\/p>\n<p>\u201eAntras etapas, pirmos rungtyn\u0117s. Iki jo at\u0117jome skirtingais keliais. Nelengvas prie\u0161ininkas, bet nusiteikimas geras\u201c, \u2013 kalb\u0117jo treneris.<\/p>\n<p>\u201eLabai smagu, kad pavyko \u017eengti pirm\u0105 \u017eingsn\u012f link m\u016bs\u0173 tikslo. Ai\u0161ku, komanda supranta, kad rytoj laukia sunkios rungtyn\u0117s. Mes tam pasiruo\u0161\u0119. \u017dinome, k\u0105 turime daryti. Jei atiduosime \u0161imt\u0105 procent\u0173 ir dar daugiau aik\u0161t\u0117je, manau kad pasieksime teigiam\u0105 rezultat\u0105\u201c, \u2013 teig\u0117 O. Verbickas.<\/p>\n<p>Pirmajame etape \u017ealgirie\u010diai startavo prie\u0161 Suomijos klub\u0105 i\u0161vykoje, o \u0161\u012f kart\u0105 pirmas rungtynes \u017eais namie.<\/p>\n<p>\u201eDidelio skirtumo n\u0117ra. Tikiuosi ateis pilnas stadionas. Dar geriau, kad pradedame namie. Gal\u0117sime parodyti, k\u0105 mes galime \u010dia. Tikim\u0117s nusive\u017eti teigiam\u0105 rezultat\u0105 \u012f Kipr\u0105\u201c, \u2013 sak\u0117 \u201e\u017dalgirio\u201c kapitonas.<\/p>\n<p>Prie\u0161 \u0161e\u0161erius metus V. \u010ceburinas ir O. Verbickas \u201eS\u016bduvos\u201c gretose var\u017e\u0117si prie\u0161 Nikosijos APOEL ir tada pavyko i\u0161kovoti sensacing\u0105 pergal\u0119.<\/p>\n<p>\u201ePraeitis yra praeitis. Geri prisiminimai. Dabar laukia kita komanda, su kita filosofija. Rimtai ruo\u0161iam\u0117s dvikovai prie\u0161 \u0161\u012f var\u017eov\u0105. Analizuojame, planuojame savo veiksmus. Savo stadione, prie savo aistruoli\u0173 lauksime geriausio\u201c, \u2013 teig\u0117 V. \u010ceburinas.<\/p>\n<p>\u201eTik geros emocijos. \u012eveik\u0117me Kipro komand\u0105. N\u0117 vienos komandos n\u0117ra ne\u012fveikiamos. Tikiu, kad gali pavykti ir dabar patekti \u012f kit\u0105 etap\u0105\u201c, \u2013 sak\u0117 O. Verbickas.<\/p>\n<p>\u201e\u017dalgirio\u201c ir \u201ePafos\u201c dvikova vyks ketvirtadien\u012f nuo 19 val. LFF stadione. Bilietus \u012f rungtynes platina \u201e<a href=\"https:\/\/www.bilietai.lt\/lit\/renginiai\/sportas\/futbolas\/uefa-konferenciju-lyga-zalgiris-pafos-437368\/\">Bilietai.lt<\/a>\u201c.<\/p>\n","protected":false},"excerpt":{"rendered":"<p>Ketvirtadien\u012f \u201e\u017dalgirio\u201c laukia pirmasis i\u0161bandymas prie\u0161 Kipro taur\u0117s laim\u0117toj\u0105 \u201ePafos\u201c FC \u2013 UEFA Konferencij\u0173 lygos antrojo atrankos etapo pirmosios rungtyn\u0117s vyks Vilniuje, LFF stadione. Prie\u0161\u2026<\/p>\n","protected":false},"author":4,"featured_media":0,"comment_status":"closed","ping_status":"closed","sticky":false,"template":"","format":"standard","meta":{"_acf_changed":false,"footnotes":""},"categories":[87],"class_list":["post-15744","post","type-post","status-publish","format-standard","hentry","category-zalgiris"],"acf":[],"yoast_head":"<!-- This site is optimized with the Yoast SEO plugin v26.8 - https:\/\/yoast.com\/product\/yoast-seo-wordpress\/ -->\n<title>O. Verbickas: \u201eDar geriau startuoti namie\u201c - FK \u017dalgiris<\/title>\n<meta name=\"robots\" content=\"index, follow, max-snippet:-1, max-image-preview:large, max-video-preview:-1\" \/>\n<link rel=\"canonical\" href=\"https:\/\/fkzalgiris.lt\/o-verbickas-dar-geriau-startuoti-namie\/\" \/>\n<meta property=\"og:locale\" content=\"lt_LT\" \/>\n<meta property=\"og:type\" content=\"article\" \/>\n<meta property=\"og:title\" content=\"O. Verbickas: \u201eDar geriau startuoti namie\u201c - FK \u017dalgiris\" \/>\n<meta property=\"og:description\" content=\"Ketvirtadien\u012f \u201e\u017dalgirio\u201c laukia pirmasis i\u0161bandymas prie\u0161 Kipro taur\u0117s laim\u0117toj\u0105 \u201ePafos\u201c FC \u2013 UEFA Konferencij\u0173 lygos antrojo atrankos etapo pirmosios rungtyn\u0117s vyks Vilniuje, LFF stadione. Prie\u0161\u2026\" \/>\n<meta property=\"og:url\" content=\"https:\/\/fkzalgiris.lt\/o-verbickas-dar-geriau-startuoti-namie\/\" \/>\n<meta property=\"og:site_name\" content=\"FK \u017dalgiris\" \/>\n<meta property=\"article:publisher\" content=\"https:\/\/www.facebook.com\/fkzalgiris\/\" \/>\n<meta property=\"article:published_time\" content=\"2024-07-24T19:00:49+00:00\" \/>\n<meta property=\"article:modified_time\" content=\"2024-07-24T19:44:35+00:00\" \/>\n<meta property=\"og:image\" content=\"https:\/\/fkzalgiris.lt\/wp-content\/uploads\/2024\/02\/social-horiz_Zalgiris_logo_2024.png\" \/>\n\t<meta property=\"og:image:width\" content=\"3356\" \/>\n\t<meta property=\"og:image:height\" content=\"2259\" \/>\n\t<meta property=\"og:image:type\" content=\"image\/png\" \/>\n<meta name=\"author\" content=\"J\" \/>\n<meta name=\"twitter:card\" content=\"summary_large_image\" \/>\n<meta name=\"twitter:creator\" content=\"@fkzalgiris\" \/>\n<meta name=\"twitter:site\" content=\"@fkzalgiris\" \/>\n<meta name=\"twitter:label1\" content=\"Written by\" \/>\n\t<meta name=\"twitter:data1\" content=\"J\" \/>\n\t<meta name=\"twitter:label2\" content=\"Est. reading time\" \/>\n\t<meta name=\"twitter:data2\" content=\"2 minut\u0117s\" \/>\n<script type=\"application\/ld+json\" class=\"yoast-schema-graph\">{\"@context\":\"https:\/\/schema.org\",\"@graph\":[{\"@type\":\"Article\",\"@id\":\"https:\/\/fkzalgiris.lt\/o-verbickas-dar-geriau-startuoti-namie\/#article\",\"isPartOf\":{\"@id\":\"https:\/\/fkzalgiris.lt\/o-verbickas-dar-geriau-startuoti-namie\/\"},\"author\":{\"name\":\"J\",\"@id\":\"https:\/\/fkzalgiris.lt\/#\/schema\/person\/8604babbba794a7d8767be324a3eaac8\"},\"headline\":\"O. Verbickas: \u201eDar geriau startuoti namie\u201c\",\"datePublished\":\"2024-07-24T19:00:49+00:00\",\"dateModified\":\"2024-07-24T19:44:35+00:00\",\"mainEntityOfPage\":{\"@id\":\"https:\/\/fkzalgiris.lt\/o-verbickas-dar-geriau-startuoti-namie\/\"},\"wordCount\":265,\"publisher\":{\"@id\":\"https:\/\/fkzalgiris.lt\/#organization\"},\"articleSection\":[\"\u017dalgiris\"],\"inLanguage\":\"lt-LT\"},{\"@type\":\"WebPage\",\"@id\":\"https:\/\/fkzalgiris.lt\/o-verbickas-dar-geriau-startuoti-namie\/\",\"url\":\"https:\/\/fkzalgiris.lt\/o-verbickas-dar-geriau-startuoti-namie\/\",\"name\":\"O. Verbickas: \u201eDar geriau startuoti namie\u201c - FK \u017dalgiris\",\"isPartOf\":{\"@id\":\"https:\/\/fkzalgiris.lt\/#website\"},\"datePublished\":\"2024-07-24T19:00:49+00:00\",\"dateModified\":\"2024-07-24T19:44:35+00:00\",\"breadcrumb\":{\"@id\":\"https:\/\/fkzalgiris.lt\/o-verbickas-dar-geriau-startuoti-namie\/#breadcrumb\"},\"inLanguage\":\"lt-LT\",\"potentialAction\":[{\"@type\":\"ReadAction\",\"target\":[\"https:\/\/fkzalgiris.lt\/o-verbickas-dar-geriau-startuoti-namie\/\"]}]},{\"@type\":\"BreadcrumbList\",\"@id\":\"https:\/\/fkzalgiris.lt\/o-verbickas-dar-geriau-startuoti-namie\/#breadcrumb\",\"itemListElement\":[{\"@type\":\"ListItem\",\"position\":1,\"name\":\"Home\",\"item\":\"https:\/\/fkzalgiris.lt\/\"},{\"@type\":\"ListItem\",\"position\":2,\"name\":\"O. Verbickas: \u201eDar geriau startuoti namie\u201c\"}]},{\"@type\":\"WebSite\",\"@id\":\"https:\/\/fkzalgiris.lt\/#website\",\"url\":\"https:\/\/fkzalgiris.lt\/\",\"name\":\"FK \u017dalgiris\",\"description\":\"oficiali Vilniaus \u201e\u017dalgirio\u201c futbolo klubo svetain\u0117\",\"publisher\":{\"@id\":\"https:\/\/fkzalgiris.lt\/#organization\"},\"potentialAction\":[{\"@type\":\"SearchAction\",\"target\":{\"@type\":\"EntryPoint\",\"urlTemplate\":\"https:\/\/fkzalgiris.lt\/?s={search_term_string}\"},\"query-input\":{\"@type\":\"PropertyValueSpecification\",\"valueRequired\":true,\"valueName\":\"search_term_string\"}}],\"inLanguage\":\"lt-LT\"},{\"@type\":\"Organization\",\"@id\":\"https:\/\/fkzalgiris.lt\/#organization\",\"name\":\"FK \u017dalgiris\",\"url\":\"https:\/\/fkzalgiris.lt\/\",\"logo\":{\"@type\":\"ImageObject\",\"inLanguage\":\"lt-LT\",\"@id\":\"https:\/\/fkzalgiris.lt\/#\/schema\/logo\/image\/\",\"url\":\"https:\/\/fkzalgiris.lt\/wp-content\/uploads\/2024\/01\/horiz-FK-Zalgiris-logo-2015.png\",\"contentUrl\":\"https:\/\/fkzalgiris.lt\/wp-content\/uploads\/2024\/01\/horiz-FK-Zalgiris-logo-2015.png\",\"width\":3073,\"height\":2048,\"caption\":\"FK \u017dalgiris\"},\"image\":{\"@id\":\"https:\/\/fkzalgiris.lt\/#\/schema\/logo\/image\/\"},\"sameAs\":[\"https:\/\/www.facebook.com\/fkzalgiris\/\",\"https:\/\/x.com\/fkzalgiris\",\"https:\/\/www.instagram.com\/fkzalgiris\/\",\"https:\/\/www.youtube.com\/channel\/UC1ag8JLxGirltMUoLlzfZLA\"]},{\"@type\":\"Person\",\"@id\":\"https:\/\/fkzalgiris.lt\/#\/schema\/person\/8604babbba794a7d8767be324a3eaac8\",\"name\":\"J\"}]}<\/script>\n<!-- \/ Yoast SEO plugin. -->","yoast_head_json":{"title":"O. Verbickas: \u201eDar geriau startuoti namie\u201c - FK \u017dalgiris","robots":{"index":"index","follow":"follow","max-snippet":"max-snippet:-1","max-image-preview":"max-image-preview:large","max-video-preview":"max-video-preview:-1"},"canonical":"https:\/\/fkzalgiris.lt\/o-verbickas-dar-geriau-startuoti-namie\/","og_locale":"lt_LT","og_type":"article","og_title":"O. Verbickas: \u201eDar geriau startuoti namie\u201c - FK \u017dalgiris","og_description":"Ketvirtadien\u012f \u201e\u017dalgirio\u201c laukia pirmasis i\u0161bandymas prie\u0161 Kipro taur\u0117s laim\u0117toj\u0105 \u201ePafos\u201c FC \u2013 UEFA Konferencij\u0173 lygos antrojo atrankos etapo pirmosios rungtyn\u0117s vyks Vilniuje, LFF stadione. Prie\u0161\u2026","og_url":"https:\/\/fkzalgiris.lt\/o-verbickas-dar-geriau-startuoti-namie\/","og_site_name":"FK \u017dalgiris","article_publisher":"https:\/\/www.facebook.com\/fkzalgiris\/","article_published_time":"2024-07-24T19:00:49+00:00","article_modified_time":"2024-07-24T19:44:35+00:00","og_image":[{"width":3356,"height":2259,"url":"https:\/\/fkzalgiris.lt\/wp-content\/uploads\/2024\/02\/social-horiz_Zalgiris_logo_2024.png","type":"image\/png"}],"author":"J","twitter_card":"summary_large_image","twitter_creator":"@fkzalgiris","twitter_site":"@fkzalgiris","twitter_misc":{"Written by":"J","Est. reading time":"2 minut\u0117s"},"schema":{"@context":"https:\/\/schema.org","@graph":[{"@type":"Article","@id":"https:\/\/fkzalgiris.lt\/o-verbickas-dar-geriau-startuoti-namie\/#article","isPartOf":{"@id":"https:\/\/fkzalgiris.lt\/o-verbickas-dar-geriau-startuoti-namie\/"},"author":{"name":"J","@id":"https:\/\/fkzalgiris.lt\/#\/schema\/person\/8604babbba794a7d8767be324a3eaac8"},"headline":"O. Verbickas: \u201eDar geriau startuoti namie\u201c","datePublished":"2024-07-24T19:00:49+00:00","dateModified":"2024-07-24T19:44:35+00:00","mainEntityOfPage":{"@id":"https:\/\/fkzalgiris.lt\/o-verbickas-dar-geriau-startuoti-namie\/"},"wordCount":265,"publisher":{"@id":"https:\/\/fkzalgiris.lt\/#organization"},"articleSection":["\u017dalgiris"],"inLanguage":"lt-LT"},{"@type":"WebPage","@id":"https:\/\/fkzalgiris.lt\/o-verbickas-dar-geriau-startuoti-namie\/","url":"https:\/\/fkzalgiris.lt\/o-verbickas-dar-geriau-startuoti-namie\/","name":"O. Verbickas: \u201eDar geriau startuoti namie\u201c - FK \u017dalgiris","isPartOf":{"@id":"https:\/\/fkzalgiris.lt\/#website"},"datePublished":"2024-07-24T19:00:49+00:00","dateModified":"2024-07-24T19:44:35+00:00","breadcrumb":{"@id":"https:\/\/fkzalgiris.lt\/o-verbickas-dar-geriau-startuoti-namie\/#breadcrumb"},"inLanguage":"lt-LT","potentialAction":[{"@type":"ReadAction","target":["https:\/\/fkzalgiris.lt\/o-verbickas-dar-geriau-startuoti-namie\/"]}]},{"@type":"BreadcrumbList","@id":"https:\/\/fkzalgiris.lt\/o-verbickas-dar-geriau-startuoti-namie\/#breadcrumb","itemListElement":[{"@type":"ListItem","position":1,"name":"Home","item":"https:\/\/fkzalgiris.lt\/"},{"@type":"ListItem","position":2,"name":"O. Verbickas: \u201eDar geriau startuoti namie\u201c"}]},{"@type":"WebSite","@id":"https:\/\/fkzalgiris.lt\/#website","url":"https:\/\/fkzalgiris.lt\/","name":"FK \u017dalgiris","description":"oficiali Vilniaus \u201e\u017dalgirio\u201c futbolo klubo svetain\u0117","publisher":{"@id":"https:\/\/fkzalgiris.lt\/#organization"},"potentialAction":[{"@type":"SearchAction","target":{"@type":"EntryPoint","urlTemplate":"https:\/\/fkzalgiris.lt\/?s={search_term_string}"},"query-input":{"@type":"PropertyValueSpecification","valueRequired":true,"valueName":"search_term_string"}}],"inLanguage":"lt-LT"},{"@type":"Organization","@id":"https:\/\/fkzalgiris.lt\/#organization","name":"FK \u017dalgiris","url":"https:\/\/fkzalgiris.lt\/","logo":{"@type":"ImageObject","inLanguage":"lt-LT","@id":"https:\/\/fkzalgiris.lt\/#\/schema\/logo\/image\/","url":"https:\/\/fkzalgiris.lt\/wp-content\/uploads\/2024\/01\/horiz-FK-Zalgiris-logo-2015.png","contentUrl":"https:\/\/fkzalgiris.lt\/wp-content\/uploads\/2024\/01\/horiz-FK-Zalgiris-logo-2015.png","width":3073,"height":2048,"caption":"FK \u017dalgiris"},"image":{"@id":"https:\/\/fkzalgiris.lt\/#\/schema\/logo\/image\/"},"sameAs":["https:\/\/www.facebook.com\/fkzalgiris\/","https:\/\/x.com\/fkzalgiris","https:\/\/www.instagram.com\/fkzalgiris\/","https:\/\/www.youtube.com\/channel\/UC1ag8JLxGirltMUoLlzfZLA"]},{"@type":"Person","@id":"https:\/\/fkzalgiris.lt\/#\/schema\/person\/8604babbba794a7d8767be324a3eaac8","name":"J"}]}},"_links":{"self":[{"href":"https:\/\/fkzalgiris.lt\/api\/wp\/v2\/posts\/15744","targetHints":{"allow":["GET"]}}],"collection":[{"href":"https:\/\/fkzalgiris.lt\/api\/wp\/v2\/posts"}],"about":[{"href":"https:\/\/fkzalgiris.lt\/api\/wp\/v2\/types\/post"}],"author":[{"embeddable":true,"href":"https:\/\/fkzalgiris.lt\/api\/wp\/v2\/users\/4"}],"replies":[{"embeddable":true,"href":"https:\/\/fkzalgiris.lt\/api\/wp\/v2\/comments?post=15744"}],"version-history":[{"count":3,"href":"https:\/\/fkzalgiris.lt\/api\/wp\/v2\/posts\/15744\/revisions"}],"predecessor-version":[{"id":15748,"href":"https:\/\/fkzalgiris.lt\/api\/wp\/v2\/posts\/15744\/revisions\/15748"}],"wp:attachment":[{"href":"https:\/\/fkzalgiris.lt\/api\/wp\/v2\/media?parent=15744"}],"wp:term":[{"taxonomy":"category","embeddable":true,"href":"https:\/\/fkzalgiris.lt\/api\/wp\/v2\/categories?post=15744"}],"curies":[{"name":"wp","href":"https:\/\/api.w.org\/{rel}","templated":true}]}}