{"id":15640,"date":"2024-07-17T20:06:46","date_gmt":"2024-07-17T17:06:46","guid":{"rendered":"https:\/\/fkzalgiris.lt\/?p=15640"},"modified":"2024-07-17T20:06:46","modified_gmt":"2024-07-17T17:06:46","slug":"o-verbickas-namie-turime-buti-dar-labiau-uzsivede","status":"publish","type":"post","link":"https:\/\/fkzalgiris.lt\/o-verbickas-namie-turime-buti-dar-labiau-uzsivede\/","title":{"rendered":"O. Verbickas: \u201eNamie turime b\u016bti dar labiau u\u017esived\u0119\u201c"},"content":{"rendered":"<p>Ketvirtadien\u012f \u201e\u017dalgirio\u201c komandos Vilniuje laukia atsakomosios UEFA Konferencij\u0173 lygos antro atrankos etapo rungtyn\u0117s. Suomijoje VPS komand\u0105 2:1 \u012fveik\u0119 vilnie\u010diai sieks t\u0105 pat\u012f padaryti ir namuose.<\/p>\n<p>\u201eAtsakomosios rungtyn\u0117s, jose spr\u0119sis viskas abiem komandoms. Visi bus nusiteik\u0119 siekti savo tiksl\u0173. Var\u017eovus priimsime su pagarba. M\u016bs\u0173 tikslas \u012fgyvendinti rungtyni\u0173 plan\u0105\u201c, \u2013 trumpai kalb\u0117jo \u017ealgirie\u010di\u0173 treneris Vladimiras \u010ceburinas.<\/p>\n<p>\u201eAntrosios rungtyn\u0117s visada b\u016bna kitokios, nes komandos \u017eino viena kit\u0105. Bet mes \u017eaid\u017eiame namie. Viskas yra m\u016bs\u0173 rankose, \u010dia m\u016bs\u0173 sienos, m\u016bs\u0173 aistruoliai. Komanda supranta, kokio svarbumo kova laukia\u201c, \u2013 teig\u0117 komandos kapitonas Ovidijus Verbickas.<\/p>\n<p>Pasak V. \u010ceburino, kiekvienos \u201e\u017dalgirio\u201c nam\u0173 rungtyn\u0117s Europoje \u2013 ypatinga \u0161vent\u0117 d\u0117l aistruoli\u0173 palaikymo.<\/p>\n<p>\u201eNam\u0173 rungtyn\u0117s visada malonu. M\u016bs\u0173 aistruoliai surengia grandiozin\u012f palaikym\u0105. U\u017e tai jiems labai a\u010di\u016b. Jie tiki komanda, j\u0105 myli. Tai mums papildomas stimulas. Nam\u0173 rungtyn\u0117s prideda atsakomyb\u0117s. M\u016bs\u0173 aistruoliai taip pat buvo Suomijoje ir labai gerai mus palaik\u0117\u201c, \u2013 teig\u0117 treneris.<\/p>\n<p>Po pirm\u0173j\u0173 rungtyni\u0173 Vilniaus klubas turi \u012fvar\u010dio persvar\u0105, ta\u010diau O. Verbicko teigimu, \u0161ioms rungtyn\u0117ms reikt\u0173 nusiteikti kaip atskirai dvikovai.<\/p>\n<p>\u201eNereikia \u017ei\u016br\u0117ti \u012f pirm\u0173 rungtyni\u0173 rezultat\u0105. Vienas \u012fvartis labai slidus. Manau, kad turime b\u016bti dar labiau u\u017esived\u0119, nes \u010dia m\u016bs\u0173 stadionas. Manau, kad ateis daug aistruoli\u0173 palaikyti. Komanda bus u\u017esivedusi nuo pat pirm\u0173 minu\u010di\u0173\u201c, \u2013 \u017ead\u0117jo saugas.<\/p>\n<p>\u201e\u017dalgirio\u201c ir VPS rungtyn\u0117s vyks liepos 18 d. nuo 19 val. LFF stadione. Bilietus \u012f rungtynes platina \u201e<a href=\"https:\/\/www.bilietai.lt\/lit\/renginiai\/sportas\/futbolas\/uefa-konferenciju-lyga-zalgiris-vps-435954\/\">Bilietai.lt<\/a>\u201c.<\/p>\n","protected":false},"excerpt":{"rendered":"<p>Ketvirtadien\u012f \u201e\u017dalgirio\u201c komandos Vilniuje laukia atsakomosios UEFA Konferencij\u0173 lygos antro atrankos etapo rungtyn\u0117s. Suomijoje VPS komand\u0105 2:1 \u012fveik\u0119 vilnie\u010diai sieks t\u0105 pat\u012f padaryti ir namuose.\u2026<\/p>\n","protected":false},"author":4,"featured_media":0,"comment_status":"closed","ping_status":"closed","sticky":false,"template":"","format":"standard","meta":{"_acf_changed":false,"footnotes":""},"categories":[87],"class_list":["post-15640","post","type-post","status-publish","format-standard","hentry","category-zalgiris"],"acf":[],"yoast_head":"<!-- This site is optimized with the Yoast SEO plugin v26.8 - https:\/\/yoast.com\/product\/yoast-seo-wordpress\/ -->\n<title>O. Verbickas: \u201eNamie turime b\u016bti dar labiau u\u017esived\u0119\u201c - FK \u017dalgiris<\/title>\n<meta name=\"robots\" content=\"index, follow, max-snippet:-1, max-image-preview:large, max-video-preview:-1\" \/>\n<link rel=\"canonical\" href=\"https:\/\/fkzalgiris.lt\/o-verbickas-namie-turime-buti-dar-labiau-uzsivede\/\" \/>\n<meta property=\"og:locale\" content=\"lt_LT\" \/>\n<meta property=\"og:type\" content=\"article\" \/>\n<meta property=\"og:title\" content=\"O. Verbickas: \u201eNamie turime b\u016bti dar labiau u\u017esived\u0119\u201c - FK \u017dalgiris\" \/>\n<meta property=\"og:description\" content=\"Ketvirtadien\u012f \u201e\u017dalgirio\u201c komandos Vilniuje laukia atsakomosios UEFA Konferencij\u0173 lygos antro atrankos etapo rungtyn\u0117s. Suomijoje VPS komand\u0105 2:1 \u012fveik\u0119 vilnie\u010diai sieks t\u0105 pat\u012f padaryti ir namuose.\u2026\" \/>\n<meta property=\"og:url\" content=\"https:\/\/fkzalgiris.lt\/o-verbickas-namie-turime-buti-dar-labiau-uzsivede\/\" \/>\n<meta property=\"og:site_name\" content=\"FK \u017dalgiris\" \/>\n<meta property=\"article:publisher\" content=\"https:\/\/www.facebook.com\/fkzalgiris\/\" \/>\n<meta property=\"article:published_time\" content=\"2024-07-17T17:06:46+00:00\" \/>\n<meta property=\"og:image\" content=\"https:\/\/fkzalgiris.lt\/wp-content\/uploads\/2024\/02\/social-horiz_Zalgiris_logo_2024.png\" \/>\n\t<meta property=\"og:image:width\" content=\"3356\" \/>\n\t<meta property=\"og:image:height\" content=\"2259\" \/>\n\t<meta property=\"og:image:type\" content=\"image\/png\" \/>\n<meta name=\"author\" content=\"J\" \/>\n<meta name=\"twitter:card\" content=\"summary_large_image\" \/>\n<meta name=\"twitter:creator\" content=\"@fkzalgiris\" \/>\n<meta name=\"twitter:site\" content=\"@fkzalgiris\" \/>\n<meta name=\"twitter:label1\" content=\"Written by\" \/>\n\t<meta name=\"twitter:data1\" content=\"J\" \/>\n\t<meta name=\"twitter:label2\" content=\"Est. reading time\" \/>\n\t<meta name=\"twitter:data2\" content=\"2 minut\u0117s\" \/>\n<script type=\"application\/ld+json\" class=\"yoast-schema-graph\">{\"@context\":\"https:\/\/schema.org\",\"@graph\":[{\"@type\":\"Article\",\"@id\":\"https:\/\/fkzalgiris.lt\/o-verbickas-namie-turime-buti-dar-labiau-uzsivede\/#article\",\"isPartOf\":{\"@id\":\"https:\/\/fkzalgiris.lt\/o-verbickas-namie-turime-buti-dar-labiau-uzsivede\/\"},\"author\":{\"name\":\"J\",\"@id\":\"https:\/\/fkzalgiris.lt\/#\/schema\/person\/8604babbba794a7d8767be324a3eaac8\"},\"headline\":\"O. Verbickas: \u201eNamie turime b\u016bti dar labiau u\u017esived\u0119\u201c\",\"datePublished\":\"2024-07-17T17:06:46+00:00\",\"mainEntityOfPage\":{\"@id\":\"https:\/\/fkzalgiris.lt\/o-verbickas-namie-turime-buti-dar-labiau-uzsivede\/\"},\"wordCount\":254,\"publisher\":{\"@id\":\"https:\/\/fkzalgiris.lt\/#organization\"},\"articleSection\":[\"\u017dalgiris\"],\"inLanguage\":\"lt-LT\"},{\"@type\":\"WebPage\",\"@id\":\"https:\/\/fkzalgiris.lt\/o-verbickas-namie-turime-buti-dar-labiau-uzsivede\/\",\"url\":\"https:\/\/fkzalgiris.lt\/o-verbickas-namie-turime-buti-dar-labiau-uzsivede\/\",\"name\":\"O. Verbickas: \u201eNamie turime b\u016bti dar labiau u\u017esived\u0119\u201c - FK \u017dalgiris\",\"isPartOf\":{\"@id\":\"https:\/\/fkzalgiris.lt\/#website\"},\"datePublished\":\"2024-07-17T17:06:46+00:00\",\"breadcrumb\":{\"@id\":\"https:\/\/fkzalgiris.lt\/o-verbickas-namie-turime-buti-dar-labiau-uzsivede\/#breadcrumb\"},\"inLanguage\":\"lt-LT\",\"potentialAction\":[{\"@type\":\"ReadAction\",\"target\":[\"https:\/\/fkzalgiris.lt\/o-verbickas-namie-turime-buti-dar-labiau-uzsivede\/\"]}]},{\"@type\":\"BreadcrumbList\",\"@id\":\"https:\/\/fkzalgiris.lt\/o-verbickas-namie-turime-buti-dar-labiau-uzsivede\/#breadcrumb\",\"itemListElement\":[{\"@type\":\"ListItem\",\"position\":1,\"name\":\"Home\",\"item\":\"https:\/\/fkzalgiris.lt\/\"},{\"@type\":\"ListItem\",\"position\":2,\"name\":\"O. Verbickas: \u201eNamie turime b\u016bti dar labiau u\u017esived\u0119\u201c\"}]},{\"@type\":\"WebSite\",\"@id\":\"https:\/\/fkzalgiris.lt\/#website\",\"url\":\"https:\/\/fkzalgiris.lt\/\",\"name\":\"FK \u017dalgiris\",\"description\":\"oficiali Vilniaus \u201e\u017dalgirio\u201c futbolo klubo svetain\u0117\",\"publisher\":{\"@id\":\"https:\/\/fkzalgiris.lt\/#organization\"},\"potentialAction\":[{\"@type\":\"SearchAction\",\"target\":{\"@type\":\"EntryPoint\",\"urlTemplate\":\"https:\/\/fkzalgiris.lt\/?s={search_term_string}\"},\"query-input\":{\"@type\":\"PropertyValueSpecification\",\"valueRequired\":true,\"valueName\":\"search_term_string\"}}],\"inLanguage\":\"lt-LT\"},{\"@type\":\"Organization\",\"@id\":\"https:\/\/fkzalgiris.lt\/#organization\",\"name\":\"FK \u017dalgiris\",\"url\":\"https:\/\/fkzalgiris.lt\/\",\"logo\":{\"@type\":\"ImageObject\",\"inLanguage\":\"lt-LT\",\"@id\":\"https:\/\/fkzalgiris.lt\/#\/schema\/logo\/image\/\",\"url\":\"https:\/\/fkzalgiris.lt\/wp-content\/uploads\/2024\/01\/horiz-FK-Zalgiris-logo-2015.png\",\"contentUrl\":\"https:\/\/fkzalgiris.lt\/wp-content\/uploads\/2024\/01\/horiz-FK-Zalgiris-logo-2015.png\",\"width\":3073,\"height\":2048,\"caption\":\"FK \u017dalgiris\"},\"image\":{\"@id\":\"https:\/\/fkzalgiris.lt\/#\/schema\/logo\/image\/\"},\"sameAs\":[\"https:\/\/www.facebook.com\/fkzalgiris\/\",\"https:\/\/x.com\/fkzalgiris\",\"https:\/\/www.instagram.com\/fkzalgiris\/\",\"https:\/\/www.youtube.com\/channel\/UC1ag8JLxGirltMUoLlzfZLA\"]},{\"@type\":\"Person\",\"@id\":\"https:\/\/fkzalgiris.lt\/#\/schema\/person\/8604babbba794a7d8767be324a3eaac8\",\"name\":\"J\"}]}<\/script>\n<!-- \/ Yoast SEO plugin. -->","yoast_head_json":{"title":"O. Verbickas: \u201eNamie turime b\u016bti dar labiau u\u017esived\u0119\u201c - FK \u017dalgiris","robots":{"index":"index","follow":"follow","max-snippet":"max-snippet:-1","max-image-preview":"max-image-preview:large","max-video-preview":"max-video-preview:-1"},"canonical":"https:\/\/fkzalgiris.lt\/o-verbickas-namie-turime-buti-dar-labiau-uzsivede\/","og_locale":"lt_LT","og_type":"article","og_title":"O. Verbickas: \u201eNamie turime b\u016bti dar labiau u\u017esived\u0119\u201c - FK \u017dalgiris","og_description":"Ketvirtadien\u012f \u201e\u017dalgirio\u201c komandos Vilniuje laukia atsakomosios UEFA Konferencij\u0173 lygos antro atrankos etapo rungtyn\u0117s. Suomijoje VPS komand\u0105 2:1 \u012fveik\u0119 vilnie\u010diai sieks t\u0105 pat\u012f padaryti ir namuose.\u2026","og_url":"https:\/\/fkzalgiris.lt\/o-verbickas-namie-turime-buti-dar-labiau-uzsivede\/","og_site_name":"FK \u017dalgiris","article_publisher":"https:\/\/www.facebook.com\/fkzalgiris\/","article_published_time":"2024-07-17T17:06:46+00:00","og_image":[{"width":3356,"height":2259,"url":"https:\/\/fkzalgiris.lt\/wp-content\/uploads\/2024\/02\/social-horiz_Zalgiris_logo_2024.png","type":"image\/png"}],"author":"J","twitter_card":"summary_large_image","twitter_creator":"@fkzalgiris","twitter_site":"@fkzalgiris","twitter_misc":{"Written by":"J","Est. reading time":"2 minut\u0117s"},"schema":{"@context":"https:\/\/schema.org","@graph":[{"@type":"Article","@id":"https:\/\/fkzalgiris.lt\/o-verbickas-namie-turime-buti-dar-labiau-uzsivede\/#article","isPartOf":{"@id":"https:\/\/fkzalgiris.lt\/o-verbickas-namie-turime-buti-dar-labiau-uzsivede\/"},"author":{"name":"J","@id":"https:\/\/fkzalgiris.lt\/#\/schema\/person\/8604babbba794a7d8767be324a3eaac8"},"headline":"O. Verbickas: \u201eNamie turime b\u016bti dar labiau u\u017esived\u0119\u201c","datePublished":"2024-07-17T17:06:46+00:00","mainEntityOfPage":{"@id":"https:\/\/fkzalgiris.lt\/o-verbickas-namie-turime-buti-dar-labiau-uzsivede\/"},"wordCount":254,"publisher":{"@id":"https:\/\/fkzalgiris.lt\/#organization"},"articleSection":["\u017dalgiris"],"inLanguage":"lt-LT"},{"@type":"WebPage","@id":"https:\/\/fkzalgiris.lt\/o-verbickas-namie-turime-buti-dar-labiau-uzsivede\/","url":"https:\/\/fkzalgiris.lt\/o-verbickas-namie-turime-buti-dar-labiau-uzsivede\/","name":"O. Verbickas: \u201eNamie turime b\u016bti dar labiau u\u017esived\u0119\u201c - FK \u017dalgiris","isPartOf":{"@id":"https:\/\/fkzalgiris.lt\/#website"},"datePublished":"2024-07-17T17:06:46+00:00","breadcrumb":{"@id":"https:\/\/fkzalgiris.lt\/o-verbickas-namie-turime-buti-dar-labiau-uzsivede\/#breadcrumb"},"inLanguage":"lt-LT","potentialAction":[{"@type":"ReadAction","target":["https:\/\/fkzalgiris.lt\/o-verbickas-namie-turime-buti-dar-labiau-uzsivede\/"]}]},{"@type":"BreadcrumbList","@id":"https:\/\/fkzalgiris.lt\/o-verbickas-namie-turime-buti-dar-labiau-uzsivede\/#breadcrumb","itemListElement":[{"@type":"ListItem","position":1,"name":"Home","item":"https:\/\/fkzalgiris.lt\/"},{"@type":"ListItem","position":2,"name":"O. Verbickas: \u201eNamie turime b\u016bti dar labiau u\u017esived\u0119\u201c"}]},{"@type":"WebSite","@id":"https:\/\/fkzalgiris.lt\/#website","url":"https:\/\/fkzalgiris.lt\/","name":"FK \u017dalgiris","description":"oficiali Vilniaus \u201e\u017dalgirio\u201c futbolo klubo svetain\u0117","publisher":{"@id":"https:\/\/fkzalgiris.lt\/#organization"},"potentialAction":[{"@type":"SearchAction","target":{"@type":"EntryPoint","urlTemplate":"https:\/\/fkzalgiris.lt\/?s={search_term_string}"},"query-input":{"@type":"PropertyValueSpecification","valueRequired":true,"valueName":"search_term_string"}}],"inLanguage":"lt-LT"},{"@type":"Organization","@id":"https:\/\/fkzalgiris.lt\/#organization","name":"FK \u017dalgiris","url":"https:\/\/fkzalgiris.lt\/","logo":{"@type":"ImageObject","inLanguage":"lt-LT","@id":"https:\/\/fkzalgiris.lt\/#\/schema\/logo\/image\/","url":"https:\/\/fkzalgiris.lt\/wp-content\/uploads\/2024\/01\/horiz-FK-Zalgiris-logo-2015.png","contentUrl":"https:\/\/fkzalgiris.lt\/wp-content\/uploads\/2024\/01\/horiz-FK-Zalgiris-logo-2015.png","width":3073,"height":2048,"caption":"FK \u017dalgiris"},"image":{"@id":"https:\/\/fkzalgiris.lt\/#\/schema\/logo\/image\/"},"sameAs":["https:\/\/www.facebook.com\/fkzalgiris\/","https:\/\/x.com\/fkzalgiris","https:\/\/www.instagram.com\/fkzalgiris\/","https:\/\/www.youtube.com\/channel\/UC1ag8JLxGirltMUoLlzfZLA"]},{"@type":"Person","@id":"https:\/\/fkzalgiris.lt\/#\/schema\/person\/8604babbba794a7d8767be324a3eaac8","name":"J"}]}},"_links":{"self":[{"href":"https:\/\/fkzalgiris.lt\/api\/wp\/v2\/posts\/15640","targetHints":{"allow":["GET"]}}],"collection":[{"href":"https:\/\/fkzalgiris.lt\/api\/wp\/v2\/posts"}],"about":[{"href":"https:\/\/fkzalgiris.lt\/api\/wp\/v2\/types\/post"}],"author":[{"embeddable":true,"href":"https:\/\/fkzalgiris.lt\/api\/wp\/v2\/users\/4"}],"replies":[{"embeddable":true,"href":"https:\/\/fkzalgiris.lt\/api\/wp\/v2\/comments?post=15640"}],"version-history":[{"count":3,"href":"https:\/\/fkzalgiris.lt\/api\/wp\/v2\/posts\/15640\/revisions"}],"predecessor-version":[{"id":15644,"href":"https:\/\/fkzalgiris.lt\/api\/wp\/v2\/posts\/15640\/revisions\/15644"}],"wp:attachment":[{"href":"https:\/\/fkzalgiris.lt\/api\/wp\/v2\/media?parent=15640"}],"wp:term":[{"taxonomy":"category","embeddable":true,"href":"https:\/\/fkzalgiris.lt\/api\/wp\/v2\/categories?post=15640"}],"curies":[{"name":"wp","href":"https:\/\/api.w.org\/{rel}","templated":true}]}}