{"id":15407,"date":"2024-06-17T12:53:14","date_gmt":"2024-06-17T09:53:14","guid":{"rendered":"https:\/\/fkzalgiris.lt\/?p=15407"},"modified":"2024-06-17T12:57:47","modified_gmt":"2024-06-17T09:57:47","slug":"i-rikiuote-grizes-o-verbickas-turejome-imusti-dar-daugiau","status":"publish","type":"post","link":"https:\/\/fkzalgiris.lt\/i-rikiuote-grizes-o-verbickas-turejome-imusti-dar-daugiau\/","title":{"rendered":"\u012e rikiuot\u0119 gr\u012f\u017e\u0119s O. Verbickas: \u201eTur\u0117jome \u012fmu\u0161ti dar daugiau\u201c"},"content":{"rendered":"<p>\u201e\u017dalgirio\u201c treneris Vladimiras \u010ceburinas ir kapitonas Ovidijus Verbickas po pergal\u0117s prie\u0161 \u201ePanev\u0117\u017e\u012f\u201c turejo pastab\u0173 d\u0117l nei\u0161naudot\u0173 prog\u0173.<\/p>\n<p>\u017dalgirie\u010diai dominavo nuo rungtyniu prad\u017eios, ta\u010diau pirmajame k\u0117linyje \u012fmu\u0161\u0117 kart\u0105, o antr\u0105j\u012f \u012fvart\u012f peln\u0117 tik per prid\u0117tin\u012f antrojo k\u0117linio laik\u0105. Var\u017eovams pelniuys paguodos \u012fvart\u012f dvikova baig\u0117si Vilniaus ekipos pergale 2:1.<\/p>\n<p>\u201ePirmajame k\u0117linyje buvo daug kamuolio kontrol\u0117s. Daug ger\u0173 prog\u0173 \u012fmu\u0161ti. Tokias reikia i\u0161naudoti. Antrajame k\u0117linyje jau var\u017eovas padar\u0117 korektyv\u0173. Daugiau \u017eaidimo vyko aik\u0161t\u0117s viduryje. Toliau band\u0117me spausti. Dar buvo moment\u0173. Buvo toki\u0173, kuriuos b\u016btina realizuoti. Yra ties kuo dirbti. Visus \u017eaid\u0117jus sveikinu su pergale. \u0160aunuoliai. Yra klaid\u0173, bet be j\u0173 neb\u016bna futbolo. Analizuosime ir darysime i\u0161vadas, eisime toliau\u201c, \u2013 kalb\u0117jo V. \u010ceburinas.<\/p>\n<div class=\"embed-responsive embed-responsive-16by9 mb-4\"><iframe title=\"\u010ceburin | Trenerio komentaras | Interview | \u017dalgiris - Panev\u0117\u017eys\" src=\"https:\/\/www.youtube.com\/embed\/wTGg6JWLwqY?feature=oembed\" frameborder=\"0\" allow=\"accelerometer; autoplay; clipboard-write; encrypted-media; gyroscope; picture-in-picture; web-share\" referrerpolicy=\"strict-origin-when-cross-origin\" allowfullscreen><\/iframe> <\/div>\n<p>\u201eLabai malonu po pauz\u0117s prad\u0117ti pergale. Laukia daug svarbi\u0173 rungyni\u0173. Jausmas tikrai geras. Visa komanda dirba. Tikiuosi t\u0119sime tokia pa\u010dia nata. Pirmajame k\u0117linyje prad\u0117jome labia agresyviai, ko antrajame nepadar\u0117me. Manau, kad reikia padaryti i\u0161vadas. Abu k\u0117linius turime \u017eaisti pilnai agresyviai. Pagal tai, kiek tur\u0117jome prog\u0173, tur\u0117jome \u012fmu\u0161ti dar daugiau\u201c, \u2013 sake O. Verbickas.<\/p>\n<p>Jis \u012f rikiuot\u0119 gr\u012f\u017eo po keli\u0173 savai\u010di\u0173 pauz\u0117s, per kurias gyd\u0117si traumas. Dabar \u201e\u017dalgirio\u201c laukia intensyvus periodas \u2013 kelios rungtyn\u0117s per dvi savaites. \u201eM\u0117nes\u012f ne\u017eaid\u017eiau, tur\u0117jau poilsio, kuris buvo privalomas, nes tur\u0117jau mikrotraum\u0173. Energijos ir noro turiu, viskas bus gerai\u201c, \u2013 sak\u0117 O. Verbickas.<\/p>\n<div class=\"embed-responsive embed-responsive-16by9 mb-4\"><iframe title=\"Verbickas | Komentaras | Interview | \u017dalgiris - Panev\u0117\u017eys\" src=\"https:\/\/www.youtube.com\/embed\/SH1bxCIaAbo?feature=oembed\" frameborder=\"0\" allow=\"accelerometer; autoplay; clipboard-write; encrypted-media; gyroscope; picture-in-picture; web-share\" referrerpolicy=\"strict-origin-when-cross-origin\" allowfullscreen><\/iframe> <\/div>\n<p>Paklaustas ar pirmasis k\u0117linys b\u016bt\u0173 arti idealaus, jei b\u016bt\u0173 i\u0161naudotos progos, V. \u010ceburinas atsak\u0117: \u201c Geras buvo ir antrasis, ne tik pirmas. Pirmajame k\u0117linyje \u017eaid\u0117me agresyviau. Suk\u016br\u0117me daugiau spaudimo. Daugiau prog\u0173. Ta\u010diau ir antrajame k\u0117linyje buvo i\u0161\u0117jimai vienas prie\u0161 vien\u0105, ar su kiekybine persvara. Antrajame k\u0117linyje buvo daugiau var\u017eov\u0173 kontratatak\u0173. Krito toks kiek kuriozinis \u012fvartis. Kaip pirmose rungtyn\u0117se po pertraukos su\u017eaid\u0117me gana gerai.\u201c<\/p>\n<p>Septint\u0105 \u0161io sezono \u012fvart\u012f peln\u0117 Joelis Bopesu, kuris yra rezultatyviausias \u010dempionate ir komandoje.<\/p>\n<p>\u201eJis turi didel\u012f nor\u0105 \u017eaisti. Didel\u012f nor\u0105 \u012fmu\u0161ti. Buvo momentas, kai reik\u0117jo perdavimo ir gal\u0117jo b\u016bti \u012fvartis. Reikia atiduoti duokl\u0119 jam. Jis \u012f aik\u0161t\u0119 i\u0161eina laim\u0117ti. U\u017eveda visus. Duoda mums post\u016bm\u012f. O tai kad jis rezultatyviausias, kairio gyn\u0117jo pozicijoje&#8230; Galima pasakyti tik \u2013 bravo\u201c, \u2013 vertino V. \u010ceburinas.<\/p>\n<p>Tre\u010diadien\u012f \u201e\u017dalgiris\u201c Tel\u0161iuose susitiks su \u201eD\u017eiugu\u201c, o bir\u017eelio 23 d. namuose priims \u201eS\u016bduv\u0105\u201c.<\/p>\n","protected":false},"excerpt":{"rendered":"<p>\u201e\u017dalgirio\u201c treneris Vladimiras \u010ceburinas ir kapitonas Ovidijus Verbickas po pergal\u0117s prie\u0161 \u201ePanev\u0117\u017e\u012f\u201c turejo pastab\u0173 d\u0117l nei\u0161naudot\u0173 prog\u0173. \u017dalgirie\u010diai dominavo nuo rungtyniu prad\u017eios, ta\u010diau pirmajame k\u0117linyje\u2026<\/p>\n","protected":false},"author":4,"featured_media":0,"comment_status":"closed","ping_status":"closed","sticky":false,"template":"","format":"standard","meta":{"_acf_changed":false,"footnotes":""},"categories":[87],"class_list":["post-15407","post","type-post","status-publish","format-standard","hentry","category-zalgiris"],"acf":[],"yoast_head":"<!-- This site is optimized with the Yoast SEO plugin v26.8 - https:\/\/yoast.com\/product\/yoast-seo-wordpress\/ -->\n<title>\u012e rikiuot\u0119 gr\u012f\u017e\u0119s O. Verbickas: \u201eTur\u0117jome \u012fmu\u0161ti dar daugiau\u201c - FK \u017dalgiris<\/title>\n<meta name=\"robots\" content=\"index, follow, max-snippet:-1, max-image-preview:large, max-video-preview:-1\" \/>\n<link rel=\"canonical\" href=\"https:\/\/fkzalgiris.lt\/i-rikiuote-grizes-o-verbickas-turejome-imusti-dar-daugiau\/\" \/>\n<meta property=\"og:locale\" content=\"lt_LT\" \/>\n<meta property=\"og:type\" content=\"article\" \/>\n<meta property=\"og:title\" content=\"\u012e rikiuot\u0119 gr\u012f\u017e\u0119s O. Verbickas: \u201eTur\u0117jome \u012fmu\u0161ti dar daugiau\u201c - FK \u017dalgiris\" \/>\n<meta property=\"og:description\" content=\"\u201e\u017dalgirio\u201c treneris Vladimiras \u010ceburinas ir kapitonas Ovidijus Verbickas po pergal\u0117s prie\u0161 \u201ePanev\u0117\u017e\u012f\u201c turejo pastab\u0173 d\u0117l nei\u0161naudot\u0173 prog\u0173. \u017dalgirie\u010diai dominavo nuo rungtyniu prad\u017eios, ta\u010diau pirmajame k\u0117linyje\u2026\" \/>\n<meta property=\"og:url\" content=\"https:\/\/fkzalgiris.lt\/i-rikiuote-grizes-o-verbickas-turejome-imusti-dar-daugiau\/\" \/>\n<meta property=\"og:site_name\" content=\"FK \u017dalgiris\" \/>\n<meta property=\"article:publisher\" content=\"https:\/\/www.facebook.com\/fkzalgiris\/\" \/>\n<meta property=\"article:published_time\" content=\"2024-06-17T09:53:14+00:00\" \/>\n<meta property=\"article:modified_time\" content=\"2024-06-17T09:57:47+00:00\" \/>\n<meta property=\"og:image\" content=\"https:\/\/fkzalgiris.lt\/wp-content\/uploads\/2024\/02\/social-horiz_Zalgiris_logo_2024.png\" \/>\n\t<meta property=\"og:image:width\" content=\"3356\" \/>\n\t<meta property=\"og:image:height\" content=\"2259\" \/>\n\t<meta property=\"og:image:type\" content=\"image\/png\" \/>\n<meta name=\"author\" content=\"J\" \/>\n<meta name=\"twitter:card\" content=\"summary_large_image\" \/>\n<meta name=\"twitter:creator\" content=\"@fkzalgiris\" \/>\n<meta name=\"twitter:site\" content=\"@fkzalgiris\" \/>\n<meta name=\"twitter:label1\" content=\"Written by\" \/>\n\t<meta name=\"twitter:data1\" content=\"J\" \/>\n\t<meta name=\"twitter:label2\" content=\"Est. reading time\" \/>\n\t<meta name=\"twitter:data2\" content=\"2 minut\u0117s\" \/>\n<script type=\"application\/ld+json\" class=\"yoast-schema-graph\">{\"@context\":\"https:\/\/schema.org\",\"@graph\":[{\"@type\":\"Article\",\"@id\":\"https:\/\/fkzalgiris.lt\/i-rikiuote-grizes-o-verbickas-turejome-imusti-dar-daugiau\/#article\",\"isPartOf\":{\"@id\":\"https:\/\/fkzalgiris.lt\/i-rikiuote-grizes-o-verbickas-turejome-imusti-dar-daugiau\/\"},\"author\":{\"name\":\"J\",\"@id\":\"https:\/\/fkzalgiris.lt\/#\/schema\/person\/8604babbba794a7d8767be324a3eaac8\"},\"headline\":\"\u012e rikiuot\u0119 gr\u012f\u017e\u0119s O. Verbickas: \u201eTur\u0117jome \u012fmu\u0161ti dar daugiau\u201c\",\"datePublished\":\"2024-06-17T09:53:14+00:00\",\"dateModified\":\"2024-06-17T09:57:47+00:00\",\"mainEntityOfPage\":{\"@id\":\"https:\/\/fkzalgiris.lt\/i-rikiuote-grizes-o-verbickas-turejome-imusti-dar-daugiau\/\"},\"wordCount\":436,\"publisher\":{\"@id\":\"https:\/\/fkzalgiris.lt\/#organization\"},\"articleSection\":[\"\u017dalgiris\"],\"inLanguage\":\"lt-LT\"},{\"@type\":\"WebPage\",\"@id\":\"https:\/\/fkzalgiris.lt\/i-rikiuote-grizes-o-verbickas-turejome-imusti-dar-daugiau\/\",\"url\":\"https:\/\/fkzalgiris.lt\/i-rikiuote-grizes-o-verbickas-turejome-imusti-dar-daugiau\/\",\"name\":\"\u012e rikiuot\u0119 gr\u012f\u017e\u0119s O. Verbickas: \u201eTur\u0117jome \u012fmu\u0161ti dar daugiau\u201c - FK \u017dalgiris\",\"isPartOf\":{\"@id\":\"https:\/\/fkzalgiris.lt\/#website\"},\"datePublished\":\"2024-06-17T09:53:14+00:00\",\"dateModified\":\"2024-06-17T09:57:47+00:00\",\"breadcrumb\":{\"@id\":\"https:\/\/fkzalgiris.lt\/i-rikiuote-grizes-o-verbickas-turejome-imusti-dar-daugiau\/#breadcrumb\"},\"inLanguage\":\"lt-LT\",\"potentialAction\":[{\"@type\":\"ReadAction\",\"target\":[\"https:\/\/fkzalgiris.lt\/i-rikiuote-grizes-o-verbickas-turejome-imusti-dar-daugiau\/\"]}]},{\"@type\":\"BreadcrumbList\",\"@id\":\"https:\/\/fkzalgiris.lt\/i-rikiuote-grizes-o-verbickas-turejome-imusti-dar-daugiau\/#breadcrumb\",\"itemListElement\":[{\"@type\":\"ListItem\",\"position\":1,\"name\":\"Home\",\"item\":\"https:\/\/fkzalgiris.lt\/\"},{\"@type\":\"ListItem\",\"position\":2,\"name\":\"\u012e rikiuot\u0119 gr\u012f\u017e\u0119s O. Verbickas: \u201eTur\u0117jome \u012fmu\u0161ti dar daugiau\u201c\"}]},{\"@type\":\"WebSite\",\"@id\":\"https:\/\/fkzalgiris.lt\/#website\",\"url\":\"https:\/\/fkzalgiris.lt\/\",\"name\":\"FK \u017dalgiris\",\"description\":\"oficiali Vilniaus \u201e\u017dalgirio\u201c futbolo klubo svetain\u0117\",\"publisher\":{\"@id\":\"https:\/\/fkzalgiris.lt\/#organization\"},\"potentialAction\":[{\"@type\":\"SearchAction\",\"target\":{\"@type\":\"EntryPoint\",\"urlTemplate\":\"https:\/\/fkzalgiris.lt\/?s={search_term_string}\"},\"query-input\":{\"@type\":\"PropertyValueSpecification\",\"valueRequired\":true,\"valueName\":\"search_term_string\"}}],\"inLanguage\":\"lt-LT\"},{\"@type\":\"Organization\",\"@id\":\"https:\/\/fkzalgiris.lt\/#organization\",\"name\":\"FK \u017dalgiris\",\"url\":\"https:\/\/fkzalgiris.lt\/\",\"logo\":{\"@type\":\"ImageObject\",\"inLanguage\":\"lt-LT\",\"@id\":\"https:\/\/fkzalgiris.lt\/#\/schema\/logo\/image\/\",\"url\":\"https:\/\/fkzalgiris.lt\/wp-content\/uploads\/2024\/01\/horiz-FK-Zalgiris-logo-2015.png\",\"contentUrl\":\"https:\/\/fkzalgiris.lt\/wp-content\/uploads\/2024\/01\/horiz-FK-Zalgiris-logo-2015.png\",\"width\":3073,\"height\":2048,\"caption\":\"FK \u017dalgiris\"},\"image\":{\"@id\":\"https:\/\/fkzalgiris.lt\/#\/schema\/logo\/image\/\"},\"sameAs\":[\"https:\/\/www.facebook.com\/fkzalgiris\/\",\"https:\/\/x.com\/fkzalgiris\",\"https:\/\/www.instagram.com\/fkzalgiris\/\",\"https:\/\/www.youtube.com\/channel\/UC1ag8JLxGirltMUoLlzfZLA\"]},{\"@type\":\"Person\",\"@id\":\"https:\/\/fkzalgiris.lt\/#\/schema\/person\/8604babbba794a7d8767be324a3eaac8\",\"name\":\"J\"}]}<\/script>\n<!-- \/ Yoast SEO plugin. -->","yoast_head_json":{"title":"\u012e rikiuot\u0119 gr\u012f\u017e\u0119s O. Verbickas: \u201eTur\u0117jome \u012fmu\u0161ti dar daugiau\u201c - FK \u017dalgiris","robots":{"index":"index","follow":"follow","max-snippet":"max-snippet:-1","max-image-preview":"max-image-preview:large","max-video-preview":"max-video-preview:-1"},"canonical":"https:\/\/fkzalgiris.lt\/i-rikiuote-grizes-o-verbickas-turejome-imusti-dar-daugiau\/","og_locale":"lt_LT","og_type":"article","og_title":"\u012e rikiuot\u0119 gr\u012f\u017e\u0119s O. Verbickas: \u201eTur\u0117jome \u012fmu\u0161ti dar daugiau\u201c - FK \u017dalgiris","og_description":"\u201e\u017dalgirio\u201c treneris Vladimiras \u010ceburinas ir kapitonas Ovidijus Verbickas po pergal\u0117s prie\u0161 \u201ePanev\u0117\u017e\u012f\u201c turejo pastab\u0173 d\u0117l nei\u0161naudot\u0173 prog\u0173. \u017dalgirie\u010diai dominavo nuo rungtyniu prad\u017eios, ta\u010diau pirmajame k\u0117linyje\u2026","og_url":"https:\/\/fkzalgiris.lt\/i-rikiuote-grizes-o-verbickas-turejome-imusti-dar-daugiau\/","og_site_name":"FK \u017dalgiris","article_publisher":"https:\/\/www.facebook.com\/fkzalgiris\/","article_published_time":"2024-06-17T09:53:14+00:00","article_modified_time":"2024-06-17T09:57:47+00:00","og_image":[{"width":3356,"height":2259,"url":"https:\/\/fkzalgiris.lt\/wp-content\/uploads\/2024\/02\/social-horiz_Zalgiris_logo_2024.png","type":"image\/png"}],"author":"J","twitter_card":"summary_large_image","twitter_creator":"@fkzalgiris","twitter_site":"@fkzalgiris","twitter_misc":{"Written by":"J","Est. reading time":"2 minut\u0117s"},"schema":{"@context":"https:\/\/schema.org","@graph":[{"@type":"Article","@id":"https:\/\/fkzalgiris.lt\/i-rikiuote-grizes-o-verbickas-turejome-imusti-dar-daugiau\/#article","isPartOf":{"@id":"https:\/\/fkzalgiris.lt\/i-rikiuote-grizes-o-verbickas-turejome-imusti-dar-daugiau\/"},"author":{"name":"J","@id":"https:\/\/fkzalgiris.lt\/#\/schema\/person\/8604babbba794a7d8767be324a3eaac8"},"headline":"\u012e rikiuot\u0119 gr\u012f\u017e\u0119s O. Verbickas: \u201eTur\u0117jome \u012fmu\u0161ti dar daugiau\u201c","datePublished":"2024-06-17T09:53:14+00:00","dateModified":"2024-06-17T09:57:47+00:00","mainEntityOfPage":{"@id":"https:\/\/fkzalgiris.lt\/i-rikiuote-grizes-o-verbickas-turejome-imusti-dar-daugiau\/"},"wordCount":436,"publisher":{"@id":"https:\/\/fkzalgiris.lt\/#organization"},"articleSection":["\u017dalgiris"],"inLanguage":"lt-LT"},{"@type":"WebPage","@id":"https:\/\/fkzalgiris.lt\/i-rikiuote-grizes-o-verbickas-turejome-imusti-dar-daugiau\/","url":"https:\/\/fkzalgiris.lt\/i-rikiuote-grizes-o-verbickas-turejome-imusti-dar-daugiau\/","name":"\u012e rikiuot\u0119 gr\u012f\u017e\u0119s O. Verbickas: \u201eTur\u0117jome \u012fmu\u0161ti dar daugiau\u201c - FK \u017dalgiris","isPartOf":{"@id":"https:\/\/fkzalgiris.lt\/#website"},"datePublished":"2024-06-17T09:53:14+00:00","dateModified":"2024-06-17T09:57:47+00:00","breadcrumb":{"@id":"https:\/\/fkzalgiris.lt\/i-rikiuote-grizes-o-verbickas-turejome-imusti-dar-daugiau\/#breadcrumb"},"inLanguage":"lt-LT","potentialAction":[{"@type":"ReadAction","target":["https:\/\/fkzalgiris.lt\/i-rikiuote-grizes-o-verbickas-turejome-imusti-dar-daugiau\/"]}]},{"@type":"BreadcrumbList","@id":"https:\/\/fkzalgiris.lt\/i-rikiuote-grizes-o-verbickas-turejome-imusti-dar-daugiau\/#breadcrumb","itemListElement":[{"@type":"ListItem","position":1,"name":"Home","item":"https:\/\/fkzalgiris.lt\/"},{"@type":"ListItem","position":2,"name":"\u012e rikiuot\u0119 gr\u012f\u017e\u0119s O. Verbickas: \u201eTur\u0117jome \u012fmu\u0161ti dar daugiau\u201c"}]},{"@type":"WebSite","@id":"https:\/\/fkzalgiris.lt\/#website","url":"https:\/\/fkzalgiris.lt\/","name":"FK \u017dalgiris","description":"oficiali Vilniaus \u201e\u017dalgirio\u201c futbolo klubo svetain\u0117","publisher":{"@id":"https:\/\/fkzalgiris.lt\/#organization"},"potentialAction":[{"@type":"SearchAction","target":{"@type":"EntryPoint","urlTemplate":"https:\/\/fkzalgiris.lt\/?s={search_term_string}"},"query-input":{"@type":"PropertyValueSpecification","valueRequired":true,"valueName":"search_term_string"}}],"inLanguage":"lt-LT"},{"@type":"Organization","@id":"https:\/\/fkzalgiris.lt\/#organization","name":"FK \u017dalgiris","url":"https:\/\/fkzalgiris.lt\/","logo":{"@type":"ImageObject","inLanguage":"lt-LT","@id":"https:\/\/fkzalgiris.lt\/#\/schema\/logo\/image\/","url":"https:\/\/fkzalgiris.lt\/wp-content\/uploads\/2024\/01\/horiz-FK-Zalgiris-logo-2015.png","contentUrl":"https:\/\/fkzalgiris.lt\/wp-content\/uploads\/2024\/01\/horiz-FK-Zalgiris-logo-2015.png","width":3073,"height":2048,"caption":"FK \u017dalgiris"},"image":{"@id":"https:\/\/fkzalgiris.lt\/#\/schema\/logo\/image\/"},"sameAs":["https:\/\/www.facebook.com\/fkzalgiris\/","https:\/\/x.com\/fkzalgiris","https:\/\/www.instagram.com\/fkzalgiris\/","https:\/\/www.youtube.com\/channel\/UC1ag8JLxGirltMUoLlzfZLA"]},{"@type":"Person","@id":"https:\/\/fkzalgiris.lt\/#\/schema\/person\/8604babbba794a7d8767be324a3eaac8","name":"J"}]}},"_links":{"self":[{"href":"https:\/\/fkzalgiris.lt\/api\/wp\/v2\/posts\/15407","targetHints":{"allow":["GET"]}}],"collection":[{"href":"https:\/\/fkzalgiris.lt\/api\/wp\/v2\/posts"}],"about":[{"href":"https:\/\/fkzalgiris.lt\/api\/wp\/v2\/types\/post"}],"author":[{"embeddable":true,"href":"https:\/\/fkzalgiris.lt\/api\/wp\/v2\/users\/4"}],"replies":[{"embeddable":true,"href":"https:\/\/fkzalgiris.lt\/api\/wp\/v2\/comments?post=15407"}],"version-history":[{"count":3,"href":"https:\/\/fkzalgiris.lt\/api\/wp\/v2\/posts\/15407\/revisions"}],"predecessor-version":[{"id":15411,"href":"https:\/\/fkzalgiris.lt\/api\/wp\/v2\/posts\/15407\/revisions\/15411"}],"wp:attachment":[{"href":"https:\/\/fkzalgiris.lt\/api\/wp\/v2\/media?parent=15407"}],"wp:term":[{"taxonomy":"category","embeddable":true,"href":"https:\/\/fkzalgiris.lt\/api\/wp\/v2\/categories?post=15407"}],"curies":[{"name":"wp","href":"https:\/\/api.w.org\/{rel}","templated":true}]}}