{"id":15373,"date":"2024-06-03T11:43:24","date_gmt":"2024-06-03T08:43:24","guid":{"rendered":"https:\/\/fkzalgiris.lt\/?p=15373"},"modified":"2024-06-03T11:43:24","modified_gmt":"2024-06-03T08:43:24","slug":"l-antalis-visi-atliko-gera-darba","status":"publish","type":"post","link":"https:\/\/fkzalgiris.lt\/l-antalis-visi-atliko-gera-darba\/","title":{"rendered":"L. Antalis: \u201eVisi atliko ger\u0105 darb\u0105\u201c"},"content":{"rendered":"<p>\u201e\u017dalgirio\u201c treneris Vladimiras \u010ceburinas po vienuoliktos sezono pergal\u0117s \u010dempionate d\u0117kojo aistruoliams u\u017e palaikym\u0105 ir buvo patenkintas pasiteisinusia strategija, o du \u012fvar\u010diais pasi\u017eym\u0117j\u0119s Liviu Antalis teig\u0117, kad komandos \u012fvar\u010diai i\u0161 standartin\u0117s situacijos n\u0117ra atsitiktinumas.<\/p>\n<p>\u017dalgirie\u010diai ketvirtadien\u012f pralaim\u0117jo \u201eTransINVEST\u201c komandai \u201eFPRO LFF taur\u0117s\u201c rungtyn\u0117se, ta\u010diau sekmadien\u012f atsities\u0117 pergale \u201eTOPsport A lygoje\u201c.<\/p>\n<p>\u201eLabai a\u010di\u016b aistruoliams. Jie su mumis ilgai. Jie supranta, kad pra\u0117jusios rungtyn\u0117s buvo ne m\u016bs\u0173. Svarbios rungtyn\u0117s, kaip ir visos. Ta\u010diau jos i\u0161siskyr\u0117. D\u0117l to labai a\u010di\u016b aistruoliams u\u017e palaikym\u0105. \u017daid\u0117jai tai matydami jaut\u0117 t\u0105 atsakomyb\u0119. Daug didesn\u0119, \u2013 kalb\u0117jo V. \u010ceburinas \u2013 Geros rungtyn\u0117s, daug kovos. Daug teising\u0173 veiksm\u0173, toki\u0173, d\u0117l kuri\u0173 tar\u0117m\u0117s. \u017daid\u0117jai atliko didel\u012f darb\u0105. U\u017e tai didel\u0117 pagarba.\u201c<\/p>\n<div class=\"embed-responsive embed-responsive-16by9 mb-4\"><iframe title=\"\u010ceburin | Trenerio komentaras | Interview | TransINVEST - \u017dalgiris\" src=\"https:\/\/www.youtube.com\/embed\/3vUgN096QQk?feature=oembed\" frameborder=\"0\" allow=\"accelerometer; autoplay; clipboard-write; encrypted-media; gyroscope; picture-in-picture; web-share\" referrerpolicy=\"strict-origin-when-cross-origin\" allowfullscreen><\/iframe> <\/div>\n<p>&nbsp;<\/p>\n<p>\u201ePirmiausia d\u017eiaugiuosi d\u0117l pergal\u0117s. Buvo svarbu po pralaim\u0117t\u0173 taur\u0117s rungtyni\u0173 atsitiesti. Parodyti, kad tai buvo vienkartinis atvejis. Komanda parod\u0117 charakter\u012f, visi atsidav\u0117 \u0161imtu procent\u0173. Sveikinu visus, did\u017eiuojuosi visais\u201c, &#8211; teig\u0117 L. Antalis.<\/p>\n<div class=\"embed-responsive embed-responsive-16by9 mb-4\"><iframe title=\"Antal | Komentaras | Interview | TransINVEST - \u017dalgiris\" src=\"https:\/\/www.youtube.com\/embed\/pi5hOjTSkbM?feature=oembed\" frameborder=\"0\" allow=\"accelerometer; autoplay; clipboard-write; encrypted-media; gyroscope; picture-in-picture; web-share\" referrerpolicy=\"strict-origin-when-cross-origin\" allowfullscreen><\/iframe> <\/div>\n<p>&nbsp;<\/p>\n<p>Paklaustas kas pasikeit\u0117 po pra\u0117jusi\u0173 rungtyni\u0173, treneris atsak\u0117: \u201eMes paruo\u0161\u0117me savo nam\u0173 darb\u0173 \u0161ioms rungtyn\u0117ms. Tai pasiteisino, ypa\u010d pirmajame k\u0117linyje. Var\u017eovas atrod\u0117 nepasiruo\u0161\u0119s tiems veiksmams. I\u0161 to buvo ir u\u017edirbtas baudinys. Grasinome vartams. Tik k\u0117linio pabaigoje su\u017eaid\u0117me ne taip tvirtai. Var\u017eovai mus taip pat \u017einojo i\u0161 pra\u0117jusi\u0173 rungtyni\u0173. Tod\u0117l buvo \u012fdomu kaip viskas klostysis aik\u0161t\u0117je. Bravo \u017eaid\u0117jams.\u201c<\/p>\n<p>L. Antalis pa\u017eym\u0117jo komandos atsidavim\u0105: \u201eVisi buvo tinkamai nusiteik\u0119, 100 procent\u0173. Kai visk\u0105 atiduodi d\u0117l futbolo &#8211; gausi gr\u0105\u017e\u0105. \u0160iandien visi atliko ger\u0105 darb\u0105. Tai buvo vienas i\u0161 skirtum\u0173 lyginant su pra\u0117jusiomis rungtyn\u0117mis.\u201c<\/p>\n<p>Puol\u0117jas i\u0161 Rumunijos du \u012fvar\u010dius peln\u0117 per savo 35-\u0105j\u012f gimtadien\u012f. \u201eJis profesionalas, jis yra aik\u0161t\u0117je. Matome kiek naudos jis duoda komandai, kiek pozityvo ir \u012fmu\u0161ti du \u012fvar\u010diai. Nesvarbu, kad ir pirmas baudinys, j\u012f reikia \u012fmu\u0161ti. Antras \u012fvartis gra\u017eus. B\u016bt\u0173 gerai, jei kiekvienas per gimtadien\u012f \u012fmu\u0161t\u0173 po du \u012fvar\u010dius\u201c, \u2013 sak\u0117 V. \u010ceburinas.<\/p>\n<p>\u201eAnks\u010diau nesu \u012fmu\u0161\u0119s per gimtadien\u012f. D\u017eiaugiuosi, man visad svarbu \u012fmu\u0161ti. Bet svarbiausia komandos pergal\u0117. Man \u0161iandien tai buvo tobula dovana. 2 \u012fvar\u010diai, 3 ta\u0161kai Jei taip toliau eisime \u2013 bus nuostabu\u201c, \u2013 teig\u0117 vienas ekipos senbuvi\u0173.<\/p>\n<p>Du \u012fvar\u010dius \u201e\u017dalgiris\u201c \u012fmu\u0161\u0117 po kampini\u0173 \u2013 Joeliui Bopesu pak\u0117lus kamuol\u012f sm\u016bgiais galva pasi\u017eym\u0117jo Jurijus Kendy\u0161as ir L. Antalis. \u201eKiekvien\u0105 savait\u0119 dirbame su standartin\u0117mis situacijomis. Tai n\u0117ra atsitiktinumas. Mums tai yra vienas i\u0161 tiksl\u0173. Dirbome ties juo\u201c, \u2013 patikino L. Antalis.<\/p>\n<p>Po \u0161i\u0173 rungtyniu dalis \u017ealgirie\u010di\u0173 tur\u0117s kelias dienas poilsio, o kiti i\u0161keliaus \u012f rinktini\u0173 stovyklas.<\/p>\n<p>\u201eTurime nema\u017eai \u017eaid\u0117j\u0173 skirtingose rinktin\u0117se. Visiems linkime s\u0117km\u0117s, pergali\u0173. Padarysime pauz\u0119, atsikv\u0117pimui. Laukia atsakingas kitas m\u0117nuo. Daug rungtyni\u0173. \u017daisdami \u010dempionate ruo\u0161iam\u0117s ir Konferencij\u0173 lygai. Reikia duoti \u017eaid\u0117jams poilsio, kad jie persikraut\u0173 ir tada eisime pirmyn\u201c, \u2013 sak\u0117 V. \u010ceburinas.<\/p>\n<p>\u201eTai svarbu, nes v\u0117liau netur\u0117sime tokios ilgesn\u0117s pertraukos. Svarbu gr\u012f\u017eti \u0161vie\u017eesniems, taip pat ir galvose. I\u0161laikyti ger\u0105 nusiteikim\u0105 ir ramyb\u0119. Galima pab\u016bti su \u0161eima ar atsikv\u0117pti kitaip. Visi gali pasirinkti kaip praleisti \u0161ias laisvas dienas. Tokia pertrauka reikalinga, nes su\u017eaid\u0117me daug rungtyni\u0173. Manau, kad komanda nusipeln\u0117 poilsio\u201c, \u2013 teig\u0117 L. Antalis.<\/p>\n<p>Kitas rungtynes \u017ealgirie\u010diai \u017eais bir\u017eelio 16 d. namuose prie\u0161 \u201ePanev\u0117\u017e\u012f\u201c.<\/p>\n","protected":false},"excerpt":{"rendered":"<p>\u201e\u017dalgirio\u201c treneris Vladimiras \u010ceburinas po vienuoliktos sezono pergal\u0117s \u010dempionate d\u0117kojo aistruoliams u\u017e palaikym\u0105 ir buvo patenkintas pasiteisinusia strategija, o du \u012fvar\u010diais pasi\u017eym\u0117j\u0119s Liviu Antalis teig\u0117,\u2026<\/p>\n","protected":false},"author":4,"featured_media":0,"comment_status":"closed","ping_status":"closed","sticky":false,"template":"","format":"standard","meta":{"_acf_changed":false,"footnotes":""},"categories":[87],"class_list":["post-15373","post","type-post","status-publish","format-standard","hentry","category-zalgiris"],"acf":[],"yoast_head":"<!-- This site is optimized with the Yoast SEO plugin v26.8 - https:\/\/yoast.com\/product\/yoast-seo-wordpress\/ -->\n<title>L. Antalis: \u201eVisi atliko ger\u0105 darb\u0105\u201c - FK \u017dalgiris<\/title>\n<meta name=\"robots\" content=\"index, follow, max-snippet:-1, max-image-preview:large, max-video-preview:-1\" \/>\n<link rel=\"canonical\" href=\"https:\/\/fkzalgiris.lt\/l-antalis-visi-atliko-gera-darba\/\" \/>\n<meta property=\"og:locale\" content=\"lt_LT\" \/>\n<meta property=\"og:type\" content=\"article\" \/>\n<meta property=\"og:title\" content=\"L. Antalis: \u201eVisi atliko ger\u0105 darb\u0105\u201c - FK \u017dalgiris\" \/>\n<meta property=\"og:description\" content=\"\u201e\u017dalgirio\u201c treneris Vladimiras \u010ceburinas po vienuoliktos sezono pergal\u0117s \u010dempionate d\u0117kojo aistruoliams u\u017e palaikym\u0105 ir buvo patenkintas pasiteisinusia strategija, o du \u012fvar\u010diais pasi\u017eym\u0117j\u0119s Liviu Antalis teig\u0117,\u2026\" \/>\n<meta property=\"og:url\" content=\"https:\/\/fkzalgiris.lt\/l-antalis-visi-atliko-gera-darba\/\" \/>\n<meta property=\"og:site_name\" content=\"FK \u017dalgiris\" \/>\n<meta property=\"article:publisher\" content=\"https:\/\/www.facebook.com\/fkzalgiris\/\" \/>\n<meta property=\"article:published_time\" content=\"2024-06-03T08:43:24+00:00\" \/>\n<meta property=\"og:image\" content=\"https:\/\/fkzalgiris.lt\/wp-content\/uploads\/2024\/02\/social-horiz_Zalgiris_logo_2024.png\" \/>\n\t<meta property=\"og:image:width\" content=\"3356\" \/>\n\t<meta property=\"og:image:height\" content=\"2259\" \/>\n\t<meta property=\"og:image:type\" content=\"image\/png\" \/>\n<meta name=\"author\" content=\"J\" \/>\n<meta name=\"twitter:card\" content=\"summary_large_image\" \/>\n<meta name=\"twitter:creator\" content=\"@fkzalgiris\" \/>\n<meta name=\"twitter:site\" content=\"@fkzalgiris\" \/>\n<meta name=\"twitter:label1\" content=\"Written by\" \/>\n\t<meta name=\"twitter:data1\" content=\"J\" \/>\n\t<meta name=\"twitter:label2\" content=\"Est. reading time\" \/>\n\t<meta name=\"twitter:data2\" content=\"3 minut\u0117s\" \/>\n<script type=\"application\/ld+json\" class=\"yoast-schema-graph\">{\"@context\":\"https:\/\/schema.org\",\"@graph\":[{\"@type\":\"Article\",\"@id\":\"https:\/\/fkzalgiris.lt\/l-antalis-visi-atliko-gera-darba\/#article\",\"isPartOf\":{\"@id\":\"https:\/\/fkzalgiris.lt\/l-antalis-visi-atliko-gera-darba\/\"},\"author\":{\"name\":\"J\",\"@id\":\"https:\/\/fkzalgiris.lt\/#\/schema\/person\/8604babbba794a7d8767be324a3eaac8\"},\"headline\":\"L. Antalis: \u201eVisi atliko ger\u0105 darb\u0105\u201c\",\"datePublished\":\"2024-06-03T08:43:24+00:00\",\"mainEntityOfPage\":{\"@id\":\"https:\/\/fkzalgiris.lt\/l-antalis-visi-atliko-gera-darba\/\"},\"wordCount\":593,\"publisher\":{\"@id\":\"https:\/\/fkzalgiris.lt\/#organization\"},\"articleSection\":[\"\u017dalgiris\"],\"inLanguage\":\"lt-LT\"},{\"@type\":\"WebPage\",\"@id\":\"https:\/\/fkzalgiris.lt\/l-antalis-visi-atliko-gera-darba\/\",\"url\":\"https:\/\/fkzalgiris.lt\/l-antalis-visi-atliko-gera-darba\/\",\"name\":\"L. Antalis: \u201eVisi atliko ger\u0105 darb\u0105\u201c - FK \u017dalgiris\",\"isPartOf\":{\"@id\":\"https:\/\/fkzalgiris.lt\/#website\"},\"datePublished\":\"2024-06-03T08:43:24+00:00\",\"breadcrumb\":{\"@id\":\"https:\/\/fkzalgiris.lt\/l-antalis-visi-atliko-gera-darba\/#breadcrumb\"},\"inLanguage\":\"lt-LT\",\"potentialAction\":[{\"@type\":\"ReadAction\",\"target\":[\"https:\/\/fkzalgiris.lt\/l-antalis-visi-atliko-gera-darba\/\"]}]},{\"@type\":\"BreadcrumbList\",\"@id\":\"https:\/\/fkzalgiris.lt\/l-antalis-visi-atliko-gera-darba\/#breadcrumb\",\"itemListElement\":[{\"@type\":\"ListItem\",\"position\":1,\"name\":\"Home\",\"item\":\"https:\/\/fkzalgiris.lt\/\"},{\"@type\":\"ListItem\",\"position\":2,\"name\":\"L. Antalis: \u201eVisi atliko ger\u0105 darb\u0105\u201c\"}]},{\"@type\":\"WebSite\",\"@id\":\"https:\/\/fkzalgiris.lt\/#website\",\"url\":\"https:\/\/fkzalgiris.lt\/\",\"name\":\"FK \u017dalgiris\",\"description\":\"oficiali Vilniaus \u201e\u017dalgirio\u201c futbolo klubo svetain\u0117\",\"publisher\":{\"@id\":\"https:\/\/fkzalgiris.lt\/#organization\"},\"potentialAction\":[{\"@type\":\"SearchAction\",\"target\":{\"@type\":\"EntryPoint\",\"urlTemplate\":\"https:\/\/fkzalgiris.lt\/?s={search_term_string}\"},\"query-input\":{\"@type\":\"PropertyValueSpecification\",\"valueRequired\":true,\"valueName\":\"search_term_string\"}}],\"inLanguage\":\"lt-LT\"},{\"@type\":\"Organization\",\"@id\":\"https:\/\/fkzalgiris.lt\/#organization\",\"name\":\"FK \u017dalgiris\",\"url\":\"https:\/\/fkzalgiris.lt\/\",\"logo\":{\"@type\":\"ImageObject\",\"inLanguage\":\"lt-LT\",\"@id\":\"https:\/\/fkzalgiris.lt\/#\/schema\/logo\/image\/\",\"url\":\"https:\/\/fkzalgiris.lt\/wp-content\/uploads\/2024\/01\/horiz-FK-Zalgiris-logo-2015.png\",\"contentUrl\":\"https:\/\/fkzalgiris.lt\/wp-content\/uploads\/2024\/01\/horiz-FK-Zalgiris-logo-2015.png\",\"width\":3073,\"height\":2048,\"caption\":\"FK \u017dalgiris\"},\"image\":{\"@id\":\"https:\/\/fkzalgiris.lt\/#\/schema\/logo\/image\/\"},\"sameAs\":[\"https:\/\/www.facebook.com\/fkzalgiris\/\",\"https:\/\/x.com\/fkzalgiris\",\"https:\/\/www.instagram.com\/fkzalgiris\/\",\"https:\/\/www.youtube.com\/channel\/UC1ag8JLxGirltMUoLlzfZLA\"]},{\"@type\":\"Person\",\"@id\":\"https:\/\/fkzalgiris.lt\/#\/schema\/person\/8604babbba794a7d8767be324a3eaac8\",\"name\":\"J\"}]}<\/script>\n<!-- \/ Yoast SEO plugin. -->","yoast_head_json":{"title":"L. Antalis: \u201eVisi atliko ger\u0105 darb\u0105\u201c - FK \u017dalgiris","robots":{"index":"index","follow":"follow","max-snippet":"max-snippet:-1","max-image-preview":"max-image-preview:large","max-video-preview":"max-video-preview:-1"},"canonical":"https:\/\/fkzalgiris.lt\/l-antalis-visi-atliko-gera-darba\/","og_locale":"lt_LT","og_type":"article","og_title":"L. Antalis: \u201eVisi atliko ger\u0105 darb\u0105\u201c - FK \u017dalgiris","og_description":"\u201e\u017dalgirio\u201c treneris Vladimiras \u010ceburinas po vienuoliktos sezono pergal\u0117s \u010dempionate d\u0117kojo aistruoliams u\u017e palaikym\u0105 ir buvo patenkintas pasiteisinusia strategija, o du \u012fvar\u010diais pasi\u017eym\u0117j\u0119s Liviu Antalis teig\u0117,\u2026","og_url":"https:\/\/fkzalgiris.lt\/l-antalis-visi-atliko-gera-darba\/","og_site_name":"FK \u017dalgiris","article_publisher":"https:\/\/www.facebook.com\/fkzalgiris\/","article_published_time":"2024-06-03T08:43:24+00:00","og_image":[{"width":3356,"height":2259,"url":"https:\/\/fkzalgiris.lt\/wp-content\/uploads\/2024\/02\/social-horiz_Zalgiris_logo_2024.png","type":"image\/png"}],"author":"J","twitter_card":"summary_large_image","twitter_creator":"@fkzalgiris","twitter_site":"@fkzalgiris","twitter_misc":{"Written by":"J","Est. reading time":"3 minut\u0117s"},"schema":{"@context":"https:\/\/schema.org","@graph":[{"@type":"Article","@id":"https:\/\/fkzalgiris.lt\/l-antalis-visi-atliko-gera-darba\/#article","isPartOf":{"@id":"https:\/\/fkzalgiris.lt\/l-antalis-visi-atliko-gera-darba\/"},"author":{"name":"J","@id":"https:\/\/fkzalgiris.lt\/#\/schema\/person\/8604babbba794a7d8767be324a3eaac8"},"headline":"L. Antalis: \u201eVisi atliko ger\u0105 darb\u0105\u201c","datePublished":"2024-06-03T08:43:24+00:00","mainEntityOfPage":{"@id":"https:\/\/fkzalgiris.lt\/l-antalis-visi-atliko-gera-darba\/"},"wordCount":593,"publisher":{"@id":"https:\/\/fkzalgiris.lt\/#organization"},"articleSection":["\u017dalgiris"],"inLanguage":"lt-LT"},{"@type":"WebPage","@id":"https:\/\/fkzalgiris.lt\/l-antalis-visi-atliko-gera-darba\/","url":"https:\/\/fkzalgiris.lt\/l-antalis-visi-atliko-gera-darba\/","name":"L. Antalis: \u201eVisi atliko ger\u0105 darb\u0105\u201c - FK \u017dalgiris","isPartOf":{"@id":"https:\/\/fkzalgiris.lt\/#website"},"datePublished":"2024-06-03T08:43:24+00:00","breadcrumb":{"@id":"https:\/\/fkzalgiris.lt\/l-antalis-visi-atliko-gera-darba\/#breadcrumb"},"inLanguage":"lt-LT","potentialAction":[{"@type":"ReadAction","target":["https:\/\/fkzalgiris.lt\/l-antalis-visi-atliko-gera-darba\/"]}]},{"@type":"BreadcrumbList","@id":"https:\/\/fkzalgiris.lt\/l-antalis-visi-atliko-gera-darba\/#breadcrumb","itemListElement":[{"@type":"ListItem","position":1,"name":"Home","item":"https:\/\/fkzalgiris.lt\/"},{"@type":"ListItem","position":2,"name":"L. Antalis: \u201eVisi atliko ger\u0105 darb\u0105\u201c"}]},{"@type":"WebSite","@id":"https:\/\/fkzalgiris.lt\/#website","url":"https:\/\/fkzalgiris.lt\/","name":"FK \u017dalgiris","description":"oficiali Vilniaus \u201e\u017dalgirio\u201c futbolo klubo svetain\u0117","publisher":{"@id":"https:\/\/fkzalgiris.lt\/#organization"},"potentialAction":[{"@type":"SearchAction","target":{"@type":"EntryPoint","urlTemplate":"https:\/\/fkzalgiris.lt\/?s={search_term_string}"},"query-input":{"@type":"PropertyValueSpecification","valueRequired":true,"valueName":"search_term_string"}}],"inLanguage":"lt-LT"},{"@type":"Organization","@id":"https:\/\/fkzalgiris.lt\/#organization","name":"FK \u017dalgiris","url":"https:\/\/fkzalgiris.lt\/","logo":{"@type":"ImageObject","inLanguage":"lt-LT","@id":"https:\/\/fkzalgiris.lt\/#\/schema\/logo\/image\/","url":"https:\/\/fkzalgiris.lt\/wp-content\/uploads\/2024\/01\/horiz-FK-Zalgiris-logo-2015.png","contentUrl":"https:\/\/fkzalgiris.lt\/wp-content\/uploads\/2024\/01\/horiz-FK-Zalgiris-logo-2015.png","width":3073,"height":2048,"caption":"FK \u017dalgiris"},"image":{"@id":"https:\/\/fkzalgiris.lt\/#\/schema\/logo\/image\/"},"sameAs":["https:\/\/www.facebook.com\/fkzalgiris\/","https:\/\/x.com\/fkzalgiris","https:\/\/www.instagram.com\/fkzalgiris\/","https:\/\/www.youtube.com\/channel\/UC1ag8JLxGirltMUoLlzfZLA"]},{"@type":"Person","@id":"https:\/\/fkzalgiris.lt\/#\/schema\/person\/8604babbba794a7d8767be324a3eaac8","name":"J"}]}},"_links":{"self":[{"href":"https:\/\/fkzalgiris.lt\/api\/wp\/v2\/posts\/15373","targetHints":{"allow":["GET"]}}],"collection":[{"href":"https:\/\/fkzalgiris.lt\/api\/wp\/v2\/posts"}],"about":[{"href":"https:\/\/fkzalgiris.lt\/api\/wp\/v2\/types\/post"}],"author":[{"embeddable":true,"href":"https:\/\/fkzalgiris.lt\/api\/wp\/v2\/users\/4"}],"replies":[{"embeddable":true,"href":"https:\/\/fkzalgiris.lt\/api\/wp\/v2\/comments?post=15373"}],"version-history":[{"count":1,"href":"https:\/\/fkzalgiris.lt\/api\/wp\/v2\/posts\/15373\/revisions"}],"predecessor-version":[{"id":15375,"href":"https:\/\/fkzalgiris.lt\/api\/wp\/v2\/posts\/15373\/revisions\/15375"}],"wp:attachment":[{"href":"https:\/\/fkzalgiris.lt\/api\/wp\/v2\/media?parent=15373"}],"wp:term":[{"taxonomy":"category","embeddable":true,"href":"https:\/\/fkzalgiris.lt\/api\/wp\/v2\/categories?post=15373"}],"curies":[{"name":"wp","href":"https:\/\/api.w.org\/{rel}","templated":true}]}}