{"id":15029,"date":"2024-04-15T12:51:29","date_gmt":"2024-04-15T09:51:29","guid":{"rendered":"https:\/\/fkzalgiris.lt\/?p=15029"},"modified":"2024-04-15T12:52:37","modified_gmt":"2024-04-15T09:52:37","slug":"v-ceburinas-svarbiausia-kad-komandoje-yra-charakteris","status":"publish","type":"post","link":"https:\/\/fkzalgiris.lt\/v-ceburinas-svarbiausia-kad-komandoje-yra-charakteris\/","title":{"rendered":"V. \u010ceburinas: \u201eSvarbiausia, kad komandoje yra charakteris\u201c"},"content":{"rendered":"<p>Po ketvirtos pergal\u0117s i\u0161 eil\u0117s \u201e\u017dalgirio\u201c treneris Vladimiras \u010ceburinas ir puol\u0117jas Nikola Petkovi\u010dius d\u017eiaug\u0117si komandos charakteriu.<\/p>\n<p>Dvikovoje prie\u0161 pra\u0117jusi\u0173 met\u0173 \u010dempionus vilnie\u010diai atsilikin\u0117jo po antrojo k\u0117linio prad\u017eioje praleisto baudinio, ta\u010diau N. Petkovi\u010diaus ir Jake\u2018o Larssono \u012fvar\u010diai persv\u0117r\u0117 rezultat\u0105 \u201e\u017dalgirio\u201c naudai (2:1).<\/p>\n<p>\u201eNebuvo lengva: ir kitokia veja, ir v\u0117jas. Abiems komandoms nebuvo \u012fprasta. Var\u017eovai taip pat pirm\u0105 kart\u0105 \u017eaid\u0117 \u010dia. Gan\u0117tinai geros rungtyn\u0117s. Daug \u0161ans\u0173, daug nei\u0161naudota. Daug klaid\u0173. Svarbiausia, kad komandoje yra charakteris. Atsilikin\u0117jome, praleidome baudin\u012f&#8230; Ta\u010diau sugeb\u0117jome atsitiesti, \u0161aunuoliai\u201c, &#8211; kalb\u0117jo V. \u010ceburinas.<\/p>\n<div class=\"embed-responsive embed-responsive-16by9 mb-4\"><iframe title=\"\u010ceburin | Trenerio komentaras | Interview | Panev\u0117\u017eys - \u017dalgiris [CC]\" src=\"https:\/\/www.youtube.com\/embed\/Lqngb9UnYfY?feature=oembed\" frameborder=\"0\" allow=\"accelerometer; autoplay; clipboard-write; encrypted-media; gyroscope; picture-in-picture; web-share\" referrerpolicy=\"strict-origin-when-cross-origin\" allowfullscreen><\/iframe> <\/div>\n<p>\u201ePo rungtyni\u0173 d\u0117l pergal\u0117s jausmas labai geras. Labai d\u017eiaugiuosi d\u0117l komandos, d\u0117l aistruoli\u0173. Tikiuosi prat\u0119sime pergaling\u0105 serij\u0105. Ir toliau b\u016bsime pirmi lentel\u0117je. \u0160iandien buvo nelengva d\u0117l v\u0117jo. Tai kiek apsunkina \u017eaidim\u0105 aik\u0161t\u0117je. Mes parod\u0117me dvasi\u0105, kovojome. Nepaisant situacijos d\u017eiaugiuosi. Pirmajame k\u0117linyje kiek pritr\u016bko iki \u012fvar\u010dio. Tikiuosi toliau \u017eaisime ne pras\u010diau nei \u0161iandien. Antrajame k\u0117linyje taip pat tur\u0117jome prog\u0173. Kai kurias i\u0161naudojome, bet gal\u0117jome ir daugiau. D\u017eiaugiuosi d\u0117l pergal\u0117s\u201c, &#8211; teig\u0117 N. Petkovi\u010dius.<\/p>\n<div class=\"embed-responsive embed-responsive-16by9 mb-4\"><iframe title=\"Petkovi\u010d | Komentaras | Interview | Panev\u0117\u017eys - \u017dalgiris [CC]\" src=\"https:\/\/www.youtube.com\/embed\/M63LJmb9J9Q?feature=oembed\" frameborder=\"0\" allow=\"accelerometer; autoplay; clipboard-write; encrypted-media; gyroscope; picture-in-picture; web-share\" referrerpolicy=\"strict-origin-when-cross-origin\" allowfullscreen><\/iframe> <\/div>\n<p>Puol\u0117jas i\u0161 Serbijos pasirod\u0119s aik\u0161t\u0117je po keitimo prisid\u0117jo prie abiej\u0173 \u012fvar\u010di\u0173 \u2013 pirm\u0105j\u012f mu\u0161\u0117 kietoje dvikovoje galva, o antrajame sudalyvavo atakoje kartu su P. Golubicku ir J. Larssonu.<\/p>\n<p>\u201eKai praleidome \u012fvart\u012f nepasidav\u0117me. Gerai, jog pavyko pakeisti rungtyni\u0173 eig\u0105. Nebuvo lengva, kai atsilieki visada nelengva. D\u017eiaugiuosi d\u0117l komandos, kad pavyko atsitiesti ir laim\u0117ti, &#8211; sak\u0117 jis. &#8211; Rungtyni\u0173 pabaigoje buvo geras komandinis veiksmas. \u012evart\u012f suk\u016br\u0117 visa komanda.\u201c<\/p>\n<p>Ne pirm\u0105 kart\u0105 rungtyni\u0173 eig\u0105 \u0161\u012f sezon\u0105 perlau\u017e\u0117 trenerio V. \u010ceburino atlikti keitimai. Paklaustas apie tai jis i\u0161 prad\u017ei\u0173 pa\u0161maik\u0161tavo: \u201ePasaugojau nei\u0161leisti kad per anksti ne\u012fmu\u0161t\u0173 t\u0173 \u012fvar\u010di\u0173&#8230; \u017dinoma, d\u017eiugu kad \u017eaid\u0117jai i\u0161eina ir \u012fmu\u0161a, gali \u012fmu\u0161ti. \u00a0Tai yra j\u0173 darbas. I\u0161\u0117jo, \u012fmu\u0161\u0117 &#8211; \u0161aunuoliai.\u201c<\/p>\n<p>Pasiteiravus apie rezultatyv\u0173 perdavim\u0105 atlikusio P. Golubicko pasirodym\u0105, treneris atsak\u0117: \u201eJuo labai tikiu. Tie \u017eaid\u0117jai, kurie yra \u010dia pra\u0117jo didel\u012f atrankos proces\u0105 i\u0161 pernai ir baigiant \u0161iais metais. Dar prie\u0161 pat sezono start\u0105 atvyko \u017eaid\u0117j\u0173. Dar ne visus mat\u0117te aik\u0161t\u0117je. Turime ir daugiau \u017eaid\u0117j\u0173, kurie gali sustiprinti \u017eaidim\u0105. Tiems kurie \u017eaid\u017eia, tarp j\u0173 ir Paulius &#8211; didel\u0117 pagarba jiems. Pagarba u\u017e atsidavim\u0105, aktyvum\u0105, \u00a0ir priekyje ir gynyboje. Sveikinu su pergale, tai svarbiausia.\u201c<\/p>\n<p>Sekmadien\u012f \u201e\u017dalgiris\u201c namuose susitiks su Tel\u0161i\u0173 \u201eD\u017eiugo\u201c komanda, kuri turnyro lentel\u0117je u\u017eima antr\u0105j\u0105 viet\u0105.<\/p>\n<p>&nbsp;<\/p>\n","protected":false},"excerpt":{"rendered":"<p>Po ketvirtos pergal\u0117s i\u0161 eil\u0117s \u201e\u017dalgirio\u201c treneris Vladimiras \u010ceburinas ir puol\u0117jas Nikola Petkovi\u010dius d\u017eiaug\u0117si komandos charakteriu. Dvikovoje prie\u0161 pra\u0117jusi\u0173 met\u0173 \u010dempionus vilnie\u010diai atsilikin\u0117jo po antrojo\u2026<\/p>\n","protected":false},"author":4,"featured_media":0,"comment_status":"closed","ping_status":"closed","sticky":false,"template":"","format":"standard","meta":{"_acf_changed":false,"footnotes":""},"categories":[87],"class_list":["post-15029","post","type-post","status-publish","format-standard","hentry","category-zalgiris"],"acf":[],"yoast_head":"<!-- This site is optimized with the Yoast SEO plugin v26.8 - https:\/\/yoast.com\/product\/yoast-seo-wordpress\/ -->\n<title>V. \u010ceburinas: \u201eSvarbiausia, kad komandoje yra charakteris\u201c - FK \u017dalgiris<\/title>\n<meta name=\"robots\" content=\"index, follow, max-snippet:-1, max-image-preview:large, max-video-preview:-1\" \/>\n<link rel=\"canonical\" href=\"https:\/\/fkzalgiris.lt\/v-ceburinas-svarbiausia-kad-komandoje-yra-charakteris\/\" \/>\n<meta property=\"og:locale\" content=\"lt_LT\" \/>\n<meta property=\"og:type\" content=\"article\" \/>\n<meta property=\"og:title\" content=\"V. \u010ceburinas: \u201eSvarbiausia, kad komandoje yra charakteris\u201c - FK \u017dalgiris\" \/>\n<meta property=\"og:description\" content=\"Po ketvirtos pergal\u0117s i\u0161 eil\u0117s \u201e\u017dalgirio\u201c treneris Vladimiras \u010ceburinas ir puol\u0117jas Nikola Petkovi\u010dius d\u017eiaug\u0117si komandos charakteriu. Dvikovoje prie\u0161 pra\u0117jusi\u0173 met\u0173 \u010dempionus vilnie\u010diai atsilikin\u0117jo po antrojo\u2026\" \/>\n<meta property=\"og:url\" content=\"https:\/\/fkzalgiris.lt\/v-ceburinas-svarbiausia-kad-komandoje-yra-charakteris\/\" \/>\n<meta property=\"og:site_name\" content=\"FK \u017dalgiris\" \/>\n<meta property=\"article:publisher\" content=\"https:\/\/www.facebook.com\/fkzalgiris\/\" \/>\n<meta property=\"article:published_time\" content=\"2024-04-15T09:51:29+00:00\" \/>\n<meta property=\"article:modified_time\" content=\"2024-04-15T09:52:37+00:00\" \/>\n<meta property=\"og:image\" content=\"https:\/\/fkzalgiris.lt\/wp-content\/uploads\/2024\/02\/social-horiz_Zalgiris_logo_2024.png\" \/>\n\t<meta property=\"og:image:width\" content=\"3356\" \/>\n\t<meta property=\"og:image:height\" content=\"2259\" \/>\n\t<meta property=\"og:image:type\" content=\"image\/png\" \/>\n<meta name=\"author\" content=\"J\" \/>\n<meta name=\"twitter:card\" content=\"summary_large_image\" \/>\n<meta name=\"twitter:creator\" content=\"@fkzalgiris\" \/>\n<meta name=\"twitter:site\" content=\"@fkzalgiris\" \/>\n<meta name=\"twitter:label1\" content=\"Written by\" \/>\n\t<meta name=\"twitter:data1\" content=\"J\" \/>\n\t<meta name=\"twitter:label2\" content=\"Est. reading time\" \/>\n\t<meta name=\"twitter:data2\" content=\"2 minut\u0117s\" \/>\n<script type=\"application\/ld+json\" class=\"yoast-schema-graph\">{\"@context\":\"https:\/\/schema.org\",\"@graph\":[{\"@type\":\"Article\",\"@id\":\"https:\/\/fkzalgiris.lt\/v-ceburinas-svarbiausia-kad-komandoje-yra-charakteris\/#article\",\"isPartOf\":{\"@id\":\"https:\/\/fkzalgiris.lt\/v-ceburinas-svarbiausia-kad-komandoje-yra-charakteris\/\"},\"author\":{\"name\":\"J\",\"@id\":\"https:\/\/fkzalgiris.lt\/#\/schema\/person\/8604babbba794a7d8767be324a3eaac8\"},\"headline\":\"V. \u010ceburinas: \u201eSvarbiausia, kad komandoje yra charakteris\u201c\",\"datePublished\":\"2024-04-15T09:51:29+00:00\",\"dateModified\":\"2024-04-15T09:52:37+00:00\",\"mainEntityOfPage\":{\"@id\":\"https:\/\/fkzalgiris.lt\/v-ceburinas-svarbiausia-kad-komandoje-yra-charakteris\/\"},\"wordCount\":469,\"publisher\":{\"@id\":\"https:\/\/fkzalgiris.lt\/#organization\"},\"articleSection\":[\"\u017dalgiris\"],\"inLanguage\":\"lt-LT\"},{\"@type\":\"WebPage\",\"@id\":\"https:\/\/fkzalgiris.lt\/v-ceburinas-svarbiausia-kad-komandoje-yra-charakteris\/\",\"url\":\"https:\/\/fkzalgiris.lt\/v-ceburinas-svarbiausia-kad-komandoje-yra-charakteris\/\",\"name\":\"V. \u010ceburinas: \u201eSvarbiausia, kad komandoje yra charakteris\u201c - FK \u017dalgiris\",\"isPartOf\":{\"@id\":\"https:\/\/fkzalgiris.lt\/#website\"},\"datePublished\":\"2024-04-15T09:51:29+00:00\",\"dateModified\":\"2024-04-15T09:52:37+00:00\",\"breadcrumb\":{\"@id\":\"https:\/\/fkzalgiris.lt\/v-ceburinas-svarbiausia-kad-komandoje-yra-charakteris\/#breadcrumb\"},\"inLanguage\":\"lt-LT\",\"potentialAction\":[{\"@type\":\"ReadAction\",\"target\":[\"https:\/\/fkzalgiris.lt\/v-ceburinas-svarbiausia-kad-komandoje-yra-charakteris\/\"]}]},{\"@type\":\"BreadcrumbList\",\"@id\":\"https:\/\/fkzalgiris.lt\/v-ceburinas-svarbiausia-kad-komandoje-yra-charakteris\/#breadcrumb\",\"itemListElement\":[{\"@type\":\"ListItem\",\"position\":1,\"name\":\"Home\",\"item\":\"https:\/\/fkzalgiris.lt\/\"},{\"@type\":\"ListItem\",\"position\":2,\"name\":\"V. \u010ceburinas: \u201eSvarbiausia, kad komandoje yra charakteris\u201c\"}]},{\"@type\":\"WebSite\",\"@id\":\"https:\/\/fkzalgiris.lt\/#website\",\"url\":\"https:\/\/fkzalgiris.lt\/\",\"name\":\"FK \u017dalgiris\",\"description\":\"oficiali Vilniaus \u201e\u017dalgirio\u201c futbolo klubo svetain\u0117\",\"publisher\":{\"@id\":\"https:\/\/fkzalgiris.lt\/#organization\"},\"potentialAction\":[{\"@type\":\"SearchAction\",\"target\":{\"@type\":\"EntryPoint\",\"urlTemplate\":\"https:\/\/fkzalgiris.lt\/?s={search_term_string}\"},\"query-input\":{\"@type\":\"PropertyValueSpecification\",\"valueRequired\":true,\"valueName\":\"search_term_string\"}}],\"inLanguage\":\"lt-LT\"},{\"@type\":\"Organization\",\"@id\":\"https:\/\/fkzalgiris.lt\/#organization\",\"name\":\"FK \u017dalgiris\",\"url\":\"https:\/\/fkzalgiris.lt\/\",\"logo\":{\"@type\":\"ImageObject\",\"inLanguage\":\"lt-LT\",\"@id\":\"https:\/\/fkzalgiris.lt\/#\/schema\/logo\/image\/\",\"url\":\"https:\/\/fkzalgiris.lt\/wp-content\/uploads\/2024\/01\/horiz-FK-Zalgiris-logo-2015.png\",\"contentUrl\":\"https:\/\/fkzalgiris.lt\/wp-content\/uploads\/2024\/01\/horiz-FK-Zalgiris-logo-2015.png\",\"width\":3073,\"height\":2048,\"caption\":\"FK \u017dalgiris\"},\"image\":{\"@id\":\"https:\/\/fkzalgiris.lt\/#\/schema\/logo\/image\/\"},\"sameAs\":[\"https:\/\/www.facebook.com\/fkzalgiris\/\",\"https:\/\/x.com\/fkzalgiris\",\"https:\/\/www.instagram.com\/fkzalgiris\/\",\"https:\/\/www.youtube.com\/channel\/UC1ag8JLxGirltMUoLlzfZLA\"]},{\"@type\":\"Person\",\"@id\":\"https:\/\/fkzalgiris.lt\/#\/schema\/person\/8604babbba794a7d8767be324a3eaac8\",\"name\":\"J\"}]}<\/script>\n<!-- \/ Yoast SEO plugin. -->","yoast_head_json":{"title":"V. \u010ceburinas: \u201eSvarbiausia, kad komandoje yra charakteris\u201c - FK \u017dalgiris","robots":{"index":"index","follow":"follow","max-snippet":"max-snippet:-1","max-image-preview":"max-image-preview:large","max-video-preview":"max-video-preview:-1"},"canonical":"https:\/\/fkzalgiris.lt\/v-ceburinas-svarbiausia-kad-komandoje-yra-charakteris\/","og_locale":"lt_LT","og_type":"article","og_title":"V. \u010ceburinas: \u201eSvarbiausia, kad komandoje yra charakteris\u201c - FK \u017dalgiris","og_description":"Po ketvirtos pergal\u0117s i\u0161 eil\u0117s \u201e\u017dalgirio\u201c treneris Vladimiras \u010ceburinas ir puol\u0117jas Nikola Petkovi\u010dius d\u017eiaug\u0117si komandos charakteriu. Dvikovoje prie\u0161 pra\u0117jusi\u0173 met\u0173 \u010dempionus vilnie\u010diai atsilikin\u0117jo po antrojo\u2026","og_url":"https:\/\/fkzalgiris.lt\/v-ceburinas-svarbiausia-kad-komandoje-yra-charakteris\/","og_site_name":"FK \u017dalgiris","article_publisher":"https:\/\/www.facebook.com\/fkzalgiris\/","article_published_time":"2024-04-15T09:51:29+00:00","article_modified_time":"2024-04-15T09:52:37+00:00","og_image":[{"width":3356,"height":2259,"url":"https:\/\/fkzalgiris.lt\/wp-content\/uploads\/2024\/02\/social-horiz_Zalgiris_logo_2024.png","type":"image\/png"}],"author":"J","twitter_card":"summary_large_image","twitter_creator":"@fkzalgiris","twitter_site":"@fkzalgiris","twitter_misc":{"Written by":"J","Est. reading time":"2 minut\u0117s"},"schema":{"@context":"https:\/\/schema.org","@graph":[{"@type":"Article","@id":"https:\/\/fkzalgiris.lt\/v-ceburinas-svarbiausia-kad-komandoje-yra-charakteris\/#article","isPartOf":{"@id":"https:\/\/fkzalgiris.lt\/v-ceburinas-svarbiausia-kad-komandoje-yra-charakteris\/"},"author":{"name":"J","@id":"https:\/\/fkzalgiris.lt\/#\/schema\/person\/8604babbba794a7d8767be324a3eaac8"},"headline":"V. \u010ceburinas: \u201eSvarbiausia, kad komandoje yra charakteris\u201c","datePublished":"2024-04-15T09:51:29+00:00","dateModified":"2024-04-15T09:52:37+00:00","mainEntityOfPage":{"@id":"https:\/\/fkzalgiris.lt\/v-ceburinas-svarbiausia-kad-komandoje-yra-charakteris\/"},"wordCount":469,"publisher":{"@id":"https:\/\/fkzalgiris.lt\/#organization"},"articleSection":["\u017dalgiris"],"inLanguage":"lt-LT"},{"@type":"WebPage","@id":"https:\/\/fkzalgiris.lt\/v-ceburinas-svarbiausia-kad-komandoje-yra-charakteris\/","url":"https:\/\/fkzalgiris.lt\/v-ceburinas-svarbiausia-kad-komandoje-yra-charakteris\/","name":"V. \u010ceburinas: \u201eSvarbiausia, kad komandoje yra charakteris\u201c - FK \u017dalgiris","isPartOf":{"@id":"https:\/\/fkzalgiris.lt\/#website"},"datePublished":"2024-04-15T09:51:29+00:00","dateModified":"2024-04-15T09:52:37+00:00","breadcrumb":{"@id":"https:\/\/fkzalgiris.lt\/v-ceburinas-svarbiausia-kad-komandoje-yra-charakteris\/#breadcrumb"},"inLanguage":"lt-LT","potentialAction":[{"@type":"ReadAction","target":["https:\/\/fkzalgiris.lt\/v-ceburinas-svarbiausia-kad-komandoje-yra-charakteris\/"]}]},{"@type":"BreadcrumbList","@id":"https:\/\/fkzalgiris.lt\/v-ceburinas-svarbiausia-kad-komandoje-yra-charakteris\/#breadcrumb","itemListElement":[{"@type":"ListItem","position":1,"name":"Home","item":"https:\/\/fkzalgiris.lt\/"},{"@type":"ListItem","position":2,"name":"V. \u010ceburinas: \u201eSvarbiausia, kad komandoje yra charakteris\u201c"}]},{"@type":"WebSite","@id":"https:\/\/fkzalgiris.lt\/#website","url":"https:\/\/fkzalgiris.lt\/","name":"FK \u017dalgiris","description":"oficiali Vilniaus \u201e\u017dalgirio\u201c futbolo klubo svetain\u0117","publisher":{"@id":"https:\/\/fkzalgiris.lt\/#organization"},"potentialAction":[{"@type":"SearchAction","target":{"@type":"EntryPoint","urlTemplate":"https:\/\/fkzalgiris.lt\/?s={search_term_string}"},"query-input":{"@type":"PropertyValueSpecification","valueRequired":true,"valueName":"search_term_string"}}],"inLanguage":"lt-LT"},{"@type":"Organization","@id":"https:\/\/fkzalgiris.lt\/#organization","name":"FK \u017dalgiris","url":"https:\/\/fkzalgiris.lt\/","logo":{"@type":"ImageObject","inLanguage":"lt-LT","@id":"https:\/\/fkzalgiris.lt\/#\/schema\/logo\/image\/","url":"https:\/\/fkzalgiris.lt\/wp-content\/uploads\/2024\/01\/horiz-FK-Zalgiris-logo-2015.png","contentUrl":"https:\/\/fkzalgiris.lt\/wp-content\/uploads\/2024\/01\/horiz-FK-Zalgiris-logo-2015.png","width":3073,"height":2048,"caption":"FK \u017dalgiris"},"image":{"@id":"https:\/\/fkzalgiris.lt\/#\/schema\/logo\/image\/"},"sameAs":["https:\/\/www.facebook.com\/fkzalgiris\/","https:\/\/x.com\/fkzalgiris","https:\/\/www.instagram.com\/fkzalgiris\/","https:\/\/www.youtube.com\/channel\/UC1ag8JLxGirltMUoLlzfZLA"]},{"@type":"Person","@id":"https:\/\/fkzalgiris.lt\/#\/schema\/person\/8604babbba794a7d8767be324a3eaac8","name":"J"}]}},"_links":{"self":[{"href":"https:\/\/fkzalgiris.lt\/api\/wp\/v2\/posts\/15029","targetHints":{"allow":["GET"]}}],"collection":[{"href":"https:\/\/fkzalgiris.lt\/api\/wp\/v2\/posts"}],"about":[{"href":"https:\/\/fkzalgiris.lt\/api\/wp\/v2\/types\/post"}],"author":[{"embeddable":true,"href":"https:\/\/fkzalgiris.lt\/api\/wp\/v2\/users\/4"}],"replies":[{"embeddable":true,"href":"https:\/\/fkzalgiris.lt\/api\/wp\/v2\/comments?post=15029"}],"version-history":[{"count":4,"href":"https:\/\/fkzalgiris.lt\/api\/wp\/v2\/posts\/15029\/revisions"}],"predecessor-version":[{"id":15034,"href":"https:\/\/fkzalgiris.lt\/api\/wp\/v2\/posts\/15029\/revisions\/15034"}],"wp:attachment":[{"href":"https:\/\/fkzalgiris.lt\/api\/wp\/v2\/media?parent=15029"}],"wp:term":[{"taxonomy":"category","embeddable":true,"href":"https:\/\/fkzalgiris.lt\/api\/wp\/v2\/categories?post=15029"}],"curies":[{"name":"wp","href":"https:\/\/api.w.org\/{rel}","templated":true}]}}