{"id":15011,"date":"2024-04-13T13:25:24","date_gmt":"2024-04-13T10:25:24","guid":{"rendered":"https:\/\/fkzalgiris.lt\/?p=15011"},"modified":"2024-04-13T13:29:21","modified_gmt":"2024-04-13T10:29:21","slug":"dubleriai-ruosiasi-startui-ii-lygoje","status":"publish","type":"post","link":"https:\/\/fkzalgiris.lt\/dubleriai-ruosiasi-startui-ii-lygoje\/","title":{"rendered":"Dubleriai ruo\u0161iasi startui II lygoje"},"content":{"rendered":"<p>\u201e\u017dalgirio\u201c dubleri\u0173 komanda pirmadien\u012f prad\u0117s nauj\u0105 sezon\u0105 \u2013 startuos II lygos pirmenyb\u0117se. Atsinaujinusi ekipa sieks auk\u0161\u010diausi\u0173 tiksl\u0173 \u2013 pakilti auk\u0161\u010diau ir susigr\u0105\u017einti viet\u0105 I lygoje.<\/p>\n<p>Po nes\u0117kmingo pra\u0117jusio sezono antrajame divizione \u201e\u017dalgirio\u201c B komandos trenerio pareigose \u017dydr\u016bn\u0105 Grudzinsk\u0105 pakeit\u0117 Dainius Grevi\u0161kis. Prie\u0161 tai treneris dirbo su klubo C komanda, kurios nema\u017ea dalis \u0161iemet jau atstovaus B ekipai.<\/p>\n<p>Lyginant su pra\u0117jus\u012f sezon\u0105 prad\u0117jusia sud\u0117timi \u201e\u017dalgiris\u201c B pasikeit\u0117 i\u0161 pagrind\u0173. Pernai komandai atstovav\u0119 D\u017eiugas Aleksa, Kajus Bi\u010dka nuomos pagrindais atstovauja auk\u0161\u010diausios lygos klubams, \u012f u\u017esien\u012f i\u0161vyko Regnaras Krotas ir Nikita Pavlovskij, kitas komandas pasirinko Simas Civilka, Nojus Semionovas, Patrikas \u017dvinys, nebeliko Jurgio Stankevi\u010diaus, Dovo Elzbergo. \u012e \u201e\u017dalgirio\u201c ekip\u0105 treniruotis ir \u017eaisti per\u0117jo Martynas \u0160etkus, Patrikas Maty\u017eonokas.<\/p>\n<p>I\u0161 daugiau \u017eaidusi\u0173 pra\u0117jusio sezono ekipoje liko Tomas Bak\u0161ys, Gustas Mikelaitis, Ugnius Simonavi\u010dius. \u017daid\u0117jo karjer\u0105 atnaujino atletinio rengimo treneriu akademijoje dirbantis Osvaldo Alfieri. Vyriausiais \u017eaid\u0117jais komandoje bus \u012f \u017ealiai baltus gr\u012f\u017e\u0119 buv\u0119 akademijos aukl\u0117tiniai Deividas Linauskas, Martynas Valukonis. I\u0161 kit\u0173 klub\u0173 \u012f komand\u0105 tarpsezonyje persik\u0117l\u0117 du naujokai \u2013 saugai Augustas Zavackas ir panev\u0117\u017eietis Gustas \u017deder\u0161treimas. Patirties II lygoje turi vartininkai D\u017eiugas Jeru\u0161evi\u010dius ir Joris Aliukonis.<\/p>\n<p>\u201e\u0160ie vyresni ar labiau patyr\u0119 \u017eaid\u0117jai sudarys komandos branduol\u012f kartu su kitais 17-18 met\u0173 akademijos aukl\u0117tiniais, taip pat vasar\u0105 prisijungs ir jaunesni\u0173 i\u0161 Elitin\u0117s jauni\u0173 U-18 lygos. Rimtos paspirties tikim\u0117s ir i\u0161 t\u0173 \u017eaid\u0117j\u0173, kurie treniruojasi su pagrindine komanda, bet turi ma\u017eiau \u017eaidimo laiko. Visuomet ie\u0161kome ir nauj\u0173 \u017eaid\u0117j\u0173 \u2013 jeigu atsiras toki\u0173, su kuriais sutampa po\u017ei\u016briai, galime juos pasikviesti \u012f komand\u0105\u201c, \u2013 apie komandos komplektacij\u0105 kalb\u0117jo D. Grevi\u0161kis.<\/p>\n<p>Pasak trenerio, nepaisant jauno komandos am\u017eiaus, jai keliamas tikslas u\u017eimti vien\u0105 i\u0161 pirm\u0173j\u0173 pozicij\u0173 ir pakilti auk\u0161tyn.<\/p>\n<p>\u201eManau, kad i\u0161kristi i\u0161 I lygos lengviau negu pakilti atgal. II lygos yra patyrusios \u201e\u0160ilut\u0117s\u201c, \u201eJonavos\u201c komandos, ambicij\u0173 nestokoja Kybart\u0173 \u201eSveikata\u201c, konkurencingos tur\u0117t\u0173 b\u016bti ir \u201eTransINVEST\u201c bei \u201eS\u016bduvos\u201c B komandos. I\u0161\u0161\u016bki\u0173 bus, bet mes tikime. \u017daid\u0117jai turi visas s\u0105lygas kelti meistri\u0161kum\u0105 treniruot\u0117se. Esame \u201e\u017dalgirio\u201c dalis, l\u016bkes\u010diai ir standartai auk\u0161ti. \u017daid\u0117jai turi d\u0117ti maksimalias pastangas ir nor\u0105 siekti profesionalaus lygio\u201c, \u2013 kalb\u0117jo D. Grevi\u0161kis.<\/p>\n<p>B komandai persik\u0117lus \u012f II lyg\u0105 \u0161iemet nebus C ekipos, ta\u010diau ma\u017eiau \u017eaid\u017eiantys futbolininkai tur\u0117s galimyb\u0119 rungtyniauti U-19 komandoje, kuri var\u017eysis Vilniaus regiono futbolo s\u0105jungos (VRFS) III lygoje.<\/p>\n<p>Pirmose rungtyn\u0117se baland\u017eio 15 d. 18 val. \u201e\u017dalgiris\u201c B namuose Senvag\u0117s gimnazijos stadione \u017eais prie\u0161 Bir\u017e\u0173 \u201e\u0160irv\u0117nos\u201c ekip\u0105.<\/p>\n<p><a href=\"https:\/\/fkzalgiris.lt\/tvarkarastis\/\">Rungtyni\u0173 tvarkara\u0161tis<\/a> <em>(Pasirinkti &#8211; II lyga)<br \/>\n<\/em><a href=\"https:\/\/fkzalgiris.lt\/zaidejai\/\">Komandos sud\u0117tis<\/a> <em>(Pasirinkti &#8211; \u017dalgiris B)<\/em><\/p>\n","protected":false},"excerpt":{"rendered":"<p>\u201e\u017dalgirio\u201c dubleri\u0173 komanda pirmadien\u012f prad\u0117s nauj\u0105 sezon\u0105 \u2013 startuos II lygos pirmenyb\u0117se. Atsinaujinusi ekipa sieks auk\u0161\u010diausi\u0173 tiksl\u0173 \u2013 pakilti auk\u0161\u010diau ir susigr\u0105\u017einti viet\u0105 I lygoje.\u2026<\/p>\n","protected":false},"author":4,"featured_media":0,"comment_status":"closed","ping_status":"closed","sticky":false,"template":"","format":"standard","meta":{"_acf_changed":false,"footnotes":""},"categories":[100],"class_list":["post-15011","post","type-post","status-publish","format-standard","hentry","category-zalgiris-b"],"acf":[],"yoast_head":"<!-- This site is optimized with the Yoast SEO plugin v26.8 - https:\/\/yoast.com\/product\/yoast-seo-wordpress\/ -->\n<title>Dubleriai ruo\u0161iasi startui II lygoje - FK \u017dalgiris<\/title>\n<meta name=\"robots\" content=\"index, follow, max-snippet:-1, max-image-preview:large, max-video-preview:-1\" \/>\n<link rel=\"canonical\" href=\"https:\/\/fkzalgiris.lt\/dubleriai-ruosiasi-startui-ii-lygoje\/\" \/>\n<meta property=\"og:locale\" content=\"lt_LT\" \/>\n<meta property=\"og:type\" content=\"article\" \/>\n<meta property=\"og:title\" content=\"Dubleriai ruo\u0161iasi startui II lygoje - FK \u017dalgiris\" \/>\n<meta property=\"og:description\" content=\"\u201e\u017dalgirio\u201c dubleri\u0173 komanda pirmadien\u012f prad\u0117s nauj\u0105 sezon\u0105 \u2013 startuos II lygos pirmenyb\u0117se. Atsinaujinusi ekipa sieks auk\u0161\u010diausi\u0173 tiksl\u0173 \u2013 pakilti auk\u0161\u010diau ir susigr\u0105\u017einti viet\u0105 I lygoje.\u2026\" \/>\n<meta property=\"og:url\" content=\"https:\/\/fkzalgiris.lt\/dubleriai-ruosiasi-startui-ii-lygoje\/\" \/>\n<meta property=\"og:site_name\" content=\"FK \u017dalgiris\" \/>\n<meta property=\"article:publisher\" content=\"https:\/\/www.facebook.com\/fkzalgiris\/\" \/>\n<meta property=\"article:published_time\" content=\"2024-04-13T10:25:24+00:00\" \/>\n<meta property=\"article:modified_time\" content=\"2024-04-13T10:29:21+00:00\" \/>\n<meta property=\"og:image\" content=\"https:\/\/fkzalgiris.lt\/wp-content\/uploads\/2024\/04\/IMG_0430-scaled.jpg\" \/>\n\t<meta property=\"og:image:width\" content=\"2560\" \/>\n\t<meta property=\"og:image:height\" content=\"1707\" \/>\n\t<meta property=\"og:image:type\" content=\"image\/jpeg\" \/>\n<meta name=\"author\" content=\"J\" \/>\n<meta name=\"twitter:card\" content=\"summary_large_image\" \/>\n<meta name=\"twitter:creator\" content=\"@fkzalgiris\" \/>\n<meta name=\"twitter:site\" content=\"@fkzalgiris\" \/>\n<meta name=\"twitter:label1\" content=\"Written by\" \/>\n\t<meta name=\"twitter:data1\" content=\"J\" \/>\n\t<meta name=\"twitter:label2\" content=\"Est. reading time\" \/>\n\t<meta name=\"twitter:data2\" content=\"3 minut\u0117s\" \/>\n<script type=\"application\/ld+json\" class=\"yoast-schema-graph\">{\"@context\":\"https:\/\/schema.org\",\"@graph\":[{\"@type\":\"Article\",\"@id\":\"https:\/\/fkzalgiris.lt\/dubleriai-ruosiasi-startui-ii-lygoje\/#article\",\"isPartOf\":{\"@id\":\"https:\/\/fkzalgiris.lt\/dubleriai-ruosiasi-startui-ii-lygoje\/\"},\"author\":{\"name\":\"J\",\"@id\":\"https:\/\/fkzalgiris.lt\/#\/schema\/person\/8604babbba794a7d8767be324a3eaac8\"},\"headline\":\"Dubleriai ruo\u0161iasi startui II lygoje\",\"datePublished\":\"2024-04-13T10:25:24+00:00\",\"dateModified\":\"2024-04-13T10:29:21+00:00\",\"mainEntityOfPage\":{\"@id\":\"https:\/\/fkzalgiris.lt\/dubleriai-ruosiasi-startui-ii-lygoje\/\"},\"wordCount\":457,\"publisher\":{\"@id\":\"https:\/\/fkzalgiris.lt\/#organization\"},\"articleSection\":[\"\u017dalgiris B\"],\"inLanguage\":\"lt-LT\"},{\"@type\":\"WebPage\",\"@id\":\"https:\/\/fkzalgiris.lt\/dubleriai-ruosiasi-startui-ii-lygoje\/\",\"url\":\"https:\/\/fkzalgiris.lt\/dubleriai-ruosiasi-startui-ii-lygoje\/\",\"name\":\"Dubleriai ruo\u0161iasi startui II lygoje - FK \u017dalgiris\",\"isPartOf\":{\"@id\":\"https:\/\/fkzalgiris.lt\/#website\"},\"datePublished\":\"2024-04-13T10:25:24+00:00\",\"dateModified\":\"2024-04-13T10:29:21+00:00\",\"breadcrumb\":{\"@id\":\"https:\/\/fkzalgiris.lt\/dubleriai-ruosiasi-startui-ii-lygoje\/#breadcrumb\"},\"inLanguage\":\"lt-LT\",\"potentialAction\":[{\"@type\":\"ReadAction\",\"target\":[\"https:\/\/fkzalgiris.lt\/dubleriai-ruosiasi-startui-ii-lygoje\/\"]}]},{\"@type\":\"BreadcrumbList\",\"@id\":\"https:\/\/fkzalgiris.lt\/dubleriai-ruosiasi-startui-ii-lygoje\/#breadcrumb\",\"itemListElement\":[{\"@type\":\"ListItem\",\"position\":1,\"name\":\"Home\",\"item\":\"https:\/\/fkzalgiris.lt\/\"},{\"@type\":\"ListItem\",\"position\":2,\"name\":\"Dubleriai ruo\u0161iasi startui II lygoje\"}]},{\"@type\":\"WebSite\",\"@id\":\"https:\/\/fkzalgiris.lt\/#website\",\"url\":\"https:\/\/fkzalgiris.lt\/\",\"name\":\"FK \u017dalgiris\",\"description\":\"oficiali Vilniaus \u201e\u017dalgirio\u201c futbolo klubo svetain\u0117\",\"publisher\":{\"@id\":\"https:\/\/fkzalgiris.lt\/#organization\"},\"potentialAction\":[{\"@type\":\"SearchAction\",\"target\":{\"@type\":\"EntryPoint\",\"urlTemplate\":\"https:\/\/fkzalgiris.lt\/?s={search_term_string}\"},\"query-input\":{\"@type\":\"PropertyValueSpecification\",\"valueRequired\":true,\"valueName\":\"search_term_string\"}}],\"inLanguage\":\"lt-LT\"},{\"@type\":\"Organization\",\"@id\":\"https:\/\/fkzalgiris.lt\/#organization\",\"name\":\"FK \u017dalgiris\",\"url\":\"https:\/\/fkzalgiris.lt\/\",\"logo\":{\"@type\":\"ImageObject\",\"inLanguage\":\"lt-LT\",\"@id\":\"https:\/\/fkzalgiris.lt\/#\/schema\/logo\/image\/\",\"url\":\"https:\/\/fkzalgiris.lt\/wp-content\/uploads\/2024\/01\/horiz-FK-Zalgiris-logo-2015.png\",\"contentUrl\":\"https:\/\/fkzalgiris.lt\/wp-content\/uploads\/2024\/01\/horiz-FK-Zalgiris-logo-2015.png\",\"width\":3073,\"height\":2048,\"caption\":\"FK \u017dalgiris\"},\"image\":{\"@id\":\"https:\/\/fkzalgiris.lt\/#\/schema\/logo\/image\/\"},\"sameAs\":[\"https:\/\/www.facebook.com\/fkzalgiris\/\",\"https:\/\/x.com\/fkzalgiris\",\"https:\/\/www.instagram.com\/fkzalgiris\/\",\"https:\/\/www.youtube.com\/channel\/UC1ag8JLxGirltMUoLlzfZLA\"]},{\"@type\":\"Person\",\"@id\":\"https:\/\/fkzalgiris.lt\/#\/schema\/person\/8604babbba794a7d8767be324a3eaac8\",\"name\":\"J\"}]}<\/script>\n<!-- \/ Yoast SEO plugin. -->","yoast_head_json":{"title":"Dubleriai ruo\u0161iasi startui II lygoje - FK \u017dalgiris","robots":{"index":"index","follow":"follow","max-snippet":"max-snippet:-1","max-image-preview":"max-image-preview:large","max-video-preview":"max-video-preview:-1"},"canonical":"https:\/\/fkzalgiris.lt\/dubleriai-ruosiasi-startui-ii-lygoje\/","og_locale":"lt_LT","og_type":"article","og_title":"Dubleriai ruo\u0161iasi startui II lygoje - FK \u017dalgiris","og_description":"\u201e\u017dalgirio\u201c dubleri\u0173 komanda pirmadien\u012f prad\u0117s nauj\u0105 sezon\u0105 \u2013 startuos II lygos pirmenyb\u0117se. Atsinaujinusi ekipa sieks auk\u0161\u010diausi\u0173 tiksl\u0173 \u2013 pakilti auk\u0161\u010diau ir susigr\u0105\u017einti viet\u0105 I lygoje.\u2026","og_url":"https:\/\/fkzalgiris.lt\/dubleriai-ruosiasi-startui-ii-lygoje\/","og_site_name":"FK \u017dalgiris","article_publisher":"https:\/\/www.facebook.com\/fkzalgiris\/","article_published_time":"2024-04-13T10:25:24+00:00","article_modified_time":"2024-04-13T10:29:21+00:00","og_image":[{"width":2560,"height":1707,"url":"https:\/\/fkzalgiris.lt\/wp-content\/uploads\/2024\/04\/IMG_0430-scaled.jpg","type":"image\/jpeg"}],"author":"J","twitter_card":"summary_large_image","twitter_creator":"@fkzalgiris","twitter_site":"@fkzalgiris","twitter_misc":{"Written by":"J","Est. reading time":"3 minut\u0117s"},"schema":{"@context":"https:\/\/schema.org","@graph":[{"@type":"Article","@id":"https:\/\/fkzalgiris.lt\/dubleriai-ruosiasi-startui-ii-lygoje\/#article","isPartOf":{"@id":"https:\/\/fkzalgiris.lt\/dubleriai-ruosiasi-startui-ii-lygoje\/"},"author":{"name":"J","@id":"https:\/\/fkzalgiris.lt\/#\/schema\/person\/8604babbba794a7d8767be324a3eaac8"},"headline":"Dubleriai ruo\u0161iasi startui II lygoje","datePublished":"2024-04-13T10:25:24+00:00","dateModified":"2024-04-13T10:29:21+00:00","mainEntityOfPage":{"@id":"https:\/\/fkzalgiris.lt\/dubleriai-ruosiasi-startui-ii-lygoje\/"},"wordCount":457,"publisher":{"@id":"https:\/\/fkzalgiris.lt\/#organization"},"articleSection":["\u017dalgiris B"],"inLanguage":"lt-LT"},{"@type":"WebPage","@id":"https:\/\/fkzalgiris.lt\/dubleriai-ruosiasi-startui-ii-lygoje\/","url":"https:\/\/fkzalgiris.lt\/dubleriai-ruosiasi-startui-ii-lygoje\/","name":"Dubleriai ruo\u0161iasi startui II lygoje - FK \u017dalgiris","isPartOf":{"@id":"https:\/\/fkzalgiris.lt\/#website"},"datePublished":"2024-04-13T10:25:24+00:00","dateModified":"2024-04-13T10:29:21+00:00","breadcrumb":{"@id":"https:\/\/fkzalgiris.lt\/dubleriai-ruosiasi-startui-ii-lygoje\/#breadcrumb"},"inLanguage":"lt-LT","potentialAction":[{"@type":"ReadAction","target":["https:\/\/fkzalgiris.lt\/dubleriai-ruosiasi-startui-ii-lygoje\/"]}]},{"@type":"BreadcrumbList","@id":"https:\/\/fkzalgiris.lt\/dubleriai-ruosiasi-startui-ii-lygoje\/#breadcrumb","itemListElement":[{"@type":"ListItem","position":1,"name":"Home","item":"https:\/\/fkzalgiris.lt\/"},{"@type":"ListItem","position":2,"name":"Dubleriai ruo\u0161iasi startui II lygoje"}]},{"@type":"WebSite","@id":"https:\/\/fkzalgiris.lt\/#website","url":"https:\/\/fkzalgiris.lt\/","name":"FK \u017dalgiris","description":"oficiali Vilniaus \u201e\u017dalgirio\u201c futbolo klubo svetain\u0117","publisher":{"@id":"https:\/\/fkzalgiris.lt\/#organization"},"potentialAction":[{"@type":"SearchAction","target":{"@type":"EntryPoint","urlTemplate":"https:\/\/fkzalgiris.lt\/?s={search_term_string}"},"query-input":{"@type":"PropertyValueSpecification","valueRequired":true,"valueName":"search_term_string"}}],"inLanguage":"lt-LT"},{"@type":"Organization","@id":"https:\/\/fkzalgiris.lt\/#organization","name":"FK \u017dalgiris","url":"https:\/\/fkzalgiris.lt\/","logo":{"@type":"ImageObject","inLanguage":"lt-LT","@id":"https:\/\/fkzalgiris.lt\/#\/schema\/logo\/image\/","url":"https:\/\/fkzalgiris.lt\/wp-content\/uploads\/2024\/01\/horiz-FK-Zalgiris-logo-2015.png","contentUrl":"https:\/\/fkzalgiris.lt\/wp-content\/uploads\/2024\/01\/horiz-FK-Zalgiris-logo-2015.png","width":3073,"height":2048,"caption":"FK \u017dalgiris"},"image":{"@id":"https:\/\/fkzalgiris.lt\/#\/schema\/logo\/image\/"},"sameAs":["https:\/\/www.facebook.com\/fkzalgiris\/","https:\/\/x.com\/fkzalgiris","https:\/\/www.instagram.com\/fkzalgiris\/","https:\/\/www.youtube.com\/channel\/UC1ag8JLxGirltMUoLlzfZLA"]},{"@type":"Person","@id":"https:\/\/fkzalgiris.lt\/#\/schema\/person\/8604babbba794a7d8767be324a3eaac8","name":"J"}]}},"_links":{"self":[{"href":"https:\/\/fkzalgiris.lt\/api\/wp\/v2\/posts\/15011","targetHints":{"allow":["GET"]}}],"collection":[{"href":"https:\/\/fkzalgiris.lt\/api\/wp\/v2\/posts"}],"about":[{"href":"https:\/\/fkzalgiris.lt\/api\/wp\/v2\/types\/post"}],"author":[{"embeddable":true,"href":"https:\/\/fkzalgiris.lt\/api\/wp\/v2\/users\/4"}],"replies":[{"embeddable":true,"href":"https:\/\/fkzalgiris.lt\/api\/wp\/v2\/comments?post=15011"}],"version-history":[{"count":5,"href":"https:\/\/fkzalgiris.lt\/api\/wp\/v2\/posts\/15011\/revisions"}],"predecessor-version":[{"id":15018,"href":"https:\/\/fkzalgiris.lt\/api\/wp\/v2\/posts\/15011\/revisions\/15018"}],"wp:attachment":[{"href":"https:\/\/fkzalgiris.lt\/api\/wp\/v2\/media?parent=15011"}],"wp:term":[{"taxonomy":"category","embeddable":true,"href":"https:\/\/fkzalgiris.lt\/api\/wp\/v2\/categories?post=15011"}],"curies":[{"name":"wp","href":"https:\/\/api.w.org\/{rel}","templated":true}]}}