{"id":14658,"date":"2024-03-01T16:00:59","date_gmt":"2024-03-01T14:00:59","guid":{"rendered":"https:\/\/fkzalgiris.lt\/?p=14658"},"modified":"2024-03-01T17:03:04","modified_gmt":"2024-03-01T15:03:04","slug":"prisijunge-patyres-puolejas-is-bosnijos-ir-hercegovinos","status":"publish","type":"post","link":"https:\/\/fkzalgiris.lt\/prisijunge-patyres-puolejas-is-bosnijos-ir-hercegovinos\/","title":{"rendered":"Prisijung\u0117 patyr\u0119s puol\u0117jas i\u0161 Bosnijos ir Hercegovinos"},"content":{"rendered":"<p>Prie\u0161 sezono start\u0105 prie \u201e\u017dalgirio\u201c prisijung\u0117 solid\u017ei\u0105 patirt\u012f sukaup\u0119s puol\u0117jas i\u0161 Bosnijos ir Hercegovinos Arminas Hod\u017ei\u010dius (Armin Hod\u017ei\u0107).<\/p>\n<p>29 met\u0173 \u017eaid\u0117jas per savo karjer\u0105 yra priklaus\u0119s ir \u201eLiverpool\u201c klubui, su Zagrebo \u201eDinamo\u201c yra rungtyniav\u0119s UEFA \u010cempion\u0173 lygoje, taip pat atstovav\u0119s savo \u0161alies rinktinei.<\/p>\n<p>Paskutinis jo klubas \u2013 \u0160iaur\u0117s Makedonijos \u010dempionato lyderis \u201e\u0160kupi\u201c.<\/p>\n<p>Futbolo keli\u0105 A. Hod\u017ei\u010dius prad\u0117jo gimtojo Sarajevo \u201e\u017deljezni\u010dar\u201c, i\u0161 jo \u201eLiverpool\u201c klub\u0105, kuris paskolino perspektyv\u0173 \u017eaid\u0117j\u0105 atgal.<\/p>\n<p>Po s\u0117kmingo pasirodymo Sarajeve 2014 m. puol\u0117jas pasira\u0161\u0117 sutart\u012f su Zagrebo \u201eDinamo\u201c.<\/p>\n<p>I\u0161 viso Kroatijos grando gretose jis per 5 sezonus su\u017eaid\u0117 111 rungtyni\u0173 \u012fmu\u0161\u0117 51 \u012fvart\u012f, po 3 kartus laim\u0117jo \u010dempionat\u0105 ir taur\u0119, du sezonus \u017eaid\u0117 \u010cempion\u0173 lygos grupi\u0173 etape.<\/p>\n<p>2018 m. puol\u0117j\u0105 perpirko Vengrijos klubas \u201eFeh\u00e9rv\u00e1r\u201c. 2020-2021 m. sezone A. Hod\u017ei\u010di\u0173 buvo pasiskolin\u0119s Turkijos klubas \u201eKasimpasa\u201c.<\/p>\n<p>Pernai futbolininkas gr\u012f\u017eo \u012f t\u0117vyn\u0119 ir v\u0117l \u017eaid\u0117 \u201e\u017deljezni\u010dar\u201c, o paskutin\u012f pusmet\u012f praleido \u201e\u0160kupi\u201c gretose.<\/p>\n<p>Tarpsezonyje \u201e\u017dalgir\u012f\u201c i\u0161 viso papild\u0117 de\u0161imt nauj\u0173 \u017eaid\u0117j\u0173. Anks\u010diau prie komandos prisijung\u0117 vartininkai Arpadas Tordai ir Du\u0161anas Markovi\u010dius, gyn\u0117jai Joris Moutachy, Myroslavas Mazuras, Younnas Zahary, saugai Benas Traore, Giedrius Matulevi\u010dius, Nemanja Mihajlovi\u010dius, puol\u0117jas Nikola Petkovi\u010dius.<\/p>\n","protected":false},"excerpt":{"rendered":"<p>Prie\u0161 sezono start\u0105 prie \u201e\u017dalgirio\u201c prisijung\u0117 solid\u017ei\u0105 patirt\u012f sukaup\u0119s puol\u0117jas i\u0161 Bosnijos ir Hercegovinos Arminas Hod\u017ei\u010dius (Armin Hod\u017ei\u0107). 29 met\u0173 \u017eaid\u0117jas per savo karjer\u0105 yra\u2026<\/p>\n","protected":false},"author":4,"featured_media":0,"comment_status":"closed","ping_status":"closed","sticky":false,"template":"","format":"standard","meta":{"_acf_changed":false,"footnotes":""},"categories":[87],"class_list":["post-14658","post","type-post","status-publish","format-standard","hentry","category-zalgiris"],"acf":[],"yoast_head":"<!-- This site is optimized with the Yoast SEO plugin v26.8 - https:\/\/yoast.com\/product\/yoast-seo-wordpress\/ -->\n<title>Prisijung\u0117 patyr\u0119s puol\u0117jas i\u0161 Bosnijos ir Hercegovinos - FK \u017dalgiris<\/title>\n<meta name=\"robots\" content=\"index, follow, max-snippet:-1, max-image-preview:large, max-video-preview:-1\" \/>\n<link rel=\"canonical\" href=\"https:\/\/fkzalgiris.lt\/prisijunge-patyres-puolejas-is-bosnijos-ir-hercegovinos\/\" \/>\n<meta property=\"og:locale\" content=\"lt_LT\" \/>\n<meta property=\"og:type\" content=\"article\" \/>\n<meta property=\"og:title\" content=\"Prisijung\u0117 patyr\u0119s puol\u0117jas i\u0161 Bosnijos ir Hercegovinos - FK \u017dalgiris\" \/>\n<meta property=\"og:description\" content=\"Prie\u0161 sezono start\u0105 prie \u201e\u017dalgirio\u201c prisijung\u0117 solid\u017ei\u0105 patirt\u012f sukaup\u0119s puol\u0117jas i\u0161 Bosnijos ir Hercegovinos Arminas Hod\u017ei\u010dius (Armin Hod\u017ei\u0107). 29 met\u0173 \u017eaid\u0117jas per savo karjer\u0105 yra\u2026\" \/>\n<meta property=\"og:url\" content=\"https:\/\/fkzalgiris.lt\/prisijunge-patyres-puolejas-is-bosnijos-ir-hercegovinos\/\" \/>\n<meta property=\"og:site_name\" content=\"FK \u017dalgiris\" \/>\n<meta property=\"article:publisher\" content=\"https:\/\/www.facebook.com\/fkzalgiris\/\" \/>\n<meta property=\"article:published_time\" content=\"2024-03-01T14:00:59+00:00\" \/>\n<meta property=\"article:modified_time\" content=\"2024-03-01T15:03:04+00:00\" \/>\n<meta property=\"og:image\" content=\"https:\/\/fkzalgiris.lt\/wp-content\/uploads\/2024\/02\/social-horiz_Zalgiris_logo_2024.png\" \/>\n\t<meta property=\"og:image:width\" content=\"3356\" \/>\n\t<meta property=\"og:image:height\" content=\"2259\" \/>\n\t<meta property=\"og:image:type\" content=\"image\/png\" \/>\n<meta name=\"author\" content=\"J\" \/>\n<meta name=\"twitter:card\" content=\"summary_large_image\" \/>\n<meta name=\"twitter:creator\" content=\"@fkzalgiris\" \/>\n<meta name=\"twitter:site\" content=\"@fkzalgiris\" \/>\n<meta name=\"twitter:label1\" content=\"Written by\" \/>\n\t<meta name=\"twitter:data1\" content=\"J\" \/>\n\t<meta name=\"twitter:label2\" content=\"Est. reading time\" \/>\n\t<meta name=\"twitter:data2\" content=\"1 minut\u0117\" \/>\n<script type=\"application\/ld+json\" class=\"yoast-schema-graph\">{\"@context\":\"https:\/\/schema.org\",\"@graph\":[{\"@type\":\"Article\",\"@id\":\"https:\/\/fkzalgiris.lt\/prisijunge-patyres-puolejas-is-bosnijos-ir-hercegovinos\/#article\",\"isPartOf\":{\"@id\":\"https:\/\/fkzalgiris.lt\/prisijunge-patyres-puolejas-is-bosnijos-ir-hercegovinos\/\"},\"author\":{\"name\":\"J\",\"@id\":\"https:\/\/fkzalgiris.lt\/#\/schema\/person\/8604babbba794a7d8767be324a3eaac8\"},\"headline\":\"Prisijung\u0117 patyr\u0119s puol\u0117jas i\u0161 Bosnijos ir Hercegovinos\",\"datePublished\":\"2024-03-01T14:00:59+00:00\",\"dateModified\":\"2024-03-01T15:03:04+00:00\",\"mainEntityOfPage\":{\"@id\":\"https:\/\/fkzalgiris.lt\/prisijunge-patyres-puolejas-is-bosnijos-ir-hercegovinos\/\"},\"wordCount\":217,\"publisher\":{\"@id\":\"https:\/\/fkzalgiris.lt\/#organization\"},\"articleSection\":[\"\u017dalgiris\"],\"inLanguage\":\"lt-LT\"},{\"@type\":\"WebPage\",\"@id\":\"https:\/\/fkzalgiris.lt\/prisijunge-patyres-puolejas-is-bosnijos-ir-hercegovinos\/\",\"url\":\"https:\/\/fkzalgiris.lt\/prisijunge-patyres-puolejas-is-bosnijos-ir-hercegovinos\/\",\"name\":\"Prisijung\u0117 patyr\u0119s puol\u0117jas i\u0161 Bosnijos ir Hercegovinos - FK \u017dalgiris\",\"isPartOf\":{\"@id\":\"https:\/\/fkzalgiris.lt\/#website\"},\"datePublished\":\"2024-03-01T14:00:59+00:00\",\"dateModified\":\"2024-03-01T15:03:04+00:00\",\"breadcrumb\":{\"@id\":\"https:\/\/fkzalgiris.lt\/prisijunge-patyres-puolejas-is-bosnijos-ir-hercegovinos\/#breadcrumb\"},\"inLanguage\":\"lt-LT\",\"potentialAction\":[{\"@type\":\"ReadAction\",\"target\":[\"https:\/\/fkzalgiris.lt\/prisijunge-patyres-puolejas-is-bosnijos-ir-hercegovinos\/\"]}]},{\"@type\":\"BreadcrumbList\",\"@id\":\"https:\/\/fkzalgiris.lt\/prisijunge-patyres-puolejas-is-bosnijos-ir-hercegovinos\/#breadcrumb\",\"itemListElement\":[{\"@type\":\"ListItem\",\"position\":1,\"name\":\"Home\",\"item\":\"https:\/\/fkzalgiris.lt\/\"},{\"@type\":\"ListItem\",\"position\":2,\"name\":\"Prisijung\u0117 patyr\u0119s puol\u0117jas i\u0161 Bosnijos ir Hercegovinos\"}]},{\"@type\":\"WebSite\",\"@id\":\"https:\/\/fkzalgiris.lt\/#website\",\"url\":\"https:\/\/fkzalgiris.lt\/\",\"name\":\"FK \u017dalgiris\",\"description\":\"oficiali Vilniaus \u201e\u017dalgirio\u201c futbolo klubo svetain\u0117\",\"publisher\":{\"@id\":\"https:\/\/fkzalgiris.lt\/#organization\"},\"potentialAction\":[{\"@type\":\"SearchAction\",\"target\":{\"@type\":\"EntryPoint\",\"urlTemplate\":\"https:\/\/fkzalgiris.lt\/?s={search_term_string}\"},\"query-input\":{\"@type\":\"PropertyValueSpecification\",\"valueRequired\":true,\"valueName\":\"search_term_string\"}}],\"inLanguage\":\"lt-LT\"},{\"@type\":\"Organization\",\"@id\":\"https:\/\/fkzalgiris.lt\/#organization\",\"name\":\"FK \u017dalgiris\",\"url\":\"https:\/\/fkzalgiris.lt\/\",\"logo\":{\"@type\":\"ImageObject\",\"inLanguage\":\"lt-LT\",\"@id\":\"https:\/\/fkzalgiris.lt\/#\/schema\/logo\/image\/\",\"url\":\"https:\/\/fkzalgiris.lt\/wp-content\/uploads\/2024\/01\/horiz-FK-Zalgiris-logo-2015.png\",\"contentUrl\":\"https:\/\/fkzalgiris.lt\/wp-content\/uploads\/2024\/01\/horiz-FK-Zalgiris-logo-2015.png\",\"width\":3073,\"height\":2048,\"caption\":\"FK \u017dalgiris\"},\"image\":{\"@id\":\"https:\/\/fkzalgiris.lt\/#\/schema\/logo\/image\/\"},\"sameAs\":[\"https:\/\/www.facebook.com\/fkzalgiris\/\",\"https:\/\/x.com\/fkzalgiris\",\"https:\/\/www.instagram.com\/fkzalgiris\/\",\"https:\/\/www.youtube.com\/channel\/UC1ag8JLxGirltMUoLlzfZLA\"]},{\"@type\":\"Person\",\"@id\":\"https:\/\/fkzalgiris.lt\/#\/schema\/person\/8604babbba794a7d8767be324a3eaac8\",\"name\":\"J\"}]}<\/script>\n<!-- \/ Yoast SEO plugin. -->","yoast_head_json":{"title":"Prisijung\u0117 patyr\u0119s puol\u0117jas i\u0161 Bosnijos ir Hercegovinos - FK \u017dalgiris","robots":{"index":"index","follow":"follow","max-snippet":"max-snippet:-1","max-image-preview":"max-image-preview:large","max-video-preview":"max-video-preview:-1"},"canonical":"https:\/\/fkzalgiris.lt\/prisijunge-patyres-puolejas-is-bosnijos-ir-hercegovinos\/","og_locale":"lt_LT","og_type":"article","og_title":"Prisijung\u0117 patyr\u0119s puol\u0117jas i\u0161 Bosnijos ir Hercegovinos - FK \u017dalgiris","og_description":"Prie\u0161 sezono start\u0105 prie \u201e\u017dalgirio\u201c prisijung\u0117 solid\u017ei\u0105 patirt\u012f sukaup\u0119s puol\u0117jas i\u0161 Bosnijos ir Hercegovinos Arminas Hod\u017ei\u010dius (Armin Hod\u017ei\u0107). 29 met\u0173 \u017eaid\u0117jas per savo karjer\u0105 yra\u2026","og_url":"https:\/\/fkzalgiris.lt\/prisijunge-patyres-puolejas-is-bosnijos-ir-hercegovinos\/","og_site_name":"FK \u017dalgiris","article_publisher":"https:\/\/www.facebook.com\/fkzalgiris\/","article_published_time":"2024-03-01T14:00:59+00:00","article_modified_time":"2024-03-01T15:03:04+00:00","og_image":[{"width":3356,"height":2259,"url":"https:\/\/fkzalgiris.lt\/wp-content\/uploads\/2024\/02\/social-horiz_Zalgiris_logo_2024.png","type":"image\/png"}],"author":"J","twitter_card":"summary_large_image","twitter_creator":"@fkzalgiris","twitter_site":"@fkzalgiris","twitter_misc":{"Written by":"J","Est. reading time":"1 minut\u0117"},"schema":{"@context":"https:\/\/schema.org","@graph":[{"@type":"Article","@id":"https:\/\/fkzalgiris.lt\/prisijunge-patyres-puolejas-is-bosnijos-ir-hercegovinos\/#article","isPartOf":{"@id":"https:\/\/fkzalgiris.lt\/prisijunge-patyres-puolejas-is-bosnijos-ir-hercegovinos\/"},"author":{"name":"J","@id":"https:\/\/fkzalgiris.lt\/#\/schema\/person\/8604babbba794a7d8767be324a3eaac8"},"headline":"Prisijung\u0117 patyr\u0119s puol\u0117jas i\u0161 Bosnijos ir Hercegovinos","datePublished":"2024-03-01T14:00:59+00:00","dateModified":"2024-03-01T15:03:04+00:00","mainEntityOfPage":{"@id":"https:\/\/fkzalgiris.lt\/prisijunge-patyres-puolejas-is-bosnijos-ir-hercegovinos\/"},"wordCount":217,"publisher":{"@id":"https:\/\/fkzalgiris.lt\/#organization"},"articleSection":["\u017dalgiris"],"inLanguage":"lt-LT"},{"@type":"WebPage","@id":"https:\/\/fkzalgiris.lt\/prisijunge-patyres-puolejas-is-bosnijos-ir-hercegovinos\/","url":"https:\/\/fkzalgiris.lt\/prisijunge-patyres-puolejas-is-bosnijos-ir-hercegovinos\/","name":"Prisijung\u0117 patyr\u0119s puol\u0117jas i\u0161 Bosnijos ir Hercegovinos - FK \u017dalgiris","isPartOf":{"@id":"https:\/\/fkzalgiris.lt\/#website"},"datePublished":"2024-03-01T14:00:59+00:00","dateModified":"2024-03-01T15:03:04+00:00","breadcrumb":{"@id":"https:\/\/fkzalgiris.lt\/prisijunge-patyres-puolejas-is-bosnijos-ir-hercegovinos\/#breadcrumb"},"inLanguage":"lt-LT","potentialAction":[{"@type":"ReadAction","target":["https:\/\/fkzalgiris.lt\/prisijunge-patyres-puolejas-is-bosnijos-ir-hercegovinos\/"]}]},{"@type":"BreadcrumbList","@id":"https:\/\/fkzalgiris.lt\/prisijunge-patyres-puolejas-is-bosnijos-ir-hercegovinos\/#breadcrumb","itemListElement":[{"@type":"ListItem","position":1,"name":"Home","item":"https:\/\/fkzalgiris.lt\/"},{"@type":"ListItem","position":2,"name":"Prisijung\u0117 patyr\u0119s puol\u0117jas i\u0161 Bosnijos ir Hercegovinos"}]},{"@type":"WebSite","@id":"https:\/\/fkzalgiris.lt\/#website","url":"https:\/\/fkzalgiris.lt\/","name":"FK \u017dalgiris","description":"oficiali Vilniaus \u201e\u017dalgirio\u201c futbolo klubo svetain\u0117","publisher":{"@id":"https:\/\/fkzalgiris.lt\/#organization"},"potentialAction":[{"@type":"SearchAction","target":{"@type":"EntryPoint","urlTemplate":"https:\/\/fkzalgiris.lt\/?s={search_term_string}"},"query-input":{"@type":"PropertyValueSpecification","valueRequired":true,"valueName":"search_term_string"}}],"inLanguage":"lt-LT"},{"@type":"Organization","@id":"https:\/\/fkzalgiris.lt\/#organization","name":"FK \u017dalgiris","url":"https:\/\/fkzalgiris.lt\/","logo":{"@type":"ImageObject","inLanguage":"lt-LT","@id":"https:\/\/fkzalgiris.lt\/#\/schema\/logo\/image\/","url":"https:\/\/fkzalgiris.lt\/wp-content\/uploads\/2024\/01\/horiz-FK-Zalgiris-logo-2015.png","contentUrl":"https:\/\/fkzalgiris.lt\/wp-content\/uploads\/2024\/01\/horiz-FK-Zalgiris-logo-2015.png","width":3073,"height":2048,"caption":"FK \u017dalgiris"},"image":{"@id":"https:\/\/fkzalgiris.lt\/#\/schema\/logo\/image\/"},"sameAs":["https:\/\/www.facebook.com\/fkzalgiris\/","https:\/\/x.com\/fkzalgiris","https:\/\/www.instagram.com\/fkzalgiris\/","https:\/\/www.youtube.com\/channel\/UC1ag8JLxGirltMUoLlzfZLA"]},{"@type":"Person","@id":"https:\/\/fkzalgiris.lt\/#\/schema\/person\/8604babbba794a7d8767be324a3eaac8","name":"J"}]}},"_links":{"self":[{"href":"https:\/\/fkzalgiris.lt\/api\/wp\/v2\/posts\/14658","targetHints":{"allow":["GET"]}}],"collection":[{"href":"https:\/\/fkzalgiris.lt\/api\/wp\/v2\/posts"}],"about":[{"href":"https:\/\/fkzalgiris.lt\/api\/wp\/v2\/types\/post"}],"author":[{"embeddable":true,"href":"https:\/\/fkzalgiris.lt\/api\/wp\/v2\/users\/4"}],"replies":[{"embeddable":true,"href":"https:\/\/fkzalgiris.lt\/api\/wp\/v2\/comments?post=14658"}],"version-history":[{"count":3,"href":"https:\/\/fkzalgiris.lt\/api\/wp\/v2\/posts\/14658\/revisions"}],"predecessor-version":[{"id":14664,"href":"https:\/\/fkzalgiris.lt\/api\/wp\/v2\/posts\/14658\/revisions\/14664"}],"wp:attachment":[{"href":"https:\/\/fkzalgiris.lt\/api\/wp\/v2\/media?parent=14658"}],"wp:term":[{"taxonomy":"category","embeddable":true,"href":"https:\/\/fkzalgiris.lt\/api\/wp\/v2\/categories?post=14658"}],"curies":[{"name":"wp","href":"https:\/\/api.w.org\/{rel}","templated":true}]}}