{"id":14592,"date":"2024-02-27T21:30:42","date_gmt":"2024-02-27T19:30:42","guid":{"rendered":"https:\/\/fkzalgiris.lt\/?p=14592"},"modified":"2024-02-29T17:18:32","modified_gmt":"2024-02-29T15:18:32","slug":"sutarta-su-saugu-is-nyderlandu","status":"publish","type":"post","link":"https:\/\/fkzalgiris.lt\/sutarta-su-saugu-is-nyderlandu\/","title":{"rendered":"Sutarta su saugu i\u0161 Nyderland\u0173"},"content":{"rendered":"<p>\u201e\u017dalgiris\u201c pasiek\u0117 susitarim\u0105 su legionieriumi i\u0161 Nyderland\u0173 &#8211; \u012e Vilni\u0173 atvyko saugas Leandro Fernande\u0161as da Cunha.<\/p>\n<p>24 met\u0173 \u017eaid\u0117jas yra atstovav\u0119s Nyderland\u0173 jaunimo rinktin\u0117ms, priklaus\u0119s Eindhoveno PSV ir Turino \u201eJuventus\u201c klubams, o pastaruosius pora sezon\u0173 rungtyniavo Norvegijoje.<\/p>\n<p>Angolos kilm\u0117s \u017eaid\u0119s gim\u0119 Nijmegene ir ten prad\u0117jo karjeros keli\u0105, o pirmuoju profesionaliu jo klubu tapo PSV. Karjeros prad\u017eioje futbolininkas buvo kvie\u010diamas \u012f \u012fvairaus am\u017eiaus oland\u0173 jaunimo rinktines &#8211; nuo U-16 iki U-18.<\/p>\n<p>I\u0161 Eindhoveno klubo perspektyv\u0173 \u017eaid\u0117j\u0105 perpirko Italijos grandas \u201eJuventus\u201c. Turino klubo gretose saugas rungtyniavo jaunimo komandose, tur\u0117jo galimyb\u0119 treniruotis su pagrindine ekipa, kurioje tuo metu buvo ir Cristiano Ronaldo. Vien\u0105 sezon\u0105 buvo skolinamas oland\u0173 \u010dempionate \u017eaidusiai Sitardo \u201eFortuna\u201c ekipai.<\/p>\n<p>2020 m. L. Fernande\u0161o kelias pasuko \u012f antr\u0105j\u012f Italijos divizion\u0105 \u201eSerie B\u201c ir \u201ePescara\u201c ekip\u0105, 2021 m. jis gr\u012f\u017eo \u012f Nyderlandus ir trumpai atstovavo \u201eZwolle\u201c ekipai.<\/p>\n<p>Pastaruosius du sezonus futbolininkas rungtyniavo Norvegijos pirmenyb\u0117se \u201eJerv\u201c klubo gretose.<\/p>\n<p>Atvyk\u0119s \u012f Vilni\u0173 L. Fernande\u0161as atliks medicinin\u0119 ap\u017ei\u016br\u0105 ir po jos gal\u0117s papildyti \u201e\u017dalgirio\u201c ekip\u0105.<\/p>\n<p>Tarpsezonyje prie \u201e\u017dalgirio\u201c anks\u010diau prisijung\u0117 septyni nauji \u017eaid\u0117jai &#8211; Giedrius Matulevi\u010dius, Joris Moutachy, Myroslavas Mazuras, Nemanja Mihajlovi\u010dius, Nikola Petkovi\u010dius, Younnas Zahary ir Arpadas Tordai.<\/p>\n","protected":false},"excerpt":{"rendered":"<p>\u201e\u017dalgiris\u201c pasiek\u0117 susitarim\u0105 su legionieriumi i\u0161 Nyderland\u0173 &#8211; \u012e Vilni\u0173 atvyko saugas Leandro Fernande\u0161as da Cunha. 24 met\u0173 \u017eaid\u0117jas yra atstovav\u0119s Nyderland\u0173 jaunimo rinktin\u0117ms, priklaus\u0119s\u2026<\/p>\n","protected":false},"author":4,"featured_media":0,"comment_status":"closed","ping_status":"closed","sticky":false,"template":"","format":"standard","meta":{"_acf_changed":false,"footnotes":""},"categories":[1],"class_list":["post-14592","post","type-post","status-publish","format-standard","hentry","category-be-kategorijos"],"acf":[],"yoast_head":"<!-- This site is optimized with the Yoast SEO plugin v26.8 - https:\/\/yoast.com\/product\/yoast-seo-wordpress\/ -->\n<title>Sutarta su saugu i\u0161 Nyderland\u0173 - FK \u017dalgiris<\/title>\n<meta name=\"robots\" content=\"index, follow, max-snippet:-1, max-image-preview:large, max-video-preview:-1\" \/>\n<link rel=\"canonical\" href=\"https:\/\/fkzalgiris.lt\/sutarta-su-saugu-is-nyderlandu\/\" \/>\n<meta property=\"og:locale\" content=\"lt_LT\" \/>\n<meta property=\"og:type\" content=\"article\" \/>\n<meta property=\"og:title\" content=\"Sutarta su saugu i\u0161 Nyderland\u0173 - FK \u017dalgiris\" \/>\n<meta property=\"og:description\" content=\"\u201e\u017dalgiris\u201c pasiek\u0117 susitarim\u0105 su legionieriumi i\u0161 Nyderland\u0173 &#8211; \u012e Vilni\u0173 atvyko saugas Leandro Fernande\u0161as da Cunha. 24 met\u0173 \u017eaid\u0117jas yra atstovav\u0119s Nyderland\u0173 jaunimo rinktin\u0117ms, priklaus\u0119s\u2026\" \/>\n<meta property=\"og:url\" content=\"https:\/\/fkzalgiris.lt\/sutarta-su-saugu-is-nyderlandu\/\" \/>\n<meta property=\"og:site_name\" content=\"FK \u017dalgiris\" \/>\n<meta property=\"article:publisher\" content=\"https:\/\/www.facebook.com\/fkzalgiris\/\" \/>\n<meta property=\"article:published_time\" content=\"2024-02-27T19:30:42+00:00\" \/>\n<meta property=\"article:modified_time\" content=\"2024-02-29T15:18:32+00:00\" \/>\n<meta property=\"og:image\" content=\"https:\/\/fkzalgiris.lt\/wp-content\/uploads\/2024\/02\/social-horiz_Zalgiris_logo_2024.png\" \/>\n\t<meta property=\"og:image:width\" content=\"3356\" \/>\n\t<meta property=\"og:image:height\" content=\"2259\" \/>\n\t<meta property=\"og:image:type\" content=\"image\/png\" \/>\n<meta name=\"author\" content=\"J\" \/>\n<meta name=\"twitter:card\" content=\"summary_large_image\" \/>\n<meta name=\"twitter:creator\" content=\"@fkzalgiris\" \/>\n<meta name=\"twitter:site\" content=\"@fkzalgiris\" \/>\n<meta name=\"twitter:label1\" content=\"Written by\" \/>\n\t<meta name=\"twitter:data1\" content=\"J\" \/>\n\t<meta name=\"twitter:label2\" content=\"Est. reading time\" \/>\n\t<meta name=\"twitter:data2\" content=\"1 minut\u0117\" \/>\n<script type=\"application\/ld+json\" class=\"yoast-schema-graph\">{\"@context\":\"https:\/\/schema.org\",\"@graph\":[{\"@type\":\"Article\",\"@id\":\"https:\/\/fkzalgiris.lt\/sutarta-su-saugu-is-nyderlandu\/#article\",\"isPartOf\":{\"@id\":\"https:\/\/fkzalgiris.lt\/sutarta-su-saugu-is-nyderlandu\/\"},\"author\":{\"name\":\"J\",\"@id\":\"https:\/\/fkzalgiris.lt\/#\/schema\/person\/8604babbba794a7d8767be324a3eaac8\"},\"headline\":\"Sutarta su saugu i\u0161 Nyderland\u0173\",\"datePublished\":\"2024-02-27T19:30:42+00:00\",\"dateModified\":\"2024-02-29T15:18:32+00:00\",\"mainEntityOfPage\":{\"@id\":\"https:\/\/fkzalgiris.lt\/sutarta-su-saugu-is-nyderlandu\/\"},\"wordCount\":208,\"publisher\":{\"@id\":\"https:\/\/fkzalgiris.lt\/#organization\"},\"inLanguage\":\"lt-LT\"},{\"@type\":\"WebPage\",\"@id\":\"https:\/\/fkzalgiris.lt\/sutarta-su-saugu-is-nyderlandu\/\",\"url\":\"https:\/\/fkzalgiris.lt\/sutarta-su-saugu-is-nyderlandu\/\",\"name\":\"Sutarta su saugu i\u0161 Nyderland\u0173 - FK \u017dalgiris\",\"isPartOf\":{\"@id\":\"https:\/\/fkzalgiris.lt\/#website\"},\"datePublished\":\"2024-02-27T19:30:42+00:00\",\"dateModified\":\"2024-02-29T15:18:32+00:00\",\"breadcrumb\":{\"@id\":\"https:\/\/fkzalgiris.lt\/sutarta-su-saugu-is-nyderlandu\/#breadcrumb\"},\"inLanguage\":\"lt-LT\",\"potentialAction\":[{\"@type\":\"ReadAction\",\"target\":[\"https:\/\/fkzalgiris.lt\/sutarta-su-saugu-is-nyderlandu\/\"]}]},{\"@type\":\"BreadcrumbList\",\"@id\":\"https:\/\/fkzalgiris.lt\/sutarta-su-saugu-is-nyderlandu\/#breadcrumb\",\"itemListElement\":[{\"@type\":\"ListItem\",\"position\":1,\"name\":\"Home\",\"item\":\"https:\/\/fkzalgiris.lt\/\"},{\"@type\":\"ListItem\",\"position\":2,\"name\":\"Sutarta su saugu i\u0161 Nyderland\u0173\"}]},{\"@type\":\"WebSite\",\"@id\":\"https:\/\/fkzalgiris.lt\/#website\",\"url\":\"https:\/\/fkzalgiris.lt\/\",\"name\":\"FK \u017dalgiris\",\"description\":\"oficiali Vilniaus \u201e\u017dalgirio\u201c futbolo klubo svetain\u0117\",\"publisher\":{\"@id\":\"https:\/\/fkzalgiris.lt\/#organization\"},\"potentialAction\":[{\"@type\":\"SearchAction\",\"target\":{\"@type\":\"EntryPoint\",\"urlTemplate\":\"https:\/\/fkzalgiris.lt\/?s={search_term_string}\"},\"query-input\":{\"@type\":\"PropertyValueSpecification\",\"valueRequired\":true,\"valueName\":\"search_term_string\"}}],\"inLanguage\":\"lt-LT\"},{\"@type\":\"Organization\",\"@id\":\"https:\/\/fkzalgiris.lt\/#organization\",\"name\":\"FK \u017dalgiris\",\"url\":\"https:\/\/fkzalgiris.lt\/\",\"logo\":{\"@type\":\"ImageObject\",\"inLanguage\":\"lt-LT\",\"@id\":\"https:\/\/fkzalgiris.lt\/#\/schema\/logo\/image\/\",\"url\":\"https:\/\/fkzalgiris.lt\/wp-content\/uploads\/2024\/01\/horiz-FK-Zalgiris-logo-2015.png\",\"contentUrl\":\"https:\/\/fkzalgiris.lt\/wp-content\/uploads\/2024\/01\/horiz-FK-Zalgiris-logo-2015.png\",\"width\":3073,\"height\":2048,\"caption\":\"FK \u017dalgiris\"},\"image\":{\"@id\":\"https:\/\/fkzalgiris.lt\/#\/schema\/logo\/image\/\"},\"sameAs\":[\"https:\/\/www.facebook.com\/fkzalgiris\/\",\"https:\/\/x.com\/fkzalgiris\",\"https:\/\/www.instagram.com\/fkzalgiris\/\",\"https:\/\/www.youtube.com\/channel\/UC1ag8JLxGirltMUoLlzfZLA\"]},{\"@type\":\"Person\",\"@id\":\"https:\/\/fkzalgiris.lt\/#\/schema\/person\/8604babbba794a7d8767be324a3eaac8\",\"name\":\"J\"}]}<\/script>\n<!-- \/ Yoast SEO plugin. -->","yoast_head_json":{"title":"Sutarta su saugu i\u0161 Nyderland\u0173 - FK \u017dalgiris","robots":{"index":"index","follow":"follow","max-snippet":"max-snippet:-1","max-image-preview":"max-image-preview:large","max-video-preview":"max-video-preview:-1"},"canonical":"https:\/\/fkzalgiris.lt\/sutarta-su-saugu-is-nyderlandu\/","og_locale":"lt_LT","og_type":"article","og_title":"Sutarta su saugu i\u0161 Nyderland\u0173 - FK \u017dalgiris","og_description":"\u201e\u017dalgiris\u201c pasiek\u0117 susitarim\u0105 su legionieriumi i\u0161 Nyderland\u0173 &#8211; \u012e Vilni\u0173 atvyko saugas Leandro Fernande\u0161as da Cunha. 24 met\u0173 \u017eaid\u0117jas yra atstovav\u0119s Nyderland\u0173 jaunimo rinktin\u0117ms, priklaus\u0119s\u2026","og_url":"https:\/\/fkzalgiris.lt\/sutarta-su-saugu-is-nyderlandu\/","og_site_name":"FK \u017dalgiris","article_publisher":"https:\/\/www.facebook.com\/fkzalgiris\/","article_published_time":"2024-02-27T19:30:42+00:00","article_modified_time":"2024-02-29T15:18:32+00:00","og_image":[{"width":3356,"height":2259,"url":"https:\/\/fkzalgiris.lt\/wp-content\/uploads\/2024\/02\/social-horiz_Zalgiris_logo_2024.png","type":"image\/png"}],"author":"J","twitter_card":"summary_large_image","twitter_creator":"@fkzalgiris","twitter_site":"@fkzalgiris","twitter_misc":{"Written by":"J","Est. reading time":"1 minut\u0117"},"schema":{"@context":"https:\/\/schema.org","@graph":[{"@type":"Article","@id":"https:\/\/fkzalgiris.lt\/sutarta-su-saugu-is-nyderlandu\/#article","isPartOf":{"@id":"https:\/\/fkzalgiris.lt\/sutarta-su-saugu-is-nyderlandu\/"},"author":{"name":"J","@id":"https:\/\/fkzalgiris.lt\/#\/schema\/person\/8604babbba794a7d8767be324a3eaac8"},"headline":"Sutarta su saugu i\u0161 Nyderland\u0173","datePublished":"2024-02-27T19:30:42+00:00","dateModified":"2024-02-29T15:18:32+00:00","mainEntityOfPage":{"@id":"https:\/\/fkzalgiris.lt\/sutarta-su-saugu-is-nyderlandu\/"},"wordCount":208,"publisher":{"@id":"https:\/\/fkzalgiris.lt\/#organization"},"inLanguage":"lt-LT"},{"@type":"WebPage","@id":"https:\/\/fkzalgiris.lt\/sutarta-su-saugu-is-nyderlandu\/","url":"https:\/\/fkzalgiris.lt\/sutarta-su-saugu-is-nyderlandu\/","name":"Sutarta su saugu i\u0161 Nyderland\u0173 - FK \u017dalgiris","isPartOf":{"@id":"https:\/\/fkzalgiris.lt\/#website"},"datePublished":"2024-02-27T19:30:42+00:00","dateModified":"2024-02-29T15:18:32+00:00","breadcrumb":{"@id":"https:\/\/fkzalgiris.lt\/sutarta-su-saugu-is-nyderlandu\/#breadcrumb"},"inLanguage":"lt-LT","potentialAction":[{"@type":"ReadAction","target":["https:\/\/fkzalgiris.lt\/sutarta-su-saugu-is-nyderlandu\/"]}]},{"@type":"BreadcrumbList","@id":"https:\/\/fkzalgiris.lt\/sutarta-su-saugu-is-nyderlandu\/#breadcrumb","itemListElement":[{"@type":"ListItem","position":1,"name":"Home","item":"https:\/\/fkzalgiris.lt\/"},{"@type":"ListItem","position":2,"name":"Sutarta su saugu i\u0161 Nyderland\u0173"}]},{"@type":"WebSite","@id":"https:\/\/fkzalgiris.lt\/#website","url":"https:\/\/fkzalgiris.lt\/","name":"FK \u017dalgiris","description":"oficiali Vilniaus \u201e\u017dalgirio\u201c futbolo klubo svetain\u0117","publisher":{"@id":"https:\/\/fkzalgiris.lt\/#organization"},"potentialAction":[{"@type":"SearchAction","target":{"@type":"EntryPoint","urlTemplate":"https:\/\/fkzalgiris.lt\/?s={search_term_string}"},"query-input":{"@type":"PropertyValueSpecification","valueRequired":true,"valueName":"search_term_string"}}],"inLanguage":"lt-LT"},{"@type":"Organization","@id":"https:\/\/fkzalgiris.lt\/#organization","name":"FK \u017dalgiris","url":"https:\/\/fkzalgiris.lt\/","logo":{"@type":"ImageObject","inLanguage":"lt-LT","@id":"https:\/\/fkzalgiris.lt\/#\/schema\/logo\/image\/","url":"https:\/\/fkzalgiris.lt\/wp-content\/uploads\/2024\/01\/horiz-FK-Zalgiris-logo-2015.png","contentUrl":"https:\/\/fkzalgiris.lt\/wp-content\/uploads\/2024\/01\/horiz-FK-Zalgiris-logo-2015.png","width":3073,"height":2048,"caption":"FK \u017dalgiris"},"image":{"@id":"https:\/\/fkzalgiris.lt\/#\/schema\/logo\/image\/"},"sameAs":["https:\/\/www.facebook.com\/fkzalgiris\/","https:\/\/x.com\/fkzalgiris","https:\/\/www.instagram.com\/fkzalgiris\/","https:\/\/www.youtube.com\/channel\/UC1ag8JLxGirltMUoLlzfZLA"]},{"@type":"Person","@id":"https:\/\/fkzalgiris.lt\/#\/schema\/person\/8604babbba794a7d8767be324a3eaac8","name":"J"}]}},"_links":{"self":[{"href":"https:\/\/fkzalgiris.lt\/api\/wp\/v2\/posts\/14592","targetHints":{"allow":["GET"]}}],"collection":[{"href":"https:\/\/fkzalgiris.lt\/api\/wp\/v2\/posts"}],"about":[{"href":"https:\/\/fkzalgiris.lt\/api\/wp\/v2\/types\/post"}],"author":[{"embeddable":true,"href":"https:\/\/fkzalgiris.lt\/api\/wp\/v2\/users\/4"}],"replies":[{"embeddable":true,"href":"https:\/\/fkzalgiris.lt\/api\/wp\/v2\/comments?post=14592"}],"version-history":[{"count":9,"href":"https:\/\/fkzalgiris.lt\/api\/wp\/v2\/posts\/14592\/revisions"}],"predecessor-version":[{"id":14647,"href":"https:\/\/fkzalgiris.lt\/api\/wp\/v2\/posts\/14592\/revisions\/14647"}],"wp:attachment":[{"href":"https:\/\/fkzalgiris.lt\/api\/wp\/v2\/media?parent=14592"}],"wp:term":[{"taxonomy":"category","embeddable":true,"href":"https:\/\/fkzalgiris.lt\/api\/wp\/v2\/categories?post=14592"}],"curies":[{"name":"wp","href":"https:\/\/api.w.org\/{rel}","templated":true}]}}