{"id":14576,"date":"2024-02-27T15:55:00","date_gmt":"2024-02-27T13:55:00","guid":{"rendered":"https:\/\/fkzalgiris.lt\/?p=14576"},"modified":"2024-10-09T19:12:18","modified_gmt":"2024-10-09T16:12:18","slug":"pries-sezona-naujoves-logotipe-ir-aprangose-bei-akcentas-akademijai","status":"publish","type":"post","link":"https:\/\/fkzalgiris.lt\/pries-sezona-naujoves-logotipe-ir-aprangose-bei-akcentas-akademijai\/","title":{"rendered":"Prie\u0161 sezon\u0105 &#8211; naujov\u0117s logotipe ir aprangose, d\u0117mesys akademijai"},"content":{"rendered":"<p>2024 met\u0173 sezon\u0105 \u201e\u017dalgiris\u201c pasitinka su pilna strukt\u016bra, atsinaujinusiu logotipu ir aprangomis bei nepasikeitusiais tikslais.<\/p>\n<p>Pirmadien\u012f\u00a0 vykusiame sezono pristatyme \u201e\u017dalgirio\u201c aistruoliai u\u017epild\u0117 \u201e<a href=\"https:\/\/apollokinas.lt\/\">Apollo Kino<\/a>\u201c sal\u0119, kurioje i\u0161 arti gal\u0117jo susipa\u017einti su komandos nariais, pirmieji su\u017einoti apie naujoves. Tarp j\u0173 \u2013 naujasis logotipas su \u017evaig\u017ede, kuri oficialiai skirta u\u017e 10 i\u0161kovot\u0173 \u010dempion\u0173 titul\u0173.<\/p>\n<p><img loading=\"lazy\" decoding=\"async\" class=\"alignnone wp-image-14580\" src=\"https:\/\/fkzalgiris.lt\/wp-content\/uploads\/2024\/02\/FK-Zalgiris-2024-767x1024.png\" alt=\"\" width=\"200\" height=\"267\" srcset=\"https:\/\/fkzalgiris.lt\/wp-content\/uploads\/2024\/02\/FK-Zalgiris-2024-767x1024.png 767w, https:\/\/fkzalgiris.lt\/wp-content\/uploads\/2024\/02\/FK-Zalgiris-2024-225x300.png 225w, https:\/\/fkzalgiris.lt\/wp-content\/uploads\/2024\/02\/FK-Zalgiris-2024-768x1026.png 768w, https:\/\/fkzalgiris.lt\/wp-content\/uploads\/2024\/02\/FK-Zalgiris-2024-1150x1536.png 1150w, https:\/\/fkzalgiris.lt\/wp-content\/uploads\/2024\/02\/FK-Zalgiris-2024-1534x2048.png 1534w, https:\/\/fkzalgiris.lt\/wp-content\/uploads\/2024\/02\/FK-Zalgiris-2024-75x100.png 75w, https:\/\/fkzalgiris.lt\/wp-content\/uploads\/2024\/02\/FK-Zalgiris-2024.png 1872w\" sizes=\"auto, (max-width: 200px) 100vw, 200px\" \/><\/p>\n<p>Taip pat pristatytos po keleri\u0173 met\u0173 pertraukos atnaujintos \u017eaidybin\u0117s komandos aprangos, planuojamos laisvalaikio atributikos pavyzd\u017eiai.<\/p>\n<p><img loading=\"lazy\" decoding=\"async\" class=\"alignnone wp-image-14584\" src=\"https:\/\/fkzalgiris.lt\/wp-content\/uploads\/2024\/02\/foto-Elvis-Zaldaris-2-1024x683.jpg\" alt=\"\" width=\"650\" height=\"434\" srcset=\"https:\/\/fkzalgiris.lt\/wp-content\/uploads\/2024\/02\/foto-Elvis-Zaldaris-2-1024x683.jpg 1024w, https:\/\/fkzalgiris.lt\/wp-content\/uploads\/2024\/02\/foto-Elvis-Zaldaris-2-300x200.jpg 300w, https:\/\/fkzalgiris.lt\/wp-content\/uploads\/2024\/02\/foto-Elvis-Zaldaris-2-768x512.jpg 768w, https:\/\/fkzalgiris.lt\/wp-content\/uploads\/2024\/02\/foto-Elvis-Zaldaris-2-1536x1025.jpg 1536w, https:\/\/fkzalgiris.lt\/wp-content\/uploads\/2024\/02\/foto-Elvis-Zaldaris-2-150x100.jpg 150w, https:\/\/fkzalgiris.lt\/wp-content\/uploads\/2024\/02\/foto-Elvis-Zaldaris-2-840x560.jpg 840w, https:\/\/fkzalgiris.lt\/wp-content\/uploads\/2024\/02\/foto-Elvis-Zaldaris-2-570x380.jpg 570w, https:\/\/fkzalgiris.lt\/wp-content\/uploads\/2024\/02\/foto-Elvis-Zaldaris-2-30x20.jpg 30w, https:\/\/fkzalgiris.lt\/wp-content\/uploads\/2024\/02\/foto-Elvis-Zaldaris-2.jpg 2048w\" sizes=\"auto, (max-width: 650px) 100vw, 650px\" \/><\/p>\n<p>Tradici\u0161kai vienu renginio akcent\u0173 tapo pokalbis su klubo vadov\u0117 Vilma Venslovaitiene, treneriu Vladimiru \u010ceburinu, kurie pasidalino savo mintimis prie\u0161 sezon\u0105, atsak\u0117 \u012f aistruoli\u0173 auditorijoje, tiesiogin\u0117s transliacijos \u017ei\u016brov\u0173 klausimus.<\/p>\n<p>Renginio dalyviai, tarp kuri\u0173 buvo nema\u017eai jaun\u0173j\u0173 akademijos aukl\u0117tini\u0173, taip pat tur\u0117jo galimybe i\u0161vysti \u201e\u017dalgirio\u201c \u017eaid\u0117jus, su kuriais po renginio \u017eaid\u0117 ir neformaliai bendravo \u201e<a href=\"https:\/\/lt.olearys.club\/\">O\u2018Learys<\/a>\u201c pramog\u0173 centre.<\/p>\n<p><strong>15 met\u0173 nuo atgimimo<br \/>\n<\/strong><br \/>\nPrie\u0161 penkiolika met\u0173, 2009 met\u0173 vasar\u012f, \u201e\u017dalgirio\u201c aistruoliai nebematydami vil\u010di\u0173 klubui i\u0161likti su tuometiniais savininkais, \u012fsteig\u0117 nauj\u0105 \u012fstaig\u0105. Sezon\u0105 pa\u017eaid\u0119s antrajame \u0161alies divizione, 2010 metais \u201e\u017dalgiris\u201c gr\u012f\u017eo \u012f auk\u0161\u010diausi\u0105j\u012f divizion\u0105 su nauja klubo vald\u017eia, tarp kuri\u0173 buvo ir dabartin\u0117 direktor\u0117 Vilma Venslovaitien\u0117.<\/p>\n<p>\u201eLegendinis klubo vardas \u012fpareigojo mus svajoti, dirbti Vilniui ir Lietuvai. Per paskutinius 10 sezon\u0173 klubas laim\u0117jo 7 \u010dempion\u0173 titulus. Tai yra vis\u0173 \u010dia buvusi\u0173 \u017eaid\u0117j\u0173, treneri\u0173, darbuotoj\u0173 nuopelnas. Tod\u0117l, kad klubas tai n\u0117ra vien tik treneris, direktorius ar komanda. Mes esame visi kartu, taip pat ir j\u016bs, \u010dia esantys. Tai \u012frodo, kad \u0161itas klubas brangus Vilniui. Tai k\u0105 dirbame tuos 15 met\u0173 nenu\u0117jo veltui \u2013 ple\u010diam\u0117s, did\u0117jame, esame labiausiai sekami\u201c, \u2013 kalb\u0117jo V. Venslovaitien\u0117.<\/p>\n<p><img loading=\"lazy\" decoding=\"async\" class=\"alignnone wp-image-14578\" src=\"https:\/\/fkzalgiris.lt\/wp-content\/uploads\/2024\/02\/foto-Elvis-Zaldaris-6-1024x683.jpg\" alt=\"\" width=\"650\" height=\"433\" srcset=\"https:\/\/fkzalgiris.lt\/wp-content\/uploads\/2024\/02\/foto-Elvis-Zaldaris-6-1024x683.jpg 1024w, https:\/\/fkzalgiris.lt\/wp-content\/uploads\/2024\/02\/foto-Elvis-Zaldaris-6-300x200.jpg 300w, https:\/\/fkzalgiris.lt\/wp-content\/uploads\/2024\/02\/foto-Elvis-Zaldaris-6-768x512.jpg 768w, https:\/\/fkzalgiris.lt\/wp-content\/uploads\/2024\/02\/foto-Elvis-Zaldaris-6-1536x1024.jpg 1536w, https:\/\/fkzalgiris.lt\/wp-content\/uploads\/2024\/02\/foto-Elvis-Zaldaris-6-150x100.jpg 150w, https:\/\/fkzalgiris.lt\/wp-content\/uploads\/2024\/02\/foto-Elvis-Zaldaris-6-840x560.jpg 840w, https:\/\/fkzalgiris.lt\/wp-content\/uploads\/2024\/02\/foto-Elvis-Zaldaris-6-570x380.jpg 570w, https:\/\/fkzalgiris.lt\/wp-content\/uploads\/2024\/02\/foto-Elvis-Zaldaris-6-30x20.jpg 30w, https:\/\/fkzalgiris.lt\/wp-content\/uploads\/2024\/02\/foto-Elvis-Zaldaris-6.jpg 2048w\" sizes=\"auto, (max-width: 650px) 100vw, 650px\" \/><\/p>\n<p><strong>Akademija<br \/>\n<\/strong><br \/>\nIlg\u0105 laik\u0105 \u201e\u017dalgiris\u201c buvo susij\u0119s su \u201e\u017dalgirie\u010dio\u201c akademija kaip dalininkas, ta\u010diau pilnu jos savininku pavyko tapti pra\u0117jusi\u0173 met\u0173 ruden\u012f. Akademija tapo klubo strukt\u016bros dalimi ir vadinsis Futbolo klubo \u201e\u017dalgiris\u201c akademija.<\/p>\n<p>\u201eLabai d\u017eiaugiam\u0117s, kad turime akademij\u0105. Turime krypt\u012f, pozicij\u0105 ir strategij\u0105 \u2013 auginsime ir integruosime \u012f vyru futbol\u0105 vaikus i\u0161 akademijos. Tod\u0117l, kad jiems \u0161itas miestas svarbus, jie u\u017eaugo \u0161ito akademij\u0105. Jie myli \u201e\u017dalgirio\u201c klub\u0105, jiems svarbios \u0161itos spalvos. Ir a\u0161 neabejoju, kad jie j\u012f gerbs, myl\u0117s ir puosel\u0117s savo vaikams, nes jis yra vilnie\u010di\u0173\u201c, \u2013 teig\u0117 V. Venslovaitien\u0117.<\/p>\n<p>Pasak jos, pastaruosius kelis m\u0117nesius buvo skirta daug laiko i\u0161 ar\u010diau susipa\u017einti su akademijos t\u0117v\u0173 ir vaik\u0173 bendruomene prisistatyti.<\/p>\n<p>\u201e\u017dalgirio\u201c treneris Vladimiras \u010ceburinas teig\u0117, kad pasiruo\u0161imas naujam sezonui prasid\u0117jo jau lapkri\u010dio pabaigoje ir b\u016btent nuo akademijos.<\/p>\n<p>\u201eSteb\u0117jome vyresni\u0173 am\u017eiaus grupes, su treneriais vertinome ir atrinkome \u017eaid\u0117jus papildyti pirmos komandos treniruo\u010di\u0173 proces\u0105. Su jais j\u0173 praleidome \u0161iek tiek laiko, galb\u016bt ne tiek daug kiek nor\u0117t\u0173si, bet padirb\u0117jome. Mums svarbu, kad \u017eaid\u0117jai nepamir\u0161t\u0173 moksl\u0173 ir lavint\u0173si, nes \u017einios ir intelektas taip pat lemia labai daug. Kai kurie jau rodo ger\u0105 lyg\u012f, yra su mumis. \u017dinoma, \u201e\u017dalgiris\u201c turi auk\u0161\u010diausius tikslus, tad prasimu\u0161ti pirm\u0105j\u0105 komand\u0105 yra labai sud\u0117tinga, ta\u010diau tai yra tikras \u017eaid\u0117jo kelias. Buvo \u017eaid\u0117j\u0173 kurie su\u017eib\u0117davo, bet v\u0117liau pasimesdavo, visko pasitaiko. Bet svarbiausia kad turime akademij\u0105 savo strukt\u016broje\u201c, \u2013 sak\u0117 treneris.<\/p>\n<p><strong>Tikslai ir komplektacija<br \/>\n<\/strong><br \/>\nPaklausta apie komandos tikslus, klubo vadov\u0117 atsak\u0117, jog tikslai nesikei\u010dia \u2013 siekiama b\u016bti geriausiais. Kalb\u0117dama apie komandos komplektacij\u0105, V. Venslovaitien\u0117 pa\u017eym\u0117jo, jog \u0161\u012f tarpsezon\u012f renkantis \u017eaid\u0117jus didel\u012f d\u0117mes\u012f kreip\u0117 \u012f motyvacij\u0105 ir rekomendacijas.<\/p>\n<p>\u201eVis\u0173 pirma pild\u0117me pozicijas, kuri\u0173 kontraktai pasibaig\u0117 arba su kuriais atsisveikinome. Antras dalykas \u2013 ie\u0161kojome \u017eaid\u0117j\u0173 su gera mokykla ir asmenybi\u0173, su vertybi\u0173 sistema. Labai svarbus aspektas buvo motyvacija, \u2013 kalb\u0117jo V. Venslovaitien\u0117 \u2013 Per\u017ei\u016br\u0117ta vir\u0161 dviej\u0173 t\u016bkstan\u010di\u0173, kalb\u0117ta su daugiau nei \u0161imtu. Daug atsisak\u0117me, nes nebuvo rekomendacij\u0173. Tai ilgai u\u017etruko. Rekomendacij\u0173 ie\u0161kojau tarp pa\u017e\u012fstam\u0173 buvusi\u0173 \u017eaid\u0117j\u0173, treneri\u0173, klub\u0173 savinink\u0173. Nepaisant to, dar\u0117me klaidas. Bet normalu yra daryti klaidas, blogiau j\u0173 netaisyti.<\/p>\n<p>Po pra\u0117jusio sezono komandoje nebeliko nema\u017eos dalies \u017eaid\u0117j\u0173. Pasak trenerio, komandos planai d\u0117l to nesikei\u010dia, o renkantis naujokus svarbiausia buvo kokyb\u0117.<br \/>\n\u201eTurime nauj\u0105 kapiton\u0105, naujus vicekapitonus. At\u0117jo nauj\u0173 \u017eaid\u0117j\u0173, dar bus kit\u0173 nauj\u0173. Pasikeitim\u0173 komandoje daug, bet klubo vizija nesikei\u010dia \u2013 turime siekti pergal\u0117s kiekvienose rungtyn\u0117se. Turime esamus \u017eaid\u0117jus suburti su naujais ir eiti \u012f priek\u012f. Tie kurie yra komandoje, verti \u010dia b\u016bti. Taip pat ir kalbant apie tuos, kurie v\u0117liau atvyks. Galb\u016bt tai rizikinga v\u0117lai pildytis \u017eaid\u0117jais, bet atsi\u017evelgiame \u012f praeities klaidas, mes norime kokyb\u0117s.\u201c<\/p>\n<p><img loading=\"lazy\" decoding=\"async\" class=\"alignnone wp-image-14582\" src=\"https:\/\/fkzalgiris.lt\/wp-content\/uploads\/2024\/02\/foto-Elvis-Zaldaris-91-1024x683.jpg\" alt=\"\" width=\"650\" height=\"433\" srcset=\"https:\/\/fkzalgiris.lt\/wp-content\/uploads\/2024\/02\/foto-Elvis-Zaldaris-91-1024x683.jpg 1024w, https:\/\/fkzalgiris.lt\/wp-content\/uploads\/2024\/02\/foto-Elvis-Zaldaris-91-300x200.jpg 300w, https:\/\/fkzalgiris.lt\/wp-content\/uploads\/2024\/02\/foto-Elvis-Zaldaris-91-768x512.jpg 768w, https:\/\/fkzalgiris.lt\/wp-content\/uploads\/2024\/02\/foto-Elvis-Zaldaris-91-1536x1024.jpg 1536w, https:\/\/fkzalgiris.lt\/wp-content\/uploads\/2024\/02\/foto-Elvis-Zaldaris-91-150x100.jpg 150w, https:\/\/fkzalgiris.lt\/wp-content\/uploads\/2024\/02\/foto-Elvis-Zaldaris-91-840x560.jpg 840w, https:\/\/fkzalgiris.lt\/wp-content\/uploads\/2024\/02\/foto-Elvis-Zaldaris-91-570x380.jpg 570w, https:\/\/fkzalgiris.lt\/wp-content\/uploads\/2024\/02\/foto-Elvis-Zaldaris-91-30x20.jpg 30w, https:\/\/fkzalgiris.lt\/wp-content\/uploads\/2024\/02\/foto-Elvis-Zaldaris-91.jpg 2048w\" sizes=\"auto, (max-width: 650px) 100vw, 650px\" \/><\/p>\n<p><strong>Biud\u017eetas<br \/>\n<\/strong><br \/>\n\u201e\u017dalgirio\u201c vadov\u0117 V. Venslovaitien\u0117 taip pat ap\u017evelg\u0117 klubo finansus \u2013 pra\u0117jusi\u0173 met\u0173 pajamas ir i\u0161laidas bei numatom\u0105 klubo biud\u017eet\u0105.<\/p>\n<p>Numatomos klubo biud\u017eetas \u0161iems metams \u2013 apie 3,3 mln. eur\u0173. Jis gal\u0117t\u0173 did\u0117ti komandai s\u0117kmingai pasirod\u017eius UEFA turnyruose.<\/p>\n<p>Savivaldyb\u0117s ind\u0117lis, kaip jau \u012fprasta, sudaro 1 mln. eur\u0173, t.y. apie 31 proc. viso biud\u017eeto. Ta\u010diau i\u0161 j\u0173 dalis gr\u012f\u017eta \u012f valstyb\u0117s biud\u017eet\u0105 \u2013 2023 metais \u201e\u017dalgiris\u201c sumok\u0117jo 320 t\u016bkst. eur\u0173 socialinio draudimo \u012fmok\u0173 ir GPM u\u017e \u017eaid\u0117j\u0173 kontraktus.<\/p>\n<p>\u201ePirmiausia reikia pasid\u017eiaugti tuo, kad nepaisant to, kad netapome \u010dempionais. Pavyko biud\u017eet\u0105 subalansuoti, pra\u0117jusi\u0173 met\u0173 finansinis rezultatas n\u0117ra minusas. Dabar yra likusi tik viena vienintel\u0117 skola dalininkui, bet su jo turime susitarim\u0105. Tod\u0117l galime pl\u0117totis, vystytis toliau. Pra\u0117jusiais metais su burtais Europoje nepasisek\u0117, ta\u010diau u\u017edirbome i\u0161 televizijos transliacij\u0173. D\u0117l to buvome paj\u0117gus \u012fsigyti akademij\u0105, kurie i\u0161ties labai brangi, \u2013 kalb\u0117jo V. Venslovaitien\u0117 \u2013 Kita vertus, i\u0161laid\u0173 taip pat buvo nema\u017eai, nes kiekviena kelion\u0117 Europoje tikrai brangi. D\u0117kojame r\u0117m\u0117jams, miesto savivaldybei u\u017e ilgalaik\u0119 param\u0105, kuri gyvybi\u0161kai b\u016btina.\u201c<\/p>\n<p><a href=\"https:\/\/fkzalgiris.lt\/wp-content\/uploads\/2024\/02\/Finansine-apzvalga-2024-02-26.pdf\">Finansin\u0117s informacijos ap\u017evalga<\/a><\/p>\n<p><img loading=\"lazy\" decoding=\"async\" class=\"alignnone wp-image-14581\" src=\"https:\/\/fkzalgiris.lt\/wp-content\/uploads\/2024\/02\/foto-Elvis-Zaldaris-84-1024x683.jpg\" alt=\"\" width=\"650\" height=\"433\" srcset=\"https:\/\/fkzalgiris.lt\/wp-content\/uploads\/2024\/02\/foto-Elvis-Zaldaris-84-1024x683.jpg 1024w, https:\/\/fkzalgiris.lt\/wp-content\/uploads\/2024\/02\/foto-Elvis-Zaldaris-84-300x200.jpg 300w, https:\/\/fkzalgiris.lt\/wp-content\/uploads\/2024\/02\/foto-Elvis-Zaldaris-84-768x512.jpg 768w, https:\/\/fkzalgiris.lt\/wp-content\/uploads\/2024\/02\/foto-Elvis-Zaldaris-84-1536x1024.jpg 1536w, https:\/\/fkzalgiris.lt\/wp-content\/uploads\/2024\/02\/foto-Elvis-Zaldaris-84-150x100.jpg 150w, https:\/\/fkzalgiris.lt\/wp-content\/uploads\/2024\/02\/foto-Elvis-Zaldaris-84-840x560.jpg 840w, https:\/\/fkzalgiris.lt\/wp-content\/uploads\/2024\/02\/foto-Elvis-Zaldaris-84-570x380.jpg 570w, https:\/\/fkzalgiris.lt\/wp-content\/uploads\/2024\/02\/foto-Elvis-Zaldaris-84-30x20.jpg 30w, https:\/\/fkzalgiris.lt\/wp-content\/uploads\/2024\/02\/foto-Elvis-Zaldaris-84.jpg 2048w\" sizes=\"auto, (max-width: 650px) 100vw, 650px\" \/><\/p>\n<p><strong>Stadionas<br \/>\n<\/strong><br \/>\nPaklausta apie daugiafunkcio komplekso projekt\u0105, klubo vadov\u0117 vyl\u0117si, jog jis bus \u012fgyvendintas, nes komplekse yra ne tik futbolui pritaikytas stadionas, kuris gal\u0117t\u0173 tapti \u201e\u017dalgirio\u201c namais, bet ir numatyta papildoma infrastrukt\u016bra \u2013 trys aik\u0161t\u0117s treniruot\u0117ms.<\/p>\n<p>\u201eStadionas, mano po\u017ei\u016briu, gal\u0117t\u0173 b\u016bti dar didesnis, bet gerai, kad jis bus padidintas bent nuo 15 t\u016bkstan\u010di\u0173 viet\u0173 iki 18 t\u016bkstan\u010di\u0173. Tiek viet\u0173 yra minimumas, kuris yra reikalingas, nes stadionas yra nacionalinis, o Vilnius yra sostin\u0117, aplink kuri\u0105 gyvena netoli milijono \u017emoni\u0173. Tod\u0117l toks stadionas yra reikalingas, o vieta yra gera. Kalbant apie kit\u0105 infrastrukt\u016br\u0105, tur\u0117ti bent dvi papildomas treniruo\u010di\u0173 aik\u0161tes prie stadiono yra kritinis minimumas. D\u0117l papildomos infrastrukt\u016bros \u2013 normali praktika \u0161alia sporto statinio statyti ir kitus dalykus, nes tada tas objektas atgyja, gyvena ir generuoja pinigus.\u201c<\/p>\n<p>Renginio metu klubo vadov\u0117 ir treneris taip pat atsak\u0117 \u012f kitus \u017ei\u016brov\u0173 ir renginio dalyvi\u0173 klausimus.<\/p>\n<p>\u201e\u017dalgiris\u201c sezon\u0105 prad\u0117s sekmadien\u012f rungtyn\u0117mis prie\u0161 \u201eDainav\u0105\u201c sve\u010diuose, o pirmosios nam\u0173 rungtyn\u0117s numatytos kovo 10 dien\u0105 prie\u0161 \u201eS\u016bduv\u0105\u201c.<\/p>\n","protected":false},"excerpt":{"rendered":"<p>2024 met\u0173 sezon\u0105 \u201e\u017dalgiris\u201c pasitinka su pilna strukt\u016bra, atsinaujinusiu logotipu ir aprangomis bei nepasikeitusiais tikslais. Pirmadien\u012f\u00a0 vykusiame sezono pristatyme \u201e\u017dalgirio\u201c aistruoliai u\u017epild\u0117 \u201eApollo Kino\u201c sal\u0119,\u2026<\/p>\n","protected":false},"author":4,"featured_media":0,"comment_status":"closed","ping_status":"closed","sticky":false,"template":"","format":"standard","meta":{"_acf_changed":false,"footnotes":""},"categories":[87],"class_list":["post-14576","post","type-post","status-publish","format-standard","hentry","category-zalgiris"],"acf":[],"yoast_head":"<!-- This site is optimized with the Yoast SEO plugin v26.8 - https:\/\/yoast.com\/product\/yoast-seo-wordpress\/ -->\n<title>Prie\u0161 sezon\u0105 - naujov\u0117s logotipe ir aprangose, d\u0117mesys akademijai - FK \u017dalgiris<\/title>\n<meta name=\"robots\" content=\"index, follow, max-snippet:-1, max-image-preview:large, max-video-preview:-1\" \/>\n<link rel=\"canonical\" href=\"https:\/\/fkzalgiris.lt\/pries-sezona-naujoves-logotipe-ir-aprangose-bei-akcentas-akademijai\/\" \/>\n<meta property=\"og:locale\" content=\"lt_LT\" \/>\n<meta property=\"og:type\" content=\"article\" \/>\n<meta property=\"og:title\" content=\"Prie\u0161 sezon\u0105 - naujov\u0117s logotipe ir aprangose, d\u0117mesys akademijai - FK \u017dalgiris\" \/>\n<meta property=\"og:description\" content=\"2024 met\u0173 sezon\u0105 \u201e\u017dalgiris\u201c pasitinka su pilna strukt\u016bra, atsinaujinusiu logotipu ir aprangomis bei nepasikeitusiais tikslais. Pirmadien\u012f\u00a0 vykusiame sezono pristatyme \u201e\u017dalgirio\u201c aistruoliai u\u017epild\u0117 \u201eApollo Kino\u201c sal\u0119,\u2026\" \/>\n<meta property=\"og:url\" content=\"https:\/\/fkzalgiris.lt\/pries-sezona-naujoves-logotipe-ir-aprangose-bei-akcentas-akademijai\/\" \/>\n<meta property=\"og:site_name\" content=\"FK \u017dalgiris\" \/>\n<meta property=\"article:publisher\" content=\"https:\/\/www.facebook.com\/fkzalgiris\/\" \/>\n<meta property=\"article:published_time\" content=\"2024-02-27T13:55:00+00:00\" \/>\n<meta property=\"article:modified_time\" content=\"2024-10-09T16:12:18+00:00\" \/>\n<meta property=\"og:image\" content=\"https:\/\/fkzalgiris.lt\/wp-content\/uploads\/2024\/02\/foto-Elvis-Zaldaris-97.jpg\" \/>\n\t<meta property=\"og:image:width\" content=\"2048\" \/>\n\t<meta property=\"og:image:height\" content=\"1365\" \/>\n\t<meta property=\"og:image:type\" content=\"image\/jpeg\" \/>\n<meta name=\"author\" content=\"J\" \/>\n<meta name=\"twitter:card\" content=\"summary_large_image\" \/>\n<meta name=\"twitter:creator\" content=\"@fkzalgiris\" \/>\n<meta name=\"twitter:site\" content=\"@fkzalgiris\" \/>\n<meta name=\"twitter:label1\" content=\"Written by\" \/>\n\t<meta name=\"twitter:data1\" content=\"J\" \/>\n\t<meta name=\"twitter:label2\" content=\"Est. reading time\" \/>\n\t<meta name=\"twitter:data2\" content=\"7 minut\u0117s\" \/>\n<script type=\"application\/ld+json\" class=\"yoast-schema-graph\">{\"@context\":\"https:\/\/schema.org\",\"@graph\":[{\"@type\":\"Article\",\"@id\":\"https:\/\/fkzalgiris.lt\/pries-sezona-naujoves-logotipe-ir-aprangose-bei-akcentas-akademijai\/#article\",\"isPartOf\":{\"@id\":\"https:\/\/fkzalgiris.lt\/pries-sezona-naujoves-logotipe-ir-aprangose-bei-akcentas-akademijai\/\"},\"author\":{\"name\":\"J\",\"@id\":\"https:\/\/fkzalgiris.lt\/#\/schema\/person\/8604babbba794a7d8767be324a3eaac8\"},\"headline\":\"Prie\u0161 sezon\u0105 &#8211; naujov\u0117s logotipe ir aprangose, d\u0117mesys akademijai\",\"datePublished\":\"2024-02-27T13:55:00+00:00\",\"dateModified\":\"2024-10-09T16:12:18+00:00\",\"mainEntityOfPage\":{\"@id\":\"https:\/\/fkzalgiris.lt\/pries-sezona-naujoves-logotipe-ir-aprangose-bei-akcentas-akademijai\/\"},\"wordCount\":1135,\"publisher\":{\"@id\":\"https:\/\/fkzalgiris.lt\/#organization\"},\"image\":{\"@id\":\"https:\/\/fkzalgiris.lt\/pries-sezona-naujoves-logotipe-ir-aprangose-bei-akcentas-akademijai\/#primaryimage\"},\"thumbnailUrl\":\"https:\/\/fkzalgiris.lt\/wp-content\/uploads\/2024\/02\/FK-Zalgiris-2024-767x1024.png\",\"articleSection\":[\"\u017dalgiris\"],\"inLanguage\":\"lt-LT\"},{\"@type\":\"WebPage\",\"@id\":\"https:\/\/fkzalgiris.lt\/pries-sezona-naujoves-logotipe-ir-aprangose-bei-akcentas-akademijai\/\",\"url\":\"https:\/\/fkzalgiris.lt\/pries-sezona-naujoves-logotipe-ir-aprangose-bei-akcentas-akademijai\/\",\"name\":\"Prie\u0161 sezon\u0105 - naujov\u0117s logotipe ir aprangose, d\u0117mesys akademijai - FK \u017dalgiris\",\"isPartOf\":{\"@id\":\"https:\/\/fkzalgiris.lt\/#website\"},\"primaryImageOfPage\":{\"@id\":\"https:\/\/fkzalgiris.lt\/pries-sezona-naujoves-logotipe-ir-aprangose-bei-akcentas-akademijai\/#primaryimage\"},\"image\":{\"@id\":\"https:\/\/fkzalgiris.lt\/pries-sezona-naujoves-logotipe-ir-aprangose-bei-akcentas-akademijai\/#primaryimage\"},\"thumbnailUrl\":\"https:\/\/fkzalgiris.lt\/wp-content\/uploads\/2024\/02\/FK-Zalgiris-2024-767x1024.png\",\"datePublished\":\"2024-02-27T13:55:00+00:00\",\"dateModified\":\"2024-10-09T16:12:18+00:00\",\"breadcrumb\":{\"@id\":\"https:\/\/fkzalgiris.lt\/pries-sezona-naujoves-logotipe-ir-aprangose-bei-akcentas-akademijai\/#breadcrumb\"},\"inLanguage\":\"lt-LT\",\"potentialAction\":[{\"@type\":\"ReadAction\",\"target\":[\"https:\/\/fkzalgiris.lt\/pries-sezona-naujoves-logotipe-ir-aprangose-bei-akcentas-akademijai\/\"]}]},{\"@type\":\"ImageObject\",\"inLanguage\":\"lt-LT\",\"@id\":\"https:\/\/fkzalgiris.lt\/pries-sezona-naujoves-logotipe-ir-aprangose-bei-akcentas-akademijai\/#primaryimage\",\"url\":\"https:\/\/fkzalgiris.lt\/wp-content\/uploads\/2024\/02\/FK-Zalgiris-2024.png\",\"contentUrl\":\"https:\/\/fkzalgiris.lt\/wp-content\/uploads\/2024\/02\/FK-Zalgiris-2024.png\",\"width\":1872,\"height\":2500},{\"@type\":\"BreadcrumbList\",\"@id\":\"https:\/\/fkzalgiris.lt\/pries-sezona-naujoves-logotipe-ir-aprangose-bei-akcentas-akademijai\/#breadcrumb\",\"itemListElement\":[{\"@type\":\"ListItem\",\"position\":1,\"name\":\"Home\",\"item\":\"https:\/\/fkzalgiris.lt\/\"},{\"@type\":\"ListItem\",\"position\":2,\"name\":\"Prie\u0161 sezon\u0105 &#8211; naujov\u0117s logotipe ir aprangose, d\u0117mesys akademijai\"}]},{\"@type\":\"WebSite\",\"@id\":\"https:\/\/fkzalgiris.lt\/#website\",\"url\":\"https:\/\/fkzalgiris.lt\/\",\"name\":\"FK \u017dalgiris\",\"description\":\"oficiali Vilniaus \u201e\u017dalgirio\u201c futbolo klubo svetain\u0117\",\"publisher\":{\"@id\":\"https:\/\/fkzalgiris.lt\/#organization\"},\"potentialAction\":[{\"@type\":\"SearchAction\",\"target\":{\"@type\":\"EntryPoint\",\"urlTemplate\":\"https:\/\/fkzalgiris.lt\/?s={search_term_string}\"},\"query-input\":{\"@type\":\"PropertyValueSpecification\",\"valueRequired\":true,\"valueName\":\"search_term_string\"}}],\"inLanguage\":\"lt-LT\"},{\"@type\":\"Organization\",\"@id\":\"https:\/\/fkzalgiris.lt\/#organization\",\"name\":\"FK \u017dalgiris\",\"url\":\"https:\/\/fkzalgiris.lt\/\",\"logo\":{\"@type\":\"ImageObject\",\"inLanguage\":\"lt-LT\",\"@id\":\"https:\/\/fkzalgiris.lt\/#\/schema\/logo\/image\/\",\"url\":\"https:\/\/fkzalgiris.lt\/wp-content\/uploads\/2024\/01\/horiz-FK-Zalgiris-logo-2015.png\",\"contentUrl\":\"https:\/\/fkzalgiris.lt\/wp-content\/uploads\/2024\/01\/horiz-FK-Zalgiris-logo-2015.png\",\"width\":3073,\"height\":2048,\"caption\":\"FK \u017dalgiris\"},\"image\":{\"@id\":\"https:\/\/fkzalgiris.lt\/#\/schema\/logo\/image\/\"},\"sameAs\":[\"https:\/\/www.facebook.com\/fkzalgiris\/\",\"https:\/\/x.com\/fkzalgiris\",\"https:\/\/www.instagram.com\/fkzalgiris\/\",\"https:\/\/www.youtube.com\/channel\/UC1ag8JLxGirltMUoLlzfZLA\"]},{\"@type\":\"Person\",\"@id\":\"https:\/\/fkzalgiris.lt\/#\/schema\/person\/8604babbba794a7d8767be324a3eaac8\",\"name\":\"J\"}]}<\/script>\n<!-- \/ Yoast SEO plugin. -->","yoast_head_json":{"title":"Prie\u0161 sezon\u0105 - naujov\u0117s logotipe ir aprangose, d\u0117mesys akademijai - FK \u017dalgiris","robots":{"index":"index","follow":"follow","max-snippet":"max-snippet:-1","max-image-preview":"max-image-preview:large","max-video-preview":"max-video-preview:-1"},"canonical":"https:\/\/fkzalgiris.lt\/pries-sezona-naujoves-logotipe-ir-aprangose-bei-akcentas-akademijai\/","og_locale":"lt_LT","og_type":"article","og_title":"Prie\u0161 sezon\u0105 - naujov\u0117s logotipe ir aprangose, d\u0117mesys akademijai - FK \u017dalgiris","og_description":"2024 met\u0173 sezon\u0105 \u201e\u017dalgiris\u201c pasitinka su pilna strukt\u016bra, atsinaujinusiu logotipu ir aprangomis bei nepasikeitusiais tikslais. Pirmadien\u012f\u00a0 vykusiame sezono pristatyme \u201e\u017dalgirio\u201c aistruoliai u\u017epild\u0117 \u201eApollo Kino\u201c sal\u0119,\u2026","og_url":"https:\/\/fkzalgiris.lt\/pries-sezona-naujoves-logotipe-ir-aprangose-bei-akcentas-akademijai\/","og_site_name":"FK \u017dalgiris","article_publisher":"https:\/\/www.facebook.com\/fkzalgiris\/","article_published_time":"2024-02-27T13:55:00+00:00","article_modified_time":"2024-10-09T16:12:18+00:00","og_image":[{"width":2048,"height":1365,"url":"https:\/\/fkzalgiris.lt\/wp-content\/uploads\/2024\/02\/foto-Elvis-Zaldaris-97.jpg","type":"image\/jpeg"}],"author":"J","twitter_card":"summary_large_image","twitter_creator":"@fkzalgiris","twitter_site":"@fkzalgiris","twitter_misc":{"Written by":"J","Est. reading time":"7 minut\u0117s"},"schema":{"@context":"https:\/\/schema.org","@graph":[{"@type":"Article","@id":"https:\/\/fkzalgiris.lt\/pries-sezona-naujoves-logotipe-ir-aprangose-bei-akcentas-akademijai\/#article","isPartOf":{"@id":"https:\/\/fkzalgiris.lt\/pries-sezona-naujoves-logotipe-ir-aprangose-bei-akcentas-akademijai\/"},"author":{"name":"J","@id":"https:\/\/fkzalgiris.lt\/#\/schema\/person\/8604babbba794a7d8767be324a3eaac8"},"headline":"Prie\u0161 sezon\u0105 &#8211; naujov\u0117s logotipe ir aprangose, d\u0117mesys akademijai","datePublished":"2024-02-27T13:55:00+00:00","dateModified":"2024-10-09T16:12:18+00:00","mainEntityOfPage":{"@id":"https:\/\/fkzalgiris.lt\/pries-sezona-naujoves-logotipe-ir-aprangose-bei-akcentas-akademijai\/"},"wordCount":1135,"publisher":{"@id":"https:\/\/fkzalgiris.lt\/#organization"},"image":{"@id":"https:\/\/fkzalgiris.lt\/pries-sezona-naujoves-logotipe-ir-aprangose-bei-akcentas-akademijai\/#primaryimage"},"thumbnailUrl":"https:\/\/fkzalgiris.lt\/wp-content\/uploads\/2024\/02\/FK-Zalgiris-2024-767x1024.png","articleSection":["\u017dalgiris"],"inLanguage":"lt-LT"},{"@type":"WebPage","@id":"https:\/\/fkzalgiris.lt\/pries-sezona-naujoves-logotipe-ir-aprangose-bei-akcentas-akademijai\/","url":"https:\/\/fkzalgiris.lt\/pries-sezona-naujoves-logotipe-ir-aprangose-bei-akcentas-akademijai\/","name":"Prie\u0161 sezon\u0105 - naujov\u0117s logotipe ir aprangose, d\u0117mesys akademijai - FK \u017dalgiris","isPartOf":{"@id":"https:\/\/fkzalgiris.lt\/#website"},"primaryImageOfPage":{"@id":"https:\/\/fkzalgiris.lt\/pries-sezona-naujoves-logotipe-ir-aprangose-bei-akcentas-akademijai\/#primaryimage"},"image":{"@id":"https:\/\/fkzalgiris.lt\/pries-sezona-naujoves-logotipe-ir-aprangose-bei-akcentas-akademijai\/#primaryimage"},"thumbnailUrl":"https:\/\/fkzalgiris.lt\/wp-content\/uploads\/2024\/02\/FK-Zalgiris-2024-767x1024.png","datePublished":"2024-02-27T13:55:00+00:00","dateModified":"2024-10-09T16:12:18+00:00","breadcrumb":{"@id":"https:\/\/fkzalgiris.lt\/pries-sezona-naujoves-logotipe-ir-aprangose-bei-akcentas-akademijai\/#breadcrumb"},"inLanguage":"lt-LT","potentialAction":[{"@type":"ReadAction","target":["https:\/\/fkzalgiris.lt\/pries-sezona-naujoves-logotipe-ir-aprangose-bei-akcentas-akademijai\/"]}]},{"@type":"ImageObject","inLanguage":"lt-LT","@id":"https:\/\/fkzalgiris.lt\/pries-sezona-naujoves-logotipe-ir-aprangose-bei-akcentas-akademijai\/#primaryimage","url":"https:\/\/fkzalgiris.lt\/wp-content\/uploads\/2024\/02\/FK-Zalgiris-2024.png","contentUrl":"https:\/\/fkzalgiris.lt\/wp-content\/uploads\/2024\/02\/FK-Zalgiris-2024.png","width":1872,"height":2500},{"@type":"BreadcrumbList","@id":"https:\/\/fkzalgiris.lt\/pries-sezona-naujoves-logotipe-ir-aprangose-bei-akcentas-akademijai\/#breadcrumb","itemListElement":[{"@type":"ListItem","position":1,"name":"Home","item":"https:\/\/fkzalgiris.lt\/"},{"@type":"ListItem","position":2,"name":"Prie\u0161 sezon\u0105 &#8211; naujov\u0117s logotipe ir aprangose, d\u0117mesys akademijai"}]},{"@type":"WebSite","@id":"https:\/\/fkzalgiris.lt\/#website","url":"https:\/\/fkzalgiris.lt\/","name":"FK \u017dalgiris","description":"oficiali Vilniaus \u201e\u017dalgirio\u201c futbolo klubo svetain\u0117","publisher":{"@id":"https:\/\/fkzalgiris.lt\/#organization"},"potentialAction":[{"@type":"SearchAction","target":{"@type":"EntryPoint","urlTemplate":"https:\/\/fkzalgiris.lt\/?s={search_term_string}"},"query-input":{"@type":"PropertyValueSpecification","valueRequired":true,"valueName":"search_term_string"}}],"inLanguage":"lt-LT"},{"@type":"Organization","@id":"https:\/\/fkzalgiris.lt\/#organization","name":"FK \u017dalgiris","url":"https:\/\/fkzalgiris.lt\/","logo":{"@type":"ImageObject","inLanguage":"lt-LT","@id":"https:\/\/fkzalgiris.lt\/#\/schema\/logo\/image\/","url":"https:\/\/fkzalgiris.lt\/wp-content\/uploads\/2024\/01\/horiz-FK-Zalgiris-logo-2015.png","contentUrl":"https:\/\/fkzalgiris.lt\/wp-content\/uploads\/2024\/01\/horiz-FK-Zalgiris-logo-2015.png","width":3073,"height":2048,"caption":"FK \u017dalgiris"},"image":{"@id":"https:\/\/fkzalgiris.lt\/#\/schema\/logo\/image\/"},"sameAs":["https:\/\/www.facebook.com\/fkzalgiris\/","https:\/\/x.com\/fkzalgiris","https:\/\/www.instagram.com\/fkzalgiris\/","https:\/\/www.youtube.com\/channel\/UC1ag8JLxGirltMUoLlzfZLA"]},{"@type":"Person","@id":"https:\/\/fkzalgiris.lt\/#\/schema\/person\/8604babbba794a7d8767be324a3eaac8","name":"J"}]}},"_links":{"self":[{"href":"https:\/\/fkzalgiris.lt\/api\/wp\/v2\/posts\/14576","targetHints":{"allow":["GET"]}}],"collection":[{"href":"https:\/\/fkzalgiris.lt\/api\/wp\/v2\/posts"}],"about":[{"href":"https:\/\/fkzalgiris.lt\/api\/wp\/v2\/types\/post"}],"author":[{"embeddable":true,"href":"https:\/\/fkzalgiris.lt\/api\/wp\/v2\/users\/4"}],"replies":[{"embeddable":true,"href":"https:\/\/fkzalgiris.lt\/api\/wp\/v2\/comments?post=14576"}],"version-history":[{"count":10,"href":"https:\/\/fkzalgiris.lt\/api\/wp\/v2\/posts\/14576\/revisions"}],"predecessor-version":[{"id":16112,"href":"https:\/\/fkzalgiris.lt\/api\/wp\/v2\/posts\/14576\/revisions\/16112"}],"wp:attachment":[{"href":"https:\/\/fkzalgiris.lt\/api\/wp\/v2\/media?parent=14576"}],"wp:term":[{"taxonomy":"category","embeddable":true,"href":"https:\/\/fkzalgiris.lt\/api\/wp\/v2\/categories?post=14576"}],"curies":[{"name":"wp","href":"https:\/\/api.w.org\/{rel}","templated":true}]}}