{"id":14502,"date":"2024-02-16T19:04:02","date_gmt":"2024-02-16T17:04:02","guid":{"rendered":"https:\/\/fkzalgiris.lt\/?p=14502"},"modified":"2024-02-16T19:57:21","modified_gmt":"2024-02-16T17:57:21","slug":"prisijungs-rumunijoje-ir-vengrijoje-zaides-vartininkas","status":"publish","type":"post","link":"https:\/\/fkzalgiris.lt\/prisijungs-rumunijoje-ir-vengrijoje-zaides-vartininkas\/","title":{"rendered":"Atvyko Rumunijoje ir Vengrijoje \u017eaid\u0119s vartininkas"},"content":{"rendered":"<p>\u201e\u017dalgirio\u201c vartinink\u0173 grand\u012f papild\u0117 Rumunijoje ir Vengrijoje \u017eaid\u0119s Arpadas Tordai (\u00c1rp\u00e1d Tordai).<\/p>\n<p>26 met\u0173 A. Tordai pastaruosius du sezonus atstovavo Vengrijos klubui \u201eMez\u0151k\u00f6vesd Zs\u00f3ry\u201c.<\/p>\n<p>Vengri\u0161kos kilm\u0117s futbolininkas gim\u0117 rumun\u0173 Transilvanijos regione, Tiargu Mure\u0161o mieste.<\/p>\n<p>Savo keli\u0105 prad\u0117jo Gheorghe Hagi futbolo akademijoje ir Konstancos \u201eViitorul\u201c klube.<\/p>\n<p>B\u016bdamas pastarosios komandos dalimi 2017 m. tapo Rumunijos \u010dempionu, o 2019 m. i\u0161kovojo taur\u0119 ir Supertaur\u0119.<\/p>\n<p>Per septynerius metus \u201eViitorul\u201c klubo buvo triskart skolinamas &#8211; \u012f Ploes\u010dio \u201ePetrolul\u201c, Klu\u017eo \u201eUniversitatea\u201c ir vengr\u0173 klubui \u201eFeh\u00e9rv\u00e1r\u201c.<\/p>\n<p>2013-2018 m. kvie\u010diamas \u012f vis\u0173 am\u017eiaus grupi\u0173 Rumunijos jaunimo rinktines.<\/p>\n<p>2021 m. sezon\u0105 prad\u0117jo Konstancos \u201eFarul\u201c (kuris susijung\u0117 su \u201eViitorul\u201c), o ruden\u012f prisijung\u0117 prie \u201eMez\u0151k\u00f6vesd Zs\u00f3ry\u201c.<\/p>\n","protected":false},"excerpt":{"rendered":"<p>\u201e\u017dalgirio\u201c vartinink\u0173 grand\u012f papild\u0117 Rumunijoje ir Vengrijoje \u017eaid\u0119s Arpadas Tordai (\u00c1rp\u00e1d Tordai). 26 met\u0173 A. Tordai pastaruosius du sezonus atstovavo Vengrijos klubui \u201eMez\u0151k\u00f6vesd Zs\u00f3ry\u201c. Vengri\u0161kos\u2026<\/p>\n","protected":false},"author":4,"featured_media":0,"comment_status":"closed","ping_status":"closed","sticky":false,"template":"","format":"standard","meta":{"_acf_changed":false,"footnotes":""},"categories":[87],"class_list":["post-14502","post","type-post","status-publish","format-standard","hentry","category-zalgiris"],"acf":[],"yoast_head":"<!-- This site is optimized with the Yoast SEO plugin v26.8 - https:\/\/yoast.com\/product\/yoast-seo-wordpress\/ -->\n<title>Atvyko Rumunijoje ir Vengrijoje \u017eaid\u0119s vartininkas - FK \u017dalgiris<\/title>\n<meta name=\"robots\" content=\"index, follow, max-snippet:-1, max-image-preview:large, max-video-preview:-1\" \/>\n<link rel=\"canonical\" href=\"https:\/\/fkzalgiris.lt\/prisijungs-rumunijoje-ir-vengrijoje-zaides-vartininkas\/\" \/>\n<meta property=\"og:locale\" content=\"lt_LT\" \/>\n<meta property=\"og:type\" content=\"article\" \/>\n<meta property=\"og:title\" content=\"Atvyko Rumunijoje ir Vengrijoje \u017eaid\u0119s vartininkas - FK \u017dalgiris\" \/>\n<meta property=\"og:description\" content=\"\u201e\u017dalgirio\u201c vartinink\u0173 grand\u012f papild\u0117 Rumunijoje ir Vengrijoje \u017eaid\u0119s Arpadas Tordai (\u00c1rp\u00e1d Tordai). 26 met\u0173 A. Tordai pastaruosius du sezonus atstovavo Vengrijos klubui \u201eMez\u0151k\u00f6vesd Zs\u00f3ry\u201c. Vengri\u0161kos\u2026\" \/>\n<meta property=\"og:url\" content=\"https:\/\/fkzalgiris.lt\/prisijungs-rumunijoje-ir-vengrijoje-zaides-vartininkas\/\" \/>\n<meta property=\"og:site_name\" content=\"FK \u017dalgiris\" \/>\n<meta property=\"article:publisher\" content=\"https:\/\/www.facebook.com\/fkzalgiris\/\" \/>\n<meta property=\"article:published_time\" content=\"2024-02-16T17:04:02+00:00\" \/>\n<meta property=\"article:modified_time\" content=\"2024-02-16T17:57:21+00:00\" \/>\n<meta property=\"og:image\" content=\"https:\/\/fkzalgiris.lt\/wp-content\/uploads\/2024\/02\/nuotraukos-autorius-Elvis-Zaldaris-115-1024x683.jpg\" \/>\n\t<meta property=\"og:image:width\" content=\"1024\" \/>\n\t<meta property=\"og:image:height\" content=\"683\" \/>\n\t<meta property=\"og:image:type\" content=\"image\/jpeg\" \/>\n<meta name=\"author\" content=\"J\" \/>\n<meta name=\"twitter:card\" content=\"summary_large_image\" \/>\n<meta name=\"twitter:creator\" content=\"@fkzalgiris\" \/>\n<meta name=\"twitter:site\" content=\"@fkzalgiris\" \/>\n<meta name=\"twitter:label1\" content=\"Written by\" \/>\n\t<meta name=\"twitter:data1\" content=\"J\" \/>\n\t<meta name=\"twitter:label2\" content=\"Est. reading time\" \/>\n\t<meta name=\"twitter:data2\" content=\"1 minut\u0117\" \/>\n<script type=\"application\/ld+json\" class=\"yoast-schema-graph\">{\"@context\":\"https:\/\/schema.org\",\"@graph\":[{\"@type\":\"Article\",\"@id\":\"https:\/\/fkzalgiris.lt\/prisijungs-rumunijoje-ir-vengrijoje-zaides-vartininkas\/#article\",\"isPartOf\":{\"@id\":\"https:\/\/fkzalgiris.lt\/prisijungs-rumunijoje-ir-vengrijoje-zaides-vartininkas\/\"},\"author\":{\"name\":\"J\",\"@id\":\"https:\/\/fkzalgiris.lt\/#\/schema\/person\/8604babbba794a7d8767be324a3eaac8\"},\"headline\":\"Atvyko Rumunijoje ir Vengrijoje \u017eaid\u0119s vartininkas\",\"datePublished\":\"2024-02-16T17:04:02+00:00\",\"dateModified\":\"2024-02-16T17:57:21+00:00\",\"mainEntityOfPage\":{\"@id\":\"https:\/\/fkzalgiris.lt\/prisijungs-rumunijoje-ir-vengrijoje-zaides-vartininkas\/\"},\"wordCount\":127,\"publisher\":{\"@id\":\"https:\/\/fkzalgiris.lt\/#organization\"},\"articleSection\":[\"\u017dalgiris\"],\"inLanguage\":\"lt-LT\"},{\"@type\":\"WebPage\",\"@id\":\"https:\/\/fkzalgiris.lt\/prisijungs-rumunijoje-ir-vengrijoje-zaides-vartininkas\/\",\"url\":\"https:\/\/fkzalgiris.lt\/prisijungs-rumunijoje-ir-vengrijoje-zaides-vartininkas\/\",\"name\":\"Atvyko Rumunijoje ir Vengrijoje \u017eaid\u0119s vartininkas - FK \u017dalgiris\",\"isPartOf\":{\"@id\":\"https:\/\/fkzalgiris.lt\/#website\"},\"datePublished\":\"2024-02-16T17:04:02+00:00\",\"dateModified\":\"2024-02-16T17:57:21+00:00\",\"breadcrumb\":{\"@id\":\"https:\/\/fkzalgiris.lt\/prisijungs-rumunijoje-ir-vengrijoje-zaides-vartininkas\/#breadcrumb\"},\"inLanguage\":\"lt-LT\",\"potentialAction\":[{\"@type\":\"ReadAction\",\"target\":[\"https:\/\/fkzalgiris.lt\/prisijungs-rumunijoje-ir-vengrijoje-zaides-vartininkas\/\"]}]},{\"@type\":\"BreadcrumbList\",\"@id\":\"https:\/\/fkzalgiris.lt\/prisijungs-rumunijoje-ir-vengrijoje-zaides-vartininkas\/#breadcrumb\",\"itemListElement\":[{\"@type\":\"ListItem\",\"position\":1,\"name\":\"Home\",\"item\":\"https:\/\/fkzalgiris.lt\/\"},{\"@type\":\"ListItem\",\"position\":2,\"name\":\"Atvyko Rumunijoje ir Vengrijoje \u017eaid\u0119s vartininkas\"}]},{\"@type\":\"WebSite\",\"@id\":\"https:\/\/fkzalgiris.lt\/#website\",\"url\":\"https:\/\/fkzalgiris.lt\/\",\"name\":\"FK \u017dalgiris\",\"description\":\"oficiali Vilniaus \u201e\u017dalgirio\u201c futbolo klubo svetain\u0117\",\"publisher\":{\"@id\":\"https:\/\/fkzalgiris.lt\/#organization\"},\"potentialAction\":[{\"@type\":\"SearchAction\",\"target\":{\"@type\":\"EntryPoint\",\"urlTemplate\":\"https:\/\/fkzalgiris.lt\/?s={search_term_string}\"},\"query-input\":{\"@type\":\"PropertyValueSpecification\",\"valueRequired\":true,\"valueName\":\"search_term_string\"}}],\"inLanguage\":\"lt-LT\"},{\"@type\":\"Organization\",\"@id\":\"https:\/\/fkzalgiris.lt\/#organization\",\"name\":\"FK \u017dalgiris\",\"url\":\"https:\/\/fkzalgiris.lt\/\",\"logo\":{\"@type\":\"ImageObject\",\"inLanguage\":\"lt-LT\",\"@id\":\"https:\/\/fkzalgiris.lt\/#\/schema\/logo\/image\/\",\"url\":\"https:\/\/fkzalgiris.lt\/wp-content\/uploads\/2024\/01\/horiz-FK-Zalgiris-logo-2015.png\",\"contentUrl\":\"https:\/\/fkzalgiris.lt\/wp-content\/uploads\/2024\/01\/horiz-FK-Zalgiris-logo-2015.png\",\"width\":3073,\"height\":2048,\"caption\":\"FK \u017dalgiris\"},\"image\":{\"@id\":\"https:\/\/fkzalgiris.lt\/#\/schema\/logo\/image\/\"},\"sameAs\":[\"https:\/\/www.facebook.com\/fkzalgiris\/\",\"https:\/\/x.com\/fkzalgiris\",\"https:\/\/www.instagram.com\/fkzalgiris\/\",\"https:\/\/www.youtube.com\/channel\/UC1ag8JLxGirltMUoLlzfZLA\"]},{\"@type\":\"Person\",\"@id\":\"https:\/\/fkzalgiris.lt\/#\/schema\/person\/8604babbba794a7d8767be324a3eaac8\",\"name\":\"J\"}]}<\/script>\n<!-- \/ Yoast SEO plugin. -->","yoast_head_json":{"title":"Atvyko Rumunijoje ir Vengrijoje \u017eaid\u0119s vartininkas - FK \u017dalgiris","robots":{"index":"index","follow":"follow","max-snippet":"max-snippet:-1","max-image-preview":"max-image-preview:large","max-video-preview":"max-video-preview:-1"},"canonical":"https:\/\/fkzalgiris.lt\/prisijungs-rumunijoje-ir-vengrijoje-zaides-vartininkas\/","og_locale":"lt_LT","og_type":"article","og_title":"Atvyko Rumunijoje ir Vengrijoje \u017eaid\u0119s vartininkas - FK \u017dalgiris","og_description":"\u201e\u017dalgirio\u201c vartinink\u0173 grand\u012f papild\u0117 Rumunijoje ir Vengrijoje \u017eaid\u0119s Arpadas Tordai (\u00c1rp\u00e1d Tordai). 26 met\u0173 A. Tordai pastaruosius du sezonus atstovavo Vengrijos klubui \u201eMez\u0151k\u00f6vesd Zs\u00f3ry\u201c. Vengri\u0161kos\u2026","og_url":"https:\/\/fkzalgiris.lt\/prisijungs-rumunijoje-ir-vengrijoje-zaides-vartininkas\/","og_site_name":"FK \u017dalgiris","article_publisher":"https:\/\/www.facebook.com\/fkzalgiris\/","article_published_time":"2024-02-16T17:04:02+00:00","article_modified_time":"2024-02-16T17:57:21+00:00","og_image":[{"width":1024,"height":683,"url":"https:\/\/fkzalgiris.lt\/wp-content\/uploads\/2024\/02\/nuotraukos-autorius-Elvis-Zaldaris-115-1024x683.jpg","type":"image\/jpeg"}],"author":"J","twitter_card":"summary_large_image","twitter_creator":"@fkzalgiris","twitter_site":"@fkzalgiris","twitter_misc":{"Written by":"J","Est. reading time":"1 minut\u0117"},"schema":{"@context":"https:\/\/schema.org","@graph":[{"@type":"Article","@id":"https:\/\/fkzalgiris.lt\/prisijungs-rumunijoje-ir-vengrijoje-zaides-vartininkas\/#article","isPartOf":{"@id":"https:\/\/fkzalgiris.lt\/prisijungs-rumunijoje-ir-vengrijoje-zaides-vartininkas\/"},"author":{"name":"J","@id":"https:\/\/fkzalgiris.lt\/#\/schema\/person\/8604babbba794a7d8767be324a3eaac8"},"headline":"Atvyko Rumunijoje ir Vengrijoje \u017eaid\u0119s vartininkas","datePublished":"2024-02-16T17:04:02+00:00","dateModified":"2024-02-16T17:57:21+00:00","mainEntityOfPage":{"@id":"https:\/\/fkzalgiris.lt\/prisijungs-rumunijoje-ir-vengrijoje-zaides-vartininkas\/"},"wordCount":127,"publisher":{"@id":"https:\/\/fkzalgiris.lt\/#organization"},"articleSection":["\u017dalgiris"],"inLanguage":"lt-LT"},{"@type":"WebPage","@id":"https:\/\/fkzalgiris.lt\/prisijungs-rumunijoje-ir-vengrijoje-zaides-vartininkas\/","url":"https:\/\/fkzalgiris.lt\/prisijungs-rumunijoje-ir-vengrijoje-zaides-vartininkas\/","name":"Atvyko Rumunijoje ir Vengrijoje \u017eaid\u0119s vartininkas - FK \u017dalgiris","isPartOf":{"@id":"https:\/\/fkzalgiris.lt\/#website"},"datePublished":"2024-02-16T17:04:02+00:00","dateModified":"2024-02-16T17:57:21+00:00","breadcrumb":{"@id":"https:\/\/fkzalgiris.lt\/prisijungs-rumunijoje-ir-vengrijoje-zaides-vartininkas\/#breadcrumb"},"inLanguage":"lt-LT","potentialAction":[{"@type":"ReadAction","target":["https:\/\/fkzalgiris.lt\/prisijungs-rumunijoje-ir-vengrijoje-zaides-vartininkas\/"]}]},{"@type":"BreadcrumbList","@id":"https:\/\/fkzalgiris.lt\/prisijungs-rumunijoje-ir-vengrijoje-zaides-vartininkas\/#breadcrumb","itemListElement":[{"@type":"ListItem","position":1,"name":"Home","item":"https:\/\/fkzalgiris.lt\/"},{"@type":"ListItem","position":2,"name":"Atvyko Rumunijoje ir Vengrijoje \u017eaid\u0119s vartininkas"}]},{"@type":"WebSite","@id":"https:\/\/fkzalgiris.lt\/#website","url":"https:\/\/fkzalgiris.lt\/","name":"FK \u017dalgiris","description":"oficiali Vilniaus \u201e\u017dalgirio\u201c futbolo klubo svetain\u0117","publisher":{"@id":"https:\/\/fkzalgiris.lt\/#organization"},"potentialAction":[{"@type":"SearchAction","target":{"@type":"EntryPoint","urlTemplate":"https:\/\/fkzalgiris.lt\/?s={search_term_string}"},"query-input":{"@type":"PropertyValueSpecification","valueRequired":true,"valueName":"search_term_string"}}],"inLanguage":"lt-LT"},{"@type":"Organization","@id":"https:\/\/fkzalgiris.lt\/#organization","name":"FK \u017dalgiris","url":"https:\/\/fkzalgiris.lt\/","logo":{"@type":"ImageObject","inLanguage":"lt-LT","@id":"https:\/\/fkzalgiris.lt\/#\/schema\/logo\/image\/","url":"https:\/\/fkzalgiris.lt\/wp-content\/uploads\/2024\/01\/horiz-FK-Zalgiris-logo-2015.png","contentUrl":"https:\/\/fkzalgiris.lt\/wp-content\/uploads\/2024\/01\/horiz-FK-Zalgiris-logo-2015.png","width":3073,"height":2048,"caption":"FK \u017dalgiris"},"image":{"@id":"https:\/\/fkzalgiris.lt\/#\/schema\/logo\/image\/"},"sameAs":["https:\/\/www.facebook.com\/fkzalgiris\/","https:\/\/x.com\/fkzalgiris","https:\/\/www.instagram.com\/fkzalgiris\/","https:\/\/www.youtube.com\/channel\/UC1ag8JLxGirltMUoLlzfZLA"]},{"@type":"Person","@id":"https:\/\/fkzalgiris.lt\/#\/schema\/person\/8604babbba794a7d8767be324a3eaac8","name":"J"}]}},"_links":{"self":[{"href":"https:\/\/fkzalgiris.lt\/api\/wp\/v2\/posts\/14502","targetHints":{"allow":["GET"]}}],"collection":[{"href":"https:\/\/fkzalgiris.lt\/api\/wp\/v2\/posts"}],"about":[{"href":"https:\/\/fkzalgiris.lt\/api\/wp\/v2\/types\/post"}],"author":[{"embeddable":true,"href":"https:\/\/fkzalgiris.lt\/api\/wp\/v2\/users\/4"}],"replies":[{"embeddable":true,"href":"https:\/\/fkzalgiris.lt\/api\/wp\/v2\/comments?post=14502"}],"version-history":[{"count":7,"href":"https:\/\/fkzalgiris.lt\/api\/wp\/v2\/posts\/14502\/revisions"}],"predecessor-version":[{"id":14516,"href":"https:\/\/fkzalgiris.lt\/api\/wp\/v2\/posts\/14502\/revisions\/14516"}],"wp:attachment":[{"href":"https:\/\/fkzalgiris.lt\/api\/wp\/v2\/media?parent=14502"}],"wp:term":[{"taxonomy":"category","embeddable":true,"href":"https:\/\/fkzalgiris.lt\/api\/wp\/v2\/categories?post=14502"}],"curies":[{"name":"wp","href":"https:\/\/api.w.org\/{rel}","templated":true}]}}