{"id":14488,"date":"2024-02-15T13:27:49","date_gmt":"2024-02-15T11:27:49","guid":{"rendered":"https:\/\/fkzalgiris.lt\/?p=14488"},"modified":"2024-02-15T13:28:25","modified_gmt":"2024-02-15T11:28:25","slug":"v-ceburinas-truksta-tarpusavio-supratimo","status":"publish","type":"post","link":"https:\/\/fkzalgiris.lt\/v-ceburinas-truksta-tarpusavio-supratimo\/","title":{"rendered":"V. \u010ceburinas: \u201eTr\u016bksta tarpusavio supratimo\u201c"},"content":{"rendered":"<p>\u201e\u017dalgirio\u201c treneris Vladimiras \u010ceburinas po kontrolini\u0173 rungtyni\u0173 prie\u0161 \u201eHegelmann\u201c teig\u0117, jog \u017eaid\u0117jams dar tr\u016bko tarpusavio supratimo.<\/p>\n<p>\u017dalgirie\u010diai kontrolin\u012f test\u0105 prie\u0161 Kauno rajono komand\u0105 pralaim\u0117jo rezultatu 1:3.<\/p>\n<p>\u201eDaug min\u010di\u0173 tiek d\u0117l komandos statymo, tiek d\u0117l veiksm\u0173 aik\u0161t\u0117je. Yra nema\u017eai dalyk\u0173 \u012f k\u0105 reikia atkreipti d\u0117mes\u012f. Suprantama, yra nauj\u0173 \u017eaid\u0117j\u0173, kurie pasirod\u0117 aik\u0161t\u0117je. Ne viskas yra gerai. Buvo ir epizod\u0173 kai gerai kontroliavome kamuol\u012f, bet atakos zonoje yra problem\u0173. Tuo klausimu reik\u0117s padirb\u0117ti\u201c, \u2013 kalb\u0117jo treneris.<\/p>\n<p>Du \u012fvar\u010dius \u201e\u017dalgiris\u201c praleido pirmajame dvikovos k\u0117linyje.<\/p>\n<p>\u201eVar\u017eovai pirm\u0105 \u012fvart\u012f peln\u0117 po gero sm\u016bg\u012f. Antrasis \u012fvartis jau yra pasekm\u0117 t\u0173 veiksm\u0173 gynyboje kai neu\u017edengiame t\u0173 pozicij\u0173, nei\u0161vedame kamuolio i\u0161 tos zonos. Buvo \u012fdomu pamatyti var\u017eovus, kas k\u0105 sugalvojo ir kaip planuoja \u017eaisti \u010dempionate. Taip pat buvo nema\u017eai ir ger\u0173 dalyk\u0173. Bet tr\u016bksta susi\u017eaidimo\u201c, \u2013 vertino V. \u010ceburinas.<\/p>\n<p>Jis pa\u017eym\u0117jo, jog komandos naujokai Nikola Petkovi\u010dius ir Nemanja Mihajlovi\u010dius \u00a0dar nedaug laiko praleido treniruo\u010di\u0173 procese. \u201eTod\u0117l dar nebuvo to tarpusavio supratimo\u201c, \u2013 sak\u0117 treneris.<\/p>\n<p>Paklaustas apie atsisveikinim\u0105 su Abdoulu Doumbia, V. \u010ceburinas atsak\u0117: \u201ePatys laukiame pastiprinimo \u012fdomiais \u017eaid\u0117jais. Abdoulas \u2013 geras vaikinas ir \u017eaid\u0117jas. Ta\u010diau norime sustiprinti \u0161i\u0105 pozicij\u0105. Pretenzij\u0173 jam neturiu, jis daug su\u017eaisti ir nesp\u0117jo. Ta\u010diau dabar jis gal\u0117s ie\u0161koti kit\u0173 galimybi\u0173. Abi pus\u0117s pri\u0117jo prie tokio sprendimo.\u201c<\/p>\n<p>Pastaruoju metu \u017ealgirie\u010di\u0173 gretas buvo rimtai praretinusios ligos ir traumos. \u0160\u012f kart\u0105 po pertraukos \u012f aik\u0161t\u0119 sugr\u012f\u017eo Ovidijus Verbickas, Adama Fofana.<\/p>\n<p>\u201eLaikas eina, gydytojai dirba. Yukiyoshi Karashima jau ap\u0161ilin\u0117ja su komandos draugais. Ta\u010diau jam dar ne laikas. Liviu Antalis jau prisijung\u0117 prie m\u016bs\u0173. Po truput\u012f susid\u0117lios tas paveikslas kurio ir norime\u201c, \u2013 vyl\u0117si treneris.<\/p>\n<p>Paguodos \u012fvart\u012f \u017ealgirie\u010diams peln\u0117 17 met\u0173 akademijos aukl\u0117tinis Patrykas Maty\u017eonokas. \u0160iame pasiruo\u0161imo cikle nauj\u0105 vaidmen\u012f atakos smaigalyje gav\u0119s \u017eaid\u0117jas peln\u0117 pirm\u0105j\u012f savo \u012fvart\u012f pagrindin\u0117je komandoje.<\/p>\n<p>\u201e\u0160iandien aik\u0161t\u0117je tur\u0117jome ir jaunimo. Matosi j\u0173 noras. Tik dar tr\u016bksta \u017eaidybin\u0117s patirties. Jie auga, tai malonu, \u2013 kalb\u0117jo V. \u010ceburinui \u2013 Patrikui tas pirmas \u012fvartis \u2013 tai \u012fvykis. Gal\u0117jo \u012fmu\u0161ti ir antr\u0105, b\u016bt\u0173 nuostabu. Norime, kad \u0161is \u017eaid\u0117jas tur\u0117t\u0173 galimybi\u0173, ir mu\u0161t\u0173 \u012fvar\u010dius. Duok Dieve tai ne paskutinis jo \u012fvartis. I\u0161 tokio vaidmens. Dirbsime su juo toliau.\u201c<\/p>\n","protected":false},"excerpt":{"rendered":"<p>\u201e\u017dalgirio\u201c treneris Vladimiras \u010ceburinas po kontrolini\u0173 rungtyni\u0173 prie\u0161 \u201eHegelmann\u201c teig\u0117, jog \u017eaid\u0117jams dar tr\u016bko tarpusavio supratimo. \u017dalgirie\u010diai kontrolin\u012f test\u0105 prie\u0161 Kauno rajono komand\u0105 pralaim\u0117jo rezultatu\u2026<\/p>\n","protected":false},"author":4,"featured_media":0,"comment_status":"closed","ping_status":"closed","sticky":false,"template":"","format":"standard","meta":{"_acf_changed":false,"footnotes":""},"categories":[87],"class_list":["post-14488","post","type-post","status-publish","format-standard","hentry","category-zalgiris"],"acf":[],"yoast_head":"<!-- This site is optimized with the Yoast SEO plugin v26.8 - https:\/\/yoast.com\/product\/yoast-seo-wordpress\/ -->\n<title>V. \u010ceburinas: \u201eTr\u016bksta tarpusavio supratimo\u201c - FK \u017dalgiris<\/title>\n<meta name=\"robots\" content=\"index, follow, max-snippet:-1, max-image-preview:large, max-video-preview:-1\" \/>\n<link rel=\"canonical\" href=\"https:\/\/fkzalgiris.lt\/v-ceburinas-truksta-tarpusavio-supratimo\/\" \/>\n<meta property=\"og:locale\" content=\"lt_LT\" \/>\n<meta property=\"og:type\" content=\"article\" \/>\n<meta property=\"og:title\" content=\"V. \u010ceburinas: \u201eTr\u016bksta tarpusavio supratimo\u201c - FK \u017dalgiris\" \/>\n<meta property=\"og:description\" content=\"\u201e\u017dalgirio\u201c treneris Vladimiras \u010ceburinas po kontrolini\u0173 rungtyni\u0173 prie\u0161 \u201eHegelmann\u201c teig\u0117, jog \u017eaid\u0117jams dar tr\u016bko tarpusavio supratimo. \u017dalgirie\u010diai kontrolin\u012f test\u0105 prie\u0161 Kauno rajono komand\u0105 pralaim\u0117jo rezultatu\u2026\" \/>\n<meta property=\"og:url\" content=\"https:\/\/fkzalgiris.lt\/v-ceburinas-truksta-tarpusavio-supratimo\/\" \/>\n<meta property=\"og:site_name\" content=\"FK \u017dalgiris\" \/>\n<meta property=\"article:publisher\" content=\"https:\/\/www.facebook.com\/fkzalgiris\/\" \/>\n<meta property=\"article:published_time\" content=\"2024-02-15T11:27:49+00:00\" \/>\n<meta property=\"article:modified_time\" content=\"2024-02-15T11:28:25+00:00\" \/>\n<meta property=\"og:image\" content=\"https:\/\/fkzalgiris.lt\/wp-content\/uploads\/2024\/02\/social-horiz_Zalgiris_logo_2024.png\" \/>\n\t<meta property=\"og:image:width\" content=\"3356\" \/>\n\t<meta property=\"og:image:height\" content=\"2259\" \/>\n\t<meta property=\"og:image:type\" content=\"image\/png\" \/>\n<meta name=\"author\" content=\"J\" \/>\n<meta name=\"twitter:card\" content=\"summary_large_image\" \/>\n<meta name=\"twitter:creator\" content=\"@fkzalgiris\" \/>\n<meta name=\"twitter:site\" content=\"@fkzalgiris\" \/>\n<meta name=\"twitter:label1\" content=\"Written by\" \/>\n\t<meta name=\"twitter:data1\" content=\"J\" \/>\n\t<meta name=\"twitter:label2\" content=\"Est. reading time\" \/>\n\t<meta name=\"twitter:data2\" content=\"2 minut\u0117s\" \/>\n<script type=\"application\/ld+json\" class=\"yoast-schema-graph\">{\"@context\":\"https:\/\/schema.org\",\"@graph\":[{\"@type\":\"Article\",\"@id\":\"https:\/\/fkzalgiris.lt\/v-ceburinas-truksta-tarpusavio-supratimo\/#article\",\"isPartOf\":{\"@id\":\"https:\/\/fkzalgiris.lt\/v-ceburinas-truksta-tarpusavio-supratimo\/\"},\"author\":{\"name\":\"J\",\"@id\":\"https:\/\/fkzalgiris.lt\/#\/schema\/person\/8604babbba794a7d8767be324a3eaac8\"},\"headline\":\"V. \u010ceburinas: \u201eTr\u016bksta tarpusavio supratimo\u201c\",\"datePublished\":\"2024-02-15T11:27:49+00:00\",\"dateModified\":\"2024-02-15T11:28:25+00:00\",\"mainEntityOfPage\":{\"@id\":\"https:\/\/fkzalgiris.lt\/v-ceburinas-truksta-tarpusavio-supratimo\/\"},\"wordCount\":405,\"publisher\":{\"@id\":\"https:\/\/fkzalgiris.lt\/#organization\"},\"articleSection\":[\"\u017dalgiris\"],\"inLanguage\":\"lt-LT\"},{\"@type\":\"WebPage\",\"@id\":\"https:\/\/fkzalgiris.lt\/v-ceburinas-truksta-tarpusavio-supratimo\/\",\"url\":\"https:\/\/fkzalgiris.lt\/v-ceburinas-truksta-tarpusavio-supratimo\/\",\"name\":\"V. \u010ceburinas: \u201eTr\u016bksta tarpusavio supratimo\u201c - FK \u017dalgiris\",\"isPartOf\":{\"@id\":\"https:\/\/fkzalgiris.lt\/#website\"},\"datePublished\":\"2024-02-15T11:27:49+00:00\",\"dateModified\":\"2024-02-15T11:28:25+00:00\",\"breadcrumb\":{\"@id\":\"https:\/\/fkzalgiris.lt\/v-ceburinas-truksta-tarpusavio-supratimo\/#breadcrumb\"},\"inLanguage\":\"lt-LT\",\"potentialAction\":[{\"@type\":\"ReadAction\",\"target\":[\"https:\/\/fkzalgiris.lt\/v-ceburinas-truksta-tarpusavio-supratimo\/\"]}]},{\"@type\":\"BreadcrumbList\",\"@id\":\"https:\/\/fkzalgiris.lt\/v-ceburinas-truksta-tarpusavio-supratimo\/#breadcrumb\",\"itemListElement\":[{\"@type\":\"ListItem\",\"position\":1,\"name\":\"Home\",\"item\":\"https:\/\/fkzalgiris.lt\/\"},{\"@type\":\"ListItem\",\"position\":2,\"name\":\"V. \u010ceburinas: \u201eTr\u016bksta tarpusavio supratimo\u201c\"}]},{\"@type\":\"WebSite\",\"@id\":\"https:\/\/fkzalgiris.lt\/#website\",\"url\":\"https:\/\/fkzalgiris.lt\/\",\"name\":\"FK \u017dalgiris\",\"description\":\"oficiali Vilniaus \u201e\u017dalgirio\u201c futbolo klubo svetain\u0117\",\"publisher\":{\"@id\":\"https:\/\/fkzalgiris.lt\/#organization\"},\"potentialAction\":[{\"@type\":\"SearchAction\",\"target\":{\"@type\":\"EntryPoint\",\"urlTemplate\":\"https:\/\/fkzalgiris.lt\/?s={search_term_string}\"},\"query-input\":{\"@type\":\"PropertyValueSpecification\",\"valueRequired\":true,\"valueName\":\"search_term_string\"}}],\"inLanguage\":\"lt-LT\"},{\"@type\":\"Organization\",\"@id\":\"https:\/\/fkzalgiris.lt\/#organization\",\"name\":\"FK \u017dalgiris\",\"url\":\"https:\/\/fkzalgiris.lt\/\",\"logo\":{\"@type\":\"ImageObject\",\"inLanguage\":\"lt-LT\",\"@id\":\"https:\/\/fkzalgiris.lt\/#\/schema\/logo\/image\/\",\"url\":\"https:\/\/fkzalgiris.lt\/wp-content\/uploads\/2024\/01\/horiz-FK-Zalgiris-logo-2015.png\",\"contentUrl\":\"https:\/\/fkzalgiris.lt\/wp-content\/uploads\/2024\/01\/horiz-FK-Zalgiris-logo-2015.png\",\"width\":3073,\"height\":2048,\"caption\":\"FK \u017dalgiris\"},\"image\":{\"@id\":\"https:\/\/fkzalgiris.lt\/#\/schema\/logo\/image\/\"},\"sameAs\":[\"https:\/\/www.facebook.com\/fkzalgiris\/\",\"https:\/\/x.com\/fkzalgiris\",\"https:\/\/www.instagram.com\/fkzalgiris\/\",\"https:\/\/www.youtube.com\/channel\/UC1ag8JLxGirltMUoLlzfZLA\"]},{\"@type\":\"Person\",\"@id\":\"https:\/\/fkzalgiris.lt\/#\/schema\/person\/8604babbba794a7d8767be324a3eaac8\",\"name\":\"J\"}]}<\/script>\n<!-- \/ Yoast SEO plugin. -->","yoast_head_json":{"title":"V. \u010ceburinas: \u201eTr\u016bksta tarpusavio supratimo\u201c - FK \u017dalgiris","robots":{"index":"index","follow":"follow","max-snippet":"max-snippet:-1","max-image-preview":"max-image-preview:large","max-video-preview":"max-video-preview:-1"},"canonical":"https:\/\/fkzalgiris.lt\/v-ceburinas-truksta-tarpusavio-supratimo\/","og_locale":"lt_LT","og_type":"article","og_title":"V. \u010ceburinas: \u201eTr\u016bksta tarpusavio supratimo\u201c - FK \u017dalgiris","og_description":"\u201e\u017dalgirio\u201c treneris Vladimiras \u010ceburinas po kontrolini\u0173 rungtyni\u0173 prie\u0161 \u201eHegelmann\u201c teig\u0117, jog \u017eaid\u0117jams dar tr\u016bko tarpusavio supratimo. \u017dalgirie\u010diai kontrolin\u012f test\u0105 prie\u0161 Kauno rajono komand\u0105 pralaim\u0117jo rezultatu\u2026","og_url":"https:\/\/fkzalgiris.lt\/v-ceburinas-truksta-tarpusavio-supratimo\/","og_site_name":"FK \u017dalgiris","article_publisher":"https:\/\/www.facebook.com\/fkzalgiris\/","article_published_time":"2024-02-15T11:27:49+00:00","article_modified_time":"2024-02-15T11:28:25+00:00","og_image":[{"width":3356,"height":2259,"url":"https:\/\/fkzalgiris.lt\/wp-content\/uploads\/2024\/02\/social-horiz_Zalgiris_logo_2024.png","type":"image\/png"}],"author":"J","twitter_card":"summary_large_image","twitter_creator":"@fkzalgiris","twitter_site":"@fkzalgiris","twitter_misc":{"Written by":"J","Est. reading time":"2 minut\u0117s"},"schema":{"@context":"https:\/\/schema.org","@graph":[{"@type":"Article","@id":"https:\/\/fkzalgiris.lt\/v-ceburinas-truksta-tarpusavio-supratimo\/#article","isPartOf":{"@id":"https:\/\/fkzalgiris.lt\/v-ceburinas-truksta-tarpusavio-supratimo\/"},"author":{"name":"J","@id":"https:\/\/fkzalgiris.lt\/#\/schema\/person\/8604babbba794a7d8767be324a3eaac8"},"headline":"V. \u010ceburinas: \u201eTr\u016bksta tarpusavio supratimo\u201c","datePublished":"2024-02-15T11:27:49+00:00","dateModified":"2024-02-15T11:28:25+00:00","mainEntityOfPage":{"@id":"https:\/\/fkzalgiris.lt\/v-ceburinas-truksta-tarpusavio-supratimo\/"},"wordCount":405,"publisher":{"@id":"https:\/\/fkzalgiris.lt\/#organization"},"articleSection":["\u017dalgiris"],"inLanguage":"lt-LT"},{"@type":"WebPage","@id":"https:\/\/fkzalgiris.lt\/v-ceburinas-truksta-tarpusavio-supratimo\/","url":"https:\/\/fkzalgiris.lt\/v-ceburinas-truksta-tarpusavio-supratimo\/","name":"V. \u010ceburinas: \u201eTr\u016bksta tarpusavio supratimo\u201c - FK \u017dalgiris","isPartOf":{"@id":"https:\/\/fkzalgiris.lt\/#website"},"datePublished":"2024-02-15T11:27:49+00:00","dateModified":"2024-02-15T11:28:25+00:00","breadcrumb":{"@id":"https:\/\/fkzalgiris.lt\/v-ceburinas-truksta-tarpusavio-supratimo\/#breadcrumb"},"inLanguage":"lt-LT","potentialAction":[{"@type":"ReadAction","target":["https:\/\/fkzalgiris.lt\/v-ceburinas-truksta-tarpusavio-supratimo\/"]}]},{"@type":"BreadcrumbList","@id":"https:\/\/fkzalgiris.lt\/v-ceburinas-truksta-tarpusavio-supratimo\/#breadcrumb","itemListElement":[{"@type":"ListItem","position":1,"name":"Home","item":"https:\/\/fkzalgiris.lt\/"},{"@type":"ListItem","position":2,"name":"V. \u010ceburinas: \u201eTr\u016bksta tarpusavio supratimo\u201c"}]},{"@type":"WebSite","@id":"https:\/\/fkzalgiris.lt\/#website","url":"https:\/\/fkzalgiris.lt\/","name":"FK \u017dalgiris","description":"oficiali Vilniaus \u201e\u017dalgirio\u201c futbolo klubo svetain\u0117","publisher":{"@id":"https:\/\/fkzalgiris.lt\/#organization"},"potentialAction":[{"@type":"SearchAction","target":{"@type":"EntryPoint","urlTemplate":"https:\/\/fkzalgiris.lt\/?s={search_term_string}"},"query-input":{"@type":"PropertyValueSpecification","valueRequired":true,"valueName":"search_term_string"}}],"inLanguage":"lt-LT"},{"@type":"Organization","@id":"https:\/\/fkzalgiris.lt\/#organization","name":"FK \u017dalgiris","url":"https:\/\/fkzalgiris.lt\/","logo":{"@type":"ImageObject","inLanguage":"lt-LT","@id":"https:\/\/fkzalgiris.lt\/#\/schema\/logo\/image\/","url":"https:\/\/fkzalgiris.lt\/wp-content\/uploads\/2024\/01\/horiz-FK-Zalgiris-logo-2015.png","contentUrl":"https:\/\/fkzalgiris.lt\/wp-content\/uploads\/2024\/01\/horiz-FK-Zalgiris-logo-2015.png","width":3073,"height":2048,"caption":"FK \u017dalgiris"},"image":{"@id":"https:\/\/fkzalgiris.lt\/#\/schema\/logo\/image\/"},"sameAs":["https:\/\/www.facebook.com\/fkzalgiris\/","https:\/\/x.com\/fkzalgiris","https:\/\/www.instagram.com\/fkzalgiris\/","https:\/\/www.youtube.com\/channel\/UC1ag8JLxGirltMUoLlzfZLA"]},{"@type":"Person","@id":"https:\/\/fkzalgiris.lt\/#\/schema\/person\/8604babbba794a7d8767be324a3eaac8","name":"J"}]}},"_links":{"self":[{"href":"https:\/\/fkzalgiris.lt\/api\/wp\/v2\/posts\/14488","targetHints":{"allow":["GET"]}}],"collection":[{"href":"https:\/\/fkzalgiris.lt\/api\/wp\/v2\/posts"}],"about":[{"href":"https:\/\/fkzalgiris.lt\/api\/wp\/v2\/types\/post"}],"author":[{"embeddable":true,"href":"https:\/\/fkzalgiris.lt\/api\/wp\/v2\/users\/4"}],"replies":[{"embeddable":true,"href":"https:\/\/fkzalgiris.lt\/api\/wp\/v2\/comments?post=14488"}],"version-history":[{"count":2,"href":"https:\/\/fkzalgiris.lt\/api\/wp\/v2\/posts\/14488\/revisions"}],"predecessor-version":[{"id":14491,"href":"https:\/\/fkzalgiris.lt\/api\/wp\/v2\/posts\/14488\/revisions\/14491"}],"wp:attachment":[{"href":"https:\/\/fkzalgiris.lt\/api\/wp\/v2\/media?parent=14488"}],"wp:term":[{"taxonomy":"category","embeddable":true,"href":"https:\/\/fkzalgiris.lt\/api\/wp\/v2\/categories?post=14488"}],"curies":[{"name":"wp","href":"https:\/\/api.w.org\/{rel}","templated":true}]}}