{"id":14411,"date":"2024-02-10T12:00:08","date_gmt":"2024-02-10T10:00:08","guid":{"rendered":"https:\/\/fkzalgiris.lt\/?p=14411"},"modified":"2025-02-05T17:29:26","modified_gmt":"2025-02-05T15:29:26","slug":"puolimo-gretas-taip-pat-papildys-serbas","status":"publish","type":"post","link":"https:\/\/fkzalgiris.lt\/puolimo-gretas-taip-pat-papildys-serbas\/","title":{"rendered":"Puolimo gretas taip pat papildys serbas"},"content":{"rendered":"<p>\u201e\u017dalgirio\u201c puolimo gretas ruo\u0161iasi sustiprinti dar vienas \u017eaid\u0117jas i\u0161 Serbijos \u2013 sutarta d\u0117l kontrakto su puol\u0117ju Nikola Petkovi\u010diumi.<\/p>\n<p>27 met\u0173 futbolininkas yra \u017eaid\u0119s Pranc\u016bzijos antrajame divizione, o pra\u0117jusiais metais \u017eaid\u0117 Slov\u0117nijos klube Murska Sobotos \u201eMura\u201c.<\/p>\n<p>Savo karjer\u0105 N. Petkovi\u010dius prad\u0117jo Belgrado \u201eLokomotiva\u201c komandoje \u017eemesn\u0117se Serbijos lygose, kol 2018 m. j\u012f pasikviet\u0117 auk\u0161\u010diausioje lygoje \u017eaid\u0119s Ivanjicos \u201eJavor\u201c.<\/p>\n<p>Antrajame sezone N. Petkovi\u010dius su \u201eJavor\u201c \u017eaid\u0117 serb\u0173 antrajame divizione ir su 22 \u012fvar\u010diais pad\u0117jo komandai sugr\u012f\u017eti tarp elito.<\/p>\n<p>Antruoju bandymu elitin\u0117je lygoje puol\u0117jas \u012fmu\u0161\u0117 16 \u012fvar\u010di\u0173 (rezultatyviausi\u0173 \u017eaid\u0117j\u0173 reitinge pasidalino pirm\u0105j\u0105 viet\u0105) ir patrauk\u0117 u\u017esienio klub\u0173 d\u0117m\u0117s\u012f \u2013 2020 m. jo kontrakt\u0105 perpirko Pranc\u016bzijos \u201eLigue 2\u201c \u017eaid\u0119s \u201eChambly Oise\u201c klubas.<\/p>\n<p>D\u0117l traumos pranc\u016bz\u0173 antroje lygoje jis praleido ilg\u0105 laik\u0105, per sezon\u0105 su\u017eaid\u0117 tik 10 rungtyni\u0173 ir \u012fmu\u0161\u0117 3 \u012fvar\u010dius. Su komanda serbas i\u0161krito \u012f tre\u010di\u0105j\u012f divizion\u0105, kur rungtyniavo 2021-2022 m. sezone.<\/p>\n<p>2022 m. puol\u0117j\u0105 pasikviet\u0117 \u201eMura\u201c klubas, kur jis praleido pusantro sezono.<\/p>\n<p>\u012e Vilni\u0173 jis atvyko kartu su kitu tautie\u010diu N. Mihajlovi\u010diumi. Abu \u017eaid\u0117jai sutart\u012f pasira\u0161ys po medicinin\u0117s ap\u017ei\u016bros.<\/p>\n","protected":false},"excerpt":{"rendered":"<p>\u201e\u017dalgirio\u201c puolimo gretas ruo\u0161iasi sustiprinti dar vienas \u017eaid\u0117jas i\u0161 Serbijos \u2013 sutarta d\u0117l kontrakto su puol\u0117ju Nikola Petkovi\u010diumi. 27 met\u0173 futbolininkas yra \u017eaid\u0119s Pranc\u016bzijos antrajame\u2026<\/p>\n","protected":false},"author":4,"featured_media":0,"comment_status":"closed","ping_status":"closed","sticky":false,"template":"","format":"standard","meta":{"_acf_changed":false,"footnotes":""},"categories":[87],"class_list":["post-14411","post","type-post","status-publish","format-standard","hentry","category-zalgiris"],"acf":[],"yoast_head":"<!-- This site is optimized with the Yoast SEO plugin v26.8 - https:\/\/yoast.com\/product\/yoast-seo-wordpress\/ -->\n<title>Puolimo gretas taip pat papildys serbas - FK \u017dalgiris<\/title>\n<meta name=\"robots\" content=\"index, follow, max-snippet:-1, max-image-preview:large, max-video-preview:-1\" \/>\n<link rel=\"canonical\" href=\"https:\/\/fkzalgiris.lt\/puolimo-gretas-taip-pat-papildys-serbas\/\" \/>\n<meta property=\"og:locale\" content=\"lt_LT\" \/>\n<meta property=\"og:type\" content=\"article\" \/>\n<meta property=\"og:title\" content=\"Puolimo gretas taip pat papildys serbas - FK \u017dalgiris\" \/>\n<meta property=\"og:description\" content=\"\u201e\u017dalgirio\u201c puolimo gretas ruo\u0161iasi sustiprinti dar vienas \u017eaid\u0117jas i\u0161 Serbijos \u2013 sutarta d\u0117l kontrakto su puol\u0117ju Nikola Petkovi\u010diumi. 27 met\u0173 futbolininkas yra \u017eaid\u0119s Pranc\u016bzijos antrajame\u2026\" \/>\n<meta property=\"og:url\" content=\"https:\/\/fkzalgiris.lt\/puolimo-gretas-taip-pat-papildys-serbas\/\" \/>\n<meta property=\"og:site_name\" content=\"FK \u017dalgiris\" \/>\n<meta property=\"article:publisher\" content=\"https:\/\/www.facebook.com\/fkzalgiris\/\" \/>\n<meta property=\"article:published_time\" content=\"2024-02-10T10:00:08+00:00\" \/>\n<meta property=\"article:modified_time\" content=\"2025-02-05T15:29:26+00:00\" \/>\n<meta property=\"og:image\" content=\"https:\/\/fkzalgiris.lt\/wp-content\/uploads\/2024\/02\/social-horiz_Zalgiris_logo_2024.png\" \/>\n\t<meta property=\"og:image:width\" content=\"3356\" \/>\n\t<meta property=\"og:image:height\" content=\"2259\" \/>\n\t<meta property=\"og:image:type\" content=\"image\/png\" \/>\n<meta name=\"author\" content=\"J\" \/>\n<meta name=\"twitter:card\" content=\"summary_large_image\" \/>\n<meta name=\"twitter:creator\" content=\"@fkzalgiris\" \/>\n<meta name=\"twitter:site\" content=\"@fkzalgiris\" \/>\n<meta name=\"twitter:label1\" content=\"Written by\" \/>\n\t<meta name=\"twitter:data1\" content=\"J\" \/>\n\t<meta name=\"twitter:label2\" content=\"Est. reading time\" \/>\n\t<meta name=\"twitter:data2\" content=\"1 minut\u0117\" \/>\n<script type=\"application\/ld+json\" class=\"yoast-schema-graph\">{\"@context\":\"https:\/\/schema.org\",\"@graph\":[{\"@type\":\"Article\",\"@id\":\"https:\/\/fkzalgiris.lt\/puolimo-gretas-taip-pat-papildys-serbas\/#article\",\"isPartOf\":{\"@id\":\"https:\/\/fkzalgiris.lt\/puolimo-gretas-taip-pat-papildys-serbas\/\"},\"author\":{\"name\":\"J\",\"@id\":\"https:\/\/fkzalgiris.lt\/#\/schema\/person\/8604babbba794a7d8767be324a3eaac8\"},\"headline\":\"Puolimo gretas taip pat papildys serbas\",\"datePublished\":\"2024-02-10T10:00:08+00:00\",\"dateModified\":\"2025-02-05T15:29:26+00:00\",\"mainEntityOfPage\":{\"@id\":\"https:\/\/fkzalgiris.lt\/puolimo-gretas-taip-pat-papildys-serbas\/\"},\"wordCount\":202,\"publisher\":{\"@id\":\"https:\/\/fkzalgiris.lt\/#organization\"},\"articleSection\":[\"\u017dalgiris\"],\"inLanguage\":\"lt-LT\"},{\"@type\":\"WebPage\",\"@id\":\"https:\/\/fkzalgiris.lt\/puolimo-gretas-taip-pat-papildys-serbas\/\",\"url\":\"https:\/\/fkzalgiris.lt\/puolimo-gretas-taip-pat-papildys-serbas\/\",\"name\":\"Puolimo gretas taip pat papildys serbas - FK \u017dalgiris\",\"isPartOf\":{\"@id\":\"https:\/\/fkzalgiris.lt\/#website\"},\"datePublished\":\"2024-02-10T10:00:08+00:00\",\"dateModified\":\"2025-02-05T15:29:26+00:00\",\"breadcrumb\":{\"@id\":\"https:\/\/fkzalgiris.lt\/puolimo-gretas-taip-pat-papildys-serbas\/#breadcrumb\"},\"inLanguage\":\"lt-LT\",\"potentialAction\":[{\"@type\":\"ReadAction\",\"target\":[\"https:\/\/fkzalgiris.lt\/puolimo-gretas-taip-pat-papildys-serbas\/\"]}]},{\"@type\":\"BreadcrumbList\",\"@id\":\"https:\/\/fkzalgiris.lt\/puolimo-gretas-taip-pat-papildys-serbas\/#breadcrumb\",\"itemListElement\":[{\"@type\":\"ListItem\",\"position\":1,\"name\":\"Home\",\"item\":\"https:\/\/fkzalgiris.lt\/\"},{\"@type\":\"ListItem\",\"position\":2,\"name\":\"Puolimo gretas taip pat papildys serbas\"}]},{\"@type\":\"WebSite\",\"@id\":\"https:\/\/fkzalgiris.lt\/#website\",\"url\":\"https:\/\/fkzalgiris.lt\/\",\"name\":\"FK \u017dalgiris\",\"description\":\"oficiali Vilniaus \u201e\u017dalgirio\u201c futbolo klubo svetain\u0117\",\"publisher\":{\"@id\":\"https:\/\/fkzalgiris.lt\/#organization\"},\"potentialAction\":[{\"@type\":\"SearchAction\",\"target\":{\"@type\":\"EntryPoint\",\"urlTemplate\":\"https:\/\/fkzalgiris.lt\/?s={search_term_string}\"},\"query-input\":{\"@type\":\"PropertyValueSpecification\",\"valueRequired\":true,\"valueName\":\"search_term_string\"}}],\"inLanguage\":\"lt-LT\"},{\"@type\":\"Organization\",\"@id\":\"https:\/\/fkzalgiris.lt\/#organization\",\"name\":\"FK \u017dalgiris\",\"url\":\"https:\/\/fkzalgiris.lt\/\",\"logo\":{\"@type\":\"ImageObject\",\"inLanguage\":\"lt-LT\",\"@id\":\"https:\/\/fkzalgiris.lt\/#\/schema\/logo\/image\/\",\"url\":\"https:\/\/fkzalgiris.lt\/wp-content\/uploads\/2024\/01\/horiz-FK-Zalgiris-logo-2015.png\",\"contentUrl\":\"https:\/\/fkzalgiris.lt\/wp-content\/uploads\/2024\/01\/horiz-FK-Zalgiris-logo-2015.png\",\"width\":3073,\"height\":2048,\"caption\":\"FK \u017dalgiris\"},\"image\":{\"@id\":\"https:\/\/fkzalgiris.lt\/#\/schema\/logo\/image\/\"},\"sameAs\":[\"https:\/\/www.facebook.com\/fkzalgiris\/\",\"https:\/\/x.com\/fkzalgiris\",\"https:\/\/www.instagram.com\/fkzalgiris\/\",\"https:\/\/www.youtube.com\/channel\/UC1ag8JLxGirltMUoLlzfZLA\"]},{\"@type\":\"Person\",\"@id\":\"https:\/\/fkzalgiris.lt\/#\/schema\/person\/8604babbba794a7d8767be324a3eaac8\",\"name\":\"J\"}]}<\/script>\n<!-- \/ Yoast SEO plugin. -->","yoast_head_json":{"title":"Puolimo gretas taip pat papildys serbas - FK \u017dalgiris","robots":{"index":"index","follow":"follow","max-snippet":"max-snippet:-1","max-image-preview":"max-image-preview:large","max-video-preview":"max-video-preview:-1"},"canonical":"https:\/\/fkzalgiris.lt\/puolimo-gretas-taip-pat-papildys-serbas\/","og_locale":"lt_LT","og_type":"article","og_title":"Puolimo gretas taip pat papildys serbas - FK \u017dalgiris","og_description":"\u201e\u017dalgirio\u201c puolimo gretas ruo\u0161iasi sustiprinti dar vienas \u017eaid\u0117jas i\u0161 Serbijos \u2013 sutarta d\u0117l kontrakto su puol\u0117ju Nikola Petkovi\u010diumi. 27 met\u0173 futbolininkas yra \u017eaid\u0119s Pranc\u016bzijos antrajame\u2026","og_url":"https:\/\/fkzalgiris.lt\/puolimo-gretas-taip-pat-papildys-serbas\/","og_site_name":"FK \u017dalgiris","article_publisher":"https:\/\/www.facebook.com\/fkzalgiris\/","article_published_time":"2024-02-10T10:00:08+00:00","article_modified_time":"2025-02-05T15:29:26+00:00","og_image":[{"width":3356,"height":2259,"url":"https:\/\/fkzalgiris.lt\/wp-content\/uploads\/2024\/02\/social-horiz_Zalgiris_logo_2024.png","type":"image\/png"}],"author":"J","twitter_card":"summary_large_image","twitter_creator":"@fkzalgiris","twitter_site":"@fkzalgiris","twitter_misc":{"Written by":"J","Est. reading time":"1 minut\u0117"},"schema":{"@context":"https:\/\/schema.org","@graph":[{"@type":"Article","@id":"https:\/\/fkzalgiris.lt\/puolimo-gretas-taip-pat-papildys-serbas\/#article","isPartOf":{"@id":"https:\/\/fkzalgiris.lt\/puolimo-gretas-taip-pat-papildys-serbas\/"},"author":{"name":"J","@id":"https:\/\/fkzalgiris.lt\/#\/schema\/person\/8604babbba794a7d8767be324a3eaac8"},"headline":"Puolimo gretas taip pat papildys serbas","datePublished":"2024-02-10T10:00:08+00:00","dateModified":"2025-02-05T15:29:26+00:00","mainEntityOfPage":{"@id":"https:\/\/fkzalgiris.lt\/puolimo-gretas-taip-pat-papildys-serbas\/"},"wordCount":202,"publisher":{"@id":"https:\/\/fkzalgiris.lt\/#organization"},"articleSection":["\u017dalgiris"],"inLanguage":"lt-LT"},{"@type":"WebPage","@id":"https:\/\/fkzalgiris.lt\/puolimo-gretas-taip-pat-papildys-serbas\/","url":"https:\/\/fkzalgiris.lt\/puolimo-gretas-taip-pat-papildys-serbas\/","name":"Puolimo gretas taip pat papildys serbas - FK \u017dalgiris","isPartOf":{"@id":"https:\/\/fkzalgiris.lt\/#website"},"datePublished":"2024-02-10T10:00:08+00:00","dateModified":"2025-02-05T15:29:26+00:00","breadcrumb":{"@id":"https:\/\/fkzalgiris.lt\/puolimo-gretas-taip-pat-papildys-serbas\/#breadcrumb"},"inLanguage":"lt-LT","potentialAction":[{"@type":"ReadAction","target":["https:\/\/fkzalgiris.lt\/puolimo-gretas-taip-pat-papildys-serbas\/"]}]},{"@type":"BreadcrumbList","@id":"https:\/\/fkzalgiris.lt\/puolimo-gretas-taip-pat-papildys-serbas\/#breadcrumb","itemListElement":[{"@type":"ListItem","position":1,"name":"Home","item":"https:\/\/fkzalgiris.lt\/"},{"@type":"ListItem","position":2,"name":"Puolimo gretas taip pat papildys serbas"}]},{"@type":"WebSite","@id":"https:\/\/fkzalgiris.lt\/#website","url":"https:\/\/fkzalgiris.lt\/","name":"FK \u017dalgiris","description":"oficiali Vilniaus \u201e\u017dalgirio\u201c futbolo klubo svetain\u0117","publisher":{"@id":"https:\/\/fkzalgiris.lt\/#organization"},"potentialAction":[{"@type":"SearchAction","target":{"@type":"EntryPoint","urlTemplate":"https:\/\/fkzalgiris.lt\/?s={search_term_string}"},"query-input":{"@type":"PropertyValueSpecification","valueRequired":true,"valueName":"search_term_string"}}],"inLanguage":"lt-LT"},{"@type":"Organization","@id":"https:\/\/fkzalgiris.lt\/#organization","name":"FK \u017dalgiris","url":"https:\/\/fkzalgiris.lt\/","logo":{"@type":"ImageObject","inLanguage":"lt-LT","@id":"https:\/\/fkzalgiris.lt\/#\/schema\/logo\/image\/","url":"https:\/\/fkzalgiris.lt\/wp-content\/uploads\/2024\/01\/horiz-FK-Zalgiris-logo-2015.png","contentUrl":"https:\/\/fkzalgiris.lt\/wp-content\/uploads\/2024\/01\/horiz-FK-Zalgiris-logo-2015.png","width":3073,"height":2048,"caption":"FK \u017dalgiris"},"image":{"@id":"https:\/\/fkzalgiris.lt\/#\/schema\/logo\/image\/"},"sameAs":["https:\/\/www.facebook.com\/fkzalgiris\/","https:\/\/x.com\/fkzalgiris","https:\/\/www.instagram.com\/fkzalgiris\/","https:\/\/www.youtube.com\/channel\/UC1ag8JLxGirltMUoLlzfZLA"]},{"@type":"Person","@id":"https:\/\/fkzalgiris.lt\/#\/schema\/person\/8604babbba794a7d8767be324a3eaac8","name":"J"}]}},"_links":{"self":[{"href":"https:\/\/fkzalgiris.lt\/api\/wp\/v2\/posts\/14411","targetHints":{"allow":["GET"]}}],"collection":[{"href":"https:\/\/fkzalgiris.lt\/api\/wp\/v2\/posts"}],"about":[{"href":"https:\/\/fkzalgiris.lt\/api\/wp\/v2\/types\/post"}],"author":[{"embeddable":true,"href":"https:\/\/fkzalgiris.lt\/api\/wp\/v2\/users\/4"}],"replies":[{"embeddable":true,"href":"https:\/\/fkzalgiris.lt\/api\/wp\/v2\/comments?post=14411"}],"version-history":[{"count":5,"href":"https:\/\/fkzalgiris.lt\/api\/wp\/v2\/posts\/14411\/revisions"}],"predecessor-version":[{"id":16683,"href":"https:\/\/fkzalgiris.lt\/api\/wp\/v2\/posts\/14411\/revisions\/16683"}],"wp:attachment":[{"href":"https:\/\/fkzalgiris.lt\/api\/wp\/v2\/media?parent=14411"}],"wp:term":[{"taxonomy":"category","embeddable":true,"href":"https:\/\/fkzalgiris.lt\/api\/wp\/v2\/categories?post=14411"}],"curies":[{"name":"wp","href":"https:\/\/api.w.org\/{rel}","templated":true}]}}