{"id":14311,"date":"2024-02-01T16:24:52","date_gmt":"2024-02-01T14:24:52","guid":{"rendered":"https:\/\/fkzalgiris.lt\/?p=14311"},"modified":"2024-02-07T15:43:57","modified_gmt":"2024-02-07T13:43:57","slug":"dainavai-imusti-sesi-ivarciai","status":"publish","type":"post","link":"https:\/\/fkzalgiris.lt\/dainavai-imusti-sesi-ivarciai\/","title":{"rendered":"\u201eDainavai\u201c \u012fmu\u0161ti \u0161e\u0161i \u012fvar\u010diai"},"content":{"rendered":"<p>Ketvirtose kontrolin\u0117se rungtyn\u0117s \u201e\u017dalgiris\u201c rezultatu 6:0 (3:0) \u012fveik\u0117 Alytaus \u201eDainav\u0105\u201c.<\/p>\n<p>\u012evar\u010dius peln\u0117 Arvydas Novikovas, Jurijus Kendy\u0161as, Giedrius Matulevi\u010dius, Meinardas Mikul\u0117nas, Vakaris Berenta ir \u017eaid\u0117jas per\u017ei\u016broje.<\/p>\n<p>\u0160\u012f kart\u0105 nuo prad\u017ei\u0173 startin\u0117je sud\u0117tyje rungtyniavo J. Plan\u010di\u016bnas, A. Doumbia, A. Fofana, A. Novikovas bei tre\u010diadien\u012f v\u0117lai \u012f Vilni\u0173 per\u017ei\u016brai atvyk\u0119s legionierius. Po keitimo pagrindin\u0117je komandoje debiutavo K. Visockis. D\u0117l traum\u0173 ir lig\u0173 nerungtyniavo M. Mazuras, Y. Karashima ir R. Jansonas.<\/p>\n<p>10 min. po A. Novikovo perdavimo ir sumai\u0161ties baudos aik\u0161tel\u0117je, \u017eaid\u0117jas per\u017ei\u016broje sm\u016bgiavo tiesiai \u012f vartinink\u0105.<\/p>\n<p>25 min. po baudos aik\u0161tel\u0117je perimto kamuolio, A. Fofana perdavimu surado A. Novikov\u0105 ir jis tiksliu sm\u016bgiu \u012f apatin\u012f vart\u0173 kamp\u0105 peln\u0117 pirm\u0105j\u012f \u012fvart\u012f.<\/p>\n<p>32 min. sve\u010di\u0173 komandos puol\u0117jas i\u0161b\u0117go \u012f akistat\u0105 su E. Gertmonu, bet vart\u0173 sargas apsaugojo jo sm\u016bg\u012f.<\/p>\n<p>35 min. po O. Verbicko perdavimo \u017eaid\u0117jas per\u017ei\u016broje \u012fmu\u0161\u0117 antr\u0105j\u012f \u012fvart\u012f.<\/p>\n<p>39 min. \u017eaid\u0117jas per\u017ei\u016broje numet\u0117 po kampinio galva pakelt\u0105 kamuol\u012f \u012f baudos aik\u0161tel\u0117s vidur\u012f ir ten j\u012f \u012f vartus nukreip\u0117 J. Kendy\u0161as.<\/p>\n<p>51 min. G. Matulevi\u010dius su\u017eaid\u0117 sienele su A. Fofana ir puikiu sm\u016bgiu i\u0161 18 metr\u0173 u\u017esuko kamuol\u012f \u012f vir\u0161utin\u012f vart\u0173 kamp\u0105.<\/p>\n<p>62 min. M. Mikul\u0117nas sm\u016bgiu i\u0161 u\u017e baudos aik\u0161tel\u0117s rib\u0173 peln\u0117 penkt\u0105j\u012f \u201e\u017dalgirio\u201c \u012fvart\u012f.<\/p>\n<p>65 min. J. Aliukonis blokavo pavojing\u0105 alyti\u0161ki\u0173 sm\u016bg\u012f.<\/p>\n<p>71 min. P. Maty\u017eonokas tur\u0117jo prog\u0105 baudos aik\u0161tel\u0117je, bet vartininko ne\u012fveik\u0117.<\/p>\n<p>82 min. V. Berenta po P. Maty\u017eonoko perdavimo \u012fmu\u0161\u0117 savo pirm\u0105j\u012f \u012fvart\u012f pagrindin\u0117je komandoje.<\/p>\n<p>Kitas \u201e\u017dalgirio\u201c rungtyn\u0117s &#8211; vasario 7 d. 13 val. 30 min. prie\u0161 \u201eHegelmann\u201c.<\/p>\n<p>\u201e\u017dalgirio\u201c sud\u0117tis: E. Gertmonas (62 min. J. Aliukonis), J. Bopesu (46 min. M. \u0160etkus), J. Plan\u010di\u016bnas, J. Kendy\u0161, J. Moutachy (66 min. K. Visockis), A. Doumbia, A. Fofana (66 min. A. Buikus), O. Verbickas (46 min. G. Matulevi\u010dius), A. Novikovas (46 min. P. Golubickas), M. Mikul\u0117nas (66 min. P. Maty\u017eonok), \u017eaid\u0117jas per\u017ei\u016broje (62 min. V. Berenta).<\/p>\n<p>&nbsp;<\/p>\n","protected":false},"excerpt":{"rendered":"<p>Ketvirtose kontrolin\u0117se rungtyn\u0117s \u201e\u017dalgiris\u201c rezultatu 6:0 (3:0) \u012fveik\u0117 Alytaus \u201eDainav\u0105\u201c. \u012evar\u010dius peln\u0117 Arvydas Novikovas, Jurijus Kendy\u0161as, Giedrius Matulevi\u010dius, Meinardas Mikul\u0117nas, Vakaris Berenta ir \u017eaid\u0117jas per\u017ei\u016broje.\u2026<\/p>\n","protected":false},"author":4,"featured_media":0,"comment_status":"closed","ping_status":"closed","sticky":false,"template":"","format":"standard","meta":{"_acf_changed":false,"footnotes":""},"categories":[87],"class_list":["post-14311","post","type-post","status-publish","format-standard","hentry","category-zalgiris"],"acf":[],"yoast_head":"<!-- This site is optimized with the Yoast SEO plugin v26.8 - https:\/\/yoast.com\/product\/yoast-seo-wordpress\/ -->\n<title>\u201eDainavai\u201c \u012fmu\u0161ti \u0161e\u0161i \u012fvar\u010diai - FK \u017dalgiris<\/title>\n<meta name=\"robots\" content=\"index, follow, max-snippet:-1, max-image-preview:large, max-video-preview:-1\" \/>\n<link rel=\"canonical\" href=\"https:\/\/fkzalgiris.lt\/dainavai-imusti-sesi-ivarciai\/\" \/>\n<meta property=\"og:locale\" content=\"lt_LT\" \/>\n<meta property=\"og:type\" content=\"article\" \/>\n<meta property=\"og:title\" content=\"\u201eDainavai\u201c \u012fmu\u0161ti \u0161e\u0161i \u012fvar\u010diai - FK \u017dalgiris\" \/>\n<meta property=\"og:description\" content=\"Ketvirtose kontrolin\u0117se rungtyn\u0117s \u201e\u017dalgiris\u201c rezultatu 6:0 (3:0) \u012fveik\u0117 Alytaus \u201eDainav\u0105\u201c. \u012evar\u010dius peln\u0117 Arvydas Novikovas, Jurijus Kendy\u0161as, Giedrius Matulevi\u010dius, Meinardas Mikul\u0117nas, Vakaris Berenta ir \u017eaid\u0117jas per\u017ei\u016broje.\u2026\" \/>\n<meta property=\"og:url\" content=\"https:\/\/fkzalgiris.lt\/dainavai-imusti-sesi-ivarciai\/\" \/>\n<meta property=\"og:site_name\" content=\"FK \u017dalgiris\" \/>\n<meta property=\"article:publisher\" content=\"https:\/\/www.facebook.com\/fkzalgiris\/\" \/>\n<meta property=\"article:published_time\" content=\"2024-02-01T14:24:52+00:00\" \/>\n<meta property=\"article:modified_time\" content=\"2024-02-07T13:43:57+00:00\" \/>\n<meta property=\"og:image\" content=\"https:\/\/fkzalgiris.lt\/wp-content\/uploads\/2024\/02\/social-horiz_Zalgiris_logo_2024.png\" \/>\n\t<meta property=\"og:image:width\" content=\"3356\" \/>\n\t<meta property=\"og:image:height\" content=\"2259\" \/>\n\t<meta property=\"og:image:type\" content=\"image\/png\" \/>\n<meta name=\"author\" content=\"J\" \/>\n<meta name=\"twitter:card\" content=\"summary_large_image\" \/>\n<meta name=\"twitter:creator\" content=\"@fkzalgiris\" \/>\n<meta name=\"twitter:site\" content=\"@fkzalgiris\" \/>\n<meta name=\"twitter:label1\" content=\"Written by\" \/>\n\t<meta name=\"twitter:data1\" content=\"J\" \/>\n\t<meta name=\"twitter:label2\" content=\"Est. reading time\" \/>\n\t<meta name=\"twitter:data2\" content=\"2 minut\u0117s\" \/>\n<script type=\"application\/ld+json\" class=\"yoast-schema-graph\">{\"@context\":\"https:\/\/schema.org\",\"@graph\":[{\"@type\":\"Article\",\"@id\":\"https:\/\/fkzalgiris.lt\/dainavai-imusti-sesi-ivarciai\/#article\",\"isPartOf\":{\"@id\":\"https:\/\/fkzalgiris.lt\/dainavai-imusti-sesi-ivarciai\/\"},\"author\":{\"name\":\"J\",\"@id\":\"https:\/\/fkzalgiris.lt\/#\/schema\/person\/8604babbba794a7d8767be324a3eaac8\"},\"headline\":\"\u201eDainavai\u201c \u012fmu\u0161ti \u0161e\u0161i \u012fvar\u010diai\",\"datePublished\":\"2024-02-01T14:24:52+00:00\",\"dateModified\":\"2024-02-07T13:43:57+00:00\",\"mainEntityOfPage\":{\"@id\":\"https:\/\/fkzalgiris.lt\/dainavai-imusti-sesi-ivarciai\/\"},\"wordCount\":347,\"publisher\":{\"@id\":\"https:\/\/fkzalgiris.lt\/#organization\"},\"articleSection\":[\"\u017dalgiris\"],\"inLanguage\":\"lt-LT\"},{\"@type\":\"WebPage\",\"@id\":\"https:\/\/fkzalgiris.lt\/dainavai-imusti-sesi-ivarciai\/\",\"url\":\"https:\/\/fkzalgiris.lt\/dainavai-imusti-sesi-ivarciai\/\",\"name\":\"\u201eDainavai\u201c \u012fmu\u0161ti \u0161e\u0161i \u012fvar\u010diai - FK \u017dalgiris\",\"isPartOf\":{\"@id\":\"https:\/\/fkzalgiris.lt\/#website\"},\"datePublished\":\"2024-02-01T14:24:52+00:00\",\"dateModified\":\"2024-02-07T13:43:57+00:00\",\"breadcrumb\":{\"@id\":\"https:\/\/fkzalgiris.lt\/dainavai-imusti-sesi-ivarciai\/#breadcrumb\"},\"inLanguage\":\"lt-LT\",\"potentialAction\":[{\"@type\":\"ReadAction\",\"target\":[\"https:\/\/fkzalgiris.lt\/dainavai-imusti-sesi-ivarciai\/\"]}]},{\"@type\":\"BreadcrumbList\",\"@id\":\"https:\/\/fkzalgiris.lt\/dainavai-imusti-sesi-ivarciai\/#breadcrumb\",\"itemListElement\":[{\"@type\":\"ListItem\",\"position\":1,\"name\":\"Home\",\"item\":\"https:\/\/fkzalgiris.lt\/\"},{\"@type\":\"ListItem\",\"position\":2,\"name\":\"\u201eDainavai\u201c \u012fmu\u0161ti \u0161e\u0161i \u012fvar\u010diai\"}]},{\"@type\":\"WebSite\",\"@id\":\"https:\/\/fkzalgiris.lt\/#website\",\"url\":\"https:\/\/fkzalgiris.lt\/\",\"name\":\"FK \u017dalgiris\",\"description\":\"oficiali Vilniaus \u201e\u017dalgirio\u201c futbolo klubo svetain\u0117\",\"publisher\":{\"@id\":\"https:\/\/fkzalgiris.lt\/#organization\"},\"potentialAction\":[{\"@type\":\"SearchAction\",\"target\":{\"@type\":\"EntryPoint\",\"urlTemplate\":\"https:\/\/fkzalgiris.lt\/?s={search_term_string}\"},\"query-input\":{\"@type\":\"PropertyValueSpecification\",\"valueRequired\":true,\"valueName\":\"search_term_string\"}}],\"inLanguage\":\"lt-LT\"},{\"@type\":\"Organization\",\"@id\":\"https:\/\/fkzalgiris.lt\/#organization\",\"name\":\"FK \u017dalgiris\",\"url\":\"https:\/\/fkzalgiris.lt\/\",\"logo\":{\"@type\":\"ImageObject\",\"inLanguage\":\"lt-LT\",\"@id\":\"https:\/\/fkzalgiris.lt\/#\/schema\/logo\/image\/\",\"url\":\"https:\/\/fkzalgiris.lt\/wp-content\/uploads\/2024\/01\/horiz-FK-Zalgiris-logo-2015.png\",\"contentUrl\":\"https:\/\/fkzalgiris.lt\/wp-content\/uploads\/2024\/01\/horiz-FK-Zalgiris-logo-2015.png\",\"width\":3073,\"height\":2048,\"caption\":\"FK \u017dalgiris\"},\"image\":{\"@id\":\"https:\/\/fkzalgiris.lt\/#\/schema\/logo\/image\/\"},\"sameAs\":[\"https:\/\/www.facebook.com\/fkzalgiris\/\",\"https:\/\/x.com\/fkzalgiris\",\"https:\/\/www.instagram.com\/fkzalgiris\/\",\"https:\/\/www.youtube.com\/channel\/UC1ag8JLxGirltMUoLlzfZLA\"]},{\"@type\":\"Person\",\"@id\":\"https:\/\/fkzalgiris.lt\/#\/schema\/person\/8604babbba794a7d8767be324a3eaac8\",\"name\":\"J\"}]}<\/script>\n<!-- \/ Yoast SEO plugin. -->","yoast_head_json":{"title":"\u201eDainavai\u201c \u012fmu\u0161ti \u0161e\u0161i \u012fvar\u010diai - FK \u017dalgiris","robots":{"index":"index","follow":"follow","max-snippet":"max-snippet:-1","max-image-preview":"max-image-preview:large","max-video-preview":"max-video-preview:-1"},"canonical":"https:\/\/fkzalgiris.lt\/dainavai-imusti-sesi-ivarciai\/","og_locale":"lt_LT","og_type":"article","og_title":"\u201eDainavai\u201c \u012fmu\u0161ti \u0161e\u0161i \u012fvar\u010diai - FK \u017dalgiris","og_description":"Ketvirtose kontrolin\u0117se rungtyn\u0117s \u201e\u017dalgiris\u201c rezultatu 6:0 (3:0) \u012fveik\u0117 Alytaus \u201eDainav\u0105\u201c. \u012evar\u010dius peln\u0117 Arvydas Novikovas, Jurijus Kendy\u0161as, Giedrius Matulevi\u010dius, Meinardas Mikul\u0117nas, Vakaris Berenta ir \u017eaid\u0117jas per\u017ei\u016broje.\u2026","og_url":"https:\/\/fkzalgiris.lt\/dainavai-imusti-sesi-ivarciai\/","og_site_name":"FK \u017dalgiris","article_publisher":"https:\/\/www.facebook.com\/fkzalgiris\/","article_published_time":"2024-02-01T14:24:52+00:00","article_modified_time":"2024-02-07T13:43:57+00:00","og_image":[{"width":3356,"height":2259,"url":"https:\/\/fkzalgiris.lt\/wp-content\/uploads\/2024\/02\/social-horiz_Zalgiris_logo_2024.png","type":"image\/png"}],"author":"J","twitter_card":"summary_large_image","twitter_creator":"@fkzalgiris","twitter_site":"@fkzalgiris","twitter_misc":{"Written by":"J","Est. reading time":"2 minut\u0117s"},"schema":{"@context":"https:\/\/schema.org","@graph":[{"@type":"Article","@id":"https:\/\/fkzalgiris.lt\/dainavai-imusti-sesi-ivarciai\/#article","isPartOf":{"@id":"https:\/\/fkzalgiris.lt\/dainavai-imusti-sesi-ivarciai\/"},"author":{"name":"J","@id":"https:\/\/fkzalgiris.lt\/#\/schema\/person\/8604babbba794a7d8767be324a3eaac8"},"headline":"\u201eDainavai\u201c \u012fmu\u0161ti \u0161e\u0161i \u012fvar\u010diai","datePublished":"2024-02-01T14:24:52+00:00","dateModified":"2024-02-07T13:43:57+00:00","mainEntityOfPage":{"@id":"https:\/\/fkzalgiris.lt\/dainavai-imusti-sesi-ivarciai\/"},"wordCount":347,"publisher":{"@id":"https:\/\/fkzalgiris.lt\/#organization"},"articleSection":["\u017dalgiris"],"inLanguage":"lt-LT"},{"@type":"WebPage","@id":"https:\/\/fkzalgiris.lt\/dainavai-imusti-sesi-ivarciai\/","url":"https:\/\/fkzalgiris.lt\/dainavai-imusti-sesi-ivarciai\/","name":"\u201eDainavai\u201c \u012fmu\u0161ti \u0161e\u0161i \u012fvar\u010diai - FK \u017dalgiris","isPartOf":{"@id":"https:\/\/fkzalgiris.lt\/#website"},"datePublished":"2024-02-01T14:24:52+00:00","dateModified":"2024-02-07T13:43:57+00:00","breadcrumb":{"@id":"https:\/\/fkzalgiris.lt\/dainavai-imusti-sesi-ivarciai\/#breadcrumb"},"inLanguage":"lt-LT","potentialAction":[{"@type":"ReadAction","target":["https:\/\/fkzalgiris.lt\/dainavai-imusti-sesi-ivarciai\/"]}]},{"@type":"BreadcrumbList","@id":"https:\/\/fkzalgiris.lt\/dainavai-imusti-sesi-ivarciai\/#breadcrumb","itemListElement":[{"@type":"ListItem","position":1,"name":"Home","item":"https:\/\/fkzalgiris.lt\/"},{"@type":"ListItem","position":2,"name":"\u201eDainavai\u201c \u012fmu\u0161ti \u0161e\u0161i \u012fvar\u010diai"}]},{"@type":"WebSite","@id":"https:\/\/fkzalgiris.lt\/#website","url":"https:\/\/fkzalgiris.lt\/","name":"FK \u017dalgiris","description":"oficiali Vilniaus \u201e\u017dalgirio\u201c futbolo klubo svetain\u0117","publisher":{"@id":"https:\/\/fkzalgiris.lt\/#organization"},"potentialAction":[{"@type":"SearchAction","target":{"@type":"EntryPoint","urlTemplate":"https:\/\/fkzalgiris.lt\/?s={search_term_string}"},"query-input":{"@type":"PropertyValueSpecification","valueRequired":true,"valueName":"search_term_string"}}],"inLanguage":"lt-LT"},{"@type":"Organization","@id":"https:\/\/fkzalgiris.lt\/#organization","name":"FK \u017dalgiris","url":"https:\/\/fkzalgiris.lt\/","logo":{"@type":"ImageObject","inLanguage":"lt-LT","@id":"https:\/\/fkzalgiris.lt\/#\/schema\/logo\/image\/","url":"https:\/\/fkzalgiris.lt\/wp-content\/uploads\/2024\/01\/horiz-FK-Zalgiris-logo-2015.png","contentUrl":"https:\/\/fkzalgiris.lt\/wp-content\/uploads\/2024\/01\/horiz-FK-Zalgiris-logo-2015.png","width":3073,"height":2048,"caption":"FK \u017dalgiris"},"image":{"@id":"https:\/\/fkzalgiris.lt\/#\/schema\/logo\/image\/"},"sameAs":["https:\/\/www.facebook.com\/fkzalgiris\/","https:\/\/x.com\/fkzalgiris","https:\/\/www.instagram.com\/fkzalgiris\/","https:\/\/www.youtube.com\/channel\/UC1ag8JLxGirltMUoLlzfZLA"]},{"@type":"Person","@id":"https:\/\/fkzalgiris.lt\/#\/schema\/person\/8604babbba794a7d8767be324a3eaac8","name":"J"}]}},"_links":{"self":[{"href":"https:\/\/fkzalgiris.lt\/api\/wp\/v2\/posts\/14311","targetHints":{"allow":["GET"]}}],"collection":[{"href":"https:\/\/fkzalgiris.lt\/api\/wp\/v2\/posts"}],"about":[{"href":"https:\/\/fkzalgiris.lt\/api\/wp\/v2\/types\/post"}],"author":[{"embeddable":true,"href":"https:\/\/fkzalgiris.lt\/api\/wp\/v2\/users\/4"}],"replies":[{"embeddable":true,"href":"https:\/\/fkzalgiris.lt\/api\/wp\/v2\/comments?post=14311"}],"version-history":[{"count":5,"href":"https:\/\/fkzalgiris.lt\/api\/wp\/v2\/posts\/14311\/revisions"}],"predecessor-version":[{"id":14361,"href":"https:\/\/fkzalgiris.lt\/api\/wp\/v2\/posts\/14311\/revisions\/14361"}],"wp:attachment":[{"href":"https:\/\/fkzalgiris.lt\/api\/wp\/v2\/media?parent=14311"}],"wp:term":[{"taxonomy":"category","embeddable":true,"href":"https:\/\/fkzalgiris.lt\/api\/wp\/v2\/categories?post=14311"}],"curies":[{"name":"wp","href":"https:\/\/api.w.org\/{rel}","templated":true}]}}