{"id":14115,"date":"2024-01-09T11:50:57","date_gmt":"2024-01-09T09:50:57","guid":{"rendered":"https:\/\/fkzalgiris.lt\/?p=14115"},"modified":"2024-01-09T11:53:42","modified_gmt":"2024-01-09T09:53:42","slug":"v-ceburinas-matome-jaunimo-degancias-akis","status":"publish","type":"post","link":"https:\/\/fkzalgiris.lt\/v-ceburinas-matome-jaunimo-degancias-akis\/","title":{"rendered":"V. \u010ceburinas: \u201eMatome jaunimo degan\u010dias akis\u201c"},"content":{"rendered":"<p>\u201e\u017dalgirio\u201c treneris Vladimiras \u010ceburinas po pirmosios komandos treniruot\u0117s pasidalino mintimis apie pasiruo\u0161im\u0105 sezonui, nauj\u0105 komandos kapiton\u0105 ir jaunuosius \u017eaid\u0117jus.<\/p>\n<p>\u201ePozityvios mintys, susirinkome, \u012fvyko pirma treniruot\u0117. Daug jaunimo. Pra\u0117jusio sezono \u017eaid\u0117jai ir tie kurie papild\u0117. Laukiame dar \u017eaid\u0117j\u0173 atvykstant. Prad\u017eia yra. Yra tikslai, kuriuos sieksime \u012fgyvendinti. Pasiruo\u0161imas bus pana\u0161us, nuo sausio 8 iki kovo prad\u017eios, kai startuos A lyga. Su\u017eaisime nema\u017eai kontrolini\u0173 rungtyniu M\u016bs\u0173 tikslas sud\u0117ties atranka. Atsirinkti tuos \u017eaid\u0117jus, kurie rungtyniaus. Yra tam tikr\u0173 pasikeitim\u0173. Veiksmus koreguosime pagal s\u0105lygas. Einame \u012f priek\u012f\u201c, \u2013 kalb\u0117jo treneris.<\/p>\n<p>Anot jo, komandos dar laukia \u017eaid\u0117j\u0173 papildymas, nes su nema\u017ea dalimi \u017eaid\u0117j\u0173 po pra\u0117jusio sezono atsisveikinta: \u201eKai kuri\u0173 kontraktai baig\u0117si, su kai kuriais patys neprat\u0119s\u0117me. Komplektacija vyksta ir dar vyks kur\u012f laik\u0105.\u201c<\/p>\n<p><img loading=\"lazy\" decoding=\"async\" class=\"alignnone wp-image-14125\" src=\"https:\/\/fkzalgiris.lt\/wp-content\/uploads\/2024\/01\/foto-Elvis-Zaldaris-86-1024x683.jpg\" alt=\"\" width=\"650\" height=\"433\" srcset=\"https:\/\/fkzalgiris.lt\/wp-content\/uploads\/2024\/01\/foto-Elvis-Zaldaris-86-1024x683.jpg 1024w, https:\/\/fkzalgiris.lt\/wp-content\/uploads\/2024\/01\/foto-Elvis-Zaldaris-86-300x200.jpg 300w, https:\/\/fkzalgiris.lt\/wp-content\/uploads\/2024\/01\/foto-Elvis-Zaldaris-86-768x512.jpg 768w, https:\/\/fkzalgiris.lt\/wp-content\/uploads\/2024\/01\/foto-Elvis-Zaldaris-86-1536x1024.jpg 1536w, https:\/\/fkzalgiris.lt\/wp-content\/uploads\/2024\/01\/foto-Elvis-Zaldaris-86-150x100.jpg 150w, https:\/\/fkzalgiris.lt\/wp-content\/uploads\/2024\/01\/foto-Elvis-Zaldaris-86-840x560.jpg 840w, https:\/\/fkzalgiris.lt\/wp-content\/uploads\/2024\/01\/foto-Elvis-Zaldaris-86-570x380.jpg 570w, https:\/\/fkzalgiris.lt\/wp-content\/uploads\/2024\/01\/foto-Elvis-Zaldaris-86-30x20.jpg 30w, https:\/\/fkzalgiris.lt\/wp-content\/uploads\/2024\/01\/foto-Elvis-Zaldaris-86.jpg 2048w\" sizes=\"auto, (max-width: 650px) 100vw, 650px\" \/><\/p>\n<p>Treneris pa\u017eym\u0117jo, jog komandos tikslai i\u0161 esm\u0117s nesikei\u010dia. \u201e\u017dalgiriui\u201c visada vienas tikslas \u2013 b\u016bti pirmiems, laim\u0117ti taur\u0119. Nenura\u0161ome ir tikslo siekti patekti \u012f Konferencij\u0173 lygos grupes. \u017dinoma, reik\u0117s sunkiai kautis norint susigr\u0105\u017einti trof\u0117jus. Susigr\u0105\u017einti, nes tai visuomet m\u016bs\u0173 pagrindinis tikslas \u2013 b\u016bti pirmiems, tapti \u010dempionais. Bus sunku, bet tam ruo\u0161iam\u0117s.\u201c<\/p>\n<p>Prie\u0161 pirm\u0105j\u0105 treniruot\u0119 pristatytas komandos kapitonas ir du vicekapitonai.<\/p>\n<p>\u201eKapitonu bus Ovidijus Verbickas. Jis jau kur\u012f laik\u0105 yra \u010dia ir kitose komandose demonstravo stabilum\u0105 Matome j\u012f komandos kapitonu. Du vicekapitonai \u2013 Kendy\u0161as ir Bopesu. Kendy\u0161as tai naujas vicekapitonas, o Bopesu juo buvo pernai. Prad\u017eioje tur\u0117sime kapiton\u0105 ir du vicekapitonus. Toliau \u017ei\u016br\u0117sime.\u201c<br \/>\nPirmoje treniruot\u0117je dalyvavo ir keliolika jaun\u0173j\u0173 klubo akademijos aukl\u0117tini\u0173, kuriuos V. \u010ceburinas jau buvo \u012fvertin\u0119s ir pra\u0117jusio sezono pabaigoje.<\/p>\n<p>\u201eD\u017eiugu kad akademija ir jos aukl\u0117tiniai jau pilnai \u201e\u017dalgirio\u201c dalis. Skirsime tam daug d\u0117mesio ir laiko. Kad tas jaunimas tapt\u0173 \u201e\u017dalgirio\u201c ateitimi. Matome, jog jie turi didel\u012f nor\u0105. Turime \u012fvairaus am\u017eiaus \u017eaid\u0117j\u0173. Yra toki\u0173, kur jau turi eiti \u012f auk\u0161tesn\u012f lyg\u012f. Ne tik \u017eaisti u\u017e B komand\u0105, o konkuruoti d\u0117l vietos auk\u0161\u010diau. Jei t\u0105 konkurencij\u0105 jie laim\u0117s, d\u017eiaugsim\u0117s tuo. \u0160iandien matome didel\u012f nor\u0105, degan\u010dias akis. Tas j\u0173 noras b\u016bti \u010dia labai d\u017eiugina. Yra galutinis tikslas, jis svarbus. Galutinis akademijos tikslas \u2013 \u201e\u017dalgiris\u201c. Sieksime, kad jie gal\u0117t\u0173 papildyti m\u016bs\u0173 pagrindin\u0119 komand\u0105\u201c, \u2013 teig\u0117 treneris.<\/p>\n","protected":false},"excerpt":{"rendered":"<p>\u201e\u017dalgirio\u201c treneris Vladimiras \u010ceburinas po pirmosios komandos treniruot\u0117s pasidalino mintimis apie pasiruo\u0161im\u0105 sezonui, nauj\u0105 komandos kapiton\u0105 ir jaunuosius \u017eaid\u0117jus. \u201ePozityvios mintys, susirinkome, \u012fvyko pirma treniruot\u0117.\u2026<\/p>\n","protected":false},"author":4,"featured_media":0,"comment_status":"closed","ping_status":"closed","sticky":false,"template":"","format":"standard","meta":{"_acf_changed":false,"footnotes":""},"categories":[87],"class_list":["post-14115","post","type-post","status-publish","format-standard","hentry","category-zalgiris"],"acf":[],"yoast_head":"<!-- This site is optimized with the Yoast SEO plugin v26.8 - https:\/\/yoast.com\/product\/yoast-seo-wordpress\/ -->\n<title>V. \u010ceburinas: \u201eMatome jaunimo degan\u010dias akis\u201c - FK \u017dalgiris<\/title>\n<meta name=\"robots\" content=\"index, follow, max-snippet:-1, max-image-preview:large, max-video-preview:-1\" \/>\n<link rel=\"canonical\" href=\"https:\/\/fkzalgiris.lt\/v-ceburinas-matome-jaunimo-degancias-akis\/\" \/>\n<meta property=\"og:locale\" content=\"lt_LT\" \/>\n<meta property=\"og:type\" content=\"article\" \/>\n<meta property=\"og:title\" content=\"V. \u010ceburinas: \u201eMatome jaunimo degan\u010dias akis\u201c - FK \u017dalgiris\" \/>\n<meta property=\"og:description\" content=\"\u201e\u017dalgirio\u201c treneris Vladimiras \u010ceburinas po pirmosios komandos treniruot\u0117s pasidalino mintimis apie pasiruo\u0161im\u0105 sezonui, nauj\u0105 komandos kapiton\u0105 ir jaunuosius \u017eaid\u0117jus. \u201ePozityvios mintys, susirinkome, \u012fvyko pirma treniruot\u0117.\u2026\" \/>\n<meta property=\"og:url\" content=\"https:\/\/fkzalgiris.lt\/v-ceburinas-matome-jaunimo-degancias-akis\/\" \/>\n<meta property=\"og:site_name\" content=\"FK \u017dalgiris\" \/>\n<meta property=\"article:publisher\" content=\"https:\/\/www.facebook.com\/fkzalgiris\/\" \/>\n<meta property=\"article:published_time\" content=\"2024-01-09T09:50:57+00:00\" \/>\n<meta property=\"article:modified_time\" content=\"2024-01-09T09:53:42+00:00\" \/>\n<meta property=\"og:image\" content=\"https:\/\/fkzalgiris.lt\/wp-content\/uploads\/2024\/01\/foto-Elvis-Zaldaris-86.jpg\" \/>\n\t<meta property=\"og:image:width\" content=\"2048\" \/>\n\t<meta property=\"og:image:height\" content=\"1365\" \/>\n\t<meta property=\"og:image:type\" content=\"image\/jpeg\" \/>\n<meta name=\"author\" content=\"J\" \/>\n<meta name=\"twitter:card\" content=\"summary_large_image\" \/>\n<meta name=\"twitter:creator\" content=\"@fkzalgiris\" \/>\n<meta name=\"twitter:site\" content=\"@fkzalgiris\" \/>\n<meta name=\"twitter:label1\" content=\"Written by\" \/>\n\t<meta name=\"twitter:data1\" content=\"J\" \/>\n\t<meta name=\"twitter:label2\" content=\"Est. reading time\" \/>\n\t<meta name=\"twitter:data2\" content=\"2 minut\u0117s\" \/>\n<script type=\"application\/ld+json\" class=\"yoast-schema-graph\">{\"@context\":\"https:\/\/schema.org\",\"@graph\":[{\"@type\":\"Article\",\"@id\":\"https:\/\/fkzalgiris.lt\/v-ceburinas-matome-jaunimo-degancias-akis\/#article\",\"isPartOf\":{\"@id\":\"https:\/\/fkzalgiris.lt\/v-ceburinas-matome-jaunimo-degancias-akis\/\"},\"author\":{\"name\":\"J\",\"@id\":\"https:\/\/fkzalgiris.lt\/#\/schema\/person\/8604babbba794a7d8767be324a3eaac8\"},\"headline\":\"V. \u010ceburinas: \u201eMatome jaunimo degan\u010dias akis\u201c\",\"datePublished\":\"2024-01-09T09:50:57+00:00\",\"dateModified\":\"2024-01-09T09:53:42+00:00\",\"mainEntityOfPage\":{\"@id\":\"https:\/\/fkzalgiris.lt\/v-ceburinas-matome-jaunimo-degancias-akis\/\"},\"wordCount\":394,\"publisher\":{\"@id\":\"https:\/\/fkzalgiris.lt\/#organization\"},\"image\":{\"@id\":\"https:\/\/fkzalgiris.lt\/v-ceburinas-matome-jaunimo-degancias-akis\/#primaryimage\"},\"thumbnailUrl\":\"https:\/\/fkzalgiris.lt\/wp-content\/uploads\/2024\/01\/foto-Elvis-Zaldaris-86-1024x683.jpg\",\"articleSection\":[\"\u017dalgiris\"],\"inLanguage\":\"lt-LT\"},{\"@type\":\"WebPage\",\"@id\":\"https:\/\/fkzalgiris.lt\/v-ceburinas-matome-jaunimo-degancias-akis\/\",\"url\":\"https:\/\/fkzalgiris.lt\/v-ceburinas-matome-jaunimo-degancias-akis\/\",\"name\":\"V. \u010ceburinas: \u201eMatome jaunimo degan\u010dias akis\u201c - FK \u017dalgiris\",\"isPartOf\":{\"@id\":\"https:\/\/fkzalgiris.lt\/#website\"},\"primaryImageOfPage\":{\"@id\":\"https:\/\/fkzalgiris.lt\/v-ceburinas-matome-jaunimo-degancias-akis\/#primaryimage\"},\"image\":{\"@id\":\"https:\/\/fkzalgiris.lt\/v-ceburinas-matome-jaunimo-degancias-akis\/#primaryimage\"},\"thumbnailUrl\":\"https:\/\/fkzalgiris.lt\/wp-content\/uploads\/2024\/01\/foto-Elvis-Zaldaris-86-1024x683.jpg\",\"datePublished\":\"2024-01-09T09:50:57+00:00\",\"dateModified\":\"2024-01-09T09:53:42+00:00\",\"breadcrumb\":{\"@id\":\"https:\/\/fkzalgiris.lt\/v-ceburinas-matome-jaunimo-degancias-akis\/#breadcrumb\"},\"inLanguage\":\"lt-LT\",\"potentialAction\":[{\"@type\":\"ReadAction\",\"target\":[\"https:\/\/fkzalgiris.lt\/v-ceburinas-matome-jaunimo-degancias-akis\/\"]}]},{\"@type\":\"ImageObject\",\"inLanguage\":\"lt-LT\",\"@id\":\"https:\/\/fkzalgiris.lt\/v-ceburinas-matome-jaunimo-degancias-akis\/#primaryimage\",\"url\":\"https:\/\/fkzalgiris.lt\/wp-content\/uploads\/2024\/01\/foto-Elvis-Zaldaris-86.jpg\",\"contentUrl\":\"https:\/\/fkzalgiris.lt\/wp-content\/uploads\/2024\/01\/foto-Elvis-Zaldaris-86.jpg\",\"width\":2048,\"height\":1365},{\"@type\":\"BreadcrumbList\",\"@id\":\"https:\/\/fkzalgiris.lt\/v-ceburinas-matome-jaunimo-degancias-akis\/#breadcrumb\",\"itemListElement\":[{\"@type\":\"ListItem\",\"position\":1,\"name\":\"Home\",\"item\":\"https:\/\/fkzalgiris.lt\/\"},{\"@type\":\"ListItem\",\"position\":2,\"name\":\"V. \u010ceburinas: \u201eMatome jaunimo degan\u010dias akis\u201c\"}]},{\"@type\":\"WebSite\",\"@id\":\"https:\/\/fkzalgiris.lt\/#website\",\"url\":\"https:\/\/fkzalgiris.lt\/\",\"name\":\"FK \u017dalgiris\",\"description\":\"oficiali Vilniaus \u201e\u017dalgirio\u201c futbolo klubo svetain\u0117\",\"publisher\":{\"@id\":\"https:\/\/fkzalgiris.lt\/#organization\"},\"potentialAction\":[{\"@type\":\"SearchAction\",\"target\":{\"@type\":\"EntryPoint\",\"urlTemplate\":\"https:\/\/fkzalgiris.lt\/?s={search_term_string}\"},\"query-input\":{\"@type\":\"PropertyValueSpecification\",\"valueRequired\":true,\"valueName\":\"search_term_string\"}}],\"inLanguage\":\"lt-LT\"},{\"@type\":\"Organization\",\"@id\":\"https:\/\/fkzalgiris.lt\/#organization\",\"name\":\"FK \u017dalgiris\",\"url\":\"https:\/\/fkzalgiris.lt\/\",\"logo\":{\"@type\":\"ImageObject\",\"inLanguage\":\"lt-LT\",\"@id\":\"https:\/\/fkzalgiris.lt\/#\/schema\/logo\/image\/\",\"url\":\"https:\/\/fkzalgiris.lt\/wp-content\/uploads\/2024\/01\/horiz-FK-Zalgiris-logo-2015.png\",\"contentUrl\":\"https:\/\/fkzalgiris.lt\/wp-content\/uploads\/2024\/01\/horiz-FK-Zalgiris-logo-2015.png\",\"width\":3073,\"height\":2048,\"caption\":\"FK \u017dalgiris\"},\"image\":{\"@id\":\"https:\/\/fkzalgiris.lt\/#\/schema\/logo\/image\/\"},\"sameAs\":[\"https:\/\/www.facebook.com\/fkzalgiris\/\",\"https:\/\/x.com\/fkzalgiris\",\"https:\/\/www.instagram.com\/fkzalgiris\/\",\"https:\/\/www.youtube.com\/channel\/UC1ag8JLxGirltMUoLlzfZLA\"]},{\"@type\":\"Person\",\"@id\":\"https:\/\/fkzalgiris.lt\/#\/schema\/person\/8604babbba794a7d8767be324a3eaac8\",\"name\":\"J\"}]}<\/script>\n<!-- \/ Yoast SEO plugin. -->","yoast_head_json":{"title":"V. \u010ceburinas: \u201eMatome jaunimo degan\u010dias akis\u201c - FK \u017dalgiris","robots":{"index":"index","follow":"follow","max-snippet":"max-snippet:-1","max-image-preview":"max-image-preview:large","max-video-preview":"max-video-preview:-1"},"canonical":"https:\/\/fkzalgiris.lt\/v-ceburinas-matome-jaunimo-degancias-akis\/","og_locale":"lt_LT","og_type":"article","og_title":"V. \u010ceburinas: \u201eMatome jaunimo degan\u010dias akis\u201c - FK \u017dalgiris","og_description":"\u201e\u017dalgirio\u201c treneris Vladimiras \u010ceburinas po pirmosios komandos treniruot\u0117s pasidalino mintimis apie pasiruo\u0161im\u0105 sezonui, nauj\u0105 komandos kapiton\u0105 ir jaunuosius \u017eaid\u0117jus. \u201ePozityvios mintys, susirinkome, \u012fvyko pirma treniruot\u0117.\u2026","og_url":"https:\/\/fkzalgiris.lt\/v-ceburinas-matome-jaunimo-degancias-akis\/","og_site_name":"FK \u017dalgiris","article_publisher":"https:\/\/www.facebook.com\/fkzalgiris\/","article_published_time":"2024-01-09T09:50:57+00:00","article_modified_time":"2024-01-09T09:53:42+00:00","og_image":[{"width":2048,"height":1365,"url":"https:\/\/fkzalgiris.lt\/wp-content\/uploads\/2024\/01\/foto-Elvis-Zaldaris-86.jpg","type":"image\/jpeg"}],"author":"J","twitter_card":"summary_large_image","twitter_creator":"@fkzalgiris","twitter_site":"@fkzalgiris","twitter_misc":{"Written by":"J","Est. reading time":"2 minut\u0117s"},"schema":{"@context":"https:\/\/schema.org","@graph":[{"@type":"Article","@id":"https:\/\/fkzalgiris.lt\/v-ceburinas-matome-jaunimo-degancias-akis\/#article","isPartOf":{"@id":"https:\/\/fkzalgiris.lt\/v-ceburinas-matome-jaunimo-degancias-akis\/"},"author":{"name":"J","@id":"https:\/\/fkzalgiris.lt\/#\/schema\/person\/8604babbba794a7d8767be324a3eaac8"},"headline":"V. \u010ceburinas: \u201eMatome jaunimo degan\u010dias akis\u201c","datePublished":"2024-01-09T09:50:57+00:00","dateModified":"2024-01-09T09:53:42+00:00","mainEntityOfPage":{"@id":"https:\/\/fkzalgiris.lt\/v-ceburinas-matome-jaunimo-degancias-akis\/"},"wordCount":394,"publisher":{"@id":"https:\/\/fkzalgiris.lt\/#organization"},"image":{"@id":"https:\/\/fkzalgiris.lt\/v-ceburinas-matome-jaunimo-degancias-akis\/#primaryimage"},"thumbnailUrl":"https:\/\/fkzalgiris.lt\/wp-content\/uploads\/2024\/01\/foto-Elvis-Zaldaris-86-1024x683.jpg","articleSection":["\u017dalgiris"],"inLanguage":"lt-LT"},{"@type":"WebPage","@id":"https:\/\/fkzalgiris.lt\/v-ceburinas-matome-jaunimo-degancias-akis\/","url":"https:\/\/fkzalgiris.lt\/v-ceburinas-matome-jaunimo-degancias-akis\/","name":"V. \u010ceburinas: \u201eMatome jaunimo degan\u010dias akis\u201c - FK \u017dalgiris","isPartOf":{"@id":"https:\/\/fkzalgiris.lt\/#website"},"primaryImageOfPage":{"@id":"https:\/\/fkzalgiris.lt\/v-ceburinas-matome-jaunimo-degancias-akis\/#primaryimage"},"image":{"@id":"https:\/\/fkzalgiris.lt\/v-ceburinas-matome-jaunimo-degancias-akis\/#primaryimage"},"thumbnailUrl":"https:\/\/fkzalgiris.lt\/wp-content\/uploads\/2024\/01\/foto-Elvis-Zaldaris-86-1024x683.jpg","datePublished":"2024-01-09T09:50:57+00:00","dateModified":"2024-01-09T09:53:42+00:00","breadcrumb":{"@id":"https:\/\/fkzalgiris.lt\/v-ceburinas-matome-jaunimo-degancias-akis\/#breadcrumb"},"inLanguage":"lt-LT","potentialAction":[{"@type":"ReadAction","target":["https:\/\/fkzalgiris.lt\/v-ceburinas-matome-jaunimo-degancias-akis\/"]}]},{"@type":"ImageObject","inLanguage":"lt-LT","@id":"https:\/\/fkzalgiris.lt\/v-ceburinas-matome-jaunimo-degancias-akis\/#primaryimage","url":"https:\/\/fkzalgiris.lt\/wp-content\/uploads\/2024\/01\/foto-Elvis-Zaldaris-86.jpg","contentUrl":"https:\/\/fkzalgiris.lt\/wp-content\/uploads\/2024\/01\/foto-Elvis-Zaldaris-86.jpg","width":2048,"height":1365},{"@type":"BreadcrumbList","@id":"https:\/\/fkzalgiris.lt\/v-ceburinas-matome-jaunimo-degancias-akis\/#breadcrumb","itemListElement":[{"@type":"ListItem","position":1,"name":"Home","item":"https:\/\/fkzalgiris.lt\/"},{"@type":"ListItem","position":2,"name":"V. \u010ceburinas: \u201eMatome jaunimo degan\u010dias akis\u201c"}]},{"@type":"WebSite","@id":"https:\/\/fkzalgiris.lt\/#website","url":"https:\/\/fkzalgiris.lt\/","name":"FK \u017dalgiris","description":"oficiali Vilniaus \u201e\u017dalgirio\u201c futbolo klubo svetain\u0117","publisher":{"@id":"https:\/\/fkzalgiris.lt\/#organization"},"potentialAction":[{"@type":"SearchAction","target":{"@type":"EntryPoint","urlTemplate":"https:\/\/fkzalgiris.lt\/?s={search_term_string}"},"query-input":{"@type":"PropertyValueSpecification","valueRequired":true,"valueName":"search_term_string"}}],"inLanguage":"lt-LT"},{"@type":"Organization","@id":"https:\/\/fkzalgiris.lt\/#organization","name":"FK \u017dalgiris","url":"https:\/\/fkzalgiris.lt\/","logo":{"@type":"ImageObject","inLanguage":"lt-LT","@id":"https:\/\/fkzalgiris.lt\/#\/schema\/logo\/image\/","url":"https:\/\/fkzalgiris.lt\/wp-content\/uploads\/2024\/01\/horiz-FK-Zalgiris-logo-2015.png","contentUrl":"https:\/\/fkzalgiris.lt\/wp-content\/uploads\/2024\/01\/horiz-FK-Zalgiris-logo-2015.png","width":3073,"height":2048,"caption":"FK \u017dalgiris"},"image":{"@id":"https:\/\/fkzalgiris.lt\/#\/schema\/logo\/image\/"},"sameAs":["https:\/\/www.facebook.com\/fkzalgiris\/","https:\/\/x.com\/fkzalgiris","https:\/\/www.instagram.com\/fkzalgiris\/","https:\/\/www.youtube.com\/channel\/UC1ag8JLxGirltMUoLlzfZLA"]},{"@type":"Person","@id":"https:\/\/fkzalgiris.lt\/#\/schema\/person\/8604babbba794a7d8767be324a3eaac8","name":"J"}]}},"_links":{"self":[{"href":"https:\/\/fkzalgiris.lt\/api\/wp\/v2\/posts\/14115","targetHints":{"allow":["GET"]}}],"collection":[{"href":"https:\/\/fkzalgiris.lt\/api\/wp\/v2\/posts"}],"about":[{"href":"https:\/\/fkzalgiris.lt\/api\/wp\/v2\/types\/post"}],"author":[{"embeddable":true,"href":"https:\/\/fkzalgiris.lt\/api\/wp\/v2\/users\/4"}],"replies":[{"embeddable":true,"href":"https:\/\/fkzalgiris.lt\/api\/wp\/v2\/comments?post=14115"}],"version-history":[{"count":3,"href":"https:\/\/fkzalgiris.lt\/api\/wp\/v2\/posts\/14115\/revisions"}],"predecessor-version":[{"id":14126,"href":"https:\/\/fkzalgiris.lt\/api\/wp\/v2\/posts\/14115\/revisions\/14126"}],"wp:attachment":[{"href":"https:\/\/fkzalgiris.lt\/api\/wp\/v2\/media?parent=14115"}],"wp:term":[{"taxonomy":"category","embeddable":true,"href":"https:\/\/fkzalgiris.lt\/api\/wp\/v2\/categories?post=14115"}],"curies":[{"name":"wp","href":"https:\/\/api.w.org\/{rel}","templated":true}]}}