{"id":14112,"date":"2024-01-09T11:50:42","date_gmt":"2024-01-09T09:50:42","guid":{"rendered":"https:\/\/fkzalgiris.lt\/?p=14112"},"modified":"2024-01-09T11:53:59","modified_gmt":"2024-01-09T09:53:59","slug":"kapitonu-tapes-o-verbickas-visi-turime-siekti-to-pacio-tikslo","status":"publish","type":"post","link":"https:\/\/fkzalgiris.lt\/kapitonu-tapes-o-verbickas-visi-turime-siekti-to-pacio-tikslo\/","title":{"rendered":"Kapitonu tap\u0119s O. Verbickas: \u201eVisi turime siekti to pa\u010dio tikslo\u201c"},"content":{"rendered":"<p>\u201e\u017dalgirio\u201c komanda nauj\u0105 sezon\u0105 pradeda su nauju kapitonu. Prie\u0161 pirm\u0105j\u0105 met\u0173 treniruot\u0119 pristatytas \u0161ias pareigas u\u017eimsiantis Ovidijus Verbickas.<\/p>\n<p>30 met\u0173 \u017eaid\u0117jui tai bus ketvirtasis sezonas komandoje \u2013 pagal sukaupt\u0105 patirt\u012f sostin\u0117je ir apskritai futbole jis yra vienas vyriausi\u0173 \u017ealgirie\u010di\u0173. Pra\u0117jus\u012f sezon\u0105 O. Verbickas buvo vienas i\u0161 komandos vicekapiton\u0173.<\/p>\n<p>\u201eToks pripa\u017einimas nustebino. Tai didelis pasitik\u0117jimas i\u0161 trenerio, klubo vadov\u0117s. \u017dinoma, Sauli\u0173 Mikoli\u016bn\u0105 pakeisti bus sunku. Tai yra \u017emogus i\u0161 did\u017eiosios raid\u0117s. Bet visi turime siekti to pa\u010dio tikslo ir tai n\u0117ra vien kapitono u\u017eduotis\u201c, &#8211; kalb\u0117jo O. Verbickas.<\/p>\n<p>Pirmadien\u012f jis su komandos draugais dalyvavo pirmoje treniruot\u0117je.<\/p>\n<p>\u201eLabai smagu, kad sugr\u012f\u017eome \u012f darbus, nes tur\u0117jome ilgas atostogas. Kas nesportavo, tur\u0117jo nusibosti nieko neveikti. Emocijos tikrai labai geros. Matosi, kad visi pails\u0117jo. Didelis noras darbui. Visi supranta, kad turime daug k\u0105 nuveikti \u0161\u012f sezon\u0105. Daug tiksl\u0173. Jei bus toks nusiteikimas iki sezono pabaigos \u2013 viskas pavyks\u201c, &#8211; sak\u0117 saugas.<\/p>\n<p><img loading=\"lazy\" decoding=\"async\" class=\"alignnone wp-image-14123\" src=\"https:\/\/fkzalgiris.lt\/wp-content\/uploads\/2024\/01\/foto-Elvis-Zaldaris-66-1024x683.jpg\" alt=\"\" width=\"650\" height=\"433\" srcset=\"https:\/\/fkzalgiris.lt\/wp-content\/uploads\/2024\/01\/foto-Elvis-Zaldaris-66-1024x683.jpg 1024w, https:\/\/fkzalgiris.lt\/wp-content\/uploads\/2024\/01\/foto-Elvis-Zaldaris-66-300x200.jpg 300w, https:\/\/fkzalgiris.lt\/wp-content\/uploads\/2024\/01\/foto-Elvis-Zaldaris-66-768x512.jpg 768w, https:\/\/fkzalgiris.lt\/wp-content\/uploads\/2024\/01\/foto-Elvis-Zaldaris-66-1536x1024.jpg 1536w, https:\/\/fkzalgiris.lt\/wp-content\/uploads\/2024\/01\/foto-Elvis-Zaldaris-66-150x100.jpg 150w, https:\/\/fkzalgiris.lt\/wp-content\/uploads\/2024\/01\/foto-Elvis-Zaldaris-66-840x560.jpg 840w, https:\/\/fkzalgiris.lt\/wp-content\/uploads\/2024\/01\/foto-Elvis-Zaldaris-66-570x380.jpg 570w, https:\/\/fkzalgiris.lt\/wp-content\/uploads\/2024\/01\/foto-Elvis-Zaldaris-66-30x20.jpg 30w, https:\/\/fkzalgiris.lt\/wp-content\/uploads\/2024\/01\/foto-Elvis-Zaldaris-66.jpg 2048w\" sizes=\"auto, (max-width: 650px) 100vw, 650px\" \/><\/p>\n<p>Su \u201e\u017dalgiriu\u201c po pra\u0117jusio sezono atsisveikino 9 \u017eaid\u0117jai, dar keli turi galimyb\u0119 rinktis naujas komandas. Pasak O. Verbicko, permainos komandoje n\u0117ra naujas dalykas.<\/p>\n<p>\u201eKasmet pasikei\u010dia daug \u017eaid\u0117j\u0173. Ai\u0161ku, labai daug kas nuo j\u0173 priklauso, kaip jiems pavyks prisitaikyti. Mes, komandos senbuviai, \u012fd\u0117sime visas pastangas kad jie \u012fsiliet\u0173 ir mums ne\u0161t\u0173 ger\u0105 rezultat\u0105\u201c, &#8211; teig\u0117 kapitonas.<\/p>\n<p>Paklaustas, kokius tikslus regi \u0161iems metams, O. Verbickas atsak\u0117: \u201e\u017dalgiryje\u201c niekada neb\u016bna ma\u017e\u0173 tiksl\u0173. Visuomet auk\u0161\u010diausi. Laim\u0117ti visas taures, \u010dempionat\u0105. Visada keliami auk\u0161\u010diausi tikslai, manau kad ir \u0161iais bus tas pats.\u201c<\/p>\n","protected":false},"excerpt":{"rendered":"<p>\u201e\u017dalgirio\u201c komanda nauj\u0105 sezon\u0105 pradeda su nauju kapitonu. Prie\u0161 pirm\u0105j\u0105 met\u0173 treniruot\u0119 pristatytas \u0161ias pareigas u\u017eimsiantis Ovidijus Verbickas. 30 met\u0173 \u017eaid\u0117jui tai bus ketvirtasis sezonas\u2026<\/p>\n","protected":false},"author":4,"featured_media":0,"comment_status":"closed","ping_status":"closed","sticky":false,"template":"","format":"standard","meta":{"_acf_changed":false,"footnotes":""},"categories":[1],"class_list":["post-14112","post","type-post","status-publish","format-standard","hentry","category-be-kategorijos"],"acf":[],"yoast_head":"<!-- This site is optimized with the Yoast SEO plugin v26.8 - https:\/\/yoast.com\/product\/yoast-seo-wordpress\/ -->\n<title>Kapitonu tap\u0119s O. Verbickas: \u201eVisi turime siekti to pa\u010dio tikslo\u201c - FK \u017dalgiris<\/title>\n<meta name=\"robots\" content=\"index, follow, max-snippet:-1, max-image-preview:large, max-video-preview:-1\" \/>\n<link rel=\"canonical\" href=\"https:\/\/fkzalgiris.lt\/kapitonu-tapes-o-verbickas-visi-turime-siekti-to-pacio-tikslo\/\" \/>\n<meta property=\"og:locale\" content=\"lt_LT\" \/>\n<meta property=\"og:type\" content=\"article\" \/>\n<meta property=\"og:title\" content=\"Kapitonu tap\u0119s O. Verbickas: \u201eVisi turime siekti to pa\u010dio tikslo\u201c - FK \u017dalgiris\" \/>\n<meta property=\"og:description\" content=\"\u201e\u017dalgirio\u201c komanda nauj\u0105 sezon\u0105 pradeda su nauju kapitonu. Prie\u0161 pirm\u0105j\u0105 met\u0173 treniruot\u0119 pristatytas \u0161ias pareigas u\u017eimsiantis Ovidijus Verbickas. 30 met\u0173 \u017eaid\u0117jui tai bus ketvirtasis sezonas\u2026\" \/>\n<meta property=\"og:url\" content=\"https:\/\/fkzalgiris.lt\/kapitonu-tapes-o-verbickas-visi-turime-siekti-to-pacio-tikslo\/\" \/>\n<meta property=\"og:site_name\" content=\"FK \u017dalgiris\" \/>\n<meta property=\"article:publisher\" content=\"https:\/\/www.facebook.com\/fkzalgiris\/\" \/>\n<meta property=\"article:published_time\" content=\"2024-01-09T09:50:42+00:00\" \/>\n<meta property=\"article:modified_time\" content=\"2024-01-09T09:53:59+00:00\" \/>\n<meta property=\"og:image\" content=\"https:\/\/fkzalgiris.lt\/wp-content\/uploads\/2024\/01\/foto-Elvis-Zaldaris-66-1024x683.jpg\" \/>\n\t<meta property=\"og:image:width\" content=\"1024\" \/>\n\t<meta property=\"og:image:height\" content=\"683\" \/>\n\t<meta property=\"og:image:type\" content=\"image\/jpeg\" \/>\n<meta name=\"author\" content=\"J\" \/>\n<meta name=\"twitter:card\" content=\"summary_large_image\" \/>\n<meta name=\"twitter:creator\" content=\"@fkzalgiris\" \/>\n<meta name=\"twitter:site\" content=\"@fkzalgiris\" \/>\n<meta name=\"twitter:label1\" content=\"Written by\" \/>\n\t<meta name=\"twitter:data1\" content=\"J\" \/>\n\t<meta name=\"twitter:label2\" content=\"Est. reading time\" \/>\n\t<meta name=\"twitter:data2\" content=\"2 minut\u0117s\" \/>\n<script type=\"application\/ld+json\" class=\"yoast-schema-graph\">{\"@context\":\"https:\/\/schema.org\",\"@graph\":[{\"@type\":\"Article\",\"@id\":\"https:\/\/fkzalgiris.lt\/kapitonu-tapes-o-verbickas-visi-turime-siekti-to-pacio-tikslo\/#article\",\"isPartOf\":{\"@id\":\"https:\/\/fkzalgiris.lt\/kapitonu-tapes-o-verbickas-visi-turime-siekti-to-pacio-tikslo\/\"},\"author\":{\"name\":\"J\",\"@id\":\"https:\/\/fkzalgiris.lt\/#\/schema\/person\/8604babbba794a7d8767be324a3eaac8\"},\"headline\":\"Kapitonu tap\u0119s O. Verbickas: \u201eVisi turime siekti to pa\u010dio tikslo\u201c\",\"datePublished\":\"2024-01-09T09:50:42+00:00\",\"dateModified\":\"2024-01-09T09:53:59+00:00\",\"mainEntityOfPage\":{\"@id\":\"https:\/\/fkzalgiris.lt\/kapitonu-tapes-o-verbickas-visi-turime-siekti-to-pacio-tikslo\/\"},\"wordCount\":271,\"publisher\":{\"@id\":\"https:\/\/fkzalgiris.lt\/#organization\"},\"image\":{\"@id\":\"https:\/\/fkzalgiris.lt\/kapitonu-tapes-o-verbickas-visi-turime-siekti-to-pacio-tikslo\/#primaryimage\"},\"thumbnailUrl\":\"https:\/\/fkzalgiris.lt\/wp-content\/uploads\/2024\/01\/foto-Elvis-Zaldaris-66-1024x683.jpg\",\"inLanguage\":\"lt-LT\"},{\"@type\":\"WebPage\",\"@id\":\"https:\/\/fkzalgiris.lt\/kapitonu-tapes-o-verbickas-visi-turime-siekti-to-pacio-tikslo\/\",\"url\":\"https:\/\/fkzalgiris.lt\/kapitonu-tapes-o-verbickas-visi-turime-siekti-to-pacio-tikslo\/\",\"name\":\"Kapitonu tap\u0119s O. Verbickas: \u201eVisi turime siekti to pa\u010dio tikslo\u201c - FK \u017dalgiris\",\"isPartOf\":{\"@id\":\"https:\/\/fkzalgiris.lt\/#website\"},\"primaryImageOfPage\":{\"@id\":\"https:\/\/fkzalgiris.lt\/kapitonu-tapes-o-verbickas-visi-turime-siekti-to-pacio-tikslo\/#primaryimage\"},\"image\":{\"@id\":\"https:\/\/fkzalgiris.lt\/kapitonu-tapes-o-verbickas-visi-turime-siekti-to-pacio-tikslo\/#primaryimage\"},\"thumbnailUrl\":\"https:\/\/fkzalgiris.lt\/wp-content\/uploads\/2024\/01\/foto-Elvis-Zaldaris-66-1024x683.jpg\",\"datePublished\":\"2024-01-09T09:50:42+00:00\",\"dateModified\":\"2024-01-09T09:53:59+00:00\",\"breadcrumb\":{\"@id\":\"https:\/\/fkzalgiris.lt\/kapitonu-tapes-o-verbickas-visi-turime-siekti-to-pacio-tikslo\/#breadcrumb\"},\"inLanguage\":\"lt-LT\",\"potentialAction\":[{\"@type\":\"ReadAction\",\"target\":[\"https:\/\/fkzalgiris.lt\/kapitonu-tapes-o-verbickas-visi-turime-siekti-to-pacio-tikslo\/\"]}]},{\"@type\":\"ImageObject\",\"inLanguage\":\"lt-LT\",\"@id\":\"https:\/\/fkzalgiris.lt\/kapitonu-tapes-o-verbickas-visi-turime-siekti-to-pacio-tikslo\/#primaryimage\",\"url\":\"https:\/\/fkzalgiris.lt\/wp-content\/uploads\/2024\/01\/foto-Elvis-Zaldaris-66.jpg\",\"contentUrl\":\"https:\/\/fkzalgiris.lt\/wp-content\/uploads\/2024\/01\/foto-Elvis-Zaldaris-66.jpg\",\"width\":2048,\"height\":1365},{\"@type\":\"BreadcrumbList\",\"@id\":\"https:\/\/fkzalgiris.lt\/kapitonu-tapes-o-verbickas-visi-turime-siekti-to-pacio-tikslo\/#breadcrumb\",\"itemListElement\":[{\"@type\":\"ListItem\",\"position\":1,\"name\":\"Home\",\"item\":\"https:\/\/fkzalgiris.lt\/\"},{\"@type\":\"ListItem\",\"position\":2,\"name\":\"Kapitonu tap\u0119s O. Verbickas: \u201eVisi turime siekti to pa\u010dio tikslo\u201c\"}]},{\"@type\":\"WebSite\",\"@id\":\"https:\/\/fkzalgiris.lt\/#website\",\"url\":\"https:\/\/fkzalgiris.lt\/\",\"name\":\"FK \u017dalgiris\",\"description\":\"oficiali Vilniaus \u201e\u017dalgirio\u201c futbolo klubo svetain\u0117\",\"publisher\":{\"@id\":\"https:\/\/fkzalgiris.lt\/#organization\"},\"potentialAction\":[{\"@type\":\"SearchAction\",\"target\":{\"@type\":\"EntryPoint\",\"urlTemplate\":\"https:\/\/fkzalgiris.lt\/?s={search_term_string}\"},\"query-input\":{\"@type\":\"PropertyValueSpecification\",\"valueRequired\":true,\"valueName\":\"search_term_string\"}}],\"inLanguage\":\"lt-LT\"},{\"@type\":\"Organization\",\"@id\":\"https:\/\/fkzalgiris.lt\/#organization\",\"name\":\"FK \u017dalgiris\",\"url\":\"https:\/\/fkzalgiris.lt\/\",\"logo\":{\"@type\":\"ImageObject\",\"inLanguage\":\"lt-LT\",\"@id\":\"https:\/\/fkzalgiris.lt\/#\/schema\/logo\/image\/\",\"url\":\"https:\/\/fkzalgiris.lt\/wp-content\/uploads\/2024\/01\/horiz-FK-Zalgiris-logo-2015.png\",\"contentUrl\":\"https:\/\/fkzalgiris.lt\/wp-content\/uploads\/2024\/01\/horiz-FK-Zalgiris-logo-2015.png\",\"width\":3073,\"height\":2048,\"caption\":\"FK \u017dalgiris\"},\"image\":{\"@id\":\"https:\/\/fkzalgiris.lt\/#\/schema\/logo\/image\/\"},\"sameAs\":[\"https:\/\/www.facebook.com\/fkzalgiris\/\",\"https:\/\/x.com\/fkzalgiris\",\"https:\/\/www.instagram.com\/fkzalgiris\/\",\"https:\/\/www.youtube.com\/channel\/UC1ag8JLxGirltMUoLlzfZLA\"]},{\"@type\":\"Person\",\"@id\":\"https:\/\/fkzalgiris.lt\/#\/schema\/person\/8604babbba794a7d8767be324a3eaac8\",\"name\":\"J\"}]}<\/script>\n<!-- \/ Yoast SEO plugin. -->","yoast_head_json":{"title":"Kapitonu tap\u0119s O. Verbickas: \u201eVisi turime siekti to pa\u010dio tikslo\u201c - FK \u017dalgiris","robots":{"index":"index","follow":"follow","max-snippet":"max-snippet:-1","max-image-preview":"max-image-preview:large","max-video-preview":"max-video-preview:-1"},"canonical":"https:\/\/fkzalgiris.lt\/kapitonu-tapes-o-verbickas-visi-turime-siekti-to-pacio-tikslo\/","og_locale":"lt_LT","og_type":"article","og_title":"Kapitonu tap\u0119s O. Verbickas: \u201eVisi turime siekti to pa\u010dio tikslo\u201c - FK \u017dalgiris","og_description":"\u201e\u017dalgirio\u201c komanda nauj\u0105 sezon\u0105 pradeda su nauju kapitonu. Prie\u0161 pirm\u0105j\u0105 met\u0173 treniruot\u0119 pristatytas \u0161ias pareigas u\u017eimsiantis Ovidijus Verbickas. 30 met\u0173 \u017eaid\u0117jui tai bus ketvirtasis sezonas\u2026","og_url":"https:\/\/fkzalgiris.lt\/kapitonu-tapes-o-verbickas-visi-turime-siekti-to-pacio-tikslo\/","og_site_name":"FK \u017dalgiris","article_publisher":"https:\/\/www.facebook.com\/fkzalgiris\/","article_published_time":"2024-01-09T09:50:42+00:00","article_modified_time":"2024-01-09T09:53:59+00:00","og_image":[{"width":1024,"height":683,"url":"https:\/\/fkzalgiris.lt\/wp-content\/uploads\/2024\/01\/foto-Elvis-Zaldaris-66-1024x683.jpg","type":"image\/jpeg"}],"author":"J","twitter_card":"summary_large_image","twitter_creator":"@fkzalgiris","twitter_site":"@fkzalgiris","twitter_misc":{"Written by":"J","Est. reading time":"2 minut\u0117s"},"schema":{"@context":"https:\/\/schema.org","@graph":[{"@type":"Article","@id":"https:\/\/fkzalgiris.lt\/kapitonu-tapes-o-verbickas-visi-turime-siekti-to-pacio-tikslo\/#article","isPartOf":{"@id":"https:\/\/fkzalgiris.lt\/kapitonu-tapes-o-verbickas-visi-turime-siekti-to-pacio-tikslo\/"},"author":{"name":"J","@id":"https:\/\/fkzalgiris.lt\/#\/schema\/person\/8604babbba794a7d8767be324a3eaac8"},"headline":"Kapitonu tap\u0119s O. Verbickas: \u201eVisi turime siekti to pa\u010dio tikslo\u201c","datePublished":"2024-01-09T09:50:42+00:00","dateModified":"2024-01-09T09:53:59+00:00","mainEntityOfPage":{"@id":"https:\/\/fkzalgiris.lt\/kapitonu-tapes-o-verbickas-visi-turime-siekti-to-pacio-tikslo\/"},"wordCount":271,"publisher":{"@id":"https:\/\/fkzalgiris.lt\/#organization"},"image":{"@id":"https:\/\/fkzalgiris.lt\/kapitonu-tapes-o-verbickas-visi-turime-siekti-to-pacio-tikslo\/#primaryimage"},"thumbnailUrl":"https:\/\/fkzalgiris.lt\/wp-content\/uploads\/2024\/01\/foto-Elvis-Zaldaris-66-1024x683.jpg","inLanguage":"lt-LT"},{"@type":"WebPage","@id":"https:\/\/fkzalgiris.lt\/kapitonu-tapes-o-verbickas-visi-turime-siekti-to-pacio-tikslo\/","url":"https:\/\/fkzalgiris.lt\/kapitonu-tapes-o-verbickas-visi-turime-siekti-to-pacio-tikslo\/","name":"Kapitonu tap\u0119s O. Verbickas: \u201eVisi turime siekti to pa\u010dio tikslo\u201c - FK \u017dalgiris","isPartOf":{"@id":"https:\/\/fkzalgiris.lt\/#website"},"primaryImageOfPage":{"@id":"https:\/\/fkzalgiris.lt\/kapitonu-tapes-o-verbickas-visi-turime-siekti-to-pacio-tikslo\/#primaryimage"},"image":{"@id":"https:\/\/fkzalgiris.lt\/kapitonu-tapes-o-verbickas-visi-turime-siekti-to-pacio-tikslo\/#primaryimage"},"thumbnailUrl":"https:\/\/fkzalgiris.lt\/wp-content\/uploads\/2024\/01\/foto-Elvis-Zaldaris-66-1024x683.jpg","datePublished":"2024-01-09T09:50:42+00:00","dateModified":"2024-01-09T09:53:59+00:00","breadcrumb":{"@id":"https:\/\/fkzalgiris.lt\/kapitonu-tapes-o-verbickas-visi-turime-siekti-to-pacio-tikslo\/#breadcrumb"},"inLanguage":"lt-LT","potentialAction":[{"@type":"ReadAction","target":["https:\/\/fkzalgiris.lt\/kapitonu-tapes-o-verbickas-visi-turime-siekti-to-pacio-tikslo\/"]}]},{"@type":"ImageObject","inLanguage":"lt-LT","@id":"https:\/\/fkzalgiris.lt\/kapitonu-tapes-o-verbickas-visi-turime-siekti-to-pacio-tikslo\/#primaryimage","url":"https:\/\/fkzalgiris.lt\/wp-content\/uploads\/2024\/01\/foto-Elvis-Zaldaris-66.jpg","contentUrl":"https:\/\/fkzalgiris.lt\/wp-content\/uploads\/2024\/01\/foto-Elvis-Zaldaris-66.jpg","width":2048,"height":1365},{"@type":"BreadcrumbList","@id":"https:\/\/fkzalgiris.lt\/kapitonu-tapes-o-verbickas-visi-turime-siekti-to-pacio-tikslo\/#breadcrumb","itemListElement":[{"@type":"ListItem","position":1,"name":"Home","item":"https:\/\/fkzalgiris.lt\/"},{"@type":"ListItem","position":2,"name":"Kapitonu tap\u0119s O. Verbickas: \u201eVisi turime siekti to pa\u010dio tikslo\u201c"}]},{"@type":"WebSite","@id":"https:\/\/fkzalgiris.lt\/#website","url":"https:\/\/fkzalgiris.lt\/","name":"FK \u017dalgiris","description":"oficiali Vilniaus \u201e\u017dalgirio\u201c futbolo klubo svetain\u0117","publisher":{"@id":"https:\/\/fkzalgiris.lt\/#organization"},"potentialAction":[{"@type":"SearchAction","target":{"@type":"EntryPoint","urlTemplate":"https:\/\/fkzalgiris.lt\/?s={search_term_string}"},"query-input":{"@type":"PropertyValueSpecification","valueRequired":true,"valueName":"search_term_string"}}],"inLanguage":"lt-LT"},{"@type":"Organization","@id":"https:\/\/fkzalgiris.lt\/#organization","name":"FK \u017dalgiris","url":"https:\/\/fkzalgiris.lt\/","logo":{"@type":"ImageObject","inLanguage":"lt-LT","@id":"https:\/\/fkzalgiris.lt\/#\/schema\/logo\/image\/","url":"https:\/\/fkzalgiris.lt\/wp-content\/uploads\/2024\/01\/horiz-FK-Zalgiris-logo-2015.png","contentUrl":"https:\/\/fkzalgiris.lt\/wp-content\/uploads\/2024\/01\/horiz-FK-Zalgiris-logo-2015.png","width":3073,"height":2048,"caption":"FK \u017dalgiris"},"image":{"@id":"https:\/\/fkzalgiris.lt\/#\/schema\/logo\/image\/"},"sameAs":["https:\/\/www.facebook.com\/fkzalgiris\/","https:\/\/x.com\/fkzalgiris","https:\/\/www.instagram.com\/fkzalgiris\/","https:\/\/www.youtube.com\/channel\/UC1ag8JLxGirltMUoLlzfZLA"]},{"@type":"Person","@id":"https:\/\/fkzalgiris.lt\/#\/schema\/person\/8604babbba794a7d8767be324a3eaac8","name":"J"}]}},"_links":{"self":[{"href":"https:\/\/fkzalgiris.lt\/api\/wp\/v2\/posts\/14112","targetHints":{"allow":["GET"]}}],"collection":[{"href":"https:\/\/fkzalgiris.lt\/api\/wp\/v2\/posts"}],"about":[{"href":"https:\/\/fkzalgiris.lt\/api\/wp\/v2\/types\/post"}],"author":[{"embeddable":true,"href":"https:\/\/fkzalgiris.lt\/api\/wp\/v2\/users\/4"}],"replies":[{"embeddable":true,"href":"https:\/\/fkzalgiris.lt\/api\/wp\/v2\/comments?post=14112"}],"version-history":[{"count":4,"href":"https:\/\/fkzalgiris.lt\/api\/wp\/v2\/posts\/14112\/revisions"}],"predecessor-version":[{"id":14124,"href":"https:\/\/fkzalgiris.lt\/api\/wp\/v2\/posts\/14112\/revisions\/14124"}],"wp:attachment":[{"href":"https:\/\/fkzalgiris.lt\/api\/wp\/v2\/media?parent=14112"}],"wp:term":[{"taxonomy":"category","embeddable":true,"href":"https:\/\/fkzalgiris.lt\/api\/wp\/v2\/categories?post=14112"}],"curies":[{"name":"wp","href":"https:\/\/api.w.org\/{rel}","templated":true}]}}