{"id":14010,"date":"2023-12-19T15:59:19","date_gmt":"2023-12-19T13:59:19","guid":{"rendered":"https:\/\/fkzalgiris.lt\/?p=14010"},"modified":"2023-12-19T16:52:17","modified_gmt":"2023-12-19T14:52:17","slug":"debiutavusiam-18-meciui-profesionalo-sutartis","status":"publish","type":"post","link":"https:\/\/fkzalgiris.lt\/debiutavusiam-18-meciui-profesionalo-sutartis\/","title":{"rendered":"Debiutavusiam 18-me\u010diui &#8211; profesionalo sutartis"},"content":{"rendered":"<p>\u201e\u017dalgirio\u201c pagrindin\u0117je komandoje \u0161i\u0173 met\u0173 sezono pabaigoje debiutav\u0119s Lietuvos jaunimo (U-19) rinktin\u0117s narys Martynas \u0160etkus susiejo savo ateit\u012f su Vilniaus klubu.<\/p>\n<p>18 met\u0173 kra\u0161to saugo ir gyn\u0117jo pozicijose \u017eaid\u017eiantis Lietuvos futbolininkas pastaruosius pora met\u0173 atstovavo \u201e\u017dalgirio\u201c jaunimo komandoms.<\/p>\n<p>Lapkri\u010dio prad\u017eioje jis debiutavo vyr\u0173 ekipoje, o neseniai pad\u0117jo para\u0161\u0105 ant profesionalo sutarties su klubu.<\/p>\n<p><img loading=\"lazy\" decoding=\"async\" class=\"alignnone wp-image-14016\" src=\"https:\/\/fkzalgiris.lt\/wp-content\/uploads\/2023\/12\/foto-Elvis-Zaldaris-2-1024x683.jpg\" alt=\"\" width=\"650\" height=\"434\" srcset=\"https:\/\/fkzalgiris.lt\/wp-content\/uploads\/2023\/12\/foto-Elvis-Zaldaris-2-1024x683.jpg 1024w, https:\/\/fkzalgiris.lt\/wp-content\/uploads\/2023\/12\/foto-Elvis-Zaldaris-2-300x200.jpg 300w, https:\/\/fkzalgiris.lt\/wp-content\/uploads\/2023\/12\/foto-Elvis-Zaldaris-2-768x512.jpg 768w, https:\/\/fkzalgiris.lt\/wp-content\/uploads\/2023\/12\/foto-Elvis-Zaldaris-2-1536x1025.jpg 1536w, https:\/\/fkzalgiris.lt\/wp-content\/uploads\/2023\/12\/foto-Elvis-Zaldaris-2-150x100.jpg 150w, https:\/\/fkzalgiris.lt\/wp-content\/uploads\/2023\/12\/foto-Elvis-Zaldaris-2-840x560.jpg 840w, https:\/\/fkzalgiris.lt\/wp-content\/uploads\/2023\/12\/foto-Elvis-Zaldaris-2-570x380.jpg 570w, https:\/\/fkzalgiris.lt\/wp-content\/uploads\/2023\/12\/foto-Elvis-Zaldaris-2-30x20.jpg 30w, https:\/\/fkzalgiris.lt\/wp-content\/uploads\/2023\/12\/foto-Elvis-Zaldaris-2.jpg 2048w\" sizes=\"auto, (max-width: 650px) 100vw, 650px\" \/><\/p>\n<p>\u201eEmocijos tiesiog tryk\u0161ta per kra\u0161tus. Labai smagu, ilgai laukiau \u0161ito momento. D\u0117koju \u0161eimai, d\u0117koju visiems \u201e\u017dalgiryje\u201c. Smagu, jog tai pagaliau \u012fvyko\u201c, \u2013 po pasira\u0161ymo kalb\u0117jo M. \u0160etkus.<\/p>\n<p>\u201eEsu greitas, staigus, kovingas. Visada atiduodu visa \u0161ird\u012f aik\u0161t\u0117je ir m\u0117gstu laim\u0117ti\u201c, \u2013 apie savo stipri\u0105sias savybes kalb\u0117jo \u017eaid\u0117jas.<\/p>\n<p>Lapkri\u010dio 4-\u0105j\u0105 rungtyn\u0117se Kaune prie\u0161 \u201eHegelmann\u201c jis pirm\u0105 kart\u0105 pasirod\u0117 aik\u0161t\u0117je Lietuvos auk\u0161\u010diausios lygos rungtyn\u0117se, o lapkri\u010dio 12 d. pakeit\u0117 Sauli\u0173 Mikoli\u016bn\u0105 paskutin\u0117se jo karjeros rungtyn\u0117se.<\/p>\n<p><img loading=\"lazy\" decoding=\"async\" class=\"alignnone wp-image-14014\" src=\"https:\/\/fkzalgiris.lt\/wp-content\/uploads\/2023\/12\/foto-Elvis-Zaldaris-121-1024x683.jpg\" alt=\"\" width=\"650\" height=\"434\" srcset=\"https:\/\/fkzalgiris.lt\/wp-content\/uploads\/2023\/12\/foto-Elvis-Zaldaris-121-1024x683.jpg 1024w, https:\/\/fkzalgiris.lt\/wp-content\/uploads\/2023\/12\/foto-Elvis-Zaldaris-121-300x200.jpg 300w, https:\/\/fkzalgiris.lt\/wp-content\/uploads\/2023\/12\/foto-Elvis-Zaldaris-121-768x512.jpg 768w, https:\/\/fkzalgiris.lt\/wp-content\/uploads\/2023\/12\/foto-Elvis-Zaldaris-121-1536x1025.jpg 1536w, https:\/\/fkzalgiris.lt\/wp-content\/uploads\/2023\/12\/foto-Elvis-Zaldaris-121-150x100.jpg 150w, https:\/\/fkzalgiris.lt\/wp-content\/uploads\/2023\/12\/foto-Elvis-Zaldaris-121-840x560.jpg 840w, https:\/\/fkzalgiris.lt\/wp-content\/uploads\/2023\/12\/foto-Elvis-Zaldaris-121-570x380.jpg 570w, https:\/\/fkzalgiris.lt\/wp-content\/uploads\/2023\/12\/foto-Elvis-Zaldaris-121-30x20.jpg 30w, https:\/\/fkzalgiris.lt\/wp-content\/uploads\/2023\/12\/foto-Elvis-Zaldaris-121.jpg 2048w\" sizes=\"auto, (max-width: 650px) 100vw, 650px\" \/><\/p>\n<p>\u201eKai debiutavau jaut\u0117si jauduliukas, \u012fveikiau. Manau, kad su\u017eaid\u017eiau kaip gal\u0117jau. Pakeisti Sauli\u0173 buvo did\u017eiausia garb\u0117, buvo malonu. Ilgai \u012f j\u012f \u017ei\u016br\u0117jau kaip \u012f pavyzd\u012f, kaip vien\u0105 i\u0161 savo ideal\u0173. Toki\u0105 ilg\u0105 karjer\u0105 tur\u0117ti gali ne kiekvienas. Tikiuosi, kad tur\u0117siu bent pana\u0161i\u0105. Draugai skandavo mano vard\u0105, buvo smagu. T\u0117vai labai d\u017eiaug\u0117si, mama a\u0161ar\u0105 i\u0161liejo. Ne kiekvienas momentas b\u016bna toks svarbus kaip \u0161itas\u201c, &#8211; kalb\u0117jo M. \u0160etkus.<\/p>\n<p>Futbolo pagrind\u0173 jis mok\u0117si Vilniaus futbolo mokykloje, o nuo 2020 m. pusantro sezono atstovavo \u201eAteities\u201c komandai II lygoje (tre\u010dioje pagal paj\u0117gum\u0105).<\/p>\n<p>\u201e\u017dalgirio\u201c klub\u0105 M. \u0160etkus papild\u0117 2021 m. pabaigoje, 2022 m. debiutavo antroje pagal paj\u0117gum\u0105 lygoje B komandos gretose.<\/p>\n<p>2023 m. sezone M. \u0160etkus \u201eOptibet Pirmoje lygoje\u201c su\u017eaid\u0117 24 rungtynes. Kartu su \u017ealgirie\u010diais Simu Civilka ir Romualdu Jansonu \u0161iais metais M. \u0160etkus Lietuvos jaunimo (U-19) rinktinei.<\/p>\n","protected":false},"excerpt":{"rendered":"<p>\u201e\u017dalgirio\u201c pagrindin\u0117je komandoje \u0161i\u0173 met\u0173 sezono pabaigoje debiutav\u0119s Lietuvos jaunimo (U-19) rinktin\u0117s narys Martynas \u0160etkus susiejo savo ateit\u012f su Vilniaus klubu. 18 met\u0173 kra\u0161to saugo\u2026<\/p>\n","protected":false},"author":4,"featured_media":0,"comment_status":"closed","ping_status":"closed","sticky":false,"template":"","format":"standard","meta":{"_acf_changed":false,"footnotes":""},"categories":[87],"class_list":["post-14010","post","type-post","status-publish","format-standard","hentry","category-zalgiris"],"acf":[],"yoast_head":"<!-- This site is optimized with the Yoast SEO plugin v26.8 - https:\/\/yoast.com\/product\/yoast-seo-wordpress\/ -->\n<title>Debiutavusiam 18-me\u010diui - profesionalo sutartis - FK \u017dalgiris<\/title>\n<meta name=\"robots\" content=\"index, follow, max-snippet:-1, max-image-preview:large, max-video-preview:-1\" \/>\n<link rel=\"canonical\" href=\"https:\/\/fkzalgiris.lt\/debiutavusiam-18-meciui-profesionalo-sutartis\/\" \/>\n<meta property=\"og:locale\" content=\"lt_LT\" \/>\n<meta property=\"og:type\" content=\"article\" \/>\n<meta property=\"og:title\" content=\"Debiutavusiam 18-me\u010diui - profesionalo sutartis - FK \u017dalgiris\" \/>\n<meta property=\"og:description\" content=\"\u201e\u017dalgirio\u201c pagrindin\u0117je komandoje \u0161i\u0173 met\u0173 sezono pabaigoje debiutav\u0119s Lietuvos jaunimo (U-19) rinktin\u0117s narys Martynas \u0160etkus susiejo savo ateit\u012f su Vilniaus klubu. 18 met\u0173 kra\u0161to saugo\u2026\" \/>\n<meta property=\"og:url\" content=\"https:\/\/fkzalgiris.lt\/debiutavusiam-18-meciui-profesionalo-sutartis\/\" \/>\n<meta property=\"og:site_name\" content=\"FK \u017dalgiris\" \/>\n<meta property=\"article:publisher\" content=\"https:\/\/www.facebook.com\/fkzalgiris\/\" \/>\n<meta property=\"article:published_time\" content=\"2023-12-19T13:59:19+00:00\" \/>\n<meta property=\"article:modified_time\" content=\"2023-12-19T14:52:17+00:00\" \/>\n<meta property=\"og:image\" content=\"https:\/\/fkzalgiris.lt\/wp-content\/uploads\/2023\/12\/foto-Elvis-Zaldaris-2-1024x683.jpg\" \/>\n<meta name=\"author\" content=\"J\" \/>\n<meta name=\"twitter:card\" content=\"summary_large_image\" \/>\n<meta name=\"twitter:creator\" content=\"@fkzalgiris\" \/>\n<meta name=\"twitter:site\" content=\"@fkzalgiris\" \/>\n<meta name=\"twitter:label1\" content=\"Written by\" \/>\n\t<meta name=\"twitter:data1\" content=\"J\" \/>\n\t<meta name=\"twitter:label2\" content=\"Est. reading time\" \/>\n\t<meta name=\"twitter:data2\" content=\"2 minut\u0117s\" \/>\n<script type=\"application\/ld+json\" class=\"yoast-schema-graph\">{\"@context\":\"https:\/\/schema.org\",\"@graph\":[{\"@type\":\"Article\",\"@id\":\"https:\/\/fkzalgiris.lt\/debiutavusiam-18-meciui-profesionalo-sutartis\/#article\",\"isPartOf\":{\"@id\":\"https:\/\/fkzalgiris.lt\/debiutavusiam-18-meciui-profesionalo-sutartis\/\"},\"author\":{\"name\":\"J\",\"@id\":\"https:\/\/fkzalgiris.lt\/#\/schema\/person\/8604babbba794a7d8767be324a3eaac8\"},\"headline\":\"Debiutavusiam 18-me\u010diui &#8211; profesionalo sutartis\",\"datePublished\":\"2023-12-19T13:59:19+00:00\",\"dateModified\":\"2023-12-19T14:52:17+00:00\",\"mainEntityOfPage\":{\"@id\":\"https:\/\/fkzalgiris.lt\/debiutavusiam-18-meciui-profesionalo-sutartis\/\"},\"wordCount\":307,\"publisher\":{\"@id\":\"https:\/\/fkzalgiris.lt\/#organization\"},\"image\":{\"@id\":\"https:\/\/fkzalgiris.lt\/debiutavusiam-18-meciui-profesionalo-sutartis\/#primaryimage\"},\"thumbnailUrl\":\"https:\/\/fkzalgiris.lt\/wp-content\/uploads\/2023\/12\/foto-Elvis-Zaldaris-2-1024x683.jpg\",\"articleSection\":[\"\u017dalgiris\"],\"inLanguage\":\"lt-LT\"},{\"@type\":\"WebPage\",\"@id\":\"https:\/\/fkzalgiris.lt\/debiutavusiam-18-meciui-profesionalo-sutartis\/\",\"url\":\"https:\/\/fkzalgiris.lt\/debiutavusiam-18-meciui-profesionalo-sutartis\/\",\"name\":\"Debiutavusiam 18-me\u010diui - profesionalo sutartis - FK \u017dalgiris\",\"isPartOf\":{\"@id\":\"https:\/\/fkzalgiris.lt\/#website\"},\"primaryImageOfPage\":{\"@id\":\"https:\/\/fkzalgiris.lt\/debiutavusiam-18-meciui-profesionalo-sutartis\/#primaryimage\"},\"image\":{\"@id\":\"https:\/\/fkzalgiris.lt\/debiutavusiam-18-meciui-profesionalo-sutartis\/#primaryimage\"},\"thumbnailUrl\":\"https:\/\/fkzalgiris.lt\/wp-content\/uploads\/2023\/12\/foto-Elvis-Zaldaris-2-1024x683.jpg\",\"datePublished\":\"2023-12-19T13:59:19+00:00\",\"dateModified\":\"2023-12-19T14:52:17+00:00\",\"breadcrumb\":{\"@id\":\"https:\/\/fkzalgiris.lt\/debiutavusiam-18-meciui-profesionalo-sutartis\/#breadcrumb\"},\"inLanguage\":\"lt-LT\",\"potentialAction\":[{\"@type\":\"ReadAction\",\"target\":[\"https:\/\/fkzalgiris.lt\/debiutavusiam-18-meciui-profesionalo-sutartis\/\"]}]},{\"@type\":\"ImageObject\",\"inLanguage\":\"lt-LT\",\"@id\":\"https:\/\/fkzalgiris.lt\/debiutavusiam-18-meciui-profesionalo-sutartis\/#primaryimage\",\"url\":\"https:\/\/fkzalgiris.lt\/wp-content\/uploads\/2023\/12\/foto-Elvis-Zaldaris-2.jpg\",\"contentUrl\":\"https:\/\/fkzalgiris.lt\/wp-content\/uploads\/2023\/12\/foto-Elvis-Zaldaris-2.jpg\",\"width\":2048,\"height\":1366},{\"@type\":\"BreadcrumbList\",\"@id\":\"https:\/\/fkzalgiris.lt\/debiutavusiam-18-meciui-profesionalo-sutartis\/#breadcrumb\",\"itemListElement\":[{\"@type\":\"ListItem\",\"position\":1,\"name\":\"Home\",\"item\":\"https:\/\/fkzalgiris.lt\/\"},{\"@type\":\"ListItem\",\"position\":2,\"name\":\"Debiutavusiam 18-me\u010diui &#8211; profesionalo sutartis\"}]},{\"@type\":\"WebSite\",\"@id\":\"https:\/\/fkzalgiris.lt\/#website\",\"url\":\"https:\/\/fkzalgiris.lt\/\",\"name\":\"FK \u017dalgiris\",\"description\":\"oficiali Vilniaus \u201e\u017dalgirio\u201c futbolo klubo svetain\u0117\",\"publisher\":{\"@id\":\"https:\/\/fkzalgiris.lt\/#organization\"},\"potentialAction\":[{\"@type\":\"SearchAction\",\"target\":{\"@type\":\"EntryPoint\",\"urlTemplate\":\"https:\/\/fkzalgiris.lt\/?s={search_term_string}\"},\"query-input\":{\"@type\":\"PropertyValueSpecification\",\"valueRequired\":true,\"valueName\":\"search_term_string\"}}],\"inLanguage\":\"lt-LT\"},{\"@type\":\"Organization\",\"@id\":\"https:\/\/fkzalgiris.lt\/#organization\",\"name\":\"FK \u017dalgiris\",\"url\":\"https:\/\/fkzalgiris.lt\/\",\"logo\":{\"@type\":\"ImageObject\",\"inLanguage\":\"lt-LT\",\"@id\":\"https:\/\/fkzalgiris.lt\/#\/schema\/logo\/image\/\",\"url\":\"https:\/\/fkzalgiris.lt\/wp-content\/uploads\/2024\/01\/horiz-FK-Zalgiris-logo-2015.png\",\"contentUrl\":\"https:\/\/fkzalgiris.lt\/wp-content\/uploads\/2024\/01\/horiz-FK-Zalgiris-logo-2015.png\",\"width\":3073,\"height\":2048,\"caption\":\"FK \u017dalgiris\"},\"image\":{\"@id\":\"https:\/\/fkzalgiris.lt\/#\/schema\/logo\/image\/\"},\"sameAs\":[\"https:\/\/www.facebook.com\/fkzalgiris\/\",\"https:\/\/x.com\/fkzalgiris\",\"https:\/\/www.instagram.com\/fkzalgiris\/\",\"https:\/\/www.youtube.com\/channel\/UC1ag8JLxGirltMUoLlzfZLA\"]},{\"@type\":\"Person\",\"@id\":\"https:\/\/fkzalgiris.lt\/#\/schema\/person\/8604babbba794a7d8767be324a3eaac8\",\"name\":\"J\"}]}<\/script>\n<!-- \/ Yoast SEO plugin. -->","yoast_head_json":{"title":"Debiutavusiam 18-me\u010diui - profesionalo sutartis - FK \u017dalgiris","robots":{"index":"index","follow":"follow","max-snippet":"max-snippet:-1","max-image-preview":"max-image-preview:large","max-video-preview":"max-video-preview:-1"},"canonical":"https:\/\/fkzalgiris.lt\/debiutavusiam-18-meciui-profesionalo-sutartis\/","og_locale":"lt_LT","og_type":"article","og_title":"Debiutavusiam 18-me\u010diui - profesionalo sutartis - FK \u017dalgiris","og_description":"\u201e\u017dalgirio\u201c pagrindin\u0117je komandoje \u0161i\u0173 met\u0173 sezono pabaigoje debiutav\u0119s Lietuvos jaunimo (U-19) rinktin\u0117s narys Martynas \u0160etkus susiejo savo ateit\u012f su Vilniaus klubu. 18 met\u0173 kra\u0161to saugo\u2026","og_url":"https:\/\/fkzalgiris.lt\/debiutavusiam-18-meciui-profesionalo-sutartis\/","og_site_name":"FK \u017dalgiris","article_publisher":"https:\/\/www.facebook.com\/fkzalgiris\/","article_published_time":"2023-12-19T13:59:19+00:00","article_modified_time":"2023-12-19T14:52:17+00:00","og_image":[{"url":"https:\/\/fkzalgiris.lt\/wp-content\/uploads\/2023\/12\/foto-Elvis-Zaldaris-2-1024x683.jpg","type":"","width":"","height":""}],"author":"J","twitter_card":"summary_large_image","twitter_creator":"@fkzalgiris","twitter_site":"@fkzalgiris","twitter_misc":{"Written by":"J","Est. reading time":"2 minut\u0117s"},"schema":{"@context":"https:\/\/schema.org","@graph":[{"@type":"Article","@id":"https:\/\/fkzalgiris.lt\/debiutavusiam-18-meciui-profesionalo-sutartis\/#article","isPartOf":{"@id":"https:\/\/fkzalgiris.lt\/debiutavusiam-18-meciui-profesionalo-sutartis\/"},"author":{"name":"J","@id":"https:\/\/fkzalgiris.lt\/#\/schema\/person\/8604babbba794a7d8767be324a3eaac8"},"headline":"Debiutavusiam 18-me\u010diui &#8211; profesionalo sutartis","datePublished":"2023-12-19T13:59:19+00:00","dateModified":"2023-12-19T14:52:17+00:00","mainEntityOfPage":{"@id":"https:\/\/fkzalgiris.lt\/debiutavusiam-18-meciui-profesionalo-sutartis\/"},"wordCount":307,"publisher":{"@id":"https:\/\/fkzalgiris.lt\/#organization"},"image":{"@id":"https:\/\/fkzalgiris.lt\/debiutavusiam-18-meciui-profesionalo-sutartis\/#primaryimage"},"thumbnailUrl":"https:\/\/fkzalgiris.lt\/wp-content\/uploads\/2023\/12\/foto-Elvis-Zaldaris-2-1024x683.jpg","articleSection":["\u017dalgiris"],"inLanguage":"lt-LT"},{"@type":"WebPage","@id":"https:\/\/fkzalgiris.lt\/debiutavusiam-18-meciui-profesionalo-sutartis\/","url":"https:\/\/fkzalgiris.lt\/debiutavusiam-18-meciui-profesionalo-sutartis\/","name":"Debiutavusiam 18-me\u010diui - profesionalo sutartis - FK \u017dalgiris","isPartOf":{"@id":"https:\/\/fkzalgiris.lt\/#website"},"primaryImageOfPage":{"@id":"https:\/\/fkzalgiris.lt\/debiutavusiam-18-meciui-profesionalo-sutartis\/#primaryimage"},"image":{"@id":"https:\/\/fkzalgiris.lt\/debiutavusiam-18-meciui-profesionalo-sutartis\/#primaryimage"},"thumbnailUrl":"https:\/\/fkzalgiris.lt\/wp-content\/uploads\/2023\/12\/foto-Elvis-Zaldaris-2-1024x683.jpg","datePublished":"2023-12-19T13:59:19+00:00","dateModified":"2023-12-19T14:52:17+00:00","breadcrumb":{"@id":"https:\/\/fkzalgiris.lt\/debiutavusiam-18-meciui-profesionalo-sutartis\/#breadcrumb"},"inLanguage":"lt-LT","potentialAction":[{"@type":"ReadAction","target":["https:\/\/fkzalgiris.lt\/debiutavusiam-18-meciui-profesionalo-sutartis\/"]}]},{"@type":"ImageObject","inLanguage":"lt-LT","@id":"https:\/\/fkzalgiris.lt\/debiutavusiam-18-meciui-profesionalo-sutartis\/#primaryimage","url":"https:\/\/fkzalgiris.lt\/wp-content\/uploads\/2023\/12\/foto-Elvis-Zaldaris-2.jpg","contentUrl":"https:\/\/fkzalgiris.lt\/wp-content\/uploads\/2023\/12\/foto-Elvis-Zaldaris-2.jpg","width":2048,"height":1366},{"@type":"BreadcrumbList","@id":"https:\/\/fkzalgiris.lt\/debiutavusiam-18-meciui-profesionalo-sutartis\/#breadcrumb","itemListElement":[{"@type":"ListItem","position":1,"name":"Home","item":"https:\/\/fkzalgiris.lt\/"},{"@type":"ListItem","position":2,"name":"Debiutavusiam 18-me\u010diui &#8211; profesionalo sutartis"}]},{"@type":"WebSite","@id":"https:\/\/fkzalgiris.lt\/#website","url":"https:\/\/fkzalgiris.lt\/","name":"FK \u017dalgiris","description":"oficiali Vilniaus \u201e\u017dalgirio\u201c futbolo klubo svetain\u0117","publisher":{"@id":"https:\/\/fkzalgiris.lt\/#organization"},"potentialAction":[{"@type":"SearchAction","target":{"@type":"EntryPoint","urlTemplate":"https:\/\/fkzalgiris.lt\/?s={search_term_string}"},"query-input":{"@type":"PropertyValueSpecification","valueRequired":true,"valueName":"search_term_string"}}],"inLanguage":"lt-LT"},{"@type":"Organization","@id":"https:\/\/fkzalgiris.lt\/#organization","name":"FK \u017dalgiris","url":"https:\/\/fkzalgiris.lt\/","logo":{"@type":"ImageObject","inLanguage":"lt-LT","@id":"https:\/\/fkzalgiris.lt\/#\/schema\/logo\/image\/","url":"https:\/\/fkzalgiris.lt\/wp-content\/uploads\/2024\/01\/horiz-FK-Zalgiris-logo-2015.png","contentUrl":"https:\/\/fkzalgiris.lt\/wp-content\/uploads\/2024\/01\/horiz-FK-Zalgiris-logo-2015.png","width":3073,"height":2048,"caption":"FK \u017dalgiris"},"image":{"@id":"https:\/\/fkzalgiris.lt\/#\/schema\/logo\/image\/"},"sameAs":["https:\/\/www.facebook.com\/fkzalgiris\/","https:\/\/x.com\/fkzalgiris","https:\/\/www.instagram.com\/fkzalgiris\/","https:\/\/www.youtube.com\/channel\/UC1ag8JLxGirltMUoLlzfZLA"]},{"@type":"Person","@id":"https:\/\/fkzalgiris.lt\/#\/schema\/person\/8604babbba794a7d8767be324a3eaac8","name":"J"}]}},"_links":{"self":[{"href":"https:\/\/fkzalgiris.lt\/api\/wp\/v2\/posts\/14010","targetHints":{"allow":["GET"]}}],"collection":[{"href":"https:\/\/fkzalgiris.lt\/api\/wp\/v2\/posts"}],"about":[{"href":"https:\/\/fkzalgiris.lt\/api\/wp\/v2\/types\/post"}],"author":[{"embeddable":true,"href":"https:\/\/fkzalgiris.lt\/api\/wp\/v2\/users\/4"}],"replies":[{"embeddable":true,"href":"https:\/\/fkzalgiris.lt\/api\/wp\/v2\/comments?post=14010"}],"version-history":[{"count":5,"href":"https:\/\/fkzalgiris.lt\/api\/wp\/v2\/posts\/14010\/revisions"}],"predecessor-version":[{"id":14020,"href":"https:\/\/fkzalgiris.lt\/api\/wp\/v2\/posts\/14010\/revisions\/14020"}],"wp:attachment":[{"href":"https:\/\/fkzalgiris.lt\/api\/wp\/v2\/media?parent=14010"}],"wp:term":[{"taxonomy":"category","embeddable":true,"href":"https:\/\/fkzalgiris.lt\/api\/wp\/v2\/categories?post=14010"}],"curies":[{"name":"wp","href":"https:\/\/api.w.org\/{rel}","templated":true}]}}