{"id":13877,"date":"2023-11-02T16:29:43","date_gmt":"2023-11-02T14:29:43","guid":{"rendered":"https:\/\/fkzalgiris.lt\/?p=13877"},"modified":"2023-11-02T16:29:43","modified_gmt":"2023-11-02T14:29:43","slug":"jaunimui-patirtis-treniruotese-su-pagrindine-komanda","status":"publish","type":"post","link":"https:\/\/fkzalgiris.lt\/jaunimui-patirtis-treniruotese-su-pagrindine-komanda\/","title":{"rendered":"Jaunimui &#8211; patirtis treniruot\u0117se su pagrindine komanda"},"content":{"rendered":"<p>\u201e\u017dalgirio\u201c jaunimas spalio m\u0117nes\u012f tur\u0117jo galimyb\u0119 gauti praktini\u0173 pamok\u0173 i\u0161 profesional\u0173 \u2013 U-18 ir U-16 komand\u0173 vaikinai dalyvavo pagrindin\u0117s vyr\u0173 komandos treniruot\u0117se.<\/p>\n<p>Jaunieji \u017eaid\u0117jai tur\u0117jo galimyb\u0119 \u012fsivertinti savo sugeb\u0117jimus suaugusi\u0173j\u0173 futbolo kontekste, o taip pat gauti patarim\u0173 i\u0161 \u201e\u017dalgirio\u201c treneri\u0173 \u0161tabo su Vladimiru \u010ceburinu prie\u0161akyje.<\/p>\n<p>\u201eTai daroma kad jaunimas susipa\u017eint\u0173 su darbu vyr\u0173 komandoje. Mes siekiame orientuotis link to, kad juos daugiau gal\u0117tume i\u0161 arti pamatyti, daugiau \u012ftraukti. Norime jiems suteikti daugiau pasitik\u0117jimo, kad \u017einot\u0173 apie savo tiksl\u0105 &#8211; pagrindin\u0119 komand\u0105, \u012f kuri\u0105 jie turi siekti patekti, tobulinti savo techninius sugeb\u0117jimus ir fizines galimybes, &#8211; kalb\u0117jo V. \u010ceburinas. &#8211; Svarbiausia, kad jiems yra skiriamas d\u0117mesys. Svarbu, kad pamat\u0119 t\u0105 lyg\u012f, \u00a0kuri\u0105 rodo vyr\u0173 komandos \u017eaid\u0117jai, taip pat jo siekt\u0173, kad jaust\u0173, jog tai svarbu jiems patiems. Mes norime pad\u0117ti, duoti jiems \u0161ans\u0173. Ta\u010diau suprantame, kad tai pasieks tik geriausi. Kreipiame d\u0117mes\u012f \u012f tai, kaip jie tobul\u0117ja. Stebime kaip \u017eaid\u0117jas reaguoja \u012f ne\u012fprastas s\u0105lygas. Susiduria su vyrais, profesionalais, legionieriais i\u0161 \u012fvairi\u0173 \u0161ali\u0173, kaip jis elgiasi tokioje aplinkoje. Mums patiems \u012fdomu kaip matyti j\u0173 lyg\u012f, ties kuo reikia dirbti. Bendraujame ir bendrausime su treneriais kad \u017einotume problemas ir kas mums reikalinga ateityje.\u201d<\/p>\n<p>U-16 komandos treneris Tomas Statkevi\u010dius sake, kad jaunieji \u017eaid\u0117jai tokios galimyb\u0117s labia laukia \u201cYpa\u010d kai toks am\u017eius, kai po truput\u012f prasideda per\u0117jimas \u012f vyr\u0173 futbol\u0105. Jie gal\u0117jo i\u0161 arti susipa\u017einti su komanda, r\u016bbine, kaip viskas vyksta, pajausti t\u0105 treniruot\u0117s intensyvum\u0105 profesionaliame futbole, o ne tik sportuojant tarp bendraam\u017ei\u0173. Mano akimis jiems tai yra ne\u012fkainojama patirtis. Pirmas \u017eingsnis, pirmas toks jaudulys. \u0160alia daug vyresni\u0173 \u017eaid\u0117j\u0173, daug patyrusi\u0173 \u017eaid\u0117j\u0173 &#8211; ne tik matant juos ka\u017ekur \u0161alia, bet ir su jais pakonkuruoti aik\u0161t\u0117je.\u201c<\/p>\n<p>Pasak trenerio, visuomet \u012fdomu, kaip pavyksta jauniems \u017eaid\u0117jams integruotis per\u0117jus \u012f vyr\u0173 komand\u0105.<\/p>\n<p>\u201eBuvo \u012fdomu pamatyti kaip jie jausis, nes komanda ateina \u012f komand\u0105. \u00a0Esu ger\u0105ja prasme nustebintas. Gal prad\u017eioje ir jaut\u0117si jaudulys, bet su laiku einant treniruot\u0117je mat\u0117si kad vaikinai jaut\u0117si vis dr\u0105siau. Treniruot\u0117s pabaigoje futbolo \u017eaidime kai kurie peln\u0117 \u012fvar\u010dius, ir dr\u0105siai \u0117m\u0117si iniciatyvos \u017eaisdami kartu su profesionalais arba skirtingose komandose prie\u0161 profesionalus. Jiems augant pasidarysime refleksij\u0105, ko reikia norint nor\u0117dami profesionaliais futbolininkais, k\u0105 turime gerinti i\u0161 sportin\u0117s pus\u0117s, kaip turime prieiti elgtis gyvenime, r\u016bbin\u0117je ir t.t\u201c, &#8211; kalb\u0117jo T. Statkevi\u010dius.<\/p>\n<p>\u201e\u017dalgirio\u201c komandos var\u017eosi visose \u0161alies jaunimo futbolo pakopose \u2013 nuo Elitin\u0117s jauni\u0173 U-18 lygos iki vaik\u0173 U-8 pirmenybi\u0173.<\/p>\n<p>Klubo strukt\u016broje taip pat yra B ir C komandos, kurios rungtyniauja antrajame ir tre\u010diajame \u0161alies vyr\u0173 futbolo divizionuose.<\/p>\n<p>Rugs\u0117j\u012f \u201e\u017dalgiris\u201c tapo vieninteliu futbolo akademijos \u201e\u017dalgirietis\u201c savininku.<\/p>\n","protected":false},"excerpt":{"rendered":"<p>\u201e\u017dalgirio\u201c jaunimas spalio m\u0117nes\u012f tur\u0117jo galimyb\u0119 gauti praktini\u0173 pamok\u0173 i\u0161 profesional\u0173 \u2013 U-18 ir U-16 komand\u0173 vaikinai dalyvavo pagrindin\u0117s vyr\u0173 komandos treniruot\u0117se. Jaunieji \u017eaid\u0117jai tur\u0117jo\u2026<\/p>\n","protected":false},"author":4,"featured_media":0,"comment_status":"closed","ping_status":"closed","sticky":false,"template":"","format":"standard","meta":{"_acf_changed":false,"footnotes":""},"categories":[87],"class_list":["post-13877","post","type-post","status-publish","format-standard","hentry","category-zalgiris"],"acf":[],"yoast_head":"<!-- This site is optimized with the Yoast SEO plugin v26.8 - https:\/\/yoast.com\/product\/yoast-seo-wordpress\/ -->\n<title>Jaunimui - patirtis treniruot\u0117se su pagrindine komanda - FK \u017dalgiris<\/title>\n<meta name=\"robots\" content=\"index, follow, max-snippet:-1, max-image-preview:large, max-video-preview:-1\" \/>\n<link rel=\"canonical\" href=\"https:\/\/fkzalgiris.lt\/jaunimui-patirtis-treniruotese-su-pagrindine-komanda\/\" \/>\n<meta property=\"og:locale\" content=\"lt_LT\" \/>\n<meta property=\"og:type\" content=\"article\" \/>\n<meta property=\"og:title\" content=\"Jaunimui - patirtis treniruot\u0117se su pagrindine komanda - FK \u017dalgiris\" \/>\n<meta property=\"og:description\" content=\"\u201e\u017dalgirio\u201c jaunimas spalio m\u0117nes\u012f tur\u0117jo galimyb\u0119 gauti praktini\u0173 pamok\u0173 i\u0161 profesional\u0173 \u2013 U-18 ir U-16 komand\u0173 vaikinai dalyvavo pagrindin\u0117s vyr\u0173 komandos treniruot\u0117se. Jaunieji \u017eaid\u0117jai tur\u0117jo\u2026\" \/>\n<meta property=\"og:url\" content=\"https:\/\/fkzalgiris.lt\/jaunimui-patirtis-treniruotese-su-pagrindine-komanda\/\" \/>\n<meta property=\"og:site_name\" content=\"FK \u017dalgiris\" \/>\n<meta property=\"article:publisher\" content=\"https:\/\/www.facebook.com\/fkzalgiris\/\" \/>\n<meta property=\"article:published_time\" content=\"2023-11-02T14:29:43+00:00\" \/>\n<meta property=\"og:image\" content=\"https:\/\/fkzalgiris.lt\/wp-content\/uploads\/2023\/11\/u18-image00002-scaled.jpeg\" \/>\n\t<meta property=\"og:image:width\" content=\"2560\" \/>\n\t<meta property=\"og:image:height\" content=\"1920\" \/>\n\t<meta property=\"og:image:type\" content=\"image\/jpeg\" \/>\n<meta name=\"author\" content=\"J\" \/>\n<meta name=\"twitter:card\" content=\"summary_large_image\" \/>\n<meta name=\"twitter:creator\" content=\"@fkzalgiris\" \/>\n<meta name=\"twitter:site\" content=\"@fkzalgiris\" \/>\n<meta name=\"twitter:label1\" content=\"Written by\" \/>\n\t<meta name=\"twitter:data1\" content=\"J\" \/>\n\t<meta name=\"twitter:label2\" content=\"Est. reading time\" \/>\n\t<meta name=\"twitter:data2\" content=\"3 minut\u0117s\" \/>\n<script type=\"application\/ld+json\" class=\"yoast-schema-graph\">{\"@context\":\"https:\/\/schema.org\",\"@graph\":[{\"@type\":\"Article\",\"@id\":\"https:\/\/fkzalgiris.lt\/jaunimui-patirtis-treniruotese-su-pagrindine-komanda\/#article\",\"isPartOf\":{\"@id\":\"https:\/\/fkzalgiris.lt\/jaunimui-patirtis-treniruotese-su-pagrindine-komanda\/\"},\"author\":{\"name\":\"J\",\"@id\":\"https:\/\/fkzalgiris.lt\/#\/schema\/person\/8604babbba794a7d8767be324a3eaac8\"},\"headline\":\"Jaunimui &#8211; patirtis treniruot\u0117se su pagrindine komanda\",\"datePublished\":\"2023-11-02T14:29:43+00:00\",\"mainEntityOfPage\":{\"@id\":\"https:\/\/fkzalgiris.lt\/jaunimui-patirtis-treniruotese-su-pagrindine-komanda\/\"},\"wordCount\":472,\"publisher\":{\"@id\":\"https:\/\/fkzalgiris.lt\/#organization\"},\"articleSection\":[\"\u017dalgiris\"],\"inLanguage\":\"lt-LT\"},{\"@type\":\"WebPage\",\"@id\":\"https:\/\/fkzalgiris.lt\/jaunimui-patirtis-treniruotese-su-pagrindine-komanda\/\",\"url\":\"https:\/\/fkzalgiris.lt\/jaunimui-patirtis-treniruotese-su-pagrindine-komanda\/\",\"name\":\"Jaunimui - patirtis treniruot\u0117se su pagrindine komanda - FK \u017dalgiris\",\"isPartOf\":{\"@id\":\"https:\/\/fkzalgiris.lt\/#website\"},\"datePublished\":\"2023-11-02T14:29:43+00:00\",\"breadcrumb\":{\"@id\":\"https:\/\/fkzalgiris.lt\/jaunimui-patirtis-treniruotese-su-pagrindine-komanda\/#breadcrumb\"},\"inLanguage\":\"lt-LT\",\"potentialAction\":[{\"@type\":\"ReadAction\",\"target\":[\"https:\/\/fkzalgiris.lt\/jaunimui-patirtis-treniruotese-su-pagrindine-komanda\/\"]}]},{\"@type\":\"BreadcrumbList\",\"@id\":\"https:\/\/fkzalgiris.lt\/jaunimui-patirtis-treniruotese-su-pagrindine-komanda\/#breadcrumb\",\"itemListElement\":[{\"@type\":\"ListItem\",\"position\":1,\"name\":\"Home\",\"item\":\"https:\/\/fkzalgiris.lt\/\"},{\"@type\":\"ListItem\",\"position\":2,\"name\":\"Jaunimui &#8211; patirtis treniruot\u0117se su pagrindine komanda\"}]},{\"@type\":\"WebSite\",\"@id\":\"https:\/\/fkzalgiris.lt\/#website\",\"url\":\"https:\/\/fkzalgiris.lt\/\",\"name\":\"FK \u017dalgiris\",\"description\":\"oficiali Vilniaus \u201e\u017dalgirio\u201c futbolo klubo svetain\u0117\",\"publisher\":{\"@id\":\"https:\/\/fkzalgiris.lt\/#organization\"},\"potentialAction\":[{\"@type\":\"SearchAction\",\"target\":{\"@type\":\"EntryPoint\",\"urlTemplate\":\"https:\/\/fkzalgiris.lt\/?s={search_term_string}\"},\"query-input\":{\"@type\":\"PropertyValueSpecification\",\"valueRequired\":true,\"valueName\":\"search_term_string\"}}],\"inLanguage\":\"lt-LT\"},{\"@type\":\"Organization\",\"@id\":\"https:\/\/fkzalgiris.lt\/#organization\",\"name\":\"FK \u017dalgiris\",\"url\":\"https:\/\/fkzalgiris.lt\/\",\"logo\":{\"@type\":\"ImageObject\",\"inLanguage\":\"lt-LT\",\"@id\":\"https:\/\/fkzalgiris.lt\/#\/schema\/logo\/image\/\",\"url\":\"https:\/\/fkzalgiris.lt\/wp-content\/uploads\/2024\/01\/horiz-FK-Zalgiris-logo-2015.png\",\"contentUrl\":\"https:\/\/fkzalgiris.lt\/wp-content\/uploads\/2024\/01\/horiz-FK-Zalgiris-logo-2015.png\",\"width\":3073,\"height\":2048,\"caption\":\"FK \u017dalgiris\"},\"image\":{\"@id\":\"https:\/\/fkzalgiris.lt\/#\/schema\/logo\/image\/\"},\"sameAs\":[\"https:\/\/www.facebook.com\/fkzalgiris\/\",\"https:\/\/x.com\/fkzalgiris\",\"https:\/\/www.instagram.com\/fkzalgiris\/\",\"https:\/\/www.youtube.com\/channel\/UC1ag8JLxGirltMUoLlzfZLA\"]},{\"@type\":\"Person\",\"@id\":\"https:\/\/fkzalgiris.lt\/#\/schema\/person\/8604babbba794a7d8767be324a3eaac8\",\"name\":\"J\"}]}<\/script>\n<!-- \/ Yoast SEO plugin. -->","yoast_head_json":{"title":"Jaunimui - patirtis treniruot\u0117se su pagrindine komanda - FK \u017dalgiris","robots":{"index":"index","follow":"follow","max-snippet":"max-snippet:-1","max-image-preview":"max-image-preview:large","max-video-preview":"max-video-preview:-1"},"canonical":"https:\/\/fkzalgiris.lt\/jaunimui-patirtis-treniruotese-su-pagrindine-komanda\/","og_locale":"lt_LT","og_type":"article","og_title":"Jaunimui - patirtis treniruot\u0117se su pagrindine komanda - FK \u017dalgiris","og_description":"\u201e\u017dalgirio\u201c jaunimas spalio m\u0117nes\u012f tur\u0117jo galimyb\u0119 gauti praktini\u0173 pamok\u0173 i\u0161 profesional\u0173 \u2013 U-18 ir U-16 komand\u0173 vaikinai dalyvavo pagrindin\u0117s vyr\u0173 komandos treniruot\u0117se. Jaunieji \u017eaid\u0117jai tur\u0117jo\u2026","og_url":"https:\/\/fkzalgiris.lt\/jaunimui-patirtis-treniruotese-su-pagrindine-komanda\/","og_site_name":"FK \u017dalgiris","article_publisher":"https:\/\/www.facebook.com\/fkzalgiris\/","article_published_time":"2023-11-02T14:29:43+00:00","og_image":[{"width":2560,"height":1920,"url":"https:\/\/fkzalgiris.lt\/wp-content\/uploads\/2023\/11\/u18-image00002-scaled.jpeg","type":"image\/jpeg"}],"author":"J","twitter_card":"summary_large_image","twitter_creator":"@fkzalgiris","twitter_site":"@fkzalgiris","twitter_misc":{"Written by":"J","Est. reading time":"3 minut\u0117s"},"schema":{"@context":"https:\/\/schema.org","@graph":[{"@type":"Article","@id":"https:\/\/fkzalgiris.lt\/jaunimui-patirtis-treniruotese-su-pagrindine-komanda\/#article","isPartOf":{"@id":"https:\/\/fkzalgiris.lt\/jaunimui-patirtis-treniruotese-su-pagrindine-komanda\/"},"author":{"name":"J","@id":"https:\/\/fkzalgiris.lt\/#\/schema\/person\/8604babbba794a7d8767be324a3eaac8"},"headline":"Jaunimui &#8211; patirtis treniruot\u0117se su pagrindine komanda","datePublished":"2023-11-02T14:29:43+00:00","mainEntityOfPage":{"@id":"https:\/\/fkzalgiris.lt\/jaunimui-patirtis-treniruotese-su-pagrindine-komanda\/"},"wordCount":472,"publisher":{"@id":"https:\/\/fkzalgiris.lt\/#organization"},"articleSection":["\u017dalgiris"],"inLanguage":"lt-LT"},{"@type":"WebPage","@id":"https:\/\/fkzalgiris.lt\/jaunimui-patirtis-treniruotese-su-pagrindine-komanda\/","url":"https:\/\/fkzalgiris.lt\/jaunimui-patirtis-treniruotese-su-pagrindine-komanda\/","name":"Jaunimui - patirtis treniruot\u0117se su pagrindine komanda - FK \u017dalgiris","isPartOf":{"@id":"https:\/\/fkzalgiris.lt\/#website"},"datePublished":"2023-11-02T14:29:43+00:00","breadcrumb":{"@id":"https:\/\/fkzalgiris.lt\/jaunimui-patirtis-treniruotese-su-pagrindine-komanda\/#breadcrumb"},"inLanguage":"lt-LT","potentialAction":[{"@type":"ReadAction","target":["https:\/\/fkzalgiris.lt\/jaunimui-patirtis-treniruotese-su-pagrindine-komanda\/"]}]},{"@type":"BreadcrumbList","@id":"https:\/\/fkzalgiris.lt\/jaunimui-patirtis-treniruotese-su-pagrindine-komanda\/#breadcrumb","itemListElement":[{"@type":"ListItem","position":1,"name":"Home","item":"https:\/\/fkzalgiris.lt\/"},{"@type":"ListItem","position":2,"name":"Jaunimui &#8211; patirtis treniruot\u0117se su pagrindine komanda"}]},{"@type":"WebSite","@id":"https:\/\/fkzalgiris.lt\/#website","url":"https:\/\/fkzalgiris.lt\/","name":"FK \u017dalgiris","description":"oficiali Vilniaus \u201e\u017dalgirio\u201c futbolo klubo svetain\u0117","publisher":{"@id":"https:\/\/fkzalgiris.lt\/#organization"},"potentialAction":[{"@type":"SearchAction","target":{"@type":"EntryPoint","urlTemplate":"https:\/\/fkzalgiris.lt\/?s={search_term_string}"},"query-input":{"@type":"PropertyValueSpecification","valueRequired":true,"valueName":"search_term_string"}}],"inLanguage":"lt-LT"},{"@type":"Organization","@id":"https:\/\/fkzalgiris.lt\/#organization","name":"FK \u017dalgiris","url":"https:\/\/fkzalgiris.lt\/","logo":{"@type":"ImageObject","inLanguage":"lt-LT","@id":"https:\/\/fkzalgiris.lt\/#\/schema\/logo\/image\/","url":"https:\/\/fkzalgiris.lt\/wp-content\/uploads\/2024\/01\/horiz-FK-Zalgiris-logo-2015.png","contentUrl":"https:\/\/fkzalgiris.lt\/wp-content\/uploads\/2024\/01\/horiz-FK-Zalgiris-logo-2015.png","width":3073,"height":2048,"caption":"FK \u017dalgiris"},"image":{"@id":"https:\/\/fkzalgiris.lt\/#\/schema\/logo\/image\/"},"sameAs":["https:\/\/www.facebook.com\/fkzalgiris\/","https:\/\/x.com\/fkzalgiris","https:\/\/www.instagram.com\/fkzalgiris\/","https:\/\/www.youtube.com\/channel\/UC1ag8JLxGirltMUoLlzfZLA"]},{"@type":"Person","@id":"https:\/\/fkzalgiris.lt\/#\/schema\/person\/8604babbba794a7d8767be324a3eaac8","name":"J"}]}},"_links":{"self":[{"href":"https:\/\/fkzalgiris.lt\/api\/wp\/v2\/posts\/13877","targetHints":{"allow":["GET"]}}],"collection":[{"href":"https:\/\/fkzalgiris.lt\/api\/wp\/v2\/posts"}],"about":[{"href":"https:\/\/fkzalgiris.lt\/api\/wp\/v2\/types\/post"}],"author":[{"embeddable":true,"href":"https:\/\/fkzalgiris.lt\/api\/wp\/v2\/users\/4"}],"replies":[{"embeddable":true,"href":"https:\/\/fkzalgiris.lt\/api\/wp\/v2\/comments?post=13877"}],"version-history":[{"count":1,"href":"https:\/\/fkzalgiris.lt\/api\/wp\/v2\/posts\/13877\/revisions"}],"predecessor-version":[{"id":13879,"href":"https:\/\/fkzalgiris.lt\/api\/wp\/v2\/posts\/13877\/revisions\/13879"}],"wp:attachment":[{"href":"https:\/\/fkzalgiris.lt\/api\/wp\/v2\/media?parent=13877"}],"wp:term":[{"taxonomy":"category","embeddable":true,"href":"https:\/\/fkzalgiris.lt\/api\/wp\/v2\/categories?post=13877"}],"curies":[{"name":"wp","href":"https:\/\/api.w.org\/{rel}","templated":true}]}}