{"id":13544,"date":"2023-08-30T16:52:34","date_gmt":"2023-08-30T13:52:34","guid":{"rendered":"https:\/\/fkzalgiris.lt\/?p=13544"},"modified":"2023-08-30T17:08:47","modified_gmt":"2023-08-30T14:08:47","slug":"paskutine-uefa-atrankos-stotele-budapestas","status":"publish","type":"post","link":"https:\/\/fkzalgiris.lt\/paskutine-uefa-atrankos-stotele-budapestas\/","title":{"rendered":"Paskutin\u0117 UEFA atrankos stotel\u0117 &#8211; Budape\u0161tas"},"content":{"rendered":"<p>Europin\u0117je vasaros kelion\u0117je \u201e\u017dalgiris\u201c pasiek\u0117 paskutin\u0119 stotel\u0119 \u2013 ketvirtadien\u012f Lietuvos \u010dempionai Budape\u0161te \u017eais atsakom\u0105sias rungtynes prie\u0161 Vengrijos \u010dempion\u0105 \u201eFerencv\u00e1ros\u201c.<\/p>\n<p>Pirmoji UEFA Konferencij\u0173 lygos ketvirtojo atrankos etapo akistata \u017ealgirie\u010diams susiklost\u0117 nes\u0117kmingai \u2013 po antrojo k\u0117linio viduryje gautos raudonos kortel\u0117s praleisti trys \u012fvar\u010diai ir pralaim\u0117ta 0:4.<\/p>\n<div class=\"embed-responsive embed-responsive-16by9 mb-4\"><iframe title=\"Santrauka | Extended highlights | \u017dalgiris - Ferencvaros\" src=\"https:\/\/www.youtube.com\/embed\/ru_6LS5mJnk?feature=oembed\" frameborder=\"0\" allow=\"accelerometer; autoplay; clipboard-write; encrypted-media; gyroscope; picture-in-picture; web-share\" referrerpolicy=\"strict-origin-when-cross-origin\" allowfullscreen><\/iframe> <\/div>\n<p>Toks rezultatas rei\u0161kia, kad norint patekti \u012f Konferencij\u0173 lygos grupi\u0173 etap\u0105 \u201e\u017dalgiriui\u201c prireikt\u0173 didel\u0117s sensacijos \u2013 ma\u017eiausiai tokia pat persvara laim\u0117ti i\u0161vykoje.<\/p>\n<p>Pasiektos lygiosios ar pergal\u0117 kitu rezultatu taip pat neb\u016bt\u0173 vien tik garb\u0117s reikalas \u2013 UEFA turnyruose kiekvienas teigiamas rezultatas prideda ta\u0161k\u0173 bendram Lietuvos klub\u0173 reitingui. U\u017e pergal\u0119 skiriamas ta\u0161kas, u\u017e lygi\u0105sias &#8211; pus\u0117 ta\u0161ko. Vis\u0173 \u0161alies komand\u0173 pasiekti ta\u0161kai sumuojami ir dalinami i\u0161 dalyvi\u0173 skai\u010diaus. Pagal \u0161\u012f reiting\u0105 UEFA kasmet nustato, kiek, kuriuose turnyruose ir kuriuose etapuose \u0161ali\u0173 komandos rungtyniaus.<\/p>\n<p>\u201e\u017dalgirio\u201c istorijoje tai jau ketvirta i\u0161vyka \u012f Budape\u0161t\u0105. 2002 metais pavyko \u012fveikti \u201eHonved\u201c komand\u0105 1:0, 2019 m. tam pa\u010diam var\u017eovui nusileista 1:3, o prie\u0161 dvejus metus \u201eFerencv\u00e1ros\u201c ekipai pralaim\u0117ta 0:2.<\/p>\n<div class=\"embed-responsive embed-responsive-16by9 mb-4\"><iframe title=\"SANTRAUKA | FERENCVAROS - \u017dALGIRIS | \u010cEMPION\u0172 LYGA\" src=\"https:\/\/www.youtube.com\/embed\/uRIIx3xh97A?feature=oembed\" frameborder=\"0\" allow=\"accelerometer; autoplay; clipboard-write; encrypted-media; gyroscope; picture-in-picture; web-share\" referrerpolicy=\"strict-origin-when-cross-origin\" allowfullscreen><\/iframe> <\/div>\n<p>Treneriui Vladimirui \u010ceburinui b\u016btent \u201eFerencv\u00e1ros\u201c yra da\u017eniausiai sutiktas var\u017eovas UEFA turnyruose \u2013 prie\u0161 j\u012f teko var\u017eytis ir su \u201eS\u016bduvos\u201c komanda. 2019 metais Budape\u0161te rungtyn\u0117s baig\u0117si vengr\u0173 pergale 4:2. Po \u012fvart\u012f tuomet peln\u0117 ir dabar komandose esantys Tokmacas Nguenas bei Ovidijus Verbickas. Abu jie \u017eaid\u0117 ir tarpusavio akistatoje 2021 m.<\/p>\n<p>Rungtyn\u0117s bus \u017eaid\u017eiamos 22 t\u016bkst. \u017ei\u016brov\u0173 talpinan\u010diame \u201eFerencvaros\u201c stadione. Be O. Verbicko, \u010dia jau yra \u017eaid\u0119 Paulius Golubickas, Edvinas Gertmonas, Saulius Mikoli\u016bnas ir Joelis Bopesu. Kitame Budape\u0161to stadione Kipras bir\u017eel\u012f atstovaudamas Lietuvos rinktinei \u017eaid\u0117 Kipras Ka\u017eukolovas.<\/p>\n<p>Sekmadien\u012f abi komandos nacionaliniuose \u010dempionatuose namuose i\u0161kovojo u\u017etikrintas pergales \u2013 \u201e\u017dalgiris\u201c 4:1 \u012fveik\u0117 \u201eD\u017eiug\u0105\u201c, o \u201eFerencv\u00e1ros\u201c 6:1 laim\u0117jo prie\u0161 \u201ePaksi FC\u201c. Visus \u0161e\u0161is \u012fvar\u010dius Budape\u0161to klubas \u012fmu\u0161\u0117 per pirm\u0105j\u012f rungtyni\u0173 k\u0117lin\u012f. Triskart pasi\u017eym\u0117jo puol\u0117jas Barnabas Varga<\/p>\n<p>Pastarosioms rungtyn\u0117ms Vengrijos ekipa ruo\u0161\u0117si ir Vilniuje \u2013 po dvikovos Lietuvoje penktadienio ryte vengrai sureng\u0117 treniruot\u0119 Lietuvos sporto centro stadione ir tik tada i\u0161vyko namo.<\/p>\n<p><iframe loading=\"lazy\" style=\"border: none; overflow: hidden;\" src=\"https:\/\/www.facebook.com\/plugins\/post.php?href=https%3A%2F%2Fwww.facebook.com%2Ffradi.hu%2Fposts%2Fpfbid02yrGHLF4AqmnfMR1TquGhrTNHPyMC1DvLyTrrAsoG285A2qBGyXwwe9kfwaPyFQd6l&amp;show_text=true&amp;width=500\" width=\"500\" height=\"644\" frameborder=\"0\" scrolling=\"no\" allowfullscreen=\"allowfullscreen\"><\/iframe><\/p>\n<p>\u201e\u017dalgiris\u201c po sekmadienio rungtyni\u0173 tur\u0117jo dvi dienas atsistatymui ir tre\u010diadienio ryt\u0105 i\u0161skrido \u012f Budape\u0161t\u0105.<\/p>\n<p>Komandai tikrai negal\u0117s pad\u0117ti du saugai \u2013 raudon\u0105 kortel\u0119 pirmoje dvikovoje gav\u0119s Nicolas Gorobsovas ir Adama Fofana, kuris d\u0117l traumos nebuvo registruotas ketvirtajam turnyro etapui.<\/p>\n<p>Rungtyn\u0117ms teis\u0117jaus arbitrai i\u0161 \u0160veicarijos su Ursu Schnyderiu prie\u0161akyje. Nuo 2018 met\u0173 tarptautin\u0119 kategorij\u0105 turintis arbitras pra\u0117jus\u012f sezon\u0105 \u0161veicar\u0173 lygoje skyr\u0117 daugiausiai baudini\u0173 \u2013 11 kart\u0173 per 18 rungtyni\u0173.<\/p>\n<p>\u201e\u017dalgirio\u201c ir \u201eFerencvaros\u201c dvikova vyks rugpj\u016b\u010dio 31 d. nuo 21 val. Lietuvos laiku.<\/p>\n","protected":false},"excerpt":{"rendered":"<p>Europin\u0117je vasaros kelion\u0117je \u201e\u017dalgiris\u201c pasiek\u0117 paskutin\u0119 stotel\u0119 \u2013 ketvirtadien\u012f Lietuvos \u010dempionai Budape\u0161te \u017eais atsakom\u0105sias rungtynes prie\u0161 Vengrijos \u010dempion\u0105 \u201eFerencv\u00e1ros\u201c. Pirmoji UEFA Konferencij\u0173 lygos ketvirtojo atrankos\u2026<\/p>\n","protected":false},"author":4,"featured_media":0,"comment_status":"closed","ping_status":"closed","sticky":false,"template":"","format":"standard","meta":{"_acf_changed":false,"footnotes":""},"categories":[87],"class_list":["post-13544","post","type-post","status-publish","format-standard","hentry","category-zalgiris"],"acf":[],"yoast_head":"<!-- This site is optimized with the Yoast SEO plugin v26.8 - https:\/\/yoast.com\/product\/yoast-seo-wordpress\/ -->\n<title>Paskutin\u0117 UEFA atrankos stotel\u0117 - Budape\u0161tas - FK \u017dalgiris<\/title>\n<meta name=\"robots\" content=\"index, follow, max-snippet:-1, max-image-preview:large, max-video-preview:-1\" \/>\n<link rel=\"canonical\" href=\"https:\/\/fkzalgiris.lt\/paskutine-uefa-atrankos-stotele-budapestas\/\" \/>\n<meta property=\"og:locale\" content=\"lt_LT\" \/>\n<meta property=\"og:type\" content=\"article\" \/>\n<meta property=\"og:title\" content=\"Paskutin\u0117 UEFA atrankos stotel\u0117 - Budape\u0161tas - FK \u017dalgiris\" \/>\n<meta property=\"og:description\" content=\"Europin\u0117je vasaros kelion\u0117je \u201e\u017dalgiris\u201c pasiek\u0117 paskutin\u0119 stotel\u0119 \u2013 ketvirtadien\u012f Lietuvos \u010dempionai Budape\u0161te \u017eais atsakom\u0105sias rungtynes prie\u0161 Vengrijos \u010dempion\u0105 \u201eFerencv\u00e1ros\u201c. Pirmoji UEFA Konferencij\u0173 lygos ketvirtojo atrankos\u2026\" \/>\n<meta property=\"og:url\" content=\"https:\/\/fkzalgiris.lt\/paskutine-uefa-atrankos-stotele-budapestas\/\" \/>\n<meta property=\"og:site_name\" content=\"FK \u017dalgiris\" \/>\n<meta property=\"article:publisher\" content=\"https:\/\/www.facebook.com\/fkzalgiris\/\" \/>\n<meta property=\"article:published_time\" content=\"2023-08-30T13:52:34+00:00\" \/>\n<meta property=\"article:modified_time\" content=\"2023-08-30T14:08:47+00:00\" \/>\n<meta property=\"og:image\" content=\"https:\/\/fkzalgiris.lt\/wp-content\/uploads\/2024\/02\/social-horiz_Zalgiris_logo_2024.png\" \/>\n\t<meta property=\"og:image:width\" content=\"3356\" \/>\n\t<meta property=\"og:image:height\" content=\"2259\" \/>\n\t<meta property=\"og:image:type\" content=\"image\/png\" \/>\n<meta name=\"author\" content=\"J\" \/>\n<meta name=\"twitter:card\" content=\"summary_large_image\" \/>\n<meta name=\"twitter:creator\" content=\"@fkzalgiris\" \/>\n<meta name=\"twitter:site\" content=\"@fkzalgiris\" \/>\n<meta name=\"twitter:label1\" content=\"Written by\" \/>\n\t<meta name=\"twitter:data1\" content=\"J\" \/>\n\t<meta name=\"twitter:label2\" content=\"Est. reading time\" \/>\n\t<meta name=\"twitter:data2\" content=\"3 minut\u0117s\" \/>\n<script type=\"application\/ld+json\" class=\"yoast-schema-graph\">{\"@context\":\"https:\/\/schema.org\",\"@graph\":[{\"@type\":\"Article\",\"@id\":\"https:\/\/fkzalgiris.lt\/paskutine-uefa-atrankos-stotele-budapestas\/#article\",\"isPartOf\":{\"@id\":\"https:\/\/fkzalgiris.lt\/paskutine-uefa-atrankos-stotele-budapestas\/\"},\"author\":{\"name\":\"J\",\"@id\":\"https:\/\/fkzalgiris.lt\/#\/schema\/person\/8604babbba794a7d8767be324a3eaac8\"},\"headline\":\"Paskutin\u0117 UEFA atrankos stotel\u0117 &#8211; Budape\u0161tas\",\"datePublished\":\"2023-08-30T13:52:34+00:00\",\"dateModified\":\"2023-08-30T14:08:47+00:00\",\"mainEntityOfPage\":{\"@id\":\"https:\/\/fkzalgiris.lt\/paskutine-uefa-atrankos-stotele-budapestas\/\"},\"wordCount\":459,\"publisher\":{\"@id\":\"https:\/\/fkzalgiris.lt\/#organization\"},\"articleSection\":[\"\u017dalgiris\"],\"inLanguage\":\"lt-LT\"},{\"@type\":\"WebPage\",\"@id\":\"https:\/\/fkzalgiris.lt\/paskutine-uefa-atrankos-stotele-budapestas\/\",\"url\":\"https:\/\/fkzalgiris.lt\/paskutine-uefa-atrankos-stotele-budapestas\/\",\"name\":\"Paskutin\u0117 UEFA atrankos stotel\u0117 - Budape\u0161tas - FK \u017dalgiris\",\"isPartOf\":{\"@id\":\"https:\/\/fkzalgiris.lt\/#website\"},\"datePublished\":\"2023-08-30T13:52:34+00:00\",\"dateModified\":\"2023-08-30T14:08:47+00:00\",\"breadcrumb\":{\"@id\":\"https:\/\/fkzalgiris.lt\/paskutine-uefa-atrankos-stotele-budapestas\/#breadcrumb\"},\"inLanguage\":\"lt-LT\",\"potentialAction\":[{\"@type\":\"ReadAction\",\"target\":[\"https:\/\/fkzalgiris.lt\/paskutine-uefa-atrankos-stotele-budapestas\/\"]}]},{\"@type\":\"BreadcrumbList\",\"@id\":\"https:\/\/fkzalgiris.lt\/paskutine-uefa-atrankos-stotele-budapestas\/#breadcrumb\",\"itemListElement\":[{\"@type\":\"ListItem\",\"position\":1,\"name\":\"Home\",\"item\":\"https:\/\/fkzalgiris.lt\/\"},{\"@type\":\"ListItem\",\"position\":2,\"name\":\"Paskutin\u0117 UEFA atrankos stotel\u0117 &#8211; Budape\u0161tas\"}]},{\"@type\":\"WebSite\",\"@id\":\"https:\/\/fkzalgiris.lt\/#website\",\"url\":\"https:\/\/fkzalgiris.lt\/\",\"name\":\"FK \u017dalgiris\",\"description\":\"oficiali Vilniaus \u201e\u017dalgirio\u201c futbolo klubo svetain\u0117\",\"publisher\":{\"@id\":\"https:\/\/fkzalgiris.lt\/#organization\"},\"potentialAction\":[{\"@type\":\"SearchAction\",\"target\":{\"@type\":\"EntryPoint\",\"urlTemplate\":\"https:\/\/fkzalgiris.lt\/?s={search_term_string}\"},\"query-input\":{\"@type\":\"PropertyValueSpecification\",\"valueRequired\":true,\"valueName\":\"search_term_string\"}}],\"inLanguage\":\"lt-LT\"},{\"@type\":\"Organization\",\"@id\":\"https:\/\/fkzalgiris.lt\/#organization\",\"name\":\"FK \u017dalgiris\",\"url\":\"https:\/\/fkzalgiris.lt\/\",\"logo\":{\"@type\":\"ImageObject\",\"inLanguage\":\"lt-LT\",\"@id\":\"https:\/\/fkzalgiris.lt\/#\/schema\/logo\/image\/\",\"url\":\"https:\/\/fkzalgiris.lt\/wp-content\/uploads\/2024\/01\/horiz-FK-Zalgiris-logo-2015.png\",\"contentUrl\":\"https:\/\/fkzalgiris.lt\/wp-content\/uploads\/2024\/01\/horiz-FK-Zalgiris-logo-2015.png\",\"width\":3073,\"height\":2048,\"caption\":\"FK \u017dalgiris\"},\"image\":{\"@id\":\"https:\/\/fkzalgiris.lt\/#\/schema\/logo\/image\/\"},\"sameAs\":[\"https:\/\/www.facebook.com\/fkzalgiris\/\",\"https:\/\/x.com\/fkzalgiris\",\"https:\/\/www.instagram.com\/fkzalgiris\/\",\"https:\/\/www.youtube.com\/channel\/UC1ag8JLxGirltMUoLlzfZLA\"]},{\"@type\":\"Person\",\"@id\":\"https:\/\/fkzalgiris.lt\/#\/schema\/person\/8604babbba794a7d8767be324a3eaac8\",\"name\":\"J\"}]}<\/script>\n<!-- \/ Yoast SEO plugin. -->","yoast_head_json":{"title":"Paskutin\u0117 UEFA atrankos stotel\u0117 - Budape\u0161tas - FK \u017dalgiris","robots":{"index":"index","follow":"follow","max-snippet":"max-snippet:-1","max-image-preview":"max-image-preview:large","max-video-preview":"max-video-preview:-1"},"canonical":"https:\/\/fkzalgiris.lt\/paskutine-uefa-atrankos-stotele-budapestas\/","og_locale":"lt_LT","og_type":"article","og_title":"Paskutin\u0117 UEFA atrankos stotel\u0117 - Budape\u0161tas - FK \u017dalgiris","og_description":"Europin\u0117je vasaros kelion\u0117je \u201e\u017dalgiris\u201c pasiek\u0117 paskutin\u0119 stotel\u0119 \u2013 ketvirtadien\u012f Lietuvos \u010dempionai Budape\u0161te \u017eais atsakom\u0105sias rungtynes prie\u0161 Vengrijos \u010dempion\u0105 \u201eFerencv\u00e1ros\u201c. Pirmoji UEFA Konferencij\u0173 lygos ketvirtojo atrankos\u2026","og_url":"https:\/\/fkzalgiris.lt\/paskutine-uefa-atrankos-stotele-budapestas\/","og_site_name":"FK \u017dalgiris","article_publisher":"https:\/\/www.facebook.com\/fkzalgiris\/","article_published_time":"2023-08-30T13:52:34+00:00","article_modified_time":"2023-08-30T14:08:47+00:00","og_image":[{"width":3356,"height":2259,"url":"https:\/\/fkzalgiris.lt\/wp-content\/uploads\/2024\/02\/social-horiz_Zalgiris_logo_2024.png","type":"image\/png"}],"author":"J","twitter_card":"summary_large_image","twitter_creator":"@fkzalgiris","twitter_site":"@fkzalgiris","twitter_misc":{"Written by":"J","Est. reading time":"3 minut\u0117s"},"schema":{"@context":"https:\/\/schema.org","@graph":[{"@type":"Article","@id":"https:\/\/fkzalgiris.lt\/paskutine-uefa-atrankos-stotele-budapestas\/#article","isPartOf":{"@id":"https:\/\/fkzalgiris.lt\/paskutine-uefa-atrankos-stotele-budapestas\/"},"author":{"name":"J","@id":"https:\/\/fkzalgiris.lt\/#\/schema\/person\/8604babbba794a7d8767be324a3eaac8"},"headline":"Paskutin\u0117 UEFA atrankos stotel\u0117 &#8211; Budape\u0161tas","datePublished":"2023-08-30T13:52:34+00:00","dateModified":"2023-08-30T14:08:47+00:00","mainEntityOfPage":{"@id":"https:\/\/fkzalgiris.lt\/paskutine-uefa-atrankos-stotele-budapestas\/"},"wordCount":459,"publisher":{"@id":"https:\/\/fkzalgiris.lt\/#organization"},"articleSection":["\u017dalgiris"],"inLanguage":"lt-LT"},{"@type":"WebPage","@id":"https:\/\/fkzalgiris.lt\/paskutine-uefa-atrankos-stotele-budapestas\/","url":"https:\/\/fkzalgiris.lt\/paskutine-uefa-atrankos-stotele-budapestas\/","name":"Paskutin\u0117 UEFA atrankos stotel\u0117 - Budape\u0161tas - FK \u017dalgiris","isPartOf":{"@id":"https:\/\/fkzalgiris.lt\/#website"},"datePublished":"2023-08-30T13:52:34+00:00","dateModified":"2023-08-30T14:08:47+00:00","breadcrumb":{"@id":"https:\/\/fkzalgiris.lt\/paskutine-uefa-atrankos-stotele-budapestas\/#breadcrumb"},"inLanguage":"lt-LT","potentialAction":[{"@type":"ReadAction","target":["https:\/\/fkzalgiris.lt\/paskutine-uefa-atrankos-stotele-budapestas\/"]}]},{"@type":"BreadcrumbList","@id":"https:\/\/fkzalgiris.lt\/paskutine-uefa-atrankos-stotele-budapestas\/#breadcrumb","itemListElement":[{"@type":"ListItem","position":1,"name":"Home","item":"https:\/\/fkzalgiris.lt\/"},{"@type":"ListItem","position":2,"name":"Paskutin\u0117 UEFA atrankos stotel\u0117 &#8211; Budape\u0161tas"}]},{"@type":"WebSite","@id":"https:\/\/fkzalgiris.lt\/#website","url":"https:\/\/fkzalgiris.lt\/","name":"FK \u017dalgiris","description":"oficiali Vilniaus \u201e\u017dalgirio\u201c futbolo klubo svetain\u0117","publisher":{"@id":"https:\/\/fkzalgiris.lt\/#organization"},"potentialAction":[{"@type":"SearchAction","target":{"@type":"EntryPoint","urlTemplate":"https:\/\/fkzalgiris.lt\/?s={search_term_string}"},"query-input":{"@type":"PropertyValueSpecification","valueRequired":true,"valueName":"search_term_string"}}],"inLanguage":"lt-LT"},{"@type":"Organization","@id":"https:\/\/fkzalgiris.lt\/#organization","name":"FK \u017dalgiris","url":"https:\/\/fkzalgiris.lt\/","logo":{"@type":"ImageObject","inLanguage":"lt-LT","@id":"https:\/\/fkzalgiris.lt\/#\/schema\/logo\/image\/","url":"https:\/\/fkzalgiris.lt\/wp-content\/uploads\/2024\/01\/horiz-FK-Zalgiris-logo-2015.png","contentUrl":"https:\/\/fkzalgiris.lt\/wp-content\/uploads\/2024\/01\/horiz-FK-Zalgiris-logo-2015.png","width":3073,"height":2048,"caption":"FK \u017dalgiris"},"image":{"@id":"https:\/\/fkzalgiris.lt\/#\/schema\/logo\/image\/"},"sameAs":["https:\/\/www.facebook.com\/fkzalgiris\/","https:\/\/x.com\/fkzalgiris","https:\/\/www.instagram.com\/fkzalgiris\/","https:\/\/www.youtube.com\/channel\/UC1ag8JLxGirltMUoLlzfZLA"]},{"@type":"Person","@id":"https:\/\/fkzalgiris.lt\/#\/schema\/person\/8604babbba794a7d8767be324a3eaac8","name":"J"}]}},"_links":{"self":[{"href":"https:\/\/fkzalgiris.lt\/api\/wp\/v2\/posts\/13544","targetHints":{"allow":["GET"]}}],"collection":[{"href":"https:\/\/fkzalgiris.lt\/api\/wp\/v2\/posts"}],"about":[{"href":"https:\/\/fkzalgiris.lt\/api\/wp\/v2\/types\/post"}],"author":[{"embeddable":true,"href":"https:\/\/fkzalgiris.lt\/api\/wp\/v2\/users\/4"}],"replies":[{"embeddable":true,"href":"https:\/\/fkzalgiris.lt\/api\/wp\/v2\/comments?post=13544"}],"version-history":[{"count":10,"href":"https:\/\/fkzalgiris.lt\/api\/wp\/v2\/posts\/13544\/revisions"}],"predecessor-version":[{"id":13555,"href":"https:\/\/fkzalgiris.lt\/api\/wp\/v2\/posts\/13544\/revisions\/13555"}],"wp:attachment":[{"href":"https:\/\/fkzalgiris.lt\/api\/wp\/v2\/media?parent=13544"}],"wp:term":[{"taxonomy":"category","embeddable":true,"href":"https:\/\/fkzalgiris.lt\/api\/wp\/v2\/categories?post=13544"}],"curies":[{"name":"wp","href":"https:\/\/api.w.org\/{rel}","templated":true}]}}