{"id":13527,"date":"2023-08-27T19:44:20","date_gmt":"2023-08-27T16:44:20","guid":{"rendered":"https:\/\/fkzalgiris.lt\/?p=13527"},"modified":"2023-08-27T21:31:23","modified_gmt":"2023-08-27T18:31:23","slug":"ketvirtasis-ratas-pradetas-uztikrinta-pergale","status":"publish","type":"post","link":"https:\/\/fkzalgiris.lt\/ketvirtasis-ratas-pradetas-uztikrinta-pergale\/","title":{"rendered":"Ketvirtasis ratas prad\u0117tas u\u017etikrinta pergale"},"content":{"rendered":"<p>Ketvirt\u0105j\u012f ir lemiam\u0105 \u010dempionato rat\u0105 \u201e\u017dalgiris\u201c prad\u0117jo u\u017etikrinta pergale 4:1 prie\u0161 Tel\u0161i\u0173 \u201eD\u017eiug\u0105\u201c.<\/p>\n<p>Rungtyni\u0173 prad\u017eioje \u017ealgirie\u010dius \u012f priek\u012f i\u0161ved\u0117 Ovidijus Verbickas, o v\u0117liau po Pauliaus Golubicko sm\u016bgio ir riko\u0161eto nuo Mathias Oyewusi krito antrasis \u012fvartis. Antrojo k\u0117linio viduryje \u012fvar\u010diais ir rezultatyviais perdavimais apsikeit\u0117 M. Oyewusi ir Donatas Kazlauskas. Rungtyni\u0173 pabaigoje paguodos \u012fvart\u012f sve\u010diams peln\u0117 Motiejus Burba.<\/p>\n<p>Starto sud\u0117tyje lyginant su pra\u0117jusiomis \u010dempionato rungtyn\u0117mis \u012fvyko keturi pasikeitimai- nuo prad\u017ei\u0173 \u017eaid\u0117 Nassimas Hnidas, Petaras Mami\u010dius, Oliveris Buffas ir Donatas Kazlauskas.<\/p>\n<p>D\u0117l traum\u0173 ir lig\u0173 komandai nepad\u0117jo Arvydas Novikovas, Liviu Antalis ir Adama Fofana.<\/p>\n<p>8 min. \u012fmu\u0161tas pirmasis ivartis. Po D. Kazlausko perdavimo i\u0161 de\u0161inio kra\u0161to i\u0161 baudos aik\u0161tel\u0117s vidurio tiksliai sm\u016bgiavo O. Verbickas.<\/p>\n<p>25 min. po M. Oyewusi perdavimo D. Kazlauskas tur\u0117jo \u0161ans\u0105 baudos aik\u0161tel\u0117je, bet i\u0161 kairio kra\u0161to mu\u0161\u0117 pro \u0161al\u012f.<\/p>\n<p>34 min. \u017ealgirie\u010diai padvigubino persvar\u0105. Po P. Golubicko sm\u016bgio i\u0161 baudos aik\u0161tel\u0117s prieig\u0173 kamuolys riko\u0161etu nuo M. Oyewusi kojos \u012fskriejo \u012f vartus.<\/p>\n<p>37 min. i\u0161 baudos aik\u0161tel\u0117s prieig\u0173 sm\u016bgiavo O. Buffas, kamuolys skriejo \u0161alia vart\u0173.<\/p>\n<p>47 min. po O. Buffo sm\u016bgio i\u0161 toli kamuolys skriejo pro \u0161al\u012f.<\/p>\n<p>50 min. sve\u010di\u0173 atakoje pavojing\u0105 perdavim\u0105 i\u0161 kra\u0161to atliko M. Burba.<\/p>\n<p>58 min. at\u0161okus kamuoliui baudos aik\u0161tel\u0117je \u0161ans\u0105 tur\u0117jo Sergejus Kulini\u010dius, jo mu\u0161tas kamuolys skriejo pro \u0161al\u012f.<\/p>\n<p>Antrojo k\u0117linio viduryje \u017ealgirie\u010diai \u012fmu\u0161\u0117 dukart per kelias minutes.<\/p>\n<p>62 min. po M. Oyewusi reido de\u0161iniu kra\u0161tu ir perdavimo i\u0161 baudos aik\u0161tel\u0117s vidurio tiksliai sm\u016bgiavo D Kazlauskas.<\/p>\n<p>64 min. O. Verbickui per\u0117mus kamuol\u012f D. Kazlauskas surado M. Oyewusi prie tolimojo virpsto baudos aik\u0161tel\u0117je ir \u0161is pasiunt\u0117 kamuol\u012f \u012f tinkl\u0105.<\/p>\n<p>73 min. \u0161ans\u0105 tur\u0117jo M. Mili\u010dkovi\u010dius, bet jam nepavyko atlikti sm\u016bgio.<\/p>\n<p>76 min. po standartin\u0117s situacijos vir\u0161 vart\u0173 sm\u016bgiavo O. Verbickas. 81 min. i\u0161 baudos aik\u0161tel\u0117s prieig\u0173 netiksliai sm\u016bgiavo N. Gorobsovas.<\/p>\n<p>83 min. po M. Mili\u010dkovi\u010diaus perdavimo \u0161ans\u0105 baudos aik\u0161tel\u0117je tur\u0117jo R. Jansonas, bet po jo sm\u016bgio \u012f vartus skriejant\u012f kamuol\u012f i\u0161mu\u0161\u0117 gyn\u0117jas.<\/p>\n<p>86 min. vartininkas atr\u0117m\u0117 M. Mili\u010dkovi\u010diaus pavojing\u0105 sm\u016bg\u012f.<\/p>\n<p>Rungtyn\u0117ms art\u0117jant \u012f pabaig\u0105 tiksliu sm\u016bgiu i\u0161 de\u0161inio kra\u0161to paguodos \u012fvart\u012f sve\u010diams \u012fmu\u0161\u0117 Motiejus Burba.<\/p>\n<p>Ketvirtadien\u012f \u201e\u017dalgirio\u201c laukia atsakomoji Konferencij\u0173 lygos dvikova Budape\u0161te, o kitos nam\u0173 rungtyn\u0117s \u2013 rugs\u0117jo 3 dien\u0105 Vilniuje prie\u0161 Garg\u017ed\u0173 \u201eBang\u0105\u201c.<\/p>\n","protected":false},"excerpt":{"rendered":"<p>Ketvirt\u0105j\u012f ir lemiam\u0105 \u010dempionato rat\u0105 \u201e\u017dalgiris\u201c prad\u0117jo u\u017etikrinta pergale 4:1 prie\u0161 Tel\u0161i\u0173 \u201eD\u017eiug\u0105\u201c. Rungtyni\u0173 prad\u017eioje \u017ealgirie\u010dius \u012f priek\u012f i\u0161ved\u0117 Ovidijus Verbickas, o v\u0117liau po Pauliaus\u2026<\/p>\n","protected":false},"author":4,"featured_media":0,"comment_status":"closed","ping_status":"closed","sticky":false,"template":"","format":"standard","meta":{"_acf_changed":false,"footnotes":""},"categories":[87],"class_list":["post-13527","post","type-post","status-publish","format-standard","hentry","category-zalgiris"],"acf":[],"yoast_head":"<!-- This site is optimized with the Yoast SEO plugin v26.8 - https:\/\/yoast.com\/product\/yoast-seo-wordpress\/ -->\n<title>Ketvirtasis ratas prad\u0117tas u\u017etikrinta pergale - FK \u017dalgiris<\/title>\n<meta name=\"robots\" content=\"index, follow, max-snippet:-1, max-image-preview:large, max-video-preview:-1\" \/>\n<link rel=\"canonical\" href=\"https:\/\/fkzalgiris.lt\/ketvirtasis-ratas-pradetas-uztikrinta-pergale\/\" \/>\n<meta property=\"og:locale\" content=\"lt_LT\" \/>\n<meta property=\"og:type\" content=\"article\" \/>\n<meta property=\"og:title\" content=\"Ketvirtasis ratas prad\u0117tas u\u017etikrinta pergale - FK \u017dalgiris\" \/>\n<meta property=\"og:description\" content=\"Ketvirt\u0105j\u012f ir lemiam\u0105 \u010dempionato rat\u0105 \u201e\u017dalgiris\u201c prad\u0117jo u\u017etikrinta pergale 4:1 prie\u0161 Tel\u0161i\u0173 \u201eD\u017eiug\u0105\u201c. Rungtyni\u0173 prad\u017eioje \u017ealgirie\u010dius \u012f priek\u012f i\u0161ved\u0117 Ovidijus Verbickas, o v\u0117liau po Pauliaus\u2026\" \/>\n<meta property=\"og:url\" content=\"https:\/\/fkzalgiris.lt\/ketvirtasis-ratas-pradetas-uztikrinta-pergale\/\" \/>\n<meta property=\"og:site_name\" content=\"FK \u017dalgiris\" \/>\n<meta property=\"article:publisher\" content=\"https:\/\/www.facebook.com\/fkzalgiris\/\" \/>\n<meta property=\"article:published_time\" content=\"2023-08-27T16:44:20+00:00\" \/>\n<meta property=\"article:modified_time\" content=\"2023-08-27T18:31:23+00:00\" \/>\n<meta property=\"og:image\" content=\"https:\/\/fkzalgiris.lt\/wp-content\/uploads\/2024\/02\/social-horiz_Zalgiris_logo_2024.png\" \/>\n\t<meta property=\"og:image:width\" content=\"3356\" \/>\n\t<meta property=\"og:image:height\" content=\"2259\" \/>\n\t<meta property=\"og:image:type\" content=\"image\/png\" \/>\n<meta name=\"author\" content=\"J\" \/>\n<meta name=\"twitter:card\" content=\"summary_large_image\" \/>\n<meta name=\"twitter:creator\" content=\"@fkzalgiris\" \/>\n<meta name=\"twitter:site\" content=\"@fkzalgiris\" \/>\n<meta name=\"twitter:label1\" content=\"Written by\" \/>\n\t<meta name=\"twitter:data1\" content=\"J\" \/>\n\t<meta name=\"twitter:label2\" content=\"Est. reading time\" \/>\n\t<meta name=\"twitter:data2\" content=\"2 minut\u0117s\" \/>\n<script type=\"application\/ld+json\" class=\"yoast-schema-graph\">{\"@context\":\"https:\/\/schema.org\",\"@graph\":[{\"@type\":\"Article\",\"@id\":\"https:\/\/fkzalgiris.lt\/ketvirtasis-ratas-pradetas-uztikrinta-pergale\/#article\",\"isPartOf\":{\"@id\":\"https:\/\/fkzalgiris.lt\/ketvirtasis-ratas-pradetas-uztikrinta-pergale\/\"},\"author\":{\"name\":\"J\",\"@id\":\"https:\/\/fkzalgiris.lt\/#\/schema\/person\/8604babbba794a7d8767be324a3eaac8\"},\"headline\":\"Ketvirtasis ratas prad\u0117tas u\u017etikrinta pergale\",\"datePublished\":\"2023-08-27T16:44:20+00:00\",\"dateModified\":\"2023-08-27T18:31:23+00:00\",\"mainEntityOfPage\":{\"@id\":\"https:\/\/fkzalgiris.lt\/ketvirtasis-ratas-pradetas-uztikrinta-pergale\/\"},\"wordCount\":423,\"publisher\":{\"@id\":\"https:\/\/fkzalgiris.lt\/#organization\"},\"articleSection\":[\"\u017dalgiris\"],\"inLanguage\":\"lt-LT\"},{\"@type\":\"WebPage\",\"@id\":\"https:\/\/fkzalgiris.lt\/ketvirtasis-ratas-pradetas-uztikrinta-pergale\/\",\"url\":\"https:\/\/fkzalgiris.lt\/ketvirtasis-ratas-pradetas-uztikrinta-pergale\/\",\"name\":\"Ketvirtasis ratas prad\u0117tas u\u017etikrinta pergale - FK \u017dalgiris\",\"isPartOf\":{\"@id\":\"https:\/\/fkzalgiris.lt\/#website\"},\"datePublished\":\"2023-08-27T16:44:20+00:00\",\"dateModified\":\"2023-08-27T18:31:23+00:00\",\"breadcrumb\":{\"@id\":\"https:\/\/fkzalgiris.lt\/ketvirtasis-ratas-pradetas-uztikrinta-pergale\/#breadcrumb\"},\"inLanguage\":\"lt-LT\",\"potentialAction\":[{\"@type\":\"ReadAction\",\"target\":[\"https:\/\/fkzalgiris.lt\/ketvirtasis-ratas-pradetas-uztikrinta-pergale\/\"]}]},{\"@type\":\"BreadcrumbList\",\"@id\":\"https:\/\/fkzalgiris.lt\/ketvirtasis-ratas-pradetas-uztikrinta-pergale\/#breadcrumb\",\"itemListElement\":[{\"@type\":\"ListItem\",\"position\":1,\"name\":\"Home\",\"item\":\"https:\/\/fkzalgiris.lt\/\"},{\"@type\":\"ListItem\",\"position\":2,\"name\":\"Ketvirtasis ratas prad\u0117tas u\u017etikrinta pergale\"}]},{\"@type\":\"WebSite\",\"@id\":\"https:\/\/fkzalgiris.lt\/#website\",\"url\":\"https:\/\/fkzalgiris.lt\/\",\"name\":\"FK \u017dalgiris\",\"description\":\"oficiali Vilniaus \u201e\u017dalgirio\u201c futbolo klubo svetain\u0117\",\"publisher\":{\"@id\":\"https:\/\/fkzalgiris.lt\/#organization\"},\"potentialAction\":[{\"@type\":\"SearchAction\",\"target\":{\"@type\":\"EntryPoint\",\"urlTemplate\":\"https:\/\/fkzalgiris.lt\/?s={search_term_string}\"},\"query-input\":{\"@type\":\"PropertyValueSpecification\",\"valueRequired\":true,\"valueName\":\"search_term_string\"}}],\"inLanguage\":\"lt-LT\"},{\"@type\":\"Organization\",\"@id\":\"https:\/\/fkzalgiris.lt\/#organization\",\"name\":\"FK \u017dalgiris\",\"url\":\"https:\/\/fkzalgiris.lt\/\",\"logo\":{\"@type\":\"ImageObject\",\"inLanguage\":\"lt-LT\",\"@id\":\"https:\/\/fkzalgiris.lt\/#\/schema\/logo\/image\/\",\"url\":\"https:\/\/fkzalgiris.lt\/wp-content\/uploads\/2024\/01\/horiz-FK-Zalgiris-logo-2015.png\",\"contentUrl\":\"https:\/\/fkzalgiris.lt\/wp-content\/uploads\/2024\/01\/horiz-FK-Zalgiris-logo-2015.png\",\"width\":3073,\"height\":2048,\"caption\":\"FK \u017dalgiris\"},\"image\":{\"@id\":\"https:\/\/fkzalgiris.lt\/#\/schema\/logo\/image\/\"},\"sameAs\":[\"https:\/\/www.facebook.com\/fkzalgiris\/\",\"https:\/\/x.com\/fkzalgiris\",\"https:\/\/www.instagram.com\/fkzalgiris\/\",\"https:\/\/www.youtube.com\/channel\/UC1ag8JLxGirltMUoLlzfZLA\"]},{\"@type\":\"Person\",\"@id\":\"https:\/\/fkzalgiris.lt\/#\/schema\/person\/8604babbba794a7d8767be324a3eaac8\",\"name\":\"J\"}]}<\/script>\n<!-- \/ Yoast SEO plugin. -->","yoast_head_json":{"title":"Ketvirtasis ratas prad\u0117tas u\u017etikrinta pergale - FK \u017dalgiris","robots":{"index":"index","follow":"follow","max-snippet":"max-snippet:-1","max-image-preview":"max-image-preview:large","max-video-preview":"max-video-preview:-1"},"canonical":"https:\/\/fkzalgiris.lt\/ketvirtasis-ratas-pradetas-uztikrinta-pergale\/","og_locale":"lt_LT","og_type":"article","og_title":"Ketvirtasis ratas prad\u0117tas u\u017etikrinta pergale - FK \u017dalgiris","og_description":"Ketvirt\u0105j\u012f ir lemiam\u0105 \u010dempionato rat\u0105 \u201e\u017dalgiris\u201c prad\u0117jo u\u017etikrinta pergale 4:1 prie\u0161 Tel\u0161i\u0173 \u201eD\u017eiug\u0105\u201c. Rungtyni\u0173 prad\u017eioje \u017ealgirie\u010dius \u012f priek\u012f i\u0161ved\u0117 Ovidijus Verbickas, o v\u0117liau po Pauliaus\u2026","og_url":"https:\/\/fkzalgiris.lt\/ketvirtasis-ratas-pradetas-uztikrinta-pergale\/","og_site_name":"FK \u017dalgiris","article_publisher":"https:\/\/www.facebook.com\/fkzalgiris\/","article_published_time":"2023-08-27T16:44:20+00:00","article_modified_time":"2023-08-27T18:31:23+00:00","og_image":[{"width":3356,"height":2259,"url":"https:\/\/fkzalgiris.lt\/wp-content\/uploads\/2024\/02\/social-horiz_Zalgiris_logo_2024.png","type":"image\/png"}],"author":"J","twitter_card":"summary_large_image","twitter_creator":"@fkzalgiris","twitter_site":"@fkzalgiris","twitter_misc":{"Written by":"J","Est. reading time":"2 minut\u0117s"},"schema":{"@context":"https:\/\/schema.org","@graph":[{"@type":"Article","@id":"https:\/\/fkzalgiris.lt\/ketvirtasis-ratas-pradetas-uztikrinta-pergale\/#article","isPartOf":{"@id":"https:\/\/fkzalgiris.lt\/ketvirtasis-ratas-pradetas-uztikrinta-pergale\/"},"author":{"name":"J","@id":"https:\/\/fkzalgiris.lt\/#\/schema\/person\/8604babbba794a7d8767be324a3eaac8"},"headline":"Ketvirtasis ratas prad\u0117tas u\u017etikrinta pergale","datePublished":"2023-08-27T16:44:20+00:00","dateModified":"2023-08-27T18:31:23+00:00","mainEntityOfPage":{"@id":"https:\/\/fkzalgiris.lt\/ketvirtasis-ratas-pradetas-uztikrinta-pergale\/"},"wordCount":423,"publisher":{"@id":"https:\/\/fkzalgiris.lt\/#organization"},"articleSection":["\u017dalgiris"],"inLanguage":"lt-LT"},{"@type":"WebPage","@id":"https:\/\/fkzalgiris.lt\/ketvirtasis-ratas-pradetas-uztikrinta-pergale\/","url":"https:\/\/fkzalgiris.lt\/ketvirtasis-ratas-pradetas-uztikrinta-pergale\/","name":"Ketvirtasis ratas prad\u0117tas u\u017etikrinta pergale - FK \u017dalgiris","isPartOf":{"@id":"https:\/\/fkzalgiris.lt\/#website"},"datePublished":"2023-08-27T16:44:20+00:00","dateModified":"2023-08-27T18:31:23+00:00","breadcrumb":{"@id":"https:\/\/fkzalgiris.lt\/ketvirtasis-ratas-pradetas-uztikrinta-pergale\/#breadcrumb"},"inLanguage":"lt-LT","potentialAction":[{"@type":"ReadAction","target":["https:\/\/fkzalgiris.lt\/ketvirtasis-ratas-pradetas-uztikrinta-pergale\/"]}]},{"@type":"BreadcrumbList","@id":"https:\/\/fkzalgiris.lt\/ketvirtasis-ratas-pradetas-uztikrinta-pergale\/#breadcrumb","itemListElement":[{"@type":"ListItem","position":1,"name":"Home","item":"https:\/\/fkzalgiris.lt\/"},{"@type":"ListItem","position":2,"name":"Ketvirtasis ratas prad\u0117tas u\u017etikrinta pergale"}]},{"@type":"WebSite","@id":"https:\/\/fkzalgiris.lt\/#website","url":"https:\/\/fkzalgiris.lt\/","name":"FK \u017dalgiris","description":"oficiali Vilniaus \u201e\u017dalgirio\u201c futbolo klubo svetain\u0117","publisher":{"@id":"https:\/\/fkzalgiris.lt\/#organization"},"potentialAction":[{"@type":"SearchAction","target":{"@type":"EntryPoint","urlTemplate":"https:\/\/fkzalgiris.lt\/?s={search_term_string}"},"query-input":{"@type":"PropertyValueSpecification","valueRequired":true,"valueName":"search_term_string"}}],"inLanguage":"lt-LT"},{"@type":"Organization","@id":"https:\/\/fkzalgiris.lt\/#organization","name":"FK \u017dalgiris","url":"https:\/\/fkzalgiris.lt\/","logo":{"@type":"ImageObject","inLanguage":"lt-LT","@id":"https:\/\/fkzalgiris.lt\/#\/schema\/logo\/image\/","url":"https:\/\/fkzalgiris.lt\/wp-content\/uploads\/2024\/01\/horiz-FK-Zalgiris-logo-2015.png","contentUrl":"https:\/\/fkzalgiris.lt\/wp-content\/uploads\/2024\/01\/horiz-FK-Zalgiris-logo-2015.png","width":3073,"height":2048,"caption":"FK \u017dalgiris"},"image":{"@id":"https:\/\/fkzalgiris.lt\/#\/schema\/logo\/image\/"},"sameAs":["https:\/\/www.facebook.com\/fkzalgiris\/","https:\/\/x.com\/fkzalgiris","https:\/\/www.instagram.com\/fkzalgiris\/","https:\/\/www.youtube.com\/channel\/UC1ag8JLxGirltMUoLlzfZLA"]},{"@type":"Person","@id":"https:\/\/fkzalgiris.lt\/#\/schema\/person\/8604babbba794a7d8767be324a3eaac8","name":"J"}]}},"_links":{"self":[{"href":"https:\/\/fkzalgiris.lt\/api\/wp\/v2\/posts\/13527","targetHints":{"allow":["GET"]}}],"collection":[{"href":"https:\/\/fkzalgiris.lt\/api\/wp\/v2\/posts"}],"about":[{"href":"https:\/\/fkzalgiris.lt\/api\/wp\/v2\/types\/post"}],"author":[{"embeddable":true,"href":"https:\/\/fkzalgiris.lt\/api\/wp\/v2\/users\/4"}],"replies":[{"embeddable":true,"href":"https:\/\/fkzalgiris.lt\/api\/wp\/v2\/comments?post=13527"}],"version-history":[{"count":7,"href":"https:\/\/fkzalgiris.lt\/api\/wp\/v2\/posts\/13527\/revisions"}],"predecessor-version":[{"id":13535,"href":"https:\/\/fkzalgiris.lt\/api\/wp\/v2\/posts\/13527\/revisions\/13535"}],"wp:attachment":[{"href":"https:\/\/fkzalgiris.lt\/api\/wp\/v2\/media?parent=13527"}],"wp:term":[{"taxonomy":"category","embeddable":true,"href":"https:\/\/fkzalgiris.lt\/api\/wp\/v2\/categories?post=13527"}],"curies":[{"name":"wp","href":"https:\/\/api.w.org\/{rel}","templated":true}]}}