{"id":13510,"date":"2023-08-25T15:23:10","date_gmt":"2023-08-25T12:23:10","guid":{"rendered":"https:\/\/fkzalgiris.lt\/?p=13510"},"modified":"2023-08-25T15:23:45","modified_gmt":"2023-08-25T12:23:45","slug":"v-ceburinas-per-daug-klydome","status":"publish","type":"post","link":"https:\/\/fkzalgiris.lt\/v-ceburinas-per-daug-klydome\/","title":{"rendered":"V. \u010ceburinas: \u201ePer daug klydome\u201c"},"content":{"rendered":"<p>\u201e\u017dalgirio\u201c treneris Vladimiras \u010ceburinas po nes\u0117km\u0117s UEFA Konferencij\u0173 lygos rungtyn\u0117se prie\u0161 \u201eFerencvaros\u201c kalb\u0117jo apie individuali\u0173 klaid\u0173 gaus\u0105.<\/p>\n<p>\u0160iurk\u0161\u010diai klyd\u0119 \u017ealgirie\u010diai nuo antro k\u0117linio vidurio \u017eaid\u0117 be pa\u0161alinto Nicolas Gorobsovo ir pralaim\u0117jo 0:4.<\/p>\n<p>\u201eRungtynes prad\u0117jome gana u\u017etikrintai, sumanymai pavyko neblogai. Tur\u0117jome neblog\u0173 moment\u0173. Ta\u010diau v\u0117liau m\u016bs\u0173 klaida leido var\u017eovui pasi\u017eym\u0117ti. \u017daisti tokiu ritmu, kas 2-3 dienas, sud\u0117tinga. Tai ne pasiteisinimas d\u0117l rezultato. Tok\u012f rezultat\u0105 nul\u0117m\u0117 m\u016bs\u0173 klaidos. Prad\u017eioje tur\u0117jome galimybi\u0173 pasi\u017eym\u0117ti. Kai likome ma\u017eumoje buvo sud\u0117tinga\u201c, \u2013 kalb\u0117jo treneris.<\/p>\n<p>Paklaustas, ar labai tr\u016bko diskvalifikuoto Mathias Oyewusi, treneris atsak\u0117: \u201eJau sakiau kad prad\u017eioje tur\u0117jome galimybi\u0173. Galb\u016bt su Mathiasu b\u016bt\u0173 ir kiek kitaip B\u016bna, kad puol\u0117jai ne\u012fmu\u0161a kelis kartus. Ta\u010diau kai taip klystama gynyboje tada sud\u0117tinga.\u201c<\/p>\n<p>Anot trenerio, pralaim\u0117jim\u0105 didesni\u0173 skirtum\u0173 pirmiausia l\u0117m\u0117 didelis klaid\u0173 skai\u010dius: \u201eFutbolas yra klaid\u0173 \u017eaidimas. Kas daugiau klydo tas ir pralaim\u0117jo. Klystama ir auk\u0161\u010diausiame lygyje. Anglijoje, Vokietijoje&#8230; Ne visk\u0105 \u012fvertiname, nors sakoma kad biud\u017eetai aik\u0161t\u0117je ne\u017eaid\u017eia ta\u010diau tokiu atveju ir nereikt\u0173 sakyti kad g\u0117dinga. \u0160iandien tokia jau diena, tiek daug klaid\u0173&#8230; Kad neb\u016btum pagalvoj\u0119s\u201c<\/p>\n<p>\u017durnalistams pasiteiravus apie psichologin\u0119 komandos b\u016bkl\u0119, V. \u010ceburinas atsak\u0117: \u201ePsichologija atlieka didel\u012f vaidmen\u012f. Po nes\u0117km\u0117s \u0160vedijoje daug kalb\u0117jome k\u0105 ir kaip mums reikia daryti. Buvome pasiruo\u0161\u0119 rungtyn\u0117ms. Laim\u0117jome nelengvas rungtynes Alytuje. Ta\u010diau \u017emogi\u0161kas faktorius aik\u0161t\u0117je atsiliepia Kalbame apie komandinius, individualius veiksmus. Ta\u010diau yra \u017emogi\u0161kas faktorius. Viena klaida priveda prie kitos.\u201c<\/p>\n<p>Atsakomosios komand\u0173 rungtyn\u0117s vyks po savait\u0117s \u0160vedijoje.<\/p>\n","protected":false},"excerpt":{"rendered":"<p>\u201e\u017dalgirio\u201c treneris Vladimiras \u010ceburinas po nes\u0117km\u0117s UEFA Konferencij\u0173 lygos rungtyn\u0117se prie\u0161 \u201eFerencvaros\u201c kalb\u0117jo apie individuali\u0173 klaid\u0173 gaus\u0105. \u0160iurk\u0161\u010diai klyd\u0119 \u017ealgirie\u010diai nuo antro k\u0117linio vidurio \u017eaid\u0117\u2026<\/p>\n","protected":false},"author":4,"featured_media":0,"comment_status":"closed","ping_status":"closed","sticky":false,"template":"","format":"standard","meta":{"_acf_changed":false,"footnotes":""},"categories":[1],"class_list":["post-13510","post","type-post","status-publish","format-standard","hentry","category-be-kategorijos"],"acf":[],"yoast_head":"<!-- This site is optimized with the Yoast SEO plugin v26.8 - https:\/\/yoast.com\/product\/yoast-seo-wordpress\/ -->\n<title>V. \u010ceburinas: \u201ePer daug klydome\u201c - FK \u017dalgiris<\/title>\n<meta name=\"robots\" content=\"index, follow, max-snippet:-1, max-image-preview:large, max-video-preview:-1\" \/>\n<link rel=\"canonical\" href=\"https:\/\/fkzalgiris.lt\/v-ceburinas-per-daug-klydome\/\" \/>\n<meta property=\"og:locale\" content=\"lt_LT\" \/>\n<meta property=\"og:type\" content=\"article\" \/>\n<meta property=\"og:title\" content=\"V. \u010ceburinas: \u201ePer daug klydome\u201c - FK \u017dalgiris\" \/>\n<meta property=\"og:description\" content=\"\u201e\u017dalgirio\u201c treneris Vladimiras \u010ceburinas po nes\u0117km\u0117s UEFA Konferencij\u0173 lygos rungtyn\u0117se prie\u0161 \u201eFerencvaros\u201c kalb\u0117jo apie individuali\u0173 klaid\u0173 gaus\u0105. \u0160iurk\u0161\u010diai klyd\u0119 \u017ealgirie\u010diai nuo antro k\u0117linio vidurio \u017eaid\u0117\u2026\" \/>\n<meta property=\"og:url\" content=\"https:\/\/fkzalgiris.lt\/v-ceburinas-per-daug-klydome\/\" \/>\n<meta property=\"og:site_name\" content=\"FK \u017dalgiris\" \/>\n<meta property=\"article:publisher\" content=\"https:\/\/www.facebook.com\/fkzalgiris\/\" \/>\n<meta property=\"article:published_time\" content=\"2023-08-25T12:23:10+00:00\" \/>\n<meta property=\"article:modified_time\" content=\"2023-08-25T12:23:45+00:00\" \/>\n<meta property=\"og:image\" content=\"https:\/\/fkzalgiris.lt\/wp-content\/uploads\/2024\/02\/social-horiz_Zalgiris_logo_2024.png\" \/>\n\t<meta property=\"og:image:width\" content=\"3356\" \/>\n\t<meta property=\"og:image:height\" content=\"2259\" \/>\n\t<meta property=\"og:image:type\" content=\"image\/png\" \/>\n<meta name=\"author\" content=\"J\" \/>\n<meta name=\"twitter:card\" content=\"summary_large_image\" \/>\n<meta name=\"twitter:creator\" content=\"@fkzalgiris\" \/>\n<meta name=\"twitter:site\" content=\"@fkzalgiris\" \/>\n<meta name=\"twitter:label1\" content=\"Written by\" \/>\n\t<meta name=\"twitter:data1\" content=\"J\" \/>\n\t<meta name=\"twitter:label2\" content=\"Est. reading time\" \/>\n\t<meta name=\"twitter:data2\" content=\"2 minut\u0117s\" \/>\n<script type=\"application\/ld+json\" class=\"yoast-schema-graph\">{\"@context\":\"https:\/\/schema.org\",\"@graph\":[{\"@type\":\"Article\",\"@id\":\"https:\/\/fkzalgiris.lt\/v-ceburinas-per-daug-klydome\/#article\",\"isPartOf\":{\"@id\":\"https:\/\/fkzalgiris.lt\/v-ceburinas-per-daug-klydome\/\"},\"author\":{\"name\":\"J\",\"@id\":\"https:\/\/fkzalgiris.lt\/#\/schema\/person\/8604babbba794a7d8767be324a3eaac8\"},\"headline\":\"V. \u010ceburinas: \u201ePer daug klydome\u201c\",\"datePublished\":\"2023-08-25T12:23:10+00:00\",\"dateModified\":\"2023-08-25T12:23:45+00:00\",\"mainEntityOfPage\":{\"@id\":\"https:\/\/fkzalgiris.lt\/v-ceburinas-per-daug-klydome\/\"},\"wordCount\":294,\"publisher\":{\"@id\":\"https:\/\/fkzalgiris.lt\/#organization\"},\"inLanguage\":\"lt-LT\"},{\"@type\":\"WebPage\",\"@id\":\"https:\/\/fkzalgiris.lt\/v-ceburinas-per-daug-klydome\/\",\"url\":\"https:\/\/fkzalgiris.lt\/v-ceburinas-per-daug-klydome\/\",\"name\":\"V. \u010ceburinas: \u201ePer daug klydome\u201c - FK \u017dalgiris\",\"isPartOf\":{\"@id\":\"https:\/\/fkzalgiris.lt\/#website\"},\"datePublished\":\"2023-08-25T12:23:10+00:00\",\"dateModified\":\"2023-08-25T12:23:45+00:00\",\"breadcrumb\":{\"@id\":\"https:\/\/fkzalgiris.lt\/v-ceburinas-per-daug-klydome\/#breadcrumb\"},\"inLanguage\":\"lt-LT\",\"potentialAction\":[{\"@type\":\"ReadAction\",\"target\":[\"https:\/\/fkzalgiris.lt\/v-ceburinas-per-daug-klydome\/\"]}]},{\"@type\":\"BreadcrumbList\",\"@id\":\"https:\/\/fkzalgiris.lt\/v-ceburinas-per-daug-klydome\/#breadcrumb\",\"itemListElement\":[{\"@type\":\"ListItem\",\"position\":1,\"name\":\"Home\",\"item\":\"https:\/\/fkzalgiris.lt\/\"},{\"@type\":\"ListItem\",\"position\":2,\"name\":\"V. \u010ceburinas: \u201ePer daug klydome\u201c\"}]},{\"@type\":\"WebSite\",\"@id\":\"https:\/\/fkzalgiris.lt\/#website\",\"url\":\"https:\/\/fkzalgiris.lt\/\",\"name\":\"FK \u017dalgiris\",\"description\":\"oficiali Vilniaus \u201e\u017dalgirio\u201c futbolo klubo svetain\u0117\",\"publisher\":{\"@id\":\"https:\/\/fkzalgiris.lt\/#organization\"},\"potentialAction\":[{\"@type\":\"SearchAction\",\"target\":{\"@type\":\"EntryPoint\",\"urlTemplate\":\"https:\/\/fkzalgiris.lt\/?s={search_term_string}\"},\"query-input\":{\"@type\":\"PropertyValueSpecification\",\"valueRequired\":true,\"valueName\":\"search_term_string\"}}],\"inLanguage\":\"lt-LT\"},{\"@type\":\"Organization\",\"@id\":\"https:\/\/fkzalgiris.lt\/#organization\",\"name\":\"FK \u017dalgiris\",\"url\":\"https:\/\/fkzalgiris.lt\/\",\"logo\":{\"@type\":\"ImageObject\",\"inLanguage\":\"lt-LT\",\"@id\":\"https:\/\/fkzalgiris.lt\/#\/schema\/logo\/image\/\",\"url\":\"https:\/\/fkzalgiris.lt\/wp-content\/uploads\/2024\/01\/horiz-FK-Zalgiris-logo-2015.png\",\"contentUrl\":\"https:\/\/fkzalgiris.lt\/wp-content\/uploads\/2024\/01\/horiz-FK-Zalgiris-logo-2015.png\",\"width\":3073,\"height\":2048,\"caption\":\"FK \u017dalgiris\"},\"image\":{\"@id\":\"https:\/\/fkzalgiris.lt\/#\/schema\/logo\/image\/\"},\"sameAs\":[\"https:\/\/www.facebook.com\/fkzalgiris\/\",\"https:\/\/x.com\/fkzalgiris\",\"https:\/\/www.instagram.com\/fkzalgiris\/\",\"https:\/\/www.youtube.com\/channel\/UC1ag8JLxGirltMUoLlzfZLA\"]},{\"@type\":\"Person\",\"@id\":\"https:\/\/fkzalgiris.lt\/#\/schema\/person\/8604babbba794a7d8767be324a3eaac8\",\"name\":\"J\"}]}<\/script>\n<!-- \/ Yoast SEO plugin. -->","yoast_head_json":{"title":"V. \u010ceburinas: \u201ePer daug klydome\u201c - FK \u017dalgiris","robots":{"index":"index","follow":"follow","max-snippet":"max-snippet:-1","max-image-preview":"max-image-preview:large","max-video-preview":"max-video-preview:-1"},"canonical":"https:\/\/fkzalgiris.lt\/v-ceburinas-per-daug-klydome\/","og_locale":"lt_LT","og_type":"article","og_title":"V. \u010ceburinas: \u201ePer daug klydome\u201c - FK \u017dalgiris","og_description":"\u201e\u017dalgirio\u201c treneris Vladimiras \u010ceburinas po nes\u0117km\u0117s UEFA Konferencij\u0173 lygos rungtyn\u0117se prie\u0161 \u201eFerencvaros\u201c kalb\u0117jo apie individuali\u0173 klaid\u0173 gaus\u0105. \u0160iurk\u0161\u010diai klyd\u0119 \u017ealgirie\u010diai nuo antro k\u0117linio vidurio \u017eaid\u0117\u2026","og_url":"https:\/\/fkzalgiris.lt\/v-ceburinas-per-daug-klydome\/","og_site_name":"FK \u017dalgiris","article_publisher":"https:\/\/www.facebook.com\/fkzalgiris\/","article_published_time":"2023-08-25T12:23:10+00:00","article_modified_time":"2023-08-25T12:23:45+00:00","og_image":[{"width":3356,"height":2259,"url":"https:\/\/fkzalgiris.lt\/wp-content\/uploads\/2024\/02\/social-horiz_Zalgiris_logo_2024.png","type":"image\/png"}],"author":"J","twitter_card":"summary_large_image","twitter_creator":"@fkzalgiris","twitter_site":"@fkzalgiris","twitter_misc":{"Written by":"J","Est. reading time":"2 minut\u0117s"},"schema":{"@context":"https:\/\/schema.org","@graph":[{"@type":"Article","@id":"https:\/\/fkzalgiris.lt\/v-ceburinas-per-daug-klydome\/#article","isPartOf":{"@id":"https:\/\/fkzalgiris.lt\/v-ceburinas-per-daug-klydome\/"},"author":{"name":"J","@id":"https:\/\/fkzalgiris.lt\/#\/schema\/person\/8604babbba794a7d8767be324a3eaac8"},"headline":"V. \u010ceburinas: \u201ePer daug klydome\u201c","datePublished":"2023-08-25T12:23:10+00:00","dateModified":"2023-08-25T12:23:45+00:00","mainEntityOfPage":{"@id":"https:\/\/fkzalgiris.lt\/v-ceburinas-per-daug-klydome\/"},"wordCount":294,"publisher":{"@id":"https:\/\/fkzalgiris.lt\/#organization"},"inLanguage":"lt-LT"},{"@type":"WebPage","@id":"https:\/\/fkzalgiris.lt\/v-ceburinas-per-daug-klydome\/","url":"https:\/\/fkzalgiris.lt\/v-ceburinas-per-daug-klydome\/","name":"V. \u010ceburinas: \u201ePer daug klydome\u201c - FK \u017dalgiris","isPartOf":{"@id":"https:\/\/fkzalgiris.lt\/#website"},"datePublished":"2023-08-25T12:23:10+00:00","dateModified":"2023-08-25T12:23:45+00:00","breadcrumb":{"@id":"https:\/\/fkzalgiris.lt\/v-ceburinas-per-daug-klydome\/#breadcrumb"},"inLanguage":"lt-LT","potentialAction":[{"@type":"ReadAction","target":["https:\/\/fkzalgiris.lt\/v-ceburinas-per-daug-klydome\/"]}]},{"@type":"BreadcrumbList","@id":"https:\/\/fkzalgiris.lt\/v-ceburinas-per-daug-klydome\/#breadcrumb","itemListElement":[{"@type":"ListItem","position":1,"name":"Home","item":"https:\/\/fkzalgiris.lt\/"},{"@type":"ListItem","position":2,"name":"V. \u010ceburinas: \u201ePer daug klydome\u201c"}]},{"@type":"WebSite","@id":"https:\/\/fkzalgiris.lt\/#website","url":"https:\/\/fkzalgiris.lt\/","name":"FK \u017dalgiris","description":"oficiali Vilniaus \u201e\u017dalgirio\u201c futbolo klubo svetain\u0117","publisher":{"@id":"https:\/\/fkzalgiris.lt\/#organization"},"potentialAction":[{"@type":"SearchAction","target":{"@type":"EntryPoint","urlTemplate":"https:\/\/fkzalgiris.lt\/?s={search_term_string}"},"query-input":{"@type":"PropertyValueSpecification","valueRequired":true,"valueName":"search_term_string"}}],"inLanguage":"lt-LT"},{"@type":"Organization","@id":"https:\/\/fkzalgiris.lt\/#organization","name":"FK \u017dalgiris","url":"https:\/\/fkzalgiris.lt\/","logo":{"@type":"ImageObject","inLanguage":"lt-LT","@id":"https:\/\/fkzalgiris.lt\/#\/schema\/logo\/image\/","url":"https:\/\/fkzalgiris.lt\/wp-content\/uploads\/2024\/01\/horiz-FK-Zalgiris-logo-2015.png","contentUrl":"https:\/\/fkzalgiris.lt\/wp-content\/uploads\/2024\/01\/horiz-FK-Zalgiris-logo-2015.png","width":3073,"height":2048,"caption":"FK \u017dalgiris"},"image":{"@id":"https:\/\/fkzalgiris.lt\/#\/schema\/logo\/image\/"},"sameAs":["https:\/\/www.facebook.com\/fkzalgiris\/","https:\/\/x.com\/fkzalgiris","https:\/\/www.instagram.com\/fkzalgiris\/","https:\/\/www.youtube.com\/channel\/UC1ag8JLxGirltMUoLlzfZLA"]},{"@type":"Person","@id":"https:\/\/fkzalgiris.lt\/#\/schema\/person\/8604babbba794a7d8767be324a3eaac8","name":"J"}]}},"_links":{"self":[{"href":"https:\/\/fkzalgiris.lt\/api\/wp\/v2\/posts\/13510","targetHints":{"allow":["GET"]}}],"collection":[{"href":"https:\/\/fkzalgiris.lt\/api\/wp\/v2\/posts"}],"about":[{"href":"https:\/\/fkzalgiris.lt\/api\/wp\/v2\/types\/post"}],"author":[{"embeddable":true,"href":"https:\/\/fkzalgiris.lt\/api\/wp\/v2\/users\/4"}],"replies":[{"embeddable":true,"href":"https:\/\/fkzalgiris.lt\/api\/wp\/v2\/comments?post=13510"}],"version-history":[{"count":2,"href":"https:\/\/fkzalgiris.lt\/api\/wp\/v2\/posts\/13510\/revisions"}],"predecessor-version":[{"id":13513,"href":"https:\/\/fkzalgiris.lt\/api\/wp\/v2\/posts\/13510\/revisions\/13513"}],"wp:attachment":[{"href":"https:\/\/fkzalgiris.lt\/api\/wp\/v2\/media?parent=13510"}],"wp:term":[{"taxonomy":"category","embeddable":true,"href":"https:\/\/fkzalgiris.lt\/api\/wp\/v2\/categories?post=13510"}],"curies":[{"name":"wp","href":"https:\/\/api.w.org\/{rel}","templated":true}]}}