{"id":13322,"date":"2023-08-13T21:47:32","date_gmt":"2023-08-13T18:47:32","guid":{"rendered":"https:\/\/fkzalgiris.lt\/?p=13322"},"modified":"2023-08-13T21:47:32","modified_gmt":"2023-08-13T18:47:32","slug":"pries-hegelmann-trys-ivarciai-pirmajame-kelinyje","status":"publish","type":"post","link":"https:\/\/fkzalgiris.lt\/pries-hegelmann-trys-ivarciai-pirmajame-kelinyje\/","title":{"rendered":"Prie\u0161 \u201eHegelmann\u201c \u2013 trys \u012fvar\u010diai pirmajame k\u0117linyje"},"content":{"rendered":"<p>Po nerezultatyvi\u0173 poros savai\u010di\u0173 \u201e\u017dalgiris\u201c \u012f pergali\u0173 keli\u0105 gr\u012f\u017eo u\u017etikrinta pergale (4:0) prie\u0161 Kauno rajono \u201eHegelmann\u201c.<\/p>\n<p>Solid\u017ei\u0105 serij\u0105 \u201eOptibet A lygoje\u201c tur\u0117j\u0119 kaunie\u010diai pirmajame k\u0117linyje buvo priblok\u0161ti \u017ealgirie\u010di\u0173 puolimo, kur\u012f sustiprino \u010dempionate debiutav\u0119s Arvydas Novikovas. Jis sudalyvavo atakoje, po kurios \u012fvart\u012f \u012fmu\u0161\u0117 Mathias Oyewusi, ir pasi\u017eym\u0117jo antru \u012fvar\u010diu, o tre\u010di\u0105 peln\u0117 Donatas Kazlauskas. Antrajame k\u0117linyje dar vien\u0105 \u012fvart\u012f prid\u0117jo Marko Mili\u010dkovi\u010dius.<\/p>\n<p>\u201e\u017dalgirio\u201c sud\u0117tyje po paskutini\u0173 \u010dempionato rungtyni\u0173 \u012fvyko trys pasikeitimai. Nuo prad\u017ei\u0173 \u017eaid\u0117 S. Vu\u010duras, M. Paveli\u010dius ir A. Novikovas. Pastarajam tai buvo sugr\u012f\u017eimas \u012f vietos pirmenybes po keliolikos met\u0173 pertraukos. D\u0117l \u0160iauliuose gauto ketvirto \u012fsp\u0117jimo rungtynes praleido J. Kendy\u0161as.<\/p>\n<p>2 min. po A. Novikovo perdavimo M. Oyewusi galva mu\u0161\u0117 pro \u0161al\u012f.<\/p>\n<p>10 min. \u017ealgirie\u010diai i\u0161siver\u017e\u0117 \u012f priek\u012f.<\/p>\n<p>Po M. Paveli\u010diaus perdavimo i\u0161 de\u0161inio kra\u0161to O. Verbicko sm\u016bg\u012f i\u0161 baudos aik\u0161tel\u0117s vidurio atr\u0117m\u0117 vartininkas, ta\u010diau pirmas prie at\u0161okusio kamuolio M. Oyewusi pasiunt\u0117 kamuol\u012f \u012f vartus.<\/p>\n<p>19 min. po pavojingo P. Popescu sm\u016bgio i\u0161 de\u0161inio baudos aik\u0161tel\u0117s kra\u0161to kamuol\u012f atmu\u0161\u0117 E. Gertmonas.<\/p>\n<p>Netrukus po var\u017eov\u0173 kampinio \u201e\u017dalgiris\u201c sureng\u0117 greit\u0105 atak\u0105 ir po P. Golubicko perdavimo A. Novikovas i\u0161 baudos aik\u0161tel\u0117s prieig\u0173 sm\u016bgiu kaire koja pasiunt\u0117 kamuol\u012f \u012f vart\u0173 kamp\u0105.<\/p>\n<p>32 min. po P. Golubicko ir M. Oyewusi kombinacijos i\u0161 baudos aik\u0161tel\u0117s prieig\u0173 tiksliai sm\u016bgiavo D. Kazlauskas.<\/p>\n<p>40 min. po P. Mami\u010diaus perdavimo M. Oyewusi baudos aik\u0161tel\u0117je sm\u016bgiavo vienu lietimu pro \u0161al\u012f.<\/p>\n<p>47 min. po A. Novikovo sm\u016bgio i\u0161 de\u0161inio kra\u0161to kamuolys skriejo vir\u0161 vart\u0173.<\/p>\n<p>52 min. po kampinio D. Kazlausko galva mu\u0161t\u0105 kamuol\u012f vir\u0161 skersinio nukreip\u0117 vartininkas.<\/p>\n<p>55 min. po baudos sm\u016bgio pavojingai galva sm\u016bgiavo H. Figueredo.<\/p>\n<p>57 min. i\u0161 baudos aik\u0161tel\u0117s prieig\u0173 netiksliai sm\u016bgiavo A. Novikovas.<\/p>\n<p>69 min. krito ketvirtas \u012fvartis. Po kombinacijos kairiame kra\u0161te P. Mami\u010dius baudos aik\u0161tel\u0117je surado L. Vaca, \u0161io mu\u0161t\u0105 kamuol\u012f atr\u0117m\u0117 gyn\u0117jas, o pakartotiniu bandymu M. Mili\u010dkovi\u010diui beliko \u012fmu\u0161ti i\u0161 arti.<\/p>\n<p>72 min. var\u017eov\u0173 vartininkas atr\u0117m\u0117 O. Verbicko sm\u016bg\u012f i\u0161 arti ir L. Vaca tolim\u0105 sm\u016bg\u012f.<\/p>\n<p>Ketvirtadien\u012f \u201e\u017dalgirio\u201c laukia atsakomosios Europos lygos atrankos rungtyn\u0117s \u0160vedijoje, o kit\u0105 sekmadien\u012f \u2013 rungtyn\u0117s Alytuje prie\u0161 \u201eDainav\u0105\u201c.<\/p>\n<p>Kitas nam\u0173 rungtynes vilnie\u010diai \u017eais rugpj\u016b\u010dio 24 d. viename i\u0161 UEFA turnyr\u0173.<\/p>\n","protected":false},"excerpt":{"rendered":"<p>Po nerezultatyvi\u0173 poros savai\u010di\u0173 \u201e\u017dalgiris\u201c \u012f pergali\u0173 keli\u0105 gr\u012f\u017eo u\u017etikrinta pergale (4:0) prie\u0161 Kauno rajono \u201eHegelmann\u201c. Solid\u017ei\u0105 serij\u0105 \u201eOptibet A lygoje\u201c tur\u0117j\u0119 kaunie\u010diai pirmajame k\u0117linyje\u2026<\/p>\n","protected":false},"author":4,"featured_media":0,"comment_status":"closed","ping_status":"closed","sticky":false,"template":"","format":"standard","meta":{"_acf_changed":false,"footnotes":""},"categories":[87],"class_list":["post-13322","post","type-post","status-publish","format-standard","hentry","category-zalgiris"],"acf":[],"yoast_head":"<!-- This site is optimized with the Yoast SEO plugin v26.8 - https:\/\/yoast.com\/product\/yoast-seo-wordpress\/ -->\n<title>Prie\u0161 \u201eHegelmann\u201c \u2013 trys \u012fvar\u010diai pirmajame k\u0117linyje - FK \u017dalgiris<\/title>\n<meta name=\"robots\" content=\"index, follow, max-snippet:-1, max-image-preview:large, max-video-preview:-1\" \/>\n<link rel=\"canonical\" href=\"https:\/\/fkzalgiris.lt\/pries-hegelmann-trys-ivarciai-pirmajame-kelinyje\/\" \/>\n<meta property=\"og:locale\" content=\"lt_LT\" \/>\n<meta property=\"og:type\" content=\"article\" \/>\n<meta property=\"og:title\" content=\"Prie\u0161 \u201eHegelmann\u201c \u2013 trys \u012fvar\u010diai pirmajame k\u0117linyje - FK \u017dalgiris\" \/>\n<meta property=\"og:description\" content=\"Po nerezultatyvi\u0173 poros savai\u010di\u0173 \u201e\u017dalgiris\u201c \u012f pergali\u0173 keli\u0105 gr\u012f\u017eo u\u017etikrinta pergale (4:0) prie\u0161 Kauno rajono \u201eHegelmann\u201c. Solid\u017ei\u0105 serij\u0105 \u201eOptibet A lygoje\u201c tur\u0117j\u0119 kaunie\u010diai pirmajame k\u0117linyje\u2026\" \/>\n<meta property=\"og:url\" content=\"https:\/\/fkzalgiris.lt\/pries-hegelmann-trys-ivarciai-pirmajame-kelinyje\/\" \/>\n<meta property=\"og:site_name\" content=\"FK \u017dalgiris\" \/>\n<meta property=\"article:publisher\" content=\"https:\/\/www.facebook.com\/fkzalgiris\/\" \/>\n<meta property=\"article:published_time\" content=\"2023-08-13T18:47:32+00:00\" \/>\n<meta property=\"og:image\" content=\"https:\/\/fkzalgiris.lt\/wp-content\/uploads\/2024\/02\/social-horiz_Zalgiris_logo_2024.png\" \/>\n\t<meta property=\"og:image:width\" content=\"3356\" \/>\n\t<meta property=\"og:image:height\" content=\"2259\" \/>\n\t<meta property=\"og:image:type\" content=\"image\/png\" \/>\n<meta name=\"author\" content=\"J\" \/>\n<meta name=\"twitter:card\" content=\"summary_large_image\" \/>\n<meta name=\"twitter:creator\" content=\"@fkzalgiris\" \/>\n<meta name=\"twitter:site\" content=\"@fkzalgiris\" \/>\n<meta name=\"twitter:label1\" content=\"Written by\" \/>\n\t<meta name=\"twitter:data1\" content=\"J\" \/>\n\t<meta name=\"twitter:label2\" content=\"Est. reading time\" \/>\n\t<meta name=\"twitter:data2\" content=\"2 minut\u0117s\" \/>\n<script type=\"application\/ld+json\" class=\"yoast-schema-graph\">{\"@context\":\"https:\/\/schema.org\",\"@graph\":[{\"@type\":\"Article\",\"@id\":\"https:\/\/fkzalgiris.lt\/pries-hegelmann-trys-ivarciai-pirmajame-kelinyje\/#article\",\"isPartOf\":{\"@id\":\"https:\/\/fkzalgiris.lt\/pries-hegelmann-trys-ivarciai-pirmajame-kelinyje\/\"},\"author\":{\"name\":\"J\",\"@id\":\"https:\/\/fkzalgiris.lt\/#\/schema\/person\/8604babbba794a7d8767be324a3eaac8\"},\"headline\":\"Prie\u0161 \u201eHegelmann\u201c \u2013 trys \u012fvar\u010diai pirmajame k\u0117linyje\",\"datePublished\":\"2023-08-13T18:47:32+00:00\",\"mainEntityOfPage\":{\"@id\":\"https:\/\/fkzalgiris.lt\/pries-hegelmann-trys-ivarciai-pirmajame-kelinyje\/\"},\"wordCount\":409,\"publisher\":{\"@id\":\"https:\/\/fkzalgiris.lt\/#organization\"},\"articleSection\":[\"\u017dalgiris\"],\"inLanguage\":\"lt-LT\"},{\"@type\":\"WebPage\",\"@id\":\"https:\/\/fkzalgiris.lt\/pries-hegelmann-trys-ivarciai-pirmajame-kelinyje\/\",\"url\":\"https:\/\/fkzalgiris.lt\/pries-hegelmann-trys-ivarciai-pirmajame-kelinyje\/\",\"name\":\"Prie\u0161 \u201eHegelmann\u201c \u2013 trys \u012fvar\u010diai pirmajame k\u0117linyje - FK \u017dalgiris\",\"isPartOf\":{\"@id\":\"https:\/\/fkzalgiris.lt\/#website\"},\"datePublished\":\"2023-08-13T18:47:32+00:00\",\"breadcrumb\":{\"@id\":\"https:\/\/fkzalgiris.lt\/pries-hegelmann-trys-ivarciai-pirmajame-kelinyje\/#breadcrumb\"},\"inLanguage\":\"lt-LT\",\"potentialAction\":[{\"@type\":\"ReadAction\",\"target\":[\"https:\/\/fkzalgiris.lt\/pries-hegelmann-trys-ivarciai-pirmajame-kelinyje\/\"]}]},{\"@type\":\"BreadcrumbList\",\"@id\":\"https:\/\/fkzalgiris.lt\/pries-hegelmann-trys-ivarciai-pirmajame-kelinyje\/#breadcrumb\",\"itemListElement\":[{\"@type\":\"ListItem\",\"position\":1,\"name\":\"Home\",\"item\":\"https:\/\/fkzalgiris.lt\/\"},{\"@type\":\"ListItem\",\"position\":2,\"name\":\"Prie\u0161 \u201eHegelmann\u201c \u2013 trys \u012fvar\u010diai pirmajame k\u0117linyje\"}]},{\"@type\":\"WebSite\",\"@id\":\"https:\/\/fkzalgiris.lt\/#website\",\"url\":\"https:\/\/fkzalgiris.lt\/\",\"name\":\"FK \u017dalgiris\",\"description\":\"oficiali Vilniaus \u201e\u017dalgirio\u201c futbolo klubo svetain\u0117\",\"publisher\":{\"@id\":\"https:\/\/fkzalgiris.lt\/#organization\"},\"potentialAction\":[{\"@type\":\"SearchAction\",\"target\":{\"@type\":\"EntryPoint\",\"urlTemplate\":\"https:\/\/fkzalgiris.lt\/?s={search_term_string}\"},\"query-input\":{\"@type\":\"PropertyValueSpecification\",\"valueRequired\":true,\"valueName\":\"search_term_string\"}}],\"inLanguage\":\"lt-LT\"},{\"@type\":\"Organization\",\"@id\":\"https:\/\/fkzalgiris.lt\/#organization\",\"name\":\"FK \u017dalgiris\",\"url\":\"https:\/\/fkzalgiris.lt\/\",\"logo\":{\"@type\":\"ImageObject\",\"inLanguage\":\"lt-LT\",\"@id\":\"https:\/\/fkzalgiris.lt\/#\/schema\/logo\/image\/\",\"url\":\"https:\/\/fkzalgiris.lt\/wp-content\/uploads\/2024\/01\/horiz-FK-Zalgiris-logo-2015.png\",\"contentUrl\":\"https:\/\/fkzalgiris.lt\/wp-content\/uploads\/2024\/01\/horiz-FK-Zalgiris-logo-2015.png\",\"width\":3073,\"height\":2048,\"caption\":\"FK \u017dalgiris\"},\"image\":{\"@id\":\"https:\/\/fkzalgiris.lt\/#\/schema\/logo\/image\/\"},\"sameAs\":[\"https:\/\/www.facebook.com\/fkzalgiris\/\",\"https:\/\/x.com\/fkzalgiris\",\"https:\/\/www.instagram.com\/fkzalgiris\/\",\"https:\/\/www.youtube.com\/channel\/UC1ag8JLxGirltMUoLlzfZLA\"]},{\"@type\":\"Person\",\"@id\":\"https:\/\/fkzalgiris.lt\/#\/schema\/person\/8604babbba794a7d8767be324a3eaac8\",\"name\":\"J\"}]}<\/script>\n<!-- \/ Yoast SEO plugin. -->","yoast_head_json":{"title":"Prie\u0161 \u201eHegelmann\u201c \u2013 trys \u012fvar\u010diai pirmajame k\u0117linyje - FK \u017dalgiris","robots":{"index":"index","follow":"follow","max-snippet":"max-snippet:-1","max-image-preview":"max-image-preview:large","max-video-preview":"max-video-preview:-1"},"canonical":"https:\/\/fkzalgiris.lt\/pries-hegelmann-trys-ivarciai-pirmajame-kelinyje\/","og_locale":"lt_LT","og_type":"article","og_title":"Prie\u0161 \u201eHegelmann\u201c \u2013 trys \u012fvar\u010diai pirmajame k\u0117linyje - FK \u017dalgiris","og_description":"Po nerezultatyvi\u0173 poros savai\u010di\u0173 \u201e\u017dalgiris\u201c \u012f pergali\u0173 keli\u0105 gr\u012f\u017eo u\u017etikrinta pergale (4:0) prie\u0161 Kauno rajono \u201eHegelmann\u201c. Solid\u017ei\u0105 serij\u0105 \u201eOptibet A lygoje\u201c tur\u0117j\u0119 kaunie\u010diai pirmajame k\u0117linyje\u2026","og_url":"https:\/\/fkzalgiris.lt\/pries-hegelmann-trys-ivarciai-pirmajame-kelinyje\/","og_site_name":"FK \u017dalgiris","article_publisher":"https:\/\/www.facebook.com\/fkzalgiris\/","article_published_time":"2023-08-13T18:47:32+00:00","og_image":[{"width":3356,"height":2259,"url":"https:\/\/fkzalgiris.lt\/wp-content\/uploads\/2024\/02\/social-horiz_Zalgiris_logo_2024.png","type":"image\/png"}],"author":"J","twitter_card":"summary_large_image","twitter_creator":"@fkzalgiris","twitter_site":"@fkzalgiris","twitter_misc":{"Written by":"J","Est. reading time":"2 minut\u0117s"},"schema":{"@context":"https:\/\/schema.org","@graph":[{"@type":"Article","@id":"https:\/\/fkzalgiris.lt\/pries-hegelmann-trys-ivarciai-pirmajame-kelinyje\/#article","isPartOf":{"@id":"https:\/\/fkzalgiris.lt\/pries-hegelmann-trys-ivarciai-pirmajame-kelinyje\/"},"author":{"name":"J","@id":"https:\/\/fkzalgiris.lt\/#\/schema\/person\/8604babbba794a7d8767be324a3eaac8"},"headline":"Prie\u0161 \u201eHegelmann\u201c \u2013 trys \u012fvar\u010diai pirmajame k\u0117linyje","datePublished":"2023-08-13T18:47:32+00:00","mainEntityOfPage":{"@id":"https:\/\/fkzalgiris.lt\/pries-hegelmann-trys-ivarciai-pirmajame-kelinyje\/"},"wordCount":409,"publisher":{"@id":"https:\/\/fkzalgiris.lt\/#organization"},"articleSection":["\u017dalgiris"],"inLanguage":"lt-LT"},{"@type":"WebPage","@id":"https:\/\/fkzalgiris.lt\/pries-hegelmann-trys-ivarciai-pirmajame-kelinyje\/","url":"https:\/\/fkzalgiris.lt\/pries-hegelmann-trys-ivarciai-pirmajame-kelinyje\/","name":"Prie\u0161 \u201eHegelmann\u201c \u2013 trys \u012fvar\u010diai pirmajame k\u0117linyje - FK \u017dalgiris","isPartOf":{"@id":"https:\/\/fkzalgiris.lt\/#website"},"datePublished":"2023-08-13T18:47:32+00:00","breadcrumb":{"@id":"https:\/\/fkzalgiris.lt\/pries-hegelmann-trys-ivarciai-pirmajame-kelinyje\/#breadcrumb"},"inLanguage":"lt-LT","potentialAction":[{"@type":"ReadAction","target":["https:\/\/fkzalgiris.lt\/pries-hegelmann-trys-ivarciai-pirmajame-kelinyje\/"]}]},{"@type":"BreadcrumbList","@id":"https:\/\/fkzalgiris.lt\/pries-hegelmann-trys-ivarciai-pirmajame-kelinyje\/#breadcrumb","itemListElement":[{"@type":"ListItem","position":1,"name":"Home","item":"https:\/\/fkzalgiris.lt\/"},{"@type":"ListItem","position":2,"name":"Prie\u0161 \u201eHegelmann\u201c \u2013 trys \u012fvar\u010diai pirmajame k\u0117linyje"}]},{"@type":"WebSite","@id":"https:\/\/fkzalgiris.lt\/#website","url":"https:\/\/fkzalgiris.lt\/","name":"FK \u017dalgiris","description":"oficiali Vilniaus \u201e\u017dalgirio\u201c futbolo klubo svetain\u0117","publisher":{"@id":"https:\/\/fkzalgiris.lt\/#organization"},"potentialAction":[{"@type":"SearchAction","target":{"@type":"EntryPoint","urlTemplate":"https:\/\/fkzalgiris.lt\/?s={search_term_string}"},"query-input":{"@type":"PropertyValueSpecification","valueRequired":true,"valueName":"search_term_string"}}],"inLanguage":"lt-LT"},{"@type":"Organization","@id":"https:\/\/fkzalgiris.lt\/#organization","name":"FK \u017dalgiris","url":"https:\/\/fkzalgiris.lt\/","logo":{"@type":"ImageObject","inLanguage":"lt-LT","@id":"https:\/\/fkzalgiris.lt\/#\/schema\/logo\/image\/","url":"https:\/\/fkzalgiris.lt\/wp-content\/uploads\/2024\/01\/horiz-FK-Zalgiris-logo-2015.png","contentUrl":"https:\/\/fkzalgiris.lt\/wp-content\/uploads\/2024\/01\/horiz-FK-Zalgiris-logo-2015.png","width":3073,"height":2048,"caption":"FK \u017dalgiris"},"image":{"@id":"https:\/\/fkzalgiris.lt\/#\/schema\/logo\/image\/"},"sameAs":["https:\/\/www.facebook.com\/fkzalgiris\/","https:\/\/x.com\/fkzalgiris","https:\/\/www.instagram.com\/fkzalgiris\/","https:\/\/www.youtube.com\/channel\/UC1ag8JLxGirltMUoLlzfZLA"]},{"@type":"Person","@id":"https:\/\/fkzalgiris.lt\/#\/schema\/person\/8604babbba794a7d8767be324a3eaac8","name":"J"}]}},"_links":{"self":[{"href":"https:\/\/fkzalgiris.lt\/api\/wp\/v2\/posts\/13322","targetHints":{"allow":["GET"]}}],"collection":[{"href":"https:\/\/fkzalgiris.lt\/api\/wp\/v2\/posts"}],"about":[{"href":"https:\/\/fkzalgiris.lt\/api\/wp\/v2\/types\/post"}],"author":[{"embeddable":true,"href":"https:\/\/fkzalgiris.lt\/api\/wp\/v2\/users\/4"}],"replies":[{"embeddable":true,"href":"https:\/\/fkzalgiris.lt\/api\/wp\/v2\/comments?post=13322"}],"version-history":[{"count":4,"href":"https:\/\/fkzalgiris.lt\/api\/wp\/v2\/posts\/13322\/revisions"}],"predecessor-version":[{"id":13330,"href":"https:\/\/fkzalgiris.lt\/api\/wp\/v2\/posts\/13322\/revisions\/13330"}],"wp:attachment":[{"href":"https:\/\/fkzalgiris.lt\/api\/wp\/v2\/media?parent=13322"}],"wp:term":[{"taxonomy":"category","embeddable":true,"href":"https:\/\/fkzalgiris.lt\/api\/wp\/v2\/categories?post=13322"}],"curies":[{"name":"wp","href":"https:\/\/api.w.org\/{rel}","templated":true}]}}