{"id":12766,"date":"2023-06-28T16:01:48","date_gmt":"2023-06-28T13:01:48","guid":{"rendered":"https:\/\/fkzalgiris.lt\/?p=12766"},"modified":"2023-06-28T16:02:33","modified_gmt":"2023-06-28T13:02:33","slug":"m-oyewusi-po-pertraukos-zaidziame-labiau-kaip-komanda","status":"publish","type":"post","link":"https:\/\/fkzalgiris.lt\/m-oyewusi-po-pertraukos-zaidziame-labiau-kaip-komanda\/","title":{"rendered":"M. Oyewusi: \u201ePo pertraukos \u017eaid\u017eiame labiau kaip komanda\u201c"},"content":{"rendered":"<p>\u201e\u017dalgirio\u201c treneris Vladimiras \u010ceburinas po rezultatyvios pergal\u0117s Kaune d\u0117kojo \u017eaid\u0117jams u\u017e ger\u0105 atsidavim\u0105 ir \u012fvar\u010di\u0173 gaus\u0105, o trimis \u012fvar\u010diais pasi\u017eym\u0117j\u0119s Mathias Oyewusi pa\u017eym\u0117jo komandinius veiksmus.<br \/>\n\u201e\u017dalgiris\u201c Kaune pirmavo 5:0 ir tik rungtyni\u0173 pabaigoje leido \u201eKauno \u017dalgiriui\u201c suma\u017einti atsilikim\u0105 dviem \u012fvar\u010diais.<\/p>\n<p>\u201eRungtyn\u0117s buvo geros, \u012fdomios ir pagal komand\u0173 sumanymus pagal savo plan\u0173 \u012fgyvendinim\u0105 aik\u0161t\u0117je Gerai kad \u012fmu\u0161\u0117me ir \u012fmu\u0161\u0117me daug. Tik ned\u017eiugina kad praleid\u017eiame \u012fvar\u010dius \u2013 pabaigoje, po keitim\u0173 \u0161iek tiek susilpn\u0117jo \u017eaidimas. Ta\u010diau atsidavimas buvo geras, noras didelis Ne visk\u0105, k\u0105 suplanavome \u012fvykd\u0117me, bet daugumoje pavyko. Noriu labai pad\u0117koti \u017eaid\u0117jams u\u017e \u0161imtaprocentin\u012f atsidavim\u0105 aik\u0161t\u0117je\u201c, \u2013 kalb\u0117jo V. \u010ceburinas.<\/p>\n<div class=\"embed-responsive embed-responsive-16by9 mb-4\"><iframe title=\"\u010ceburin | Trenerio komentaras | Interview | Kauno \u017dalgiris - \u017dalgiris | Optibet A lyga [CC]\" src=\"https:\/\/www.youtube.com\/embed\/FuhfLlL2Yxo?feature=oembed\" frameborder=\"0\" allow=\"accelerometer; autoplay; clipboard-write; encrypted-media; gyroscope; picture-in-picture; web-share\" referrerpolicy=\"strict-origin-when-cross-origin\" allowfullscreen><\/iframe> <\/div>\n<p>&nbsp;<\/p>\n<p>\u201eA\u010di\u016b Dievui u\u017e pergal\u0119, tai buvo geras komandinis darbas. Nuo vartininko iki puol\u0117j\u0173. Visi dirbo sunkiai. Buvo gera ramyb\u0117. Jei \u017eaisime taip ir toliau, tur\u0117sime prog\u0173 \u012fmu\u0161ti ir laim\u0117ti daugiau rungtyni\u0173. Buvo geras jausmas, geros emocijos komandai. Treneris patenkintas, visi patenkinti\u201c, \u2013 sak\u0117 M. Oyewusi.<\/p>\n<div class=\"embed-responsive embed-responsive-16by9 mb-4\"><iframe title=\"Oyewusi | Komentaras | Interview | Kauno \u017dalgiris - \u017dalgiris [CC]\" src=\"https:\/\/www.youtube.com\/embed\/P3hLP0DTBbE?feature=oembed\" frameborder=\"0\" allow=\"accelerometer; autoplay; clipboard-write; encrypted-media; gyroscope; picture-in-picture; web-share\" referrerpolicy=\"strict-origin-when-cross-origin\" allowfullscreen><\/iframe> <\/div>\n<p>&nbsp;<\/p>\n<p>Paklaustas, ar tai geriausios komandos rungtyn\u0117s \u0161\u012f sezon\u0105, treneris atsak\u0117: \u201eM\u016bs\u0173 geriausios rungtyn\u0117s dar ateityje.\u201c<\/p>\n<p>Rungtyni\u0173 pabaigoje vilnie\u010diai praleido du \u012fvar\u010dius. \u201eNesaky\u010diau kad tr\u016bko susikaupimo. Praradome prana\u0161um\u0105 vidurio zonoje. I\u0161\u0117jo perdavimas i\u0161 ten. Prie antrojo \u012fvar\u010dio perstat\u0117me, \u017eaid\u0117me kitokia schema. Gal ne visai suprato kas turi \u017eaisti \u012f kamuol\u012f\u201c, \u2013 svarst\u0117 treneris.<\/p>\n<p>\u012e klausim\u0105 apie tai, ar komanda art\u0117ja prie geriausios sportin\u0117s formos, M. Oyewusi atsak\u0117: \u201eTaip, manau kad art\u0117jame. Po pertraukos \u017eaid\u017eiame labiau kaip komanda, artimiau. Visi vienas kit\u0105 palaiko. Niekas nekaltina vienas kito. Dirbame, kovojame vienas u\u017e kit\u0105. Jei taip \u017eaisime, gal\u0117sime laim\u0117ti daugiau. D\u0117koju Dievui u\u017e \u012fvar\u010dius, esu laimingas. \u012emu\u0161iau pirm\u0105 hat-trick\u0105 Lietuvoje. Tai prideda pasitik\u0117jimo prie\u0161 art\u0117jan\u010di\u0105 atrank\u0105 Europoje. Tai kaip \u017ealia \u0161viesa. Reikia dirbti daugiau, \u017eaisti dar geriau. Tikiu kad dar daug prie\u0161akyje.\u201c<\/p>\n<p>Antr\u0105 kart\u0105 karjeroje ir pirm\u0105 kart\u0105 Lietuvoje M. Oyewusi peln\u0117 tris \u012fvar\u010dius per vienerias rungtynes. \u201e\u012evar\u010diai krito po ger\u0173 perdavim\u0173. Sudalyvavo Ovidijus, Fofana, perdav\u0117me vienas kitam. Tai buvo geri komandiniai veiksmai. Nuo saug\u0173 linijos iki puolimo. Viskas suveik\u0117 gerai. Buvo gerai nuo prad\u017ei\u0173. Gerai, tiesiog puikiai\u201c, \u2013 \u0161ypsojosi puol\u0117jas.<\/p>\n<p>Sekmadien\u012f \u017ealgirie\u010diai \u017eais Garg\u017eduose, o liepos 6 d. gr\u012f\u0161 \u012f Vilni\u0173 &#8211; ten laukia generalin\u0117 repeticija prie\u0161 kovas Europoje. Liepos 11 d. komandos laukia pirmosios \u010cempion\u0173 lygos rungtyn\u0117s su \u0160iaur\u0117s Makedonijos \u010dempionais.<\/p>\n","protected":false},"excerpt":{"rendered":"<p>\u201e\u017dalgirio\u201c treneris Vladimiras \u010ceburinas po rezultatyvios pergal\u0117s Kaune d\u0117kojo \u017eaid\u0117jams u\u017e ger\u0105 atsidavim\u0105 ir \u012fvar\u010di\u0173 gaus\u0105, o trimis \u012fvar\u010diais pasi\u017eym\u0117j\u0119s Mathias Oyewusi pa\u017eym\u0117jo komandinius veiksmus.\u2026<\/p>\n","protected":false},"author":4,"featured_media":0,"comment_status":"closed","ping_status":"closed","sticky":false,"template":"","format":"standard","meta":{"_acf_changed":false,"footnotes":""},"categories":[1],"class_list":["post-12766","post","type-post","status-publish","format-standard","hentry","category-be-kategorijos"],"acf":[],"yoast_head":"<!-- This site is optimized with the Yoast SEO plugin v26.8 - https:\/\/yoast.com\/product\/yoast-seo-wordpress\/ -->\n<title>M. Oyewusi: \u201ePo pertraukos \u017eaid\u017eiame labiau kaip komanda\u201c - FK \u017dalgiris<\/title>\n<meta name=\"robots\" content=\"index, follow, max-snippet:-1, max-image-preview:large, max-video-preview:-1\" \/>\n<link rel=\"canonical\" href=\"https:\/\/fkzalgiris.lt\/m-oyewusi-po-pertraukos-zaidziame-labiau-kaip-komanda\/\" \/>\n<meta property=\"og:locale\" content=\"lt_LT\" \/>\n<meta property=\"og:type\" content=\"article\" \/>\n<meta property=\"og:title\" content=\"M. Oyewusi: \u201ePo pertraukos \u017eaid\u017eiame labiau kaip komanda\u201c - FK \u017dalgiris\" \/>\n<meta property=\"og:description\" content=\"\u201e\u017dalgirio\u201c treneris Vladimiras \u010ceburinas po rezultatyvios pergal\u0117s Kaune d\u0117kojo \u017eaid\u0117jams u\u017e ger\u0105 atsidavim\u0105 ir \u012fvar\u010di\u0173 gaus\u0105, o trimis \u012fvar\u010diais pasi\u017eym\u0117j\u0119s Mathias Oyewusi pa\u017eym\u0117jo komandinius veiksmus.\u2026\" \/>\n<meta property=\"og:url\" content=\"https:\/\/fkzalgiris.lt\/m-oyewusi-po-pertraukos-zaidziame-labiau-kaip-komanda\/\" \/>\n<meta property=\"og:site_name\" content=\"FK \u017dalgiris\" \/>\n<meta property=\"article:publisher\" content=\"https:\/\/www.facebook.com\/fkzalgiris\/\" \/>\n<meta property=\"article:published_time\" content=\"2023-06-28T13:01:48+00:00\" \/>\n<meta property=\"article:modified_time\" content=\"2023-06-28T13:02:33+00:00\" \/>\n<meta property=\"og:image\" content=\"https:\/\/fkzalgiris.lt\/wp-content\/uploads\/2024\/02\/social-horiz_Zalgiris_logo_2024.png\" \/>\n\t<meta property=\"og:image:width\" content=\"3356\" \/>\n\t<meta property=\"og:image:height\" content=\"2259\" \/>\n\t<meta property=\"og:image:type\" content=\"image\/png\" \/>\n<meta name=\"author\" content=\"J\" \/>\n<meta name=\"twitter:card\" content=\"summary_large_image\" \/>\n<meta name=\"twitter:creator\" content=\"@fkzalgiris\" \/>\n<meta name=\"twitter:site\" content=\"@fkzalgiris\" \/>\n<meta name=\"twitter:label1\" content=\"Written by\" \/>\n\t<meta name=\"twitter:data1\" content=\"J\" \/>\n\t<meta name=\"twitter:label2\" content=\"Est. reading time\" \/>\n\t<meta name=\"twitter:data2\" content=\"2 minut\u0117s\" \/>\n<script type=\"application\/ld+json\" class=\"yoast-schema-graph\">{\"@context\":\"https:\/\/schema.org\",\"@graph\":[{\"@type\":\"Article\",\"@id\":\"https:\/\/fkzalgiris.lt\/m-oyewusi-po-pertraukos-zaidziame-labiau-kaip-komanda\/#article\",\"isPartOf\":{\"@id\":\"https:\/\/fkzalgiris.lt\/m-oyewusi-po-pertraukos-zaidziame-labiau-kaip-komanda\/\"},\"author\":{\"name\":\"J\",\"@id\":\"https:\/\/fkzalgiris.lt\/#\/schema\/person\/8604babbba794a7d8767be324a3eaac8\"},\"headline\":\"M. Oyewusi: \u201ePo pertraukos \u017eaid\u017eiame labiau kaip komanda\u201c\",\"datePublished\":\"2023-06-28T13:01:48+00:00\",\"dateModified\":\"2023-06-28T13:02:33+00:00\",\"mainEntityOfPage\":{\"@id\":\"https:\/\/fkzalgiris.lt\/m-oyewusi-po-pertraukos-zaidziame-labiau-kaip-komanda\/\"},\"wordCount\":433,\"publisher\":{\"@id\":\"https:\/\/fkzalgiris.lt\/#organization\"},\"inLanguage\":\"lt-LT\"},{\"@type\":\"WebPage\",\"@id\":\"https:\/\/fkzalgiris.lt\/m-oyewusi-po-pertraukos-zaidziame-labiau-kaip-komanda\/\",\"url\":\"https:\/\/fkzalgiris.lt\/m-oyewusi-po-pertraukos-zaidziame-labiau-kaip-komanda\/\",\"name\":\"M. Oyewusi: \u201ePo pertraukos \u017eaid\u017eiame labiau kaip komanda\u201c - FK \u017dalgiris\",\"isPartOf\":{\"@id\":\"https:\/\/fkzalgiris.lt\/#website\"},\"datePublished\":\"2023-06-28T13:01:48+00:00\",\"dateModified\":\"2023-06-28T13:02:33+00:00\",\"breadcrumb\":{\"@id\":\"https:\/\/fkzalgiris.lt\/m-oyewusi-po-pertraukos-zaidziame-labiau-kaip-komanda\/#breadcrumb\"},\"inLanguage\":\"lt-LT\",\"potentialAction\":[{\"@type\":\"ReadAction\",\"target\":[\"https:\/\/fkzalgiris.lt\/m-oyewusi-po-pertraukos-zaidziame-labiau-kaip-komanda\/\"]}]},{\"@type\":\"BreadcrumbList\",\"@id\":\"https:\/\/fkzalgiris.lt\/m-oyewusi-po-pertraukos-zaidziame-labiau-kaip-komanda\/#breadcrumb\",\"itemListElement\":[{\"@type\":\"ListItem\",\"position\":1,\"name\":\"Home\",\"item\":\"https:\/\/fkzalgiris.lt\/\"},{\"@type\":\"ListItem\",\"position\":2,\"name\":\"M. Oyewusi: \u201ePo pertraukos \u017eaid\u017eiame labiau kaip komanda\u201c\"}]},{\"@type\":\"WebSite\",\"@id\":\"https:\/\/fkzalgiris.lt\/#website\",\"url\":\"https:\/\/fkzalgiris.lt\/\",\"name\":\"FK \u017dalgiris\",\"description\":\"oficiali Vilniaus \u201e\u017dalgirio\u201c futbolo klubo svetain\u0117\",\"publisher\":{\"@id\":\"https:\/\/fkzalgiris.lt\/#organization\"},\"potentialAction\":[{\"@type\":\"SearchAction\",\"target\":{\"@type\":\"EntryPoint\",\"urlTemplate\":\"https:\/\/fkzalgiris.lt\/?s={search_term_string}\"},\"query-input\":{\"@type\":\"PropertyValueSpecification\",\"valueRequired\":true,\"valueName\":\"search_term_string\"}}],\"inLanguage\":\"lt-LT\"},{\"@type\":\"Organization\",\"@id\":\"https:\/\/fkzalgiris.lt\/#organization\",\"name\":\"FK \u017dalgiris\",\"url\":\"https:\/\/fkzalgiris.lt\/\",\"logo\":{\"@type\":\"ImageObject\",\"inLanguage\":\"lt-LT\",\"@id\":\"https:\/\/fkzalgiris.lt\/#\/schema\/logo\/image\/\",\"url\":\"https:\/\/fkzalgiris.lt\/wp-content\/uploads\/2024\/01\/horiz-FK-Zalgiris-logo-2015.png\",\"contentUrl\":\"https:\/\/fkzalgiris.lt\/wp-content\/uploads\/2024\/01\/horiz-FK-Zalgiris-logo-2015.png\",\"width\":3073,\"height\":2048,\"caption\":\"FK \u017dalgiris\"},\"image\":{\"@id\":\"https:\/\/fkzalgiris.lt\/#\/schema\/logo\/image\/\"},\"sameAs\":[\"https:\/\/www.facebook.com\/fkzalgiris\/\",\"https:\/\/x.com\/fkzalgiris\",\"https:\/\/www.instagram.com\/fkzalgiris\/\",\"https:\/\/www.youtube.com\/channel\/UC1ag8JLxGirltMUoLlzfZLA\"]},{\"@type\":\"Person\",\"@id\":\"https:\/\/fkzalgiris.lt\/#\/schema\/person\/8604babbba794a7d8767be324a3eaac8\",\"name\":\"J\"}]}<\/script>\n<!-- \/ Yoast SEO plugin. -->","yoast_head_json":{"title":"M. Oyewusi: \u201ePo pertraukos \u017eaid\u017eiame labiau kaip komanda\u201c - FK \u017dalgiris","robots":{"index":"index","follow":"follow","max-snippet":"max-snippet:-1","max-image-preview":"max-image-preview:large","max-video-preview":"max-video-preview:-1"},"canonical":"https:\/\/fkzalgiris.lt\/m-oyewusi-po-pertraukos-zaidziame-labiau-kaip-komanda\/","og_locale":"lt_LT","og_type":"article","og_title":"M. Oyewusi: \u201ePo pertraukos \u017eaid\u017eiame labiau kaip komanda\u201c - FK \u017dalgiris","og_description":"\u201e\u017dalgirio\u201c treneris Vladimiras \u010ceburinas po rezultatyvios pergal\u0117s Kaune d\u0117kojo \u017eaid\u0117jams u\u017e ger\u0105 atsidavim\u0105 ir \u012fvar\u010di\u0173 gaus\u0105, o trimis \u012fvar\u010diais pasi\u017eym\u0117j\u0119s Mathias Oyewusi pa\u017eym\u0117jo komandinius veiksmus.\u2026","og_url":"https:\/\/fkzalgiris.lt\/m-oyewusi-po-pertraukos-zaidziame-labiau-kaip-komanda\/","og_site_name":"FK \u017dalgiris","article_publisher":"https:\/\/www.facebook.com\/fkzalgiris\/","article_published_time":"2023-06-28T13:01:48+00:00","article_modified_time":"2023-06-28T13:02:33+00:00","og_image":[{"width":3356,"height":2259,"url":"https:\/\/fkzalgiris.lt\/wp-content\/uploads\/2024\/02\/social-horiz_Zalgiris_logo_2024.png","type":"image\/png"}],"author":"J","twitter_card":"summary_large_image","twitter_creator":"@fkzalgiris","twitter_site":"@fkzalgiris","twitter_misc":{"Written by":"J","Est. reading time":"2 minut\u0117s"},"schema":{"@context":"https:\/\/schema.org","@graph":[{"@type":"Article","@id":"https:\/\/fkzalgiris.lt\/m-oyewusi-po-pertraukos-zaidziame-labiau-kaip-komanda\/#article","isPartOf":{"@id":"https:\/\/fkzalgiris.lt\/m-oyewusi-po-pertraukos-zaidziame-labiau-kaip-komanda\/"},"author":{"name":"J","@id":"https:\/\/fkzalgiris.lt\/#\/schema\/person\/8604babbba794a7d8767be324a3eaac8"},"headline":"M. Oyewusi: \u201ePo pertraukos \u017eaid\u017eiame labiau kaip komanda\u201c","datePublished":"2023-06-28T13:01:48+00:00","dateModified":"2023-06-28T13:02:33+00:00","mainEntityOfPage":{"@id":"https:\/\/fkzalgiris.lt\/m-oyewusi-po-pertraukos-zaidziame-labiau-kaip-komanda\/"},"wordCount":433,"publisher":{"@id":"https:\/\/fkzalgiris.lt\/#organization"},"inLanguage":"lt-LT"},{"@type":"WebPage","@id":"https:\/\/fkzalgiris.lt\/m-oyewusi-po-pertraukos-zaidziame-labiau-kaip-komanda\/","url":"https:\/\/fkzalgiris.lt\/m-oyewusi-po-pertraukos-zaidziame-labiau-kaip-komanda\/","name":"M. Oyewusi: \u201ePo pertraukos \u017eaid\u017eiame labiau kaip komanda\u201c - FK \u017dalgiris","isPartOf":{"@id":"https:\/\/fkzalgiris.lt\/#website"},"datePublished":"2023-06-28T13:01:48+00:00","dateModified":"2023-06-28T13:02:33+00:00","breadcrumb":{"@id":"https:\/\/fkzalgiris.lt\/m-oyewusi-po-pertraukos-zaidziame-labiau-kaip-komanda\/#breadcrumb"},"inLanguage":"lt-LT","potentialAction":[{"@type":"ReadAction","target":["https:\/\/fkzalgiris.lt\/m-oyewusi-po-pertraukos-zaidziame-labiau-kaip-komanda\/"]}]},{"@type":"BreadcrumbList","@id":"https:\/\/fkzalgiris.lt\/m-oyewusi-po-pertraukos-zaidziame-labiau-kaip-komanda\/#breadcrumb","itemListElement":[{"@type":"ListItem","position":1,"name":"Home","item":"https:\/\/fkzalgiris.lt\/"},{"@type":"ListItem","position":2,"name":"M. Oyewusi: \u201ePo pertraukos \u017eaid\u017eiame labiau kaip komanda\u201c"}]},{"@type":"WebSite","@id":"https:\/\/fkzalgiris.lt\/#website","url":"https:\/\/fkzalgiris.lt\/","name":"FK \u017dalgiris","description":"oficiali Vilniaus \u201e\u017dalgirio\u201c futbolo klubo svetain\u0117","publisher":{"@id":"https:\/\/fkzalgiris.lt\/#organization"},"potentialAction":[{"@type":"SearchAction","target":{"@type":"EntryPoint","urlTemplate":"https:\/\/fkzalgiris.lt\/?s={search_term_string}"},"query-input":{"@type":"PropertyValueSpecification","valueRequired":true,"valueName":"search_term_string"}}],"inLanguage":"lt-LT"},{"@type":"Organization","@id":"https:\/\/fkzalgiris.lt\/#organization","name":"FK \u017dalgiris","url":"https:\/\/fkzalgiris.lt\/","logo":{"@type":"ImageObject","inLanguage":"lt-LT","@id":"https:\/\/fkzalgiris.lt\/#\/schema\/logo\/image\/","url":"https:\/\/fkzalgiris.lt\/wp-content\/uploads\/2024\/01\/horiz-FK-Zalgiris-logo-2015.png","contentUrl":"https:\/\/fkzalgiris.lt\/wp-content\/uploads\/2024\/01\/horiz-FK-Zalgiris-logo-2015.png","width":3073,"height":2048,"caption":"FK \u017dalgiris"},"image":{"@id":"https:\/\/fkzalgiris.lt\/#\/schema\/logo\/image\/"},"sameAs":["https:\/\/www.facebook.com\/fkzalgiris\/","https:\/\/x.com\/fkzalgiris","https:\/\/www.instagram.com\/fkzalgiris\/","https:\/\/www.youtube.com\/channel\/UC1ag8JLxGirltMUoLlzfZLA"]},{"@type":"Person","@id":"https:\/\/fkzalgiris.lt\/#\/schema\/person\/8604babbba794a7d8767be324a3eaac8","name":"J"}]}},"_links":{"self":[{"href":"https:\/\/fkzalgiris.lt\/api\/wp\/v2\/posts\/12766","targetHints":{"allow":["GET"]}}],"collection":[{"href":"https:\/\/fkzalgiris.lt\/api\/wp\/v2\/posts"}],"about":[{"href":"https:\/\/fkzalgiris.lt\/api\/wp\/v2\/types\/post"}],"author":[{"embeddable":true,"href":"https:\/\/fkzalgiris.lt\/api\/wp\/v2\/users\/4"}],"replies":[{"embeddable":true,"href":"https:\/\/fkzalgiris.lt\/api\/wp\/v2\/comments?post=12766"}],"version-history":[{"count":2,"href":"https:\/\/fkzalgiris.lt\/api\/wp\/v2\/posts\/12766\/revisions"}],"predecessor-version":[{"id":12769,"href":"https:\/\/fkzalgiris.lt\/api\/wp\/v2\/posts\/12766\/revisions\/12769"}],"wp:attachment":[{"href":"https:\/\/fkzalgiris.lt\/api\/wp\/v2\/media?parent=12766"}],"wp:term":[{"taxonomy":"category","embeddable":true,"href":"https:\/\/fkzalgiris.lt\/api\/wp\/v2\/categories?post=12766"}],"curies":[{"name":"wp","href":"https:\/\/api.w.org\/{rel}","templated":true}]}}