{"id":12626,"date":"2023-06-12T18:32:10","date_gmt":"2023-06-12T15:32:10","guid":{"rendered":"https:\/\/fkzalgiris.lt\/?p=12626"},"modified":"2024-06-25T10:41:38","modified_gmt":"2024-06-25T07:41:38","slug":"finisavo-antrasis-seimu-festivalio-sezonas","status":"publish","type":"post","link":"https:\/\/fkzalgiris.lt\/finisavo-antrasis-seimu-festivalio-sezonas\/","title":{"rendered":"Fini\u0161avo antrasis \u0161eim\u0173 festivalio sezonas"},"content":{"rendered":"<p>Beveik m\u0117nes\u012f truk\u0119s ir kelis \u0161imtus dalyvi\u0173 sutrauk\u0119s \u201e\u017dalgirio\u201c \u0161eim\u0173 festivalio antrasis sezonas pasiek\u0117 fini\u0161\u0105 &#8211; paai\u0161k\u0117jo nugal\u0117tojai ir prizininkai.<\/p>\n<p>\u0160eim\u0173 festivalis nuo gegu\u017e\u0117s vidurio kviet\u0117 vilnie\u010dius ir miesto sve\u010dius aktyviai ir smagiai praleisti laik\u0105 dalyvaujant sporto var\u017eybose ar tiesiog sportuojant gryname ore.<\/p>\n<p>\u0160iemet festivalis atkeliavo \u012f penkis rajonus &#8211; atrankos etapai vyko Pilait\u0117s, Lazdyn\u0173, Fabijoni\u0161ki\u0173, Balsi\u0173 mikrorajon\u0173 naujuose aik\u0161tynuose, o finalin\u0117 \u0161vent\u0117 &#8211; LFF stadione Liepkalnyje (Rasose).<\/p>\n<p>Sportin\u0117se var\u017eybose 64 komandos rungtyniavo grei\u010dio, taiklumo, sumanumo estafet\u0117se, \u017eaid\u0117 futbol\u0105 3 prie\u0161 3 ir kitus komandinius \u017eaidimus.<\/p>\n<p><img loading=\"lazy\" decoding=\"async\" class=\"alignnone wp-image-12640\" src=\"https:\/\/fkzalgiris.lt\/wp-content\/uploads\/2023\/06\/IMG_9023-1024x683.jpg\" alt=\"\" width=\"650\" height=\"433\" srcset=\"https:\/\/fkzalgiris.lt\/wp-content\/uploads\/2023\/06\/IMG_9023-1024x683.jpg 1024w, https:\/\/fkzalgiris.lt\/wp-content\/uploads\/2023\/06\/IMG_9023-300x200.jpg 300w, https:\/\/fkzalgiris.lt\/wp-content\/uploads\/2023\/06\/IMG_9023-768x512.jpg 768w, https:\/\/fkzalgiris.lt\/wp-content\/uploads\/2023\/06\/IMG_9023-1536x1024.jpg 1536w, https:\/\/fkzalgiris.lt\/wp-content\/uploads\/2023\/06\/IMG_9023-2048x1365.jpg 2048w, https:\/\/fkzalgiris.lt\/wp-content\/uploads\/2023\/06\/IMG_9023-150x100.jpg 150w, https:\/\/fkzalgiris.lt\/wp-content\/uploads\/2023\/06\/IMG_9023-840x560.jpg 840w, https:\/\/fkzalgiris.lt\/wp-content\/uploads\/2023\/06\/IMG_9023-570x380.jpg 570w, https:\/\/fkzalgiris.lt\/wp-content\/uploads\/2023\/06\/IMG_9023-30x20.jpg 30w\" sizes=\"auto, (max-width: 650px) 100vw, 650px\" \/><\/p>\n<p>Nesud\u0117tingos rungtys leido dalyvauti ir patiems ma\u017eiausiems, nuo penkeri\u0173 met\u0173, ir mo\u010diut\u0117ms. Lazdyn\u0173 Sausio 13-osios progimnazijos aik\u0161tyne viena mo\u010diut\u0117 puikiai pasirod\u0117 dartbolo rungtyje.<\/p>\n<p>Fabijoni\u0161ki\u0173 \u201eAteities\u201c mokyklos stadione keli jaunieji dalyviai sporto var\u017eybose \u012f komand\u0105 susib\u016br\u0117 tik renginio vietoje.<\/p>\n<p>Veiklos tur\u0117jo ir dalyvi\u0173 palaikymo komandos bei festivalio dalimi panor\u0117j\u0119 tapti vietos gyventojai &#8211; ma\u017eiausius vaikus \u017eaisti trauk\u0117 dideli pripu\u010diami batutai, vyresniuosius intrigavo dartbolo ir burbulinio futbolo \u017eaidimai.<\/p>\n<p><img loading=\"lazy\" decoding=\"async\" class=\"alignnone wp-image-12641\" src=\"https:\/\/fkzalgiris.lt\/wp-content\/uploads\/2023\/06\/IMG_9384-1024x683.jpg\" alt=\"\" width=\"650\" height=\"433\" srcset=\"https:\/\/fkzalgiris.lt\/wp-content\/uploads\/2023\/06\/IMG_9384-1024x683.jpg 1024w, https:\/\/fkzalgiris.lt\/wp-content\/uploads\/2023\/06\/IMG_9384-300x200.jpg 300w, https:\/\/fkzalgiris.lt\/wp-content\/uploads\/2023\/06\/IMG_9384-768x512.jpg 768w, https:\/\/fkzalgiris.lt\/wp-content\/uploads\/2023\/06\/IMG_9384-1536x1024.jpg 1536w, https:\/\/fkzalgiris.lt\/wp-content\/uploads\/2023\/06\/IMG_9384-2048x1365.jpg 2048w, https:\/\/fkzalgiris.lt\/wp-content\/uploads\/2023\/06\/IMG_9384-150x100.jpg 150w, https:\/\/fkzalgiris.lt\/wp-content\/uploads\/2023\/06\/IMG_9384-840x560.jpg 840w, https:\/\/fkzalgiris.lt\/wp-content\/uploads\/2023\/06\/IMG_9384-570x380.jpg 570w, https:\/\/fkzalgiris.lt\/wp-content\/uploads\/2023\/06\/IMG_9384-30x20.jpg 30w\" sizes=\"auto, (max-width: 650px) 100vw, 650px\" \/><\/p>\n<p>Balsiuose vietos bendruomen\u0117s atstovas vienos rungties atstovams pats \u012fsteig\u0117 priz\u0105 &#8211; futbolo mar\u0161kin\u0117lius.<\/p>\n<p>Priz\u0173 ir dovan\u0173 visiems dalyviams netr\u016bko &#8211; visi tro\u0161kul\u012f mal\u0161ino su\u00a0\u201e<a href=\"https:\/\/zaliagiria.lt\/\">\u017dalios Girios<\/a>\u201c vandeniu ir \u201e<a href=\"https:\/\/sipsap.lt\/\">SipSap<\/a>\u201c sula, taip pat gavo \u201e<a href=\"https:\/\/sveikatine.lt\/\">Sveikatin\u0117s<\/a>\u201c nuolaid\u0173 ir biliet\u0173 \u012f \u201e\u017dalgirio\u201c rungtynes, o patek\u0119 \u012f superfinal\u0105 &#8211; \u201e<a href=\"https:\/\/lt.olearys.club\/akropolis\/\">O\u2019Learys<\/a>\u201c pramog\u0173 \u010dekius.<\/p>\n<p>Superfinalo \u0161vent\u0117 vyko bir\u017eelio 11-\u0105j\u0105 LFF stadione. \u010cia futbolo var\u017eybose var\u017e\u0117si 12 \u0161eim\u0173 komand\u0173, kurios s\u0117kmingai pasirod\u0117 atrankose.<\/p>\n<p>Ketvirtoji vieta atiteko Balych\u0173 \u0161eimai, kuri\u0105 papild\u0117 ir sve\u010diav\u0119sis d\u0117d\u0117 i\u0161 Jungtin\u0117s Karalyst\u0117s.<\/p>\n<p><img loading=\"lazy\" decoding=\"async\" class=\"alignnone wp-image-12635\" src=\"https:\/\/fkzalgiris.lt\/wp-content\/uploads\/2023\/06\/148A7927-1024x683.jpg\" alt=\"\" width=\"650\" height=\"433\" srcset=\"https:\/\/fkzalgiris.lt\/wp-content\/uploads\/2023\/06\/148A7927-1024x683.jpg 1024w, https:\/\/fkzalgiris.lt\/wp-content\/uploads\/2023\/06\/148A7927-300x200.jpg 300w, https:\/\/fkzalgiris.lt\/wp-content\/uploads\/2023\/06\/148A7927-768x512.jpg 768w, https:\/\/fkzalgiris.lt\/wp-content\/uploads\/2023\/06\/148A7927-1536x1024.jpg 1536w, https:\/\/fkzalgiris.lt\/wp-content\/uploads\/2023\/06\/148A7927-150x100.jpg 150w, https:\/\/fkzalgiris.lt\/wp-content\/uploads\/2023\/06\/148A7927-840x560.jpg 840w, https:\/\/fkzalgiris.lt\/wp-content\/uploads\/2023\/06\/148A7927-570x380.jpg 570w, https:\/\/fkzalgiris.lt\/wp-content\/uploads\/2023\/06\/148A7927-30x20.jpg 30w, https:\/\/fkzalgiris.lt\/wp-content\/uploads\/2023\/06\/148A7927.jpg 2048w\" sizes=\"auto, (max-width: 650px) 100vw, 650px\" \/><\/p>\n<p>Tre\u010di\u0105 viet\u0105 i\u0161kovojo t\u0117vo ir dviej\u0173 s\u016bn\u0173 \u201eLi\u016bt\u0173\u201c komanda.<\/p>\n<p><img loading=\"lazy\" decoding=\"async\" class=\"alignnone wp-image-12636\" src=\"https:\/\/fkzalgiris.lt\/wp-content\/uploads\/2023\/06\/148A7971-1024x683.jpg\" alt=\"\" width=\"650\" height=\"434\" srcset=\"https:\/\/fkzalgiris.lt\/wp-content\/uploads\/2023\/06\/148A7971-1024x683.jpg 1024w, https:\/\/fkzalgiris.lt\/wp-content\/uploads\/2023\/06\/148A7971-300x200.jpg 300w, https:\/\/fkzalgiris.lt\/wp-content\/uploads\/2023\/06\/148A7971-768x512.jpg 768w, https:\/\/fkzalgiris.lt\/wp-content\/uploads\/2023\/06\/148A7971-1536x1025.jpg 1536w, https:\/\/fkzalgiris.lt\/wp-content\/uploads\/2023\/06\/148A7971-150x100.jpg 150w, https:\/\/fkzalgiris.lt\/wp-content\/uploads\/2023\/06\/148A7971-840x560.jpg 840w, https:\/\/fkzalgiris.lt\/wp-content\/uploads\/2023\/06\/148A7971-570x380.jpg 570w, https:\/\/fkzalgiris.lt\/wp-content\/uploads\/2023\/06\/148A7971-30x20.jpg 30w, https:\/\/fkzalgiris.lt\/wp-content\/uploads\/2023\/06\/148A7971.jpg 2048w\" sizes=\"auto, (max-width: 650px) 100vw, 650px\" \/><\/p>\n<p>Antroje vietoje po dramati\u0161ko finalo liko vyri\u0161ka t\u0117vo, s\u016bn\u0173 ir pusbrolio \u201e\u0160akaliuk\u0173\u201c komanda.<\/p>\n<p><img loading=\"lazy\" decoding=\"async\" class=\"alignnone wp-image-12637\" src=\"https:\/\/fkzalgiris.lt\/wp-content\/uploads\/2023\/06\/148A7977-1024x683.jpg\" alt=\"\" width=\"650\" height=\"434\" srcset=\"https:\/\/fkzalgiris.lt\/wp-content\/uploads\/2023\/06\/148A7977-1024x683.jpg 1024w, https:\/\/fkzalgiris.lt\/wp-content\/uploads\/2023\/06\/148A7977-300x200.jpg 300w, https:\/\/fkzalgiris.lt\/wp-content\/uploads\/2023\/06\/148A7977-768x512.jpg 768w, https:\/\/fkzalgiris.lt\/wp-content\/uploads\/2023\/06\/148A7977-1536x1025.jpg 1536w, https:\/\/fkzalgiris.lt\/wp-content\/uploads\/2023\/06\/148A7977-150x100.jpg 150w, https:\/\/fkzalgiris.lt\/wp-content\/uploads\/2023\/06\/148A7977-840x560.jpg 840w, https:\/\/fkzalgiris.lt\/wp-content\/uploads\/2023\/06\/148A7977-570x380.jpg 570w, https:\/\/fkzalgiris.lt\/wp-content\/uploads\/2023\/06\/148A7977-30x20.jpg 30w, https:\/\/fkzalgiris.lt\/wp-content\/uploads\/2023\/06\/148A7977.jpg 2048w\" sizes=\"auto, (max-width: 650px) 100vw, 650px\" \/><\/p>\n<p>Visiems prizininkams atiteko abonementai \u012f \u201e\u017dalgirio\u201c rungtynes ir\u00a0 \u201eSportland\u201c dovanos. Apdovanojimai buvo \u012fteikti rungtyni\u0173 tarp \u201e\u017dalgirio\u201c ir \u201eDainavos\u201c pertraukos metu.<\/p>\n<p>Nugal\u0117tojais antrus metus i\u0161 eil\u0117s tapo Bruzg\u0173 \u0161eima, kuri\u0105 sudar\u0117 t\u0117tis, mama, du s\u016bnus ir dukra. Jiems atiteko didysis festivalio prizas &#8211; apsilankymas pramog\u0173 komplekse \u201e<a href=\"https:\/\/www.vilniusgrandresort.com\/pasiulymai\/specialus-pasiulymai\/spa\/?gclid=Cj0KCQjwj_ajBhCqARIsAA37s0xC5vMmCBlzLms9sQ7PJ9N2J7jDAxfnASyzaSEw2ovZfihqyG2yRYoaAiqpEALw_wcB\">Vilnius Grand Resort<\/a>\u201c.<\/p>\n<p><img loading=\"lazy\" decoding=\"async\" class=\"alignnone wp-image-12639\" src=\"https:\/\/fkzalgiris.lt\/wp-content\/uploads\/2023\/06\/148A8021-1-1024x683.jpg\" alt=\"\" width=\"650\" height=\"433\" srcset=\"https:\/\/fkzalgiris.lt\/wp-content\/uploads\/2023\/06\/148A8021-1-1024x683.jpg 1024w, https:\/\/fkzalgiris.lt\/wp-content\/uploads\/2023\/06\/148A8021-1-300x200.jpg 300w, https:\/\/fkzalgiris.lt\/wp-content\/uploads\/2023\/06\/148A8021-1-768x512.jpg 768w, https:\/\/fkzalgiris.lt\/wp-content\/uploads\/2023\/06\/148A8021-1-1536x1024.jpg 1536w, https:\/\/fkzalgiris.lt\/wp-content\/uploads\/2023\/06\/148A8021-1-150x100.jpg 150w, https:\/\/fkzalgiris.lt\/wp-content\/uploads\/2023\/06\/148A8021-1-840x560.jpg 840w, https:\/\/fkzalgiris.lt\/wp-content\/uploads\/2023\/06\/148A8021-1-570x380.jpg 570w, https:\/\/fkzalgiris.lt\/wp-content\/uploads\/2023\/06\/148A8021-1-30x20.jpg 30w, https:\/\/fkzalgiris.lt\/wp-content\/uploads\/2023\/06\/148A8021-1.jpg 2048w\" sizes=\"auto, (max-width: 650px) 100vw, 650px\" \/><\/p>\n<p><em>Renginio partneris \u2013 Vilniaus miesto savivaldyb\u0117. Futbolo klubo \u201e\u017dalgiris\u201c projektas \u201eFutbolo klubo \u201e\u017dalgiris\u201c auk\u0161t\u0173 sporto rezultat\u0173 ir bendruomen\u0117s puosel\u0117jimas, i\u0161saugant tradicijas ir vertybes\u201c bendrai finansuojamas Vilniaus miesto savivaldyb\u0117s auk\u0161to meistri\u0161kumo projekt\u0173 fondo l\u0117\u0161omis.<\/em><\/p>\n","protected":false},"excerpt":{"rendered":"<p>Beveik m\u0117nes\u012f truk\u0119s ir kelis \u0161imtus dalyvi\u0173 sutrauk\u0119s \u201e\u017dalgirio\u201c \u0161eim\u0173 festivalio antrasis sezonas pasiek\u0117 fini\u0161\u0105 &#8211; paai\u0161k\u0117jo nugal\u0117tojai ir prizininkai. \u0160eim\u0173 festivalis nuo gegu\u017e\u0117s vidurio\u2026<\/p>\n","protected":false},"author":4,"featured_media":0,"comment_status":"closed","ping_status":"closed","sticky":false,"template":"","format":"standard","meta":{"_acf_changed":false,"footnotes":""},"categories":[87],"class_list":["post-12626","post","type-post","status-publish","format-standard","hentry","category-zalgiris"],"acf":[],"yoast_head":"<!-- This site is optimized with the Yoast SEO plugin v26.8 - https:\/\/yoast.com\/product\/yoast-seo-wordpress\/ -->\n<title>Fini\u0161avo antrasis \u0161eim\u0173 festivalio sezonas - FK \u017dalgiris<\/title>\n<meta name=\"robots\" content=\"index, follow, max-snippet:-1, max-image-preview:large, max-video-preview:-1\" \/>\n<link rel=\"canonical\" href=\"https:\/\/fkzalgiris.lt\/finisavo-antrasis-seimu-festivalio-sezonas\/\" \/>\n<meta property=\"og:locale\" content=\"lt_LT\" \/>\n<meta property=\"og:type\" content=\"article\" \/>\n<meta property=\"og:title\" content=\"Fini\u0161avo antrasis \u0161eim\u0173 festivalio sezonas - FK \u017dalgiris\" \/>\n<meta property=\"og:description\" content=\"Beveik m\u0117nes\u012f truk\u0119s ir kelis \u0161imtus dalyvi\u0173 sutrauk\u0119s \u201e\u017dalgirio\u201c \u0161eim\u0173 festivalio antrasis sezonas pasiek\u0117 fini\u0161\u0105 &#8211; paai\u0161k\u0117jo nugal\u0117tojai ir prizininkai. \u0160eim\u0173 festivalis nuo gegu\u017e\u0117s vidurio\u2026\" \/>\n<meta property=\"og:url\" content=\"https:\/\/fkzalgiris.lt\/finisavo-antrasis-seimu-festivalio-sezonas\/\" \/>\n<meta property=\"og:site_name\" content=\"FK \u017dalgiris\" \/>\n<meta property=\"article:publisher\" content=\"https:\/\/www.facebook.com\/fkzalgiris\/\" \/>\n<meta property=\"article:published_time\" content=\"2023-06-12T15:32:10+00:00\" \/>\n<meta property=\"article:modified_time\" content=\"2024-06-25T07:41:38+00:00\" \/>\n<meta property=\"og:image\" content=\"https:\/\/fkzalgiris.lt\/wp-content\/uploads\/2023\/06\/IMG_9023-1024x683.jpg\" \/>\n<meta name=\"author\" content=\"J\" \/>\n<meta name=\"twitter:card\" content=\"summary_large_image\" \/>\n<meta name=\"twitter:creator\" content=\"@fkzalgiris\" \/>\n<meta name=\"twitter:site\" content=\"@fkzalgiris\" \/>\n<meta name=\"twitter:label1\" content=\"Written by\" \/>\n\t<meta name=\"twitter:data1\" content=\"J\" \/>\n\t<meta name=\"twitter:label2\" content=\"Est. reading time\" \/>\n\t<meta name=\"twitter:data2\" content=\"3 minut\u0117s\" \/>\n<script type=\"application\/ld+json\" class=\"yoast-schema-graph\">{\"@context\":\"https:\/\/schema.org\",\"@graph\":[{\"@type\":\"Article\",\"@id\":\"https:\/\/fkzalgiris.lt\/finisavo-antrasis-seimu-festivalio-sezonas\/#article\",\"isPartOf\":{\"@id\":\"https:\/\/fkzalgiris.lt\/finisavo-antrasis-seimu-festivalio-sezonas\/\"},\"author\":{\"name\":\"J\",\"@id\":\"https:\/\/fkzalgiris.lt\/#\/schema\/person\/8604babbba794a7d8767be324a3eaac8\"},\"headline\":\"Fini\u0161avo antrasis \u0161eim\u0173 festivalio sezonas\",\"datePublished\":\"2023-06-12T15:32:10+00:00\",\"dateModified\":\"2024-06-25T07:41:38+00:00\",\"mainEntityOfPage\":{\"@id\":\"https:\/\/fkzalgiris.lt\/finisavo-antrasis-seimu-festivalio-sezonas\/\"},\"wordCount\":399,\"publisher\":{\"@id\":\"https:\/\/fkzalgiris.lt\/#organization\"},\"image\":{\"@id\":\"https:\/\/fkzalgiris.lt\/finisavo-antrasis-seimu-festivalio-sezonas\/#primaryimage\"},\"thumbnailUrl\":\"https:\/\/fkzalgiris.lt\/wp-content\/uploads\/2023\/06\/IMG_9023-1024x683.jpg\",\"articleSection\":[\"\u017dalgiris\"],\"inLanguage\":\"lt-LT\"},{\"@type\":\"WebPage\",\"@id\":\"https:\/\/fkzalgiris.lt\/finisavo-antrasis-seimu-festivalio-sezonas\/\",\"url\":\"https:\/\/fkzalgiris.lt\/finisavo-antrasis-seimu-festivalio-sezonas\/\",\"name\":\"Fini\u0161avo antrasis \u0161eim\u0173 festivalio sezonas - FK \u017dalgiris\",\"isPartOf\":{\"@id\":\"https:\/\/fkzalgiris.lt\/#website\"},\"primaryImageOfPage\":{\"@id\":\"https:\/\/fkzalgiris.lt\/finisavo-antrasis-seimu-festivalio-sezonas\/#primaryimage\"},\"image\":{\"@id\":\"https:\/\/fkzalgiris.lt\/finisavo-antrasis-seimu-festivalio-sezonas\/#primaryimage\"},\"thumbnailUrl\":\"https:\/\/fkzalgiris.lt\/wp-content\/uploads\/2023\/06\/IMG_9023-1024x683.jpg\",\"datePublished\":\"2023-06-12T15:32:10+00:00\",\"dateModified\":\"2024-06-25T07:41:38+00:00\",\"breadcrumb\":{\"@id\":\"https:\/\/fkzalgiris.lt\/finisavo-antrasis-seimu-festivalio-sezonas\/#breadcrumb\"},\"inLanguage\":\"lt-LT\",\"potentialAction\":[{\"@type\":\"ReadAction\",\"target\":[\"https:\/\/fkzalgiris.lt\/finisavo-antrasis-seimu-festivalio-sezonas\/\"]}]},{\"@type\":\"ImageObject\",\"inLanguage\":\"lt-LT\",\"@id\":\"https:\/\/fkzalgiris.lt\/finisavo-antrasis-seimu-festivalio-sezonas\/#primaryimage\",\"url\":\"https:\/\/fkzalgiris.lt\/wp-content\/uploads\/2023\/06\/IMG_9023-scaled.jpg\",\"contentUrl\":\"https:\/\/fkzalgiris.lt\/wp-content\/uploads\/2023\/06\/IMG_9023-scaled.jpg\",\"width\":2560,\"height\":1707},{\"@type\":\"BreadcrumbList\",\"@id\":\"https:\/\/fkzalgiris.lt\/finisavo-antrasis-seimu-festivalio-sezonas\/#breadcrumb\",\"itemListElement\":[{\"@type\":\"ListItem\",\"position\":1,\"name\":\"Home\",\"item\":\"https:\/\/fkzalgiris.lt\/\"},{\"@type\":\"ListItem\",\"position\":2,\"name\":\"Fini\u0161avo antrasis \u0161eim\u0173 festivalio sezonas\"}]},{\"@type\":\"WebSite\",\"@id\":\"https:\/\/fkzalgiris.lt\/#website\",\"url\":\"https:\/\/fkzalgiris.lt\/\",\"name\":\"FK \u017dalgiris\",\"description\":\"oficiali Vilniaus \u201e\u017dalgirio\u201c futbolo klubo svetain\u0117\",\"publisher\":{\"@id\":\"https:\/\/fkzalgiris.lt\/#organization\"},\"potentialAction\":[{\"@type\":\"SearchAction\",\"target\":{\"@type\":\"EntryPoint\",\"urlTemplate\":\"https:\/\/fkzalgiris.lt\/?s={search_term_string}\"},\"query-input\":{\"@type\":\"PropertyValueSpecification\",\"valueRequired\":true,\"valueName\":\"search_term_string\"}}],\"inLanguage\":\"lt-LT\"},{\"@type\":\"Organization\",\"@id\":\"https:\/\/fkzalgiris.lt\/#organization\",\"name\":\"FK \u017dalgiris\",\"url\":\"https:\/\/fkzalgiris.lt\/\",\"logo\":{\"@type\":\"ImageObject\",\"inLanguage\":\"lt-LT\",\"@id\":\"https:\/\/fkzalgiris.lt\/#\/schema\/logo\/image\/\",\"url\":\"https:\/\/fkzalgiris.lt\/wp-content\/uploads\/2024\/01\/horiz-FK-Zalgiris-logo-2015.png\",\"contentUrl\":\"https:\/\/fkzalgiris.lt\/wp-content\/uploads\/2024\/01\/horiz-FK-Zalgiris-logo-2015.png\",\"width\":3073,\"height\":2048,\"caption\":\"FK \u017dalgiris\"},\"image\":{\"@id\":\"https:\/\/fkzalgiris.lt\/#\/schema\/logo\/image\/\"},\"sameAs\":[\"https:\/\/www.facebook.com\/fkzalgiris\/\",\"https:\/\/x.com\/fkzalgiris\",\"https:\/\/www.instagram.com\/fkzalgiris\/\",\"https:\/\/www.youtube.com\/channel\/UC1ag8JLxGirltMUoLlzfZLA\"]},{\"@type\":\"Person\",\"@id\":\"https:\/\/fkzalgiris.lt\/#\/schema\/person\/8604babbba794a7d8767be324a3eaac8\",\"name\":\"J\"}]}<\/script>\n<!-- \/ Yoast SEO plugin. -->","yoast_head_json":{"title":"Fini\u0161avo antrasis \u0161eim\u0173 festivalio sezonas - FK \u017dalgiris","robots":{"index":"index","follow":"follow","max-snippet":"max-snippet:-1","max-image-preview":"max-image-preview:large","max-video-preview":"max-video-preview:-1"},"canonical":"https:\/\/fkzalgiris.lt\/finisavo-antrasis-seimu-festivalio-sezonas\/","og_locale":"lt_LT","og_type":"article","og_title":"Fini\u0161avo antrasis \u0161eim\u0173 festivalio sezonas - FK \u017dalgiris","og_description":"Beveik m\u0117nes\u012f truk\u0119s ir kelis \u0161imtus dalyvi\u0173 sutrauk\u0119s \u201e\u017dalgirio\u201c \u0161eim\u0173 festivalio antrasis sezonas pasiek\u0117 fini\u0161\u0105 &#8211; paai\u0161k\u0117jo nugal\u0117tojai ir prizininkai. \u0160eim\u0173 festivalis nuo gegu\u017e\u0117s vidurio\u2026","og_url":"https:\/\/fkzalgiris.lt\/finisavo-antrasis-seimu-festivalio-sezonas\/","og_site_name":"FK \u017dalgiris","article_publisher":"https:\/\/www.facebook.com\/fkzalgiris\/","article_published_time":"2023-06-12T15:32:10+00:00","article_modified_time":"2024-06-25T07:41:38+00:00","og_image":[{"url":"https:\/\/fkzalgiris.lt\/wp-content\/uploads\/2023\/06\/IMG_9023-1024x683.jpg","type":"","width":"","height":""}],"author":"J","twitter_card":"summary_large_image","twitter_creator":"@fkzalgiris","twitter_site":"@fkzalgiris","twitter_misc":{"Written by":"J","Est. reading time":"3 minut\u0117s"},"schema":{"@context":"https:\/\/schema.org","@graph":[{"@type":"Article","@id":"https:\/\/fkzalgiris.lt\/finisavo-antrasis-seimu-festivalio-sezonas\/#article","isPartOf":{"@id":"https:\/\/fkzalgiris.lt\/finisavo-antrasis-seimu-festivalio-sezonas\/"},"author":{"name":"J","@id":"https:\/\/fkzalgiris.lt\/#\/schema\/person\/8604babbba794a7d8767be324a3eaac8"},"headline":"Fini\u0161avo antrasis \u0161eim\u0173 festivalio sezonas","datePublished":"2023-06-12T15:32:10+00:00","dateModified":"2024-06-25T07:41:38+00:00","mainEntityOfPage":{"@id":"https:\/\/fkzalgiris.lt\/finisavo-antrasis-seimu-festivalio-sezonas\/"},"wordCount":399,"publisher":{"@id":"https:\/\/fkzalgiris.lt\/#organization"},"image":{"@id":"https:\/\/fkzalgiris.lt\/finisavo-antrasis-seimu-festivalio-sezonas\/#primaryimage"},"thumbnailUrl":"https:\/\/fkzalgiris.lt\/wp-content\/uploads\/2023\/06\/IMG_9023-1024x683.jpg","articleSection":["\u017dalgiris"],"inLanguage":"lt-LT"},{"@type":"WebPage","@id":"https:\/\/fkzalgiris.lt\/finisavo-antrasis-seimu-festivalio-sezonas\/","url":"https:\/\/fkzalgiris.lt\/finisavo-antrasis-seimu-festivalio-sezonas\/","name":"Fini\u0161avo antrasis \u0161eim\u0173 festivalio sezonas - FK \u017dalgiris","isPartOf":{"@id":"https:\/\/fkzalgiris.lt\/#website"},"primaryImageOfPage":{"@id":"https:\/\/fkzalgiris.lt\/finisavo-antrasis-seimu-festivalio-sezonas\/#primaryimage"},"image":{"@id":"https:\/\/fkzalgiris.lt\/finisavo-antrasis-seimu-festivalio-sezonas\/#primaryimage"},"thumbnailUrl":"https:\/\/fkzalgiris.lt\/wp-content\/uploads\/2023\/06\/IMG_9023-1024x683.jpg","datePublished":"2023-06-12T15:32:10+00:00","dateModified":"2024-06-25T07:41:38+00:00","breadcrumb":{"@id":"https:\/\/fkzalgiris.lt\/finisavo-antrasis-seimu-festivalio-sezonas\/#breadcrumb"},"inLanguage":"lt-LT","potentialAction":[{"@type":"ReadAction","target":["https:\/\/fkzalgiris.lt\/finisavo-antrasis-seimu-festivalio-sezonas\/"]}]},{"@type":"ImageObject","inLanguage":"lt-LT","@id":"https:\/\/fkzalgiris.lt\/finisavo-antrasis-seimu-festivalio-sezonas\/#primaryimage","url":"https:\/\/fkzalgiris.lt\/wp-content\/uploads\/2023\/06\/IMG_9023-scaled.jpg","contentUrl":"https:\/\/fkzalgiris.lt\/wp-content\/uploads\/2023\/06\/IMG_9023-scaled.jpg","width":2560,"height":1707},{"@type":"BreadcrumbList","@id":"https:\/\/fkzalgiris.lt\/finisavo-antrasis-seimu-festivalio-sezonas\/#breadcrumb","itemListElement":[{"@type":"ListItem","position":1,"name":"Home","item":"https:\/\/fkzalgiris.lt\/"},{"@type":"ListItem","position":2,"name":"Fini\u0161avo antrasis \u0161eim\u0173 festivalio sezonas"}]},{"@type":"WebSite","@id":"https:\/\/fkzalgiris.lt\/#website","url":"https:\/\/fkzalgiris.lt\/","name":"FK \u017dalgiris","description":"oficiali Vilniaus \u201e\u017dalgirio\u201c futbolo klubo svetain\u0117","publisher":{"@id":"https:\/\/fkzalgiris.lt\/#organization"},"potentialAction":[{"@type":"SearchAction","target":{"@type":"EntryPoint","urlTemplate":"https:\/\/fkzalgiris.lt\/?s={search_term_string}"},"query-input":{"@type":"PropertyValueSpecification","valueRequired":true,"valueName":"search_term_string"}}],"inLanguage":"lt-LT"},{"@type":"Organization","@id":"https:\/\/fkzalgiris.lt\/#organization","name":"FK \u017dalgiris","url":"https:\/\/fkzalgiris.lt\/","logo":{"@type":"ImageObject","inLanguage":"lt-LT","@id":"https:\/\/fkzalgiris.lt\/#\/schema\/logo\/image\/","url":"https:\/\/fkzalgiris.lt\/wp-content\/uploads\/2024\/01\/horiz-FK-Zalgiris-logo-2015.png","contentUrl":"https:\/\/fkzalgiris.lt\/wp-content\/uploads\/2024\/01\/horiz-FK-Zalgiris-logo-2015.png","width":3073,"height":2048,"caption":"FK \u017dalgiris"},"image":{"@id":"https:\/\/fkzalgiris.lt\/#\/schema\/logo\/image\/"},"sameAs":["https:\/\/www.facebook.com\/fkzalgiris\/","https:\/\/x.com\/fkzalgiris","https:\/\/www.instagram.com\/fkzalgiris\/","https:\/\/www.youtube.com\/channel\/UC1ag8JLxGirltMUoLlzfZLA"]},{"@type":"Person","@id":"https:\/\/fkzalgiris.lt\/#\/schema\/person\/8604babbba794a7d8767be324a3eaac8","name":"J"}]}},"_links":{"self":[{"href":"https:\/\/fkzalgiris.lt\/api\/wp\/v2\/posts\/12626","targetHints":{"allow":["GET"]}}],"collection":[{"href":"https:\/\/fkzalgiris.lt\/api\/wp\/v2\/posts"}],"about":[{"href":"https:\/\/fkzalgiris.lt\/api\/wp\/v2\/types\/post"}],"author":[{"embeddable":true,"href":"https:\/\/fkzalgiris.lt\/api\/wp\/v2\/users\/4"}],"replies":[{"embeddable":true,"href":"https:\/\/fkzalgiris.lt\/api\/wp\/v2\/comments?post=12626"}],"version-history":[{"count":12,"href":"https:\/\/fkzalgiris.lt\/api\/wp\/v2\/posts\/12626\/revisions"}],"predecessor-version":[{"id":15476,"href":"https:\/\/fkzalgiris.lt\/api\/wp\/v2\/posts\/12626\/revisions\/15476"}],"wp:attachment":[{"href":"https:\/\/fkzalgiris.lt\/api\/wp\/v2\/media?parent=12626"}],"wp:term":[{"taxonomy":"category","embeddable":true,"href":"https:\/\/fkzalgiris.lt\/api\/wp\/v2\/categories?post=12626"}],"curies":[{"name":"wp","href":"https:\/\/api.w.org\/{rel}","templated":true}]}}