{"id":12554,"date":"2023-05-29T12:10:57","date_gmt":"2023-05-29T09:10:57","guid":{"rendered":"https:\/\/fkzalgiris.lt\/?p=12554"},"modified":"2023-05-29T12:10:57","modified_gmt":"2023-05-29T09:10:57","slug":"m-oyewusi-laukiau-bent-vieno-sanso-ir-tikejau","status":"publish","type":"post","link":"https:\/\/fkzalgiris.lt\/m-oyewusi-laukiau-bent-vieno-sanso-ir-tikejau\/","title":{"rendered":"M. Oyewusi: \u201eLaukiau bent vieno \u0161anso ir tik\u0117jau\u201c"},"content":{"rendered":"<p>Po dramati\u0161ko laim\u0117jimo prie\u0161 \u201ePanev\u0117\u017eio\u201c komand\u0105 \u201e\u017dalgirio\u201c \u017eaid\u0117jai lengviau atsikv\u0117p\u0117 ir d\u017eiaug\u0117si atgautu pasitik\u0117jimu savo j\u0117gomis.<\/p>\n<p>Pastar\u0105sias dvejas rungtynes \u010dempionate ir taur\u0117je \u017ealgirie\u010diai pralaim\u0117jo, ta\u010diau dvikovoje su \u010dempionato lyderiu \u201ePanev\u0117\u017eiu\u201c i\u0161kovojo dramati\u0161k\u0105 pergal\u0119<\/p>\n<p>\u201eD\u017eiaugiuosi kad laim\u0117jome \u0161ias labai svarbias rungtynes. Steng\u0117m\u0117s tik\u0117ti savimi, bet po dviej\u0173 pralaim\u0117jim\u0173 buvo sunku. Emoci\u0161kai buvo tikrai sunku. Ta\u010diau \u0161ios dienos rungtyn\u0117se parod\u0117me charakter\u012f. Parod\u0117me, kas yra \u010dempionai, &#8211; kalb\u0117jo Yukiyoshi Karashima. &#8211; Tur\u0117jome savo plan\u0105, bet jie daug \u017eaid\u0117 vienas prie\u0161 vien\u0105. Buvo sunku \u012fgyvendinti savo sumanymus Ta\u010diau svarbu tai kad kovojome Kovojome ir tai pad\u0117jo pasiekti rezultat\u0105.\u201c<\/p>\n<div class=\"embed-responsive embed-responsive-16by9 mb-4\"><iframe title=\"Karashima | Komentaras | Interview | \u017dalgiris - Panev\u0117\u017eys [CC]\" src=\"https:\/\/www.youtube.com\/embed\/YMJiETMm6Ro?feature=oembed\" frameborder=\"0\" allow=\"accelerometer; autoplay; clipboard-write; encrypted-media; gyroscope; picture-in-picture; web-share\" referrerpolicy=\"strict-origin-when-cross-origin\" allowfullscreen><\/iframe> <\/div>\n<p>\u201eA\u010di\u016b Dievui u\u017e pergal\u0119. Nebuvo lengvos rungtyn\u0117s, bet gal\u0173 gale i\u0161kovojome tris ta\u0161kus. Visi \u012fd\u0117jo daug darbo &#8211; \u017eaid\u0117jai, treneriai. Geras jausmas laim\u0117ti. Esame laimingi ir labiau tikime savimi. Po dviej\u0173 nes\u0117kmi\u0173 susigr\u0105\u017einome pasitik\u0117jim\u0105, &#8211; sak\u0117 Mathias Oyewusi &#8211; Rungtyn\u0117s buvo tikrai svarbios, nes var\u017eovai pirmauja \u010dempionate, o mes pralaim\u0117jome dukart i\u0161 eil\u0117s. Galb\u016bt jie tik\u0117josi, kad mus \u012fveiks lengviau. Ta\u010diau rezultat\u0105 pavyko pasiekti mums. Po truput\u012f einame link ten, kur ir turime b\u016bti.\u201c<\/p>\n<div class=\"embed-responsive embed-responsive-16by9 mb-4\"><iframe title=\"Oyewusi | Komentaras | Interview | \u017dalgiris - Panev\u0117\u017eys [CC]\" src=\"https:\/\/www.youtube.com\/embed\/MqhotUhaars?feature=oembed\" frameborder=\"0\" allow=\"accelerometer; autoplay; clipboard-write; encrypted-media; gyroscope; picture-in-picture; web-share\" referrerpolicy=\"strict-origin-when-cross-origin\" allowfullscreen><\/iframe> <\/div>\n<p>M. Oyewusi tiesiogiai prisid\u0117jo prie abiej\u0173 komandos \u012fvar\u010di\u0173 \u2013 atliko rezultatyv\u0173 perdavim\u0105 Marko Mili\u010dkovi\u010diui, o rungtyni\u0173 pabaigoje sm\u016bgiu galva pasi\u017eym\u0117jo pats.<\/p>\n<p>\u201ePrie\u0161 pirm\u0105 \u012fvart\u012f prab\u0117gau, atlikau skers\u0105 perdavim\u0105 ir laimei jis pasiek\u0117 Marko, kuris \u012fmu\u0161\u0117 galva. Antram \u012fvar\u010diui ger\u0105 perdavim\u0105 atliko Mario Paveli\u010dius, buvau vietoje ir \u012fmu\u0161iau. Svarbiausia \u012fmu\u0161ti ir i\u0161kovoti pergal\u0119. Visada tik\u0117jau, kad dar tur\u0117sime galimybi\u0173. Laukiau bent vieno \u0161anso ir tik\u0117jau kad \u012fmu\u0161iu. Laimei Dievas dav\u0117 t\u0105 prog\u0105 ir kamuolys atsid\u016br\u0117 vartuose\u201c, &#8211; teig\u0117 puol\u0117jas.<\/p>\n<p>\u012evart\u012f jis peln\u0117 pa\u010dioje dvikovos pabaigoje, ta\u010diau dramati\u0161ko epizodo nesureik\u0161mino: \u201eSvarbiausia kad yra \u012fvartis ir i\u0161kovoti ta\u0161kai. Dar laukia daug kovos. Tai tik buvo viena dvikova. Su\u017eaidus \u0161ias rungtynes turime jas pamir\u0161ti ir ruo\u0161tis kitoms Svarbiausia kitos rungtyn\u0117s sekmadien\u012f. Pasiek\u0117me rezultat\u0105, reikia \u017ei\u016br\u0117ti \u012f priek\u012f.\u201c<\/p>\n<p>Paklaustas, ar iki pabaigos tik\u0117jo pergale, Y. Karashima atsak\u0117: \u201e\u017dinoma, tik\u0117jome. Sakome, kad jei norime kurti stebuklus, reikia sunkiai dirbti. Treniruot\u0117se sunkiai dirbame. Tai ir leid\u017eia pasiekti rezultat\u0105.\u201c<\/p>\n<p>Sekmadien\u012f \u201e\u017dalgiris\u201c priims kit\u0105 turnyrin\u0117s lentel\u0117s kaimyn\u0105 \u2013 \u201e\u0160iauli\u0173\u201c komand\u0105. Nuo \u0161iaulie\u010di\u0173 ir panev\u0117\u017eie\u010di\u0173 Vilniaus komanda atsilieka dviem ta\u0161kais.<\/p>\n","protected":false},"excerpt":{"rendered":"<p>Po dramati\u0161ko laim\u0117jimo prie\u0161 \u201ePanev\u0117\u017eio\u201c komand\u0105 \u201e\u017dalgirio\u201c \u017eaid\u0117jai lengviau atsikv\u0117p\u0117 ir d\u017eiaug\u0117si atgautu pasitik\u0117jimu savo j\u0117gomis. Pastar\u0105sias dvejas rungtynes \u010dempionate ir taur\u0117je \u017ealgirie\u010diai pralaim\u0117jo, ta\u010diau\u2026<\/p>\n","protected":false},"author":4,"featured_media":0,"comment_status":"closed","ping_status":"closed","sticky":false,"template":"","format":"standard","meta":{"_acf_changed":false,"footnotes":""},"categories":[87],"class_list":["post-12554","post","type-post","status-publish","format-standard","hentry","category-zalgiris"],"acf":[],"yoast_head":"<!-- This site is optimized with the Yoast SEO plugin v26.8 - https:\/\/yoast.com\/product\/yoast-seo-wordpress\/ -->\n<title>M. Oyewusi: \u201eLaukiau bent vieno \u0161anso ir tik\u0117jau\u201c - FK \u017dalgiris<\/title>\n<meta name=\"robots\" content=\"index, follow, max-snippet:-1, max-image-preview:large, max-video-preview:-1\" \/>\n<link rel=\"canonical\" href=\"https:\/\/fkzalgiris.lt\/m-oyewusi-laukiau-bent-vieno-sanso-ir-tikejau\/\" \/>\n<meta property=\"og:locale\" content=\"lt_LT\" \/>\n<meta property=\"og:type\" content=\"article\" \/>\n<meta property=\"og:title\" content=\"M. Oyewusi: \u201eLaukiau bent vieno \u0161anso ir tik\u0117jau\u201c - FK \u017dalgiris\" \/>\n<meta property=\"og:description\" content=\"Po dramati\u0161ko laim\u0117jimo prie\u0161 \u201ePanev\u0117\u017eio\u201c komand\u0105 \u201e\u017dalgirio\u201c \u017eaid\u0117jai lengviau atsikv\u0117p\u0117 ir d\u017eiaug\u0117si atgautu pasitik\u0117jimu savo j\u0117gomis. Pastar\u0105sias dvejas rungtynes \u010dempionate ir taur\u0117je \u017ealgirie\u010diai pralaim\u0117jo, ta\u010diau\u2026\" \/>\n<meta property=\"og:url\" content=\"https:\/\/fkzalgiris.lt\/m-oyewusi-laukiau-bent-vieno-sanso-ir-tikejau\/\" \/>\n<meta property=\"og:site_name\" content=\"FK \u017dalgiris\" \/>\n<meta property=\"article:publisher\" content=\"https:\/\/www.facebook.com\/fkzalgiris\/\" \/>\n<meta property=\"article:published_time\" content=\"2023-05-29T09:10:57+00:00\" \/>\n<meta property=\"og:image\" content=\"https:\/\/fkzalgiris.lt\/wp-content\/uploads\/2024\/02\/social-horiz_Zalgiris_logo_2024.png\" \/>\n\t<meta property=\"og:image:width\" content=\"3356\" \/>\n\t<meta property=\"og:image:height\" content=\"2259\" \/>\n\t<meta property=\"og:image:type\" content=\"image\/png\" \/>\n<meta name=\"author\" content=\"J\" \/>\n<meta name=\"twitter:card\" content=\"summary_large_image\" \/>\n<meta name=\"twitter:creator\" content=\"@fkzalgiris\" \/>\n<meta name=\"twitter:site\" content=\"@fkzalgiris\" \/>\n<meta name=\"twitter:label1\" content=\"Written by\" \/>\n\t<meta name=\"twitter:data1\" content=\"J\" \/>\n\t<meta name=\"twitter:label2\" content=\"Est. reading time\" \/>\n\t<meta name=\"twitter:data2\" content=\"2 minut\u0117s\" \/>\n<script type=\"application\/ld+json\" class=\"yoast-schema-graph\">{\"@context\":\"https:\/\/schema.org\",\"@graph\":[{\"@type\":\"Article\",\"@id\":\"https:\/\/fkzalgiris.lt\/m-oyewusi-laukiau-bent-vieno-sanso-ir-tikejau\/#article\",\"isPartOf\":{\"@id\":\"https:\/\/fkzalgiris.lt\/m-oyewusi-laukiau-bent-vieno-sanso-ir-tikejau\/\"},\"author\":{\"name\":\"J\",\"@id\":\"https:\/\/fkzalgiris.lt\/#\/schema\/person\/8604babbba794a7d8767be324a3eaac8\"},\"headline\":\"M. Oyewusi: \u201eLaukiau bent vieno \u0161anso ir tik\u0117jau\u201c\",\"datePublished\":\"2023-05-29T09:10:57+00:00\",\"mainEntityOfPage\":{\"@id\":\"https:\/\/fkzalgiris.lt\/m-oyewusi-laukiau-bent-vieno-sanso-ir-tikejau\/\"},\"wordCount\":449,\"publisher\":{\"@id\":\"https:\/\/fkzalgiris.lt\/#organization\"},\"articleSection\":[\"\u017dalgiris\"],\"inLanguage\":\"lt-LT\"},{\"@type\":\"WebPage\",\"@id\":\"https:\/\/fkzalgiris.lt\/m-oyewusi-laukiau-bent-vieno-sanso-ir-tikejau\/\",\"url\":\"https:\/\/fkzalgiris.lt\/m-oyewusi-laukiau-bent-vieno-sanso-ir-tikejau\/\",\"name\":\"M. Oyewusi: \u201eLaukiau bent vieno \u0161anso ir tik\u0117jau\u201c - FK \u017dalgiris\",\"isPartOf\":{\"@id\":\"https:\/\/fkzalgiris.lt\/#website\"},\"datePublished\":\"2023-05-29T09:10:57+00:00\",\"breadcrumb\":{\"@id\":\"https:\/\/fkzalgiris.lt\/m-oyewusi-laukiau-bent-vieno-sanso-ir-tikejau\/#breadcrumb\"},\"inLanguage\":\"lt-LT\",\"potentialAction\":[{\"@type\":\"ReadAction\",\"target\":[\"https:\/\/fkzalgiris.lt\/m-oyewusi-laukiau-bent-vieno-sanso-ir-tikejau\/\"]}]},{\"@type\":\"BreadcrumbList\",\"@id\":\"https:\/\/fkzalgiris.lt\/m-oyewusi-laukiau-bent-vieno-sanso-ir-tikejau\/#breadcrumb\",\"itemListElement\":[{\"@type\":\"ListItem\",\"position\":1,\"name\":\"Home\",\"item\":\"https:\/\/fkzalgiris.lt\/\"},{\"@type\":\"ListItem\",\"position\":2,\"name\":\"M. Oyewusi: \u201eLaukiau bent vieno \u0161anso ir tik\u0117jau\u201c\"}]},{\"@type\":\"WebSite\",\"@id\":\"https:\/\/fkzalgiris.lt\/#website\",\"url\":\"https:\/\/fkzalgiris.lt\/\",\"name\":\"FK \u017dalgiris\",\"description\":\"oficiali Vilniaus \u201e\u017dalgirio\u201c futbolo klubo svetain\u0117\",\"publisher\":{\"@id\":\"https:\/\/fkzalgiris.lt\/#organization\"},\"potentialAction\":[{\"@type\":\"SearchAction\",\"target\":{\"@type\":\"EntryPoint\",\"urlTemplate\":\"https:\/\/fkzalgiris.lt\/?s={search_term_string}\"},\"query-input\":{\"@type\":\"PropertyValueSpecification\",\"valueRequired\":true,\"valueName\":\"search_term_string\"}}],\"inLanguage\":\"lt-LT\"},{\"@type\":\"Organization\",\"@id\":\"https:\/\/fkzalgiris.lt\/#organization\",\"name\":\"FK \u017dalgiris\",\"url\":\"https:\/\/fkzalgiris.lt\/\",\"logo\":{\"@type\":\"ImageObject\",\"inLanguage\":\"lt-LT\",\"@id\":\"https:\/\/fkzalgiris.lt\/#\/schema\/logo\/image\/\",\"url\":\"https:\/\/fkzalgiris.lt\/wp-content\/uploads\/2024\/01\/horiz-FK-Zalgiris-logo-2015.png\",\"contentUrl\":\"https:\/\/fkzalgiris.lt\/wp-content\/uploads\/2024\/01\/horiz-FK-Zalgiris-logo-2015.png\",\"width\":3073,\"height\":2048,\"caption\":\"FK \u017dalgiris\"},\"image\":{\"@id\":\"https:\/\/fkzalgiris.lt\/#\/schema\/logo\/image\/\"},\"sameAs\":[\"https:\/\/www.facebook.com\/fkzalgiris\/\",\"https:\/\/x.com\/fkzalgiris\",\"https:\/\/www.instagram.com\/fkzalgiris\/\",\"https:\/\/www.youtube.com\/channel\/UC1ag8JLxGirltMUoLlzfZLA\"]},{\"@type\":\"Person\",\"@id\":\"https:\/\/fkzalgiris.lt\/#\/schema\/person\/8604babbba794a7d8767be324a3eaac8\",\"name\":\"J\"}]}<\/script>\n<!-- \/ Yoast SEO plugin. -->","yoast_head_json":{"title":"M. Oyewusi: \u201eLaukiau bent vieno \u0161anso ir tik\u0117jau\u201c - FK \u017dalgiris","robots":{"index":"index","follow":"follow","max-snippet":"max-snippet:-1","max-image-preview":"max-image-preview:large","max-video-preview":"max-video-preview:-1"},"canonical":"https:\/\/fkzalgiris.lt\/m-oyewusi-laukiau-bent-vieno-sanso-ir-tikejau\/","og_locale":"lt_LT","og_type":"article","og_title":"M. Oyewusi: \u201eLaukiau bent vieno \u0161anso ir tik\u0117jau\u201c - FK \u017dalgiris","og_description":"Po dramati\u0161ko laim\u0117jimo prie\u0161 \u201ePanev\u0117\u017eio\u201c komand\u0105 \u201e\u017dalgirio\u201c \u017eaid\u0117jai lengviau atsikv\u0117p\u0117 ir d\u017eiaug\u0117si atgautu pasitik\u0117jimu savo j\u0117gomis. Pastar\u0105sias dvejas rungtynes \u010dempionate ir taur\u0117je \u017ealgirie\u010diai pralaim\u0117jo, ta\u010diau\u2026","og_url":"https:\/\/fkzalgiris.lt\/m-oyewusi-laukiau-bent-vieno-sanso-ir-tikejau\/","og_site_name":"FK \u017dalgiris","article_publisher":"https:\/\/www.facebook.com\/fkzalgiris\/","article_published_time":"2023-05-29T09:10:57+00:00","og_image":[{"width":3356,"height":2259,"url":"https:\/\/fkzalgiris.lt\/wp-content\/uploads\/2024\/02\/social-horiz_Zalgiris_logo_2024.png","type":"image\/png"}],"author":"J","twitter_card":"summary_large_image","twitter_creator":"@fkzalgiris","twitter_site":"@fkzalgiris","twitter_misc":{"Written by":"J","Est. reading time":"2 minut\u0117s"},"schema":{"@context":"https:\/\/schema.org","@graph":[{"@type":"Article","@id":"https:\/\/fkzalgiris.lt\/m-oyewusi-laukiau-bent-vieno-sanso-ir-tikejau\/#article","isPartOf":{"@id":"https:\/\/fkzalgiris.lt\/m-oyewusi-laukiau-bent-vieno-sanso-ir-tikejau\/"},"author":{"name":"J","@id":"https:\/\/fkzalgiris.lt\/#\/schema\/person\/8604babbba794a7d8767be324a3eaac8"},"headline":"M. Oyewusi: \u201eLaukiau bent vieno \u0161anso ir tik\u0117jau\u201c","datePublished":"2023-05-29T09:10:57+00:00","mainEntityOfPage":{"@id":"https:\/\/fkzalgiris.lt\/m-oyewusi-laukiau-bent-vieno-sanso-ir-tikejau\/"},"wordCount":449,"publisher":{"@id":"https:\/\/fkzalgiris.lt\/#organization"},"articleSection":["\u017dalgiris"],"inLanguage":"lt-LT"},{"@type":"WebPage","@id":"https:\/\/fkzalgiris.lt\/m-oyewusi-laukiau-bent-vieno-sanso-ir-tikejau\/","url":"https:\/\/fkzalgiris.lt\/m-oyewusi-laukiau-bent-vieno-sanso-ir-tikejau\/","name":"M. Oyewusi: \u201eLaukiau bent vieno \u0161anso ir tik\u0117jau\u201c - FK \u017dalgiris","isPartOf":{"@id":"https:\/\/fkzalgiris.lt\/#website"},"datePublished":"2023-05-29T09:10:57+00:00","breadcrumb":{"@id":"https:\/\/fkzalgiris.lt\/m-oyewusi-laukiau-bent-vieno-sanso-ir-tikejau\/#breadcrumb"},"inLanguage":"lt-LT","potentialAction":[{"@type":"ReadAction","target":["https:\/\/fkzalgiris.lt\/m-oyewusi-laukiau-bent-vieno-sanso-ir-tikejau\/"]}]},{"@type":"BreadcrumbList","@id":"https:\/\/fkzalgiris.lt\/m-oyewusi-laukiau-bent-vieno-sanso-ir-tikejau\/#breadcrumb","itemListElement":[{"@type":"ListItem","position":1,"name":"Home","item":"https:\/\/fkzalgiris.lt\/"},{"@type":"ListItem","position":2,"name":"M. Oyewusi: \u201eLaukiau bent vieno \u0161anso ir tik\u0117jau\u201c"}]},{"@type":"WebSite","@id":"https:\/\/fkzalgiris.lt\/#website","url":"https:\/\/fkzalgiris.lt\/","name":"FK \u017dalgiris","description":"oficiali Vilniaus \u201e\u017dalgirio\u201c futbolo klubo svetain\u0117","publisher":{"@id":"https:\/\/fkzalgiris.lt\/#organization"},"potentialAction":[{"@type":"SearchAction","target":{"@type":"EntryPoint","urlTemplate":"https:\/\/fkzalgiris.lt\/?s={search_term_string}"},"query-input":{"@type":"PropertyValueSpecification","valueRequired":true,"valueName":"search_term_string"}}],"inLanguage":"lt-LT"},{"@type":"Organization","@id":"https:\/\/fkzalgiris.lt\/#organization","name":"FK \u017dalgiris","url":"https:\/\/fkzalgiris.lt\/","logo":{"@type":"ImageObject","inLanguage":"lt-LT","@id":"https:\/\/fkzalgiris.lt\/#\/schema\/logo\/image\/","url":"https:\/\/fkzalgiris.lt\/wp-content\/uploads\/2024\/01\/horiz-FK-Zalgiris-logo-2015.png","contentUrl":"https:\/\/fkzalgiris.lt\/wp-content\/uploads\/2024\/01\/horiz-FK-Zalgiris-logo-2015.png","width":3073,"height":2048,"caption":"FK \u017dalgiris"},"image":{"@id":"https:\/\/fkzalgiris.lt\/#\/schema\/logo\/image\/"},"sameAs":["https:\/\/www.facebook.com\/fkzalgiris\/","https:\/\/x.com\/fkzalgiris","https:\/\/www.instagram.com\/fkzalgiris\/","https:\/\/www.youtube.com\/channel\/UC1ag8JLxGirltMUoLlzfZLA"]},{"@type":"Person","@id":"https:\/\/fkzalgiris.lt\/#\/schema\/person\/8604babbba794a7d8767be324a3eaac8","name":"J"}]}},"_links":{"self":[{"href":"https:\/\/fkzalgiris.lt\/api\/wp\/v2\/posts\/12554","targetHints":{"allow":["GET"]}}],"collection":[{"href":"https:\/\/fkzalgiris.lt\/api\/wp\/v2\/posts"}],"about":[{"href":"https:\/\/fkzalgiris.lt\/api\/wp\/v2\/types\/post"}],"author":[{"embeddable":true,"href":"https:\/\/fkzalgiris.lt\/api\/wp\/v2\/users\/4"}],"replies":[{"embeddable":true,"href":"https:\/\/fkzalgiris.lt\/api\/wp\/v2\/comments?post=12554"}],"version-history":[{"count":1,"href":"https:\/\/fkzalgiris.lt\/api\/wp\/v2\/posts\/12554\/revisions"}],"predecessor-version":[{"id":12556,"href":"https:\/\/fkzalgiris.lt\/api\/wp\/v2\/posts\/12554\/revisions\/12556"}],"wp:attachment":[{"href":"https:\/\/fkzalgiris.lt\/api\/wp\/v2\/media?parent=12554"}],"wp:term":[{"taxonomy":"category","embeddable":true,"href":"https:\/\/fkzalgiris.lt\/api\/wp\/v2\/categories?post=12554"}],"curies":[{"name":"wp","href":"https:\/\/api.w.org\/{rel}","templated":true}]}}