{"id":12551,"date":"2023-05-29T12:05:12","date_gmt":"2023-05-29T09:05:12","guid":{"rendered":"https:\/\/fkzalgiris.lt\/?p=12551"},"modified":"2023-05-29T12:05:12","modified_gmt":"2023-05-29T09:05:12","slug":"v-ceburinas-sugebejome-susiimti-svarbiausia-pergale","status":"publish","type":"post","link":"https:\/\/fkzalgiris.lt\/v-ceburinas-sugebejome-susiimti-svarbiausia-pergale\/","title":{"rendered":"V. \u010ceburinas: \u201eSugeb\u0117jome susiimti, svarbiausia &#8211; pergal\u0117\u201c"},"content":{"rendered":"<p>\u201e\u017dalgirio\u201c treneris Vladimiras \u010ceburinas po dramati\u0161kos pergal\u0117s prie\u0161 \u201ePanev\u0117\u017e\u012f\u201c sak\u0117, kad komandai buvo nelengvas metas, ta\u010diau pavyko susiimti ir i\u0161kovoti pergal\u0119.<\/p>\n<p>\u201e\u017dalgiris\u201c pirmavo po Marko Mili\u010dkovi\u010diaus \u012fvar\u010dio, v\u0117liau rezultat\u0105 \u201ePanev\u0117\u017eys\u201c i\u0161lygino, ta\u010diau per prid\u0117tin\u012f laik\u0105 pergal\u0119 2:1 i\u0161pl\u0117\u0161\u0117 Mathias Oyewusi.<\/p>\n<p>\u201eVisiems a\u010di\u016b u\u017e palaikym\u0105 \u2013 tarp j\u0173 ir senjorams, kurie buvo rungtyn\u0117se, ir rankinio komandai \u201e\u0160viesa\u201c. Bravo \u201e\u017dalgirio\u201c \u017eaid\u0117jams. Buvo nelengvas metas po poros pralaim\u0117jim\u0173. Sugeb\u0117jome susiimti ir privesti reikal\u0105 iki pabaigos. Rungtyn\u0117s buvo tikrai neprastos. Svarbiausia, kad i\u0161kovojome pergal\u0119. Buvo ir sukurt\u0173 prog\u0173, ir klaid\u0173. Bet svarbiausia laim\u0117ti\u201c, \u2013 kalb\u0117jo treneris.<\/p>\n<p>Paklaustas, ar atliko tik vien\u0105 keitim\u0105, d\u0117l to, kad tik\u0117jo aik\u0161t\u0117je buvusiais \u017eaid\u0117jais, V. \u010ceburinas atsak\u0117: \u201eJais visada tikiu. D\u0117l to gali b\u016bti ir vienas keitimas. Reikia jausti kada tai b\u016btina. \u0160iandien jau\u010diau kad visi buvo tiek u\u017esived\u0119 rungtyn\u0117ms. Keitimais kartais gali ir sugriauti tai kas vyko aik\u0161t\u0117je. Keitimas buvo tik priverstinis d\u0117l traumos. Bravo \u017eaid\u0117jams, \u0161aunuoliai.\u201c<\/p>\n<p>Pirm\u0105 kart\u0105 startin\u0117je sud\u0117tyje \u010dempionate pasirod\u0117 legionierius i\u0161 Bolivijos Leonardo Vaca. \u201eJis prie tai kelis kartus \u017eaid\u0117 po keitimo. Jo adaptacija baig\u0117si, at\u0117jo laikas jam parodyti k\u0105 sugeba. Jis gali \u017eaisti, tod\u0117l j\u012f ir pasirinkome \u012f savo sud\u0117t\u012f. Tikim\u0117s, kad viskas bus gerai\u201c, \u2013 sak\u0117 treneris.<\/p>\n<p>\u012e klausim\u0105, ar tokia pergal\u0117 pad\u0117s dar labiau sulipdyti komand\u0105, jis atsak\u0117: \u201e\u017dinoma, tokia pergal\u0117 buvo labai reikalinga, kaip ir b\u016bsimos pergal\u0117s. Tai labai svarbi komandai, mums patiems. Ne d\u0117l to kad gr\u012f\u017etume ka\u017ekur, niekur nei\u0161\u0117jome. Ta\u010diau buvo ne itin ger\u0173 period\u0173. Tikim\u0117s nu\u017eygiuoti ten, kur bus gerai mums ir m\u016bs\u0173 aistruoliams.\u201c<\/p>\n<p>Kitas rungtynes \u017ealgirie\u010diai \u017eais sekmadien\u012f prie\u0161 \u201e\u0160iaulius\u201c.<\/p>\n","protected":false},"excerpt":{"rendered":"<p>\u201e\u017dalgirio\u201c treneris Vladimiras \u010ceburinas po dramati\u0161kos pergal\u0117s prie\u0161 \u201ePanev\u0117\u017e\u012f\u201c sak\u0117, kad komandai buvo nelengvas metas, ta\u010diau pavyko susiimti ir i\u0161kovoti pergal\u0119. \u201e\u017dalgiris\u201c pirmavo po Marko\u2026<\/p>\n","protected":false},"author":4,"featured_media":0,"comment_status":"closed","ping_status":"closed","sticky":false,"template":"","format":"standard","meta":{"_acf_changed":false,"footnotes":""},"categories":[87],"class_list":["post-12551","post","type-post","status-publish","format-standard","hentry","category-zalgiris"],"acf":[],"yoast_head":"<!-- This site is optimized with the Yoast SEO plugin v26.8 - https:\/\/yoast.com\/product\/yoast-seo-wordpress\/ -->\n<title>V. \u010ceburinas: \u201eSugeb\u0117jome susiimti, svarbiausia - pergal\u0117\u201c - FK \u017dalgiris<\/title>\n<meta name=\"robots\" content=\"index, follow, max-snippet:-1, max-image-preview:large, max-video-preview:-1\" \/>\n<link rel=\"canonical\" href=\"https:\/\/fkzalgiris.lt\/v-ceburinas-sugebejome-susiimti-svarbiausia-pergale\/\" \/>\n<meta property=\"og:locale\" content=\"lt_LT\" \/>\n<meta property=\"og:type\" content=\"article\" \/>\n<meta property=\"og:title\" content=\"V. \u010ceburinas: \u201eSugeb\u0117jome susiimti, svarbiausia - pergal\u0117\u201c - FK \u017dalgiris\" \/>\n<meta property=\"og:description\" content=\"\u201e\u017dalgirio\u201c treneris Vladimiras \u010ceburinas po dramati\u0161kos pergal\u0117s prie\u0161 \u201ePanev\u0117\u017e\u012f\u201c sak\u0117, kad komandai buvo nelengvas metas, ta\u010diau pavyko susiimti ir i\u0161kovoti pergal\u0119. \u201e\u017dalgiris\u201c pirmavo po Marko\u2026\" \/>\n<meta property=\"og:url\" content=\"https:\/\/fkzalgiris.lt\/v-ceburinas-sugebejome-susiimti-svarbiausia-pergale\/\" \/>\n<meta property=\"og:site_name\" content=\"FK \u017dalgiris\" \/>\n<meta property=\"article:publisher\" content=\"https:\/\/www.facebook.com\/fkzalgiris\/\" \/>\n<meta property=\"article:published_time\" content=\"2023-05-29T09:05:12+00:00\" \/>\n<meta property=\"og:image\" content=\"https:\/\/fkzalgiris.lt\/wp-content\/uploads\/2024\/02\/social-horiz_Zalgiris_logo_2024.png\" \/>\n\t<meta property=\"og:image:width\" content=\"3356\" \/>\n\t<meta property=\"og:image:height\" content=\"2259\" \/>\n\t<meta property=\"og:image:type\" content=\"image\/png\" \/>\n<meta name=\"author\" content=\"J\" \/>\n<meta name=\"twitter:card\" content=\"summary_large_image\" \/>\n<meta name=\"twitter:creator\" content=\"@fkzalgiris\" \/>\n<meta name=\"twitter:site\" content=\"@fkzalgiris\" \/>\n<meta name=\"twitter:label1\" content=\"Written by\" \/>\n\t<meta name=\"twitter:data1\" content=\"J\" \/>\n\t<meta name=\"twitter:label2\" content=\"Est. reading time\" \/>\n\t<meta name=\"twitter:data2\" content=\"2 minut\u0117s\" \/>\n<script type=\"application\/ld+json\" class=\"yoast-schema-graph\">{\"@context\":\"https:\/\/schema.org\",\"@graph\":[{\"@type\":\"Article\",\"@id\":\"https:\/\/fkzalgiris.lt\/v-ceburinas-sugebejome-susiimti-svarbiausia-pergale\/#article\",\"isPartOf\":{\"@id\":\"https:\/\/fkzalgiris.lt\/v-ceburinas-sugebejome-susiimti-svarbiausia-pergale\/\"},\"author\":{\"name\":\"J\",\"@id\":\"https:\/\/fkzalgiris.lt\/#\/schema\/person\/8604babbba794a7d8767be324a3eaac8\"},\"headline\":\"V. \u010ceburinas: \u201eSugeb\u0117jome susiimti, svarbiausia &#8211; pergal\u0117\u201c\",\"datePublished\":\"2023-05-29T09:05:12+00:00\",\"mainEntityOfPage\":{\"@id\":\"https:\/\/fkzalgiris.lt\/v-ceburinas-sugebejome-susiimti-svarbiausia-pergale\/\"},\"wordCount\":312,\"publisher\":{\"@id\":\"https:\/\/fkzalgiris.lt\/#organization\"},\"articleSection\":[\"\u017dalgiris\"],\"inLanguage\":\"lt-LT\"},{\"@type\":\"WebPage\",\"@id\":\"https:\/\/fkzalgiris.lt\/v-ceburinas-sugebejome-susiimti-svarbiausia-pergale\/\",\"url\":\"https:\/\/fkzalgiris.lt\/v-ceburinas-sugebejome-susiimti-svarbiausia-pergale\/\",\"name\":\"V. \u010ceburinas: \u201eSugeb\u0117jome susiimti, svarbiausia - pergal\u0117\u201c - FK \u017dalgiris\",\"isPartOf\":{\"@id\":\"https:\/\/fkzalgiris.lt\/#website\"},\"datePublished\":\"2023-05-29T09:05:12+00:00\",\"breadcrumb\":{\"@id\":\"https:\/\/fkzalgiris.lt\/v-ceburinas-sugebejome-susiimti-svarbiausia-pergale\/#breadcrumb\"},\"inLanguage\":\"lt-LT\",\"potentialAction\":[{\"@type\":\"ReadAction\",\"target\":[\"https:\/\/fkzalgiris.lt\/v-ceburinas-sugebejome-susiimti-svarbiausia-pergale\/\"]}]},{\"@type\":\"BreadcrumbList\",\"@id\":\"https:\/\/fkzalgiris.lt\/v-ceburinas-sugebejome-susiimti-svarbiausia-pergale\/#breadcrumb\",\"itemListElement\":[{\"@type\":\"ListItem\",\"position\":1,\"name\":\"Home\",\"item\":\"https:\/\/fkzalgiris.lt\/\"},{\"@type\":\"ListItem\",\"position\":2,\"name\":\"V. \u010ceburinas: \u201eSugeb\u0117jome susiimti, svarbiausia &#8211; pergal\u0117\u201c\"}]},{\"@type\":\"WebSite\",\"@id\":\"https:\/\/fkzalgiris.lt\/#website\",\"url\":\"https:\/\/fkzalgiris.lt\/\",\"name\":\"FK \u017dalgiris\",\"description\":\"oficiali Vilniaus \u201e\u017dalgirio\u201c futbolo klubo svetain\u0117\",\"publisher\":{\"@id\":\"https:\/\/fkzalgiris.lt\/#organization\"},\"potentialAction\":[{\"@type\":\"SearchAction\",\"target\":{\"@type\":\"EntryPoint\",\"urlTemplate\":\"https:\/\/fkzalgiris.lt\/?s={search_term_string}\"},\"query-input\":{\"@type\":\"PropertyValueSpecification\",\"valueRequired\":true,\"valueName\":\"search_term_string\"}}],\"inLanguage\":\"lt-LT\"},{\"@type\":\"Organization\",\"@id\":\"https:\/\/fkzalgiris.lt\/#organization\",\"name\":\"FK \u017dalgiris\",\"url\":\"https:\/\/fkzalgiris.lt\/\",\"logo\":{\"@type\":\"ImageObject\",\"inLanguage\":\"lt-LT\",\"@id\":\"https:\/\/fkzalgiris.lt\/#\/schema\/logo\/image\/\",\"url\":\"https:\/\/fkzalgiris.lt\/wp-content\/uploads\/2024\/01\/horiz-FK-Zalgiris-logo-2015.png\",\"contentUrl\":\"https:\/\/fkzalgiris.lt\/wp-content\/uploads\/2024\/01\/horiz-FK-Zalgiris-logo-2015.png\",\"width\":3073,\"height\":2048,\"caption\":\"FK \u017dalgiris\"},\"image\":{\"@id\":\"https:\/\/fkzalgiris.lt\/#\/schema\/logo\/image\/\"},\"sameAs\":[\"https:\/\/www.facebook.com\/fkzalgiris\/\",\"https:\/\/x.com\/fkzalgiris\",\"https:\/\/www.instagram.com\/fkzalgiris\/\",\"https:\/\/www.youtube.com\/channel\/UC1ag8JLxGirltMUoLlzfZLA\"]},{\"@type\":\"Person\",\"@id\":\"https:\/\/fkzalgiris.lt\/#\/schema\/person\/8604babbba794a7d8767be324a3eaac8\",\"name\":\"J\"}]}<\/script>\n<!-- \/ Yoast SEO plugin. -->","yoast_head_json":{"title":"V. \u010ceburinas: \u201eSugeb\u0117jome susiimti, svarbiausia - pergal\u0117\u201c - FK \u017dalgiris","robots":{"index":"index","follow":"follow","max-snippet":"max-snippet:-1","max-image-preview":"max-image-preview:large","max-video-preview":"max-video-preview:-1"},"canonical":"https:\/\/fkzalgiris.lt\/v-ceburinas-sugebejome-susiimti-svarbiausia-pergale\/","og_locale":"lt_LT","og_type":"article","og_title":"V. \u010ceburinas: \u201eSugeb\u0117jome susiimti, svarbiausia - pergal\u0117\u201c - FK \u017dalgiris","og_description":"\u201e\u017dalgirio\u201c treneris Vladimiras \u010ceburinas po dramati\u0161kos pergal\u0117s prie\u0161 \u201ePanev\u0117\u017e\u012f\u201c sak\u0117, kad komandai buvo nelengvas metas, ta\u010diau pavyko susiimti ir i\u0161kovoti pergal\u0119. \u201e\u017dalgiris\u201c pirmavo po Marko\u2026","og_url":"https:\/\/fkzalgiris.lt\/v-ceburinas-sugebejome-susiimti-svarbiausia-pergale\/","og_site_name":"FK \u017dalgiris","article_publisher":"https:\/\/www.facebook.com\/fkzalgiris\/","article_published_time":"2023-05-29T09:05:12+00:00","og_image":[{"width":3356,"height":2259,"url":"https:\/\/fkzalgiris.lt\/wp-content\/uploads\/2024\/02\/social-horiz_Zalgiris_logo_2024.png","type":"image\/png"}],"author":"J","twitter_card":"summary_large_image","twitter_creator":"@fkzalgiris","twitter_site":"@fkzalgiris","twitter_misc":{"Written by":"J","Est. reading time":"2 minut\u0117s"},"schema":{"@context":"https:\/\/schema.org","@graph":[{"@type":"Article","@id":"https:\/\/fkzalgiris.lt\/v-ceburinas-sugebejome-susiimti-svarbiausia-pergale\/#article","isPartOf":{"@id":"https:\/\/fkzalgiris.lt\/v-ceburinas-sugebejome-susiimti-svarbiausia-pergale\/"},"author":{"name":"J","@id":"https:\/\/fkzalgiris.lt\/#\/schema\/person\/8604babbba794a7d8767be324a3eaac8"},"headline":"V. \u010ceburinas: \u201eSugeb\u0117jome susiimti, svarbiausia &#8211; pergal\u0117\u201c","datePublished":"2023-05-29T09:05:12+00:00","mainEntityOfPage":{"@id":"https:\/\/fkzalgiris.lt\/v-ceburinas-sugebejome-susiimti-svarbiausia-pergale\/"},"wordCount":312,"publisher":{"@id":"https:\/\/fkzalgiris.lt\/#organization"},"articleSection":["\u017dalgiris"],"inLanguage":"lt-LT"},{"@type":"WebPage","@id":"https:\/\/fkzalgiris.lt\/v-ceburinas-sugebejome-susiimti-svarbiausia-pergale\/","url":"https:\/\/fkzalgiris.lt\/v-ceburinas-sugebejome-susiimti-svarbiausia-pergale\/","name":"V. \u010ceburinas: \u201eSugeb\u0117jome susiimti, svarbiausia - pergal\u0117\u201c - FK \u017dalgiris","isPartOf":{"@id":"https:\/\/fkzalgiris.lt\/#website"},"datePublished":"2023-05-29T09:05:12+00:00","breadcrumb":{"@id":"https:\/\/fkzalgiris.lt\/v-ceburinas-sugebejome-susiimti-svarbiausia-pergale\/#breadcrumb"},"inLanguage":"lt-LT","potentialAction":[{"@type":"ReadAction","target":["https:\/\/fkzalgiris.lt\/v-ceburinas-sugebejome-susiimti-svarbiausia-pergale\/"]}]},{"@type":"BreadcrumbList","@id":"https:\/\/fkzalgiris.lt\/v-ceburinas-sugebejome-susiimti-svarbiausia-pergale\/#breadcrumb","itemListElement":[{"@type":"ListItem","position":1,"name":"Home","item":"https:\/\/fkzalgiris.lt\/"},{"@type":"ListItem","position":2,"name":"V. \u010ceburinas: \u201eSugeb\u0117jome susiimti, svarbiausia &#8211; pergal\u0117\u201c"}]},{"@type":"WebSite","@id":"https:\/\/fkzalgiris.lt\/#website","url":"https:\/\/fkzalgiris.lt\/","name":"FK \u017dalgiris","description":"oficiali Vilniaus \u201e\u017dalgirio\u201c futbolo klubo svetain\u0117","publisher":{"@id":"https:\/\/fkzalgiris.lt\/#organization"},"potentialAction":[{"@type":"SearchAction","target":{"@type":"EntryPoint","urlTemplate":"https:\/\/fkzalgiris.lt\/?s={search_term_string}"},"query-input":{"@type":"PropertyValueSpecification","valueRequired":true,"valueName":"search_term_string"}}],"inLanguage":"lt-LT"},{"@type":"Organization","@id":"https:\/\/fkzalgiris.lt\/#organization","name":"FK \u017dalgiris","url":"https:\/\/fkzalgiris.lt\/","logo":{"@type":"ImageObject","inLanguage":"lt-LT","@id":"https:\/\/fkzalgiris.lt\/#\/schema\/logo\/image\/","url":"https:\/\/fkzalgiris.lt\/wp-content\/uploads\/2024\/01\/horiz-FK-Zalgiris-logo-2015.png","contentUrl":"https:\/\/fkzalgiris.lt\/wp-content\/uploads\/2024\/01\/horiz-FK-Zalgiris-logo-2015.png","width":3073,"height":2048,"caption":"FK \u017dalgiris"},"image":{"@id":"https:\/\/fkzalgiris.lt\/#\/schema\/logo\/image\/"},"sameAs":["https:\/\/www.facebook.com\/fkzalgiris\/","https:\/\/x.com\/fkzalgiris","https:\/\/www.instagram.com\/fkzalgiris\/","https:\/\/www.youtube.com\/channel\/UC1ag8JLxGirltMUoLlzfZLA"]},{"@type":"Person","@id":"https:\/\/fkzalgiris.lt\/#\/schema\/person\/8604babbba794a7d8767be324a3eaac8","name":"J"}]}},"_links":{"self":[{"href":"https:\/\/fkzalgiris.lt\/api\/wp\/v2\/posts\/12551","targetHints":{"allow":["GET"]}}],"collection":[{"href":"https:\/\/fkzalgiris.lt\/api\/wp\/v2\/posts"}],"about":[{"href":"https:\/\/fkzalgiris.lt\/api\/wp\/v2\/types\/post"}],"author":[{"embeddable":true,"href":"https:\/\/fkzalgiris.lt\/api\/wp\/v2\/users\/4"}],"replies":[{"embeddable":true,"href":"https:\/\/fkzalgiris.lt\/api\/wp\/v2\/comments?post=12551"}],"version-history":[{"count":1,"href":"https:\/\/fkzalgiris.lt\/api\/wp\/v2\/posts\/12551\/revisions"}],"predecessor-version":[{"id":12553,"href":"https:\/\/fkzalgiris.lt\/api\/wp\/v2\/posts\/12551\/revisions\/12553"}],"wp:attachment":[{"href":"https:\/\/fkzalgiris.lt\/api\/wp\/v2\/media?parent=12551"}],"wp:term":[{"taxonomy":"category","embeddable":true,"href":"https:\/\/fkzalgiris.lt\/api\/wp\/v2\/categories?post=12551"}],"curies":[{"name":"wp","href":"https:\/\/api.w.org\/{rel}","templated":true}]}}