{"id":12391,"date":"2023-05-04T13:22:34","date_gmt":"2023-05-04T10:22:34","guid":{"rendered":"https:\/\/fkzalgiris.lt\/?p=12391"},"modified":"2023-05-04T13:24:28","modified_gmt":"2023-05-04T10:24:28","slug":"v-ceburinas-ivarciai-sunkaus-darbo-aiksteje-rezultatas","status":"publish","type":"post","link":"https:\/\/fkzalgiris.lt\/v-ceburinas-ivarciai-sunkaus-darbo-aiksteje-rezultatas\/","title":{"rendered":"V. \u010ceburinas: \u201e\u012evar\u010diai \u2013 sunkaus darbo aik\u0161t\u0117je rezultatas\u201c"},"content":{"rendered":"<p>Po penktos pergal\u0117s i\u0161 eil\u0117s \u201c\u017dalgirio\u201d treneris buvo patenkintas komandos \u017eaidimu ir d\u0117kojo vartininkui, o \u012fvart\u012f peln\u0119s Mario Paveli\u010dius sak\u0117, kad svarbiausia i\u0161kovoti tris ta\u0161kus.<\/p>\n<p>Lietuvos \u010dempionai sostin\u0117s derbyje 2:0 pranoko \u201cRiterius\u201d. Pirmajame k\u0117linyje baudin\u012f atr\u0117m\u0117 Edvinas Gertmonas, o \u00a0po pertraukos \u012fvar\u010diais pasi\u017eym\u0117jo M. Paveli\u010dius, o v\u0117liau po pastarojo perdavimo \u012fmu\u0161\u0117 Donatas Kazlauskas.<\/p>\n<p>\u201eDaug kontrol\u0117s, daug judesio, daug spaudimo. Buvo pavojing\u0173 prog\u0173. I\u0161 to didelio noro gal tr\u016bko u\u017etikrintumo. Geros rungtyn\u0117s. Gavome baudin\u012f \u012f savo vartus, bravo Gertmonui kad atmu\u0161\u0117. \u0160aunuoliai visi, su\u017eaid\u0117 solid\u017eiai, parod\u0117 gero futbolo. Tie sumanymai, kuriuos turime, buvo vykdomi. Planus realizavome aik\u0161t\u0117je. Pirmas ir antras \u012fvartis &#8211; sunkaus darbo aik\u0161t\u0117je rezultatas. Buvo \u017eaidimas, dinamika. Tur\u0117jome ir daugiau prog\u0173\u201c, &#8211; reziumavo V. \u010ceburinas.<\/p>\n<div class=\"embed-responsive embed-responsive-16by9 mb-4\"><iframe title=\"\u010ceburin | Trenerio komentaras | Interview | Riteriai - \u017dalgiris [CC]\" src=\"https:\/\/www.youtube.com\/embed\/HfTSa-IMnH4?feature=oembed\" frameborder=\"0\" allow=\"accelerometer; autoplay; clipboard-write; encrypted-media; gyroscope; picture-in-picture; web-share\" referrerpolicy=\"strict-origin-when-cross-origin\" allowfullscreen><\/iframe> <\/div>\n<p>\u201eManau, kad \u0161ioms rungtyn\u0117ms pasiruo\u0161\u0117me labai gerai. Nors laiko buvo nedaug, paskutin\u0117s rungtyn\u0117s vyko sekmadien\u012f. Tur\u0117jome greitai atsigauti. Padar\u0117me darb\u0105 tikrai gerai. Pirmas k\u0117linys buvo sunkus, buvo daug dvikov\u0173. Var\u017eovai siunt\u0117 auk\u0161tus kamuolius. Mes taip pat steng\u0117m\u0117s ir suk\u016br\u0117me prog\u0173. D\u0117l baudinio &#8211; gerai kad turime Gertmon\u0105, kuris puikiai atr\u0117m\u0117 sm\u016bg\u012f\u201c, &#8211; kalb\u0117jo M. Paveli\u010dius.<\/p>\n<div class=\"embed-responsive embed-responsive-16by9 mb-4\"><iframe title=\"Paveli\u010d | Komentaras | Interview | Riteriai - \u017dalgiris [CC]\" src=\"https:\/\/www.youtube.com\/embed\/DpOWrqAzEEY?feature=oembed\" frameborder=\"0\" allow=\"accelerometer; autoplay; clipboard-write; encrypted-media; gyroscope; picture-in-picture; web-share\" referrerpolicy=\"strict-origin-when-cross-origin\" allowfullscreen><\/iframe> <\/div>\n<p>Gyn\u0117jas i\u0161 prad\u017ei\u0173 tolimu sm\u016bgiu peln\u0117 savo antr\u0105j\u012f sezono \u012fvart\u012f, o po to atliko rezultatyv\u0173 perdavim\u0105 komandos draugui.<\/p>\n<p>\u201ePrie\u0161 pirm\u0105 \u012fvart\u012f pirma mintis buvo pabandyti sm\u016bgiuoti. Antra mintis buvo, kad neblokuot\u0173, nes po to b\u016bt\u0173 var\u017eov\u0173 kontrataka. Pasisek\u0117, kamuolys pra\u0117jo. Sm\u016bgis nebuvo pats geriausias. Vartininkas turb\u016bt ai\u0161kiai nemat\u0117. Galb\u016bt pamat\u0117 per v\u0117lai, &#8211; kalb\u0117jo M. Paveli\u010dius \u2013 Prie\u0161 antr\u0105 \u012fvart\u012f atakavome de\u0161iniu kra\u0161tu, gerai su\u017eaid\u0117me ten. Po keli\u0173 perdavim\u0173 keit\u0117me pozicijas. Buvau laisvas atlikti skers\u0105 perdavim\u0105. Kazlauskas u\u017ebaig\u0117 visk\u0105 labai gerai &#8211; \u012fmu\u0161\u0117.\u201c<\/p>\n<p>\u017dalgirie\u010diai jau \u0161e\u0161ias rungtynes nepraleid\u017eia \u012fvar\u010dio. \u201eSausi vartai, \u017einoma, priduoda pasitik\u0117jimo gynybai. Bet \u0161ioje stadijoje visgi svarbiausia i\u0161kovoti tris ta\u0161kus ir kilti lentel\u0117je auk\u0161tyn\u201c, &#8211; per daug nuopeln\u0173 neprisi\u0117m\u0117 M. Paveli\u010dius.<\/p>\n<p>Sekmadien\u012f \u201e\u017dalgirio\u201c laukia taur\u0117s rungtyn\u0117s su III lygoje rungtyniaujan\u010dia Vilniaus AFK komanda. Pasak trenerio, nors var\u017eov\u0173 kalibras skiriasi, budrumo prarasti nereik\u0117t\u0173.<\/p>\n<p>\u201eTai kaip ir \u012fprastos rungtyn\u0117s, taur\u0117s rungtyn\u0117s. Svarbu b\u016bti u\u017etikrintiems, neatsipalaiduoti galvojant kad var\u017eovai ne profesionalai. Jie i\u0161eis ir \u017eais prie\u0161 \u017dalgir\u012f. Mes taip pat \u017eaisime prie\u0161 toki\u0105 komand\u0105 kokia bus. Bus \u012fdomus futbolas\u201c, &#8211; sak\u0117 V. \u010ceburinas.<\/p>\n<p>AFK ir \u201e\u017dalgiris\u201c susitiks sekmadien\u012f 18 val. 30 min. LFF stadione, rungtyni\u0173 \u0161eimininkais bus var\u017eovai. Kitas nam\u0173 rungtynes \u201e\u017dalgiris\u201c \u017eais gegu\u017e\u0117s 14 d. prie\u0161 \u201eKauno \u017dalgir\u012f\u201c.<\/p>\n<p>&nbsp;<\/p>\n<p>&nbsp;<\/p>\n<p>&nbsp;<\/p>\n","protected":false},"excerpt":{"rendered":"<p>Po penktos pergal\u0117s i\u0161 eil\u0117s \u201c\u017dalgirio\u201d treneris buvo patenkintas komandos \u017eaidimu ir d\u0117kojo vartininkui, o \u012fvart\u012f peln\u0119s Mario Paveli\u010dius sak\u0117, kad svarbiausia i\u0161kovoti tris ta\u0161kus.\u2026<\/p>\n","protected":false},"author":4,"featured_media":0,"comment_status":"closed","ping_status":"closed","sticky":false,"template":"","format":"standard","meta":{"_acf_changed":false,"footnotes":""},"categories":[87],"class_list":["post-12391","post","type-post","status-publish","format-standard","hentry","category-zalgiris"],"acf":[],"yoast_head":"<!-- This site is optimized with the Yoast SEO plugin v26.8 - https:\/\/yoast.com\/product\/yoast-seo-wordpress\/ -->\n<title>V. \u010ceburinas: \u201e\u012evar\u010diai \u2013 sunkaus darbo aik\u0161t\u0117je rezultatas\u201c - FK \u017dalgiris<\/title>\n<meta name=\"robots\" content=\"index, follow, max-snippet:-1, max-image-preview:large, max-video-preview:-1\" \/>\n<link rel=\"canonical\" href=\"https:\/\/fkzalgiris.lt\/v-ceburinas-ivarciai-sunkaus-darbo-aiksteje-rezultatas\/\" \/>\n<meta property=\"og:locale\" content=\"lt_LT\" \/>\n<meta property=\"og:type\" content=\"article\" \/>\n<meta property=\"og:title\" content=\"V. \u010ceburinas: \u201e\u012evar\u010diai \u2013 sunkaus darbo aik\u0161t\u0117je rezultatas\u201c - FK \u017dalgiris\" \/>\n<meta property=\"og:description\" content=\"Po penktos pergal\u0117s i\u0161 eil\u0117s \u201c\u017dalgirio\u201d treneris buvo patenkintas komandos \u017eaidimu ir d\u0117kojo vartininkui, o \u012fvart\u012f peln\u0119s Mario Paveli\u010dius sak\u0117, kad svarbiausia i\u0161kovoti tris ta\u0161kus.\u2026\" \/>\n<meta property=\"og:url\" content=\"https:\/\/fkzalgiris.lt\/v-ceburinas-ivarciai-sunkaus-darbo-aiksteje-rezultatas\/\" \/>\n<meta property=\"og:site_name\" content=\"FK \u017dalgiris\" \/>\n<meta property=\"article:publisher\" content=\"https:\/\/www.facebook.com\/fkzalgiris\/\" \/>\n<meta property=\"article:published_time\" content=\"2023-05-04T10:22:34+00:00\" \/>\n<meta property=\"article:modified_time\" content=\"2023-05-04T10:24:28+00:00\" \/>\n<meta property=\"og:image\" content=\"https:\/\/fkzalgiris.lt\/wp-content\/uploads\/2024\/02\/social-horiz_Zalgiris_logo_2024.png\" \/>\n\t<meta property=\"og:image:width\" content=\"3356\" \/>\n\t<meta property=\"og:image:height\" content=\"2259\" \/>\n\t<meta property=\"og:image:type\" content=\"image\/png\" \/>\n<meta name=\"author\" content=\"J\" \/>\n<meta name=\"twitter:card\" content=\"summary_large_image\" \/>\n<meta name=\"twitter:creator\" content=\"@fkzalgiris\" \/>\n<meta name=\"twitter:site\" content=\"@fkzalgiris\" \/>\n<meta name=\"twitter:label1\" content=\"Written by\" \/>\n\t<meta name=\"twitter:data1\" content=\"J\" \/>\n\t<meta name=\"twitter:label2\" content=\"Est. reading time\" \/>\n\t<meta name=\"twitter:data2\" content=\"2 minut\u0117s\" \/>\n<script type=\"application\/ld+json\" class=\"yoast-schema-graph\">{\"@context\":\"https:\/\/schema.org\",\"@graph\":[{\"@type\":\"Article\",\"@id\":\"https:\/\/fkzalgiris.lt\/v-ceburinas-ivarciai-sunkaus-darbo-aiksteje-rezultatas\/#article\",\"isPartOf\":{\"@id\":\"https:\/\/fkzalgiris.lt\/v-ceburinas-ivarciai-sunkaus-darbo-aiksteje-rezultatas\/\"},\"author\":{\"name\":\"J\",\"@id\":\"https:\/\/fkzalgiris.lt\/#\/schema\/person\/8604babbba794a7d8767be324a3eaac8\"},\"headline\":\"V. \u010ceburinas: \u201e\u012evar\u010diai \u2013 sunkaus darbo aik\u0161t\u0117je rezultatas\u201c\",\"datePublished\":\"2023-05-04T10:22:34+00:00\",\"dateModified\":\"2023-05-04T10:24:28+00:00\",\"mainEntityOfPage\":{\"@id\":\"https:\/\/fkzalgiris.lt\/v-ceburinas-ivarciai-sunkaus-darbo-aiksteje-rezultatas\/\"},\"wordCount\":482,\"publisher\":{\"@id\":\"https:\/\/fkzalgiris.lt\/#organization\"},\"articleSection\":[\"\u017dalgiris\"],\"inLanguage\":\"lt-LT\"},{\"@type\":\"WebPage\",\"@id\":\"https:\/\/fkzalgiris.lt\/v-ceburinas-ivarciai-sunkaus-darbo-aiksteje-rezultatas\/\",\"url\":\"https:\/\/fkzalgiris.lt\/v-ceburinas-ivarciai-sunkaus-darbo-aiksteje-rezultatas\/\",\"name\":\"V. \u010ceburinas: \u201e\u012evar\u010diai \u2013 sunkaus darbo aik\u0161t\u0117je rezultatas\u201c - FK \u017dalgiris\",\"isPartOf\":{\"@id\":\"https:\/\/fkzalgiris.lt\/#website\"},\"datePublished\":\"2023-05-04T10:22:34+00:00\",\"dateModified\":\"2023-05-04T10:24:28+00:00\",\"breadcrumb\":{\"@id\":\"https:\/\/fkzalgiris.lt\/v-ceburinas-ivarciai-sunkaus-darbo-aiksteje-rezultatas\/#breadcrumb\"},\"inLanguage\":\"lt-LT\",\"potentialAction\":[{\"@type\":\"ReadAction\",\"target\":[\"https:\/\/fkzalgiris.lt\/v-ceburinas-ivarciai-sunkaus-darbo-aiksteje-rezultatas\/\"]}]},{\"@type\":\"BreadcrumbList\",\"@id\":\"https:\/\/fkzalgiris.lt\/v-ceburinas-ivarciai-sunkaus-darbo-aiksteje-rezultatas\/#breadcrumb\",\"itemListElement\":[{\"@type\":\"ListItem\",\"position\":1,\"name\":\"Home\",\"item\":\"https:\/\/fkzalgiris.lt\/\"},{\"@type\":\"ListItem\",\"position\":2,\"name\":\"V. \u010ceburinas: \u201e\u012evar\u010diai \u2013 sunkaus darbo aik\u0161t\u0117je rezultatas\u201c\"}]},{\"@type\":\"WebSite\",\"@id\":\"https:\/\/fkzalgiris.lt\/#website\",\"url\":\"https:\/\/fkzalgiris.lt\/\",\"name\":\"FK \u017dalgiris\",\"description\":\"oficiali Vilniaus \u201e\u017dalgirio\u201c futbolo klubo svetain\u0117\",\"publisher\":{\"@id\":\"https:\/\/fkzalgiris.lt\/#organization\"},\"potentialAction\":[{\"@type\":\"SearchAction\",\"target\":{\"@type\":\"EntryPoint\",\"urlTemplate\":\"https:\/\/fkzalgiris.lt\/?s={search_term_string}\"},\"query-input\":{\"@type\":\"PropertyValueSpecification\",\"valueRequired\":true,\"valueName\":\"search_term_string\"}}],\"inLanguage\":\"lt-LT\"},{\"@type\":\"Organization\",\"@id\":\"https:\/\/fkzalgiris.lt\/#organization\",\"name\":\"FK \u017dalgiris\",\"url\":\"https:\/\/fkzalgiris.lt\/\",\"logo\":{\"@type\":\"ImageObject\",\"inLanguage\":\"lt-LT\",\"@id\":\"https:\/\/fkzalgiris.lt\/#\/schema\/logo\/image\/\",\"url\":\"https:\/\/fkzalgiris.lt\/wp-content\/uploads\/2024\/01\/horiz-FK-Zalgiris-logo-2015.png\",\"contentUrl\":\"https:\/\/fkzalgiris.lt\/wp-content\/uploads\/2024\/01\/horiz-FK-Zalgiris-logo-2015.png\",\"width\":3073,\"height\":2048,\"caption\":\"FK \u017dalgiris\"},\"image\":{\"@id\":\"https:\/\/fkzalgiris.lt\/#\/schema\/logo\/image\/\"},\"sameAs\":[\"https:\/\/www.facebook.com\/fkzalgiris\/\",\"https:\/\/x.com\/fkzalgiris\",\"https:\/\/www.instagram.com\/fkzalgiris\/\",\"https:\/\/www.youtube.com\/channel\/UC1ag8JLxGirltMUoLlzfZLA\"]},{\"@type\":\"Person\",\"@id\":\"https:\/\/fkzalgiris.lt\/#\/schema\/person\/8604babbba794a7d8767be324a3eaac8\",\"name\":\"J\"}]}<\/script>\n<!-- \/ Yoast SEO plugin. -->","yoast_head_json":{"title":"V. \u010ceburinas: \u201e\u012evar\u010diai \u2013 sunkaus darbo aik\u0161t\u0117je rezultatas\u201c - FK \u017dalgiris","robots":{"index":"index","follow":"follow","max-snippet":"max-snippet:-1","max-image-preview":"max-image-preview:large","max-video-preview":"max-video-preview:-1"},"canonical":"https:\/\/fkzalgiris.lt\/v-ceburinas-ivarciai-sunkaus-darbo-aiksteje-rezultatas\/","og_locale":"lt_LT","og_type":"article","og_title":"V. \u010ceburinas: \u201e\u012evar\u010diai \u2013 sunkaus darbo aik\u0161t\u0117je rezultatas\u201c - FK \u017dalgiris","og_description":"Po penktos pergal\u0117s i\u0161 eil\u0117s \u201c\u017dalgirio\u201d treneris buvo patenkintas komandos \u017eaidimu ir d\u0117kojo vartininkui, o \u012fvart\u012f peln\u0119s Mario Paveli\u010dius sak\u0117, kad svarbiausia i\u0161kovoti tris ta\u0161kus.\u2026","og_url":"https:\/\/fkzalgiris.lt\/v-ceburinas-ivarciai-sunkaus-darbo-aiksteje-rezultatas\/","og_site_name":"FK \u017dalgiris","article_publisher":"https:\/\/www.facebook.com\/fkzalgiris\/","article_published_time":"2023-05-04T10:22:34+00:00","article_modified_time":"2023-05-04T10:24:28+00:00","og_image":[{"width":3356,"height":2259,"url":"https:\/\/fkzalgiris.lt\/wp-content\/uploads\/2024\/02\/social-horiz_Zalgiris_logo_2024.png","type":"image\/png"}],"author":"J","twitter_card":"summary_large_image","twitter_creator":"@fkzalgiris","twitter_site":"@fkzalgiris","twitter_misc":{"Written by":"J","Est. reading time":"2 minut\u0117s"},"schema":{"@context":"https:\/\/schema.org","@graph":[{"@type":"Article","@id":"https:\/\/fkzalgiris.lt\/v-ceburinas-ivarciai-sunkaus-darbo-aiksteje-rezultatas\/#article","isPartOf":{"@id":"https:\/\/fkzalgiris.lt\/v-ceburinas-ivarciai-sunkaus-darbo-aiksteje-rezultatas\/"},"author":{"name":"J","@id":"https:\/\/fkzalgiris.lt\/#\/schema\/person\/8604babbba794a7d8767be324a3eaac8"},"headline":"V. \u010ceburinas: \u201e\u012evar\u010diai \u2013 sunkaus darbo aik\u0161t\u0117je rezultatas\u201c","datePublished":"2023-05-04T10:22:34+00:00","dateModified":"2023-05-04T10:24:28+00:00","mainEntityOfPage":{"@id":"https:\/\/fkzalgiris.lt\/v-ceburinas-ivarciai-sunkaus-darbo-aiksteje-rezultatas\/"},"wordCount":482,"publisher":{"@id":"https:\/\/fkzalgiris.lt\/#organization"},"articleSection":["\u017dalgiris"],"inLanguage":"lt-LT"},{"@type":"WebPage","@id":"https:\/\/fkzalgiris.lt\/v-ceburinas-ivarciai-sunkaus-darbo-aiksteje-rezultatas\/","url":"https:\/\/fkzalgiris.lt\/v-ceburinas-ivarciai-sunkaus-darbo-aiksteje-rezultatas\/","name":"V. \u010ceburinas: \u201e\u012evar\u010diai \u2013 sunkaus darbo aik\u0161t\u0117je rezultatas\u201c - FK \u017dalgiris","isPartOf":{"@id":"https:\/\/fkzalgiris.lt\/#website"},"datePublished":"2023-05-04T10:22:34+00:00","dateModified":"2023-05-04T10:24:28+00:00","breadcrumb":{"@id":"https:\/\/fkzalgiris.lt\/v-ceburinas-ivarciai-sunkaus-darbo-aiksteje-rezultatas\/#breadcrumb"},"inLanguage":"lt-LT","potentialAction":[{"@type":"ReadAction","target":["https:\/\/fkzalgiris.lt\/v-ceburinas-ivarciai-sunkaus-darbo-aiksteje-rezultatas\/"]}]},{"@type":"BreadcrumbList","@id":"https:\/\/fkzalgiris.lt\/v-ceburinas-ivarciai-sunkaus-darbo-aiksteje-rezultatas\/#breadcrumb","itemListElement":[{"@type":"ListItem","position":1,"name":"Home","item":"https:\/\/fkzalgiris.lt\/"},{"@type":"ListItem","position":2,"name":"V. \u010ceburinas: \u201e\u012evar\u010diai \u2013 sunkaus darbo aik\u0161t\u0117je rezultatas\u201c"}]},{"@type":"WebSite","@id":"https:\/\/fkzalgiris.lt\/#website","url":"https:\/\/fkzalgiris.lt\/","name":"FK \u017dalgiris","description":"oficiali Vilniaus \u201e\u017dalgirio\u201c futbolo klubo svetain\u0117","publisher":{"@id":"https:\/\/fkzalgiris.lt\/#organization"},"potentialAction":[{"@type":"SearchAction","target":{"@type":"EntryPoint","urlTemplate":"https:\/\/fkzalgiris.lt\/?s={search_term_string}"},"query-input":{"@type":"PropertyValueSpecification","valueRequired":true,"valueName":"search_term_string"}}],"inLanguage":"lt-LT"},{"@type":"Organization","@id":"https:\/\/fkzalgiris.lt\/#organization","name":"FK \u017dalgiris","url":"https:\/\/fkzalgiris.lt\/","logo":{"@type":"ImageObject","inLanguage":"lt-LT","@id":"https:\/\/fkzalgiris.lt\/#\/schema\/logo\/image\/","url":"https:\/\/fkzalgiris.lt\/wp-content\/uploads\/2024\/01\/horiz-FK-Zalgiris-logo-2015.png","contentUrl":"https:\/\/fkzalgiris.lt\/wp-content\/uploads\/2024\/01\/horiz-FK-Zalgiris-logo-2015.png","width":3073,"height":2048,"caption":"FK \u017dalgiris"},"image":{"@id":"https:\/\/fkzalgiris.lt\/#\/schema\/logo\/image\/"},"sameAs":["https:\/\/www.facebook.com\/fkzalgiris\/","https:\/\/x.com\/fkzalgiris","https:\/\/www.instagram.com\/fkzalgiris\/","https:\/\/www.youtube.com\/channel\/UC1ag8JLxGirltMUoLlzfZLA"]},{"@type":"Person","@id":"https:\/\/fkzalgiris.lt\/#\/schema\/person\/8604babbba794a7d8767be324a3eaac8","name":"J"}]}},"_links":{"self":[{"href":"https:\/\/fkzalgiris.lt\/api\/wp\/v2\/posts\/12391","targetHints":{"allow":["GET"]}}],"collection":[{"href":"https:\/\/fkzalgiris.lt\/api\/wp\/v2\/posts"}],"about":[{"href":"https:\/\/fkzalgiris.lt\/api\/wp\/v2\/types\/post"}],"author":[{"embeddable":true,"href":"https:\/\/fkzalgiris.lt\/api\/wp\/v2\/users\/4"}],"replies":[{"embeddable":true,"href":"https:\/\/fkzalgiris.lt\/api\/wp\/v2\/comments?post=12391"}],"version-history":[{"count":2,"href":"https:\/\/fkzalgiris.lt\/api\/wp\/v2\/posts\/12391\/revisions"}],"predecessor-version":[{"id":12394,"href":"https:\/\/fkzalgiris.lt\/api\/wp\/v2\/posts\/12391\/revisions\/12394"}],"wp:attachment":[{"href":"https:\/\/fkzalgiris.lt\/api\/wp\/v2\/media?parent=12391"}],"wp:term":[{"taxonomy":"category","embeddable":true,"href":"https:\/\/fkzalgiris.lt\/api\/wp\/v2\/categories?post=12391"}],"curies":[{"name":"wp","href":"https:\/\/api.w.org\/{rel}","templated":true}]}}