{"id":12302,"date":"2023-04-24T10:41:06","date_gmt":"2023-04-24T07:41:06","guid":{"rendered":"https:\/\/fkzalgiris.lt\/?p=12302"},"modified":"2023-04-24T10:55:03","modified_gmt":"2023-04-24T07:55:03","slug":"v-ceburinas-reikia-daugiau-uztikrintumo","status":"publish","type":"post","link":"https:\/\/fkzalgiris.lt\/v-ceburinas-reikia-daugiau-uztikrintumo\/","title":{"rendered":"V. \u010ceburinas: \u201eReikia daugiau u\u017etikrintumo\u201c"},"content":{"rendered":"<p>Po Tel\u0161iuose pasiektos pergal\u0117s \u201e\u017dalgirio\u201c treneris Vladimiras \u010ceburinas kalb\u0117jo apie atliktas korekcijos po pirmojo k\u0117linio, kurios vilnie\u010diams dav\u0117 rezultat\u0105 po pertraukos.<\/p>\n<p>\u201e\u017dalgiriui\u201c nepavyko pralau\u017eti \u201eD\u017eiugo\u201c gynybos pirmajame k\u0117linyje, ta\u010diau antrojo prad\u017eioje Lietuvos \u010dempionus \u012f priek\u012f i\u0161ved\u0117 Petaro Mami\u010diaus sm\u016bgis, o rungtyni\u0173 pabaigoje \u012fvart\u012f prid\u0117jo Marko Mili\u010dkovi\u010dius.<\/p>\n<p>\u201ePirmajame k\u0117linyje band\u0117me primesti savo \u017eaidim\u0105. Var\u017eovas \u017eaid\u0117 sutankinta gynyba, atsitrauk\u0119. M\u016bs\u0173 sumanymai ne visada pavyko, ypa\u010d veiksmai u\u017ebaigimo stadijoje. Suk\u016br\u0117me kelias progas. Var\u017eovas kontratakavo, i\u0161eidavo i\u0161 spaudimo. Steng\u0117si, bet antrajame k\u0117linyje tur\u0117jo ma\u017eai \u0161ans\u0173. Standartin\u0117s situacijos nebebuvo tokios pavojingos. Tur\u0117jome daug kontrol\u0117s, bet svarbiausia \u012fmu\u0161ti. Kalbame apie tai, kad \u012fvar\u010diai puol\u0117j\u0173 darbas. Ta\u010diau \u012fmu\u0161\u0117 kairysis gyn\u0117jas (P. Mami\u010dius). Nei\u0161eina tuo nesid\u017eiaugti. Prisijung\u0117, pad\u0117jo, u\u017edar\u0117 zon\u0105. Antr\u0105 \u012fvart\u012f Mili\u010dkovi\u010dius \u012fmu\u0161\u0117 antru lietimu. Bravo jam, jis tai sugeba. Pergal\u0117 buvo sunki. Var\u017eovai gyn\u0117si visomis paj\u0117gomis. Prie\u0161 mus daug komand\u0173 taip \u017eaid\u017eia. Nesistebime, bet mums reikia b\u016bti u\u017etikrintiems savo veiksmais\u201c, \u2013 kalb\u0117jo V. \u010ceburinas.<\/p>\n<p>Paklaustas apie art\u0117jan\u010dias b\u016bsimas kovas, treneris pakartojo anks\u010diau i\u0161sakytas mintis, jog po truput\u012f i\u0161ry\u0161k\u0117s komand\u0173 meistri\u0161kumas.<\/p>\n<p>\u201eLabiau lems meistri\u0161kumas, taktiniai veiksmai. Ta\u010diau n\u0117 viena komanda nieko paprastai neatiduos. T\u0105 jau\u010diame kiekvienose rungtyn\u0117se. Visi prie\u0161 mus kaunasi i\u0161 paskutini\u0173j\u0173, iki paskutini\u0173 minu\u010di\u0173. Nori laim\u0117ti kiekviename epizode. Spaudimas tik did\u0117s. Po truput\u012f atsipl\u0117\u0161ia grup\u0117, kovosianti d\u0117l medali\u0173 nuo tos kuri yra vidutin\u0117je lentel\u0117s dalyje\u201c, \u2013 sak\u0117 treneris.<\/p>\n<p>Kalb\u0117damas apie komandos \u017eaidim\u0105, treneris pripa\u017eino, jog nebuvo patenkintas pirma rungtyni\u0173 puse: \u201eNe viskas m\u016bs\u0173 \u017eaidime yra taip, kaip norime. Po pirmo k\u0117linio pakoregavome kai kuriuos dalykus \u017eaid\u0117j\u0173 pozicijose. Tai nei\u0161vengiama. Jei neveikia vienas variantas, reikia bandyti antr\u0105, tre\u010di\u0105, ketvirt\u0105. Tai tenka daryti. Stengiam\u0117s gerinti \u017eaidim\u0105. \u017daid\u0117j\u0173 atsakomyb\u0117 did\u0117ja.\u201c<\/p>\n<p>Sekmadien\u012f, baland\u017eio 30 dien\u0105, \u201e\u017dalgiris\u201c sve\u010diuose \u017eais su Garg\u017ed\u0173 \u201eBanga\u201c.<\/p>\n","protected":false},"excerpt":{"rendered":"<p>Po Tel\u0161iuose pasiektos pergal\u0117s \u201e\u017dalgirio\u201c treneris Vladimiras \u010ceburinas kalb\u0117jo apie atliktas korekcijos po pirmojo k\u0117linio, kurios vilnie\u010diams dav\u0117 rezultat\u0105 po pertraukos. \u201e\u017dalgiriui\u201c nepavyko pralau\u017eti \u201eD\u017eiugo\u201c\u2026<\/p>\n","protected":false},"author":4,"featured_media":0,"comment_status":"closed","ping_status":"closed","sticky":false,"template":"","format":"standard","meta":{"_acf_changed":false,"footnotes":""},"categories":[87],"class_list":["post-12302","post","type-post","status-publish","format-standard","hentry","category-zalgiris"],"acf":[],"yoast_head":"<!-- This site is optimized with the Yoast SEO plugin v26.8 - https:\/\/yoast.com\/product\/yoast-seo-wordpress\/ -->\n<title>V. \u010ceburinas: \u201eReikia daugiau u\u017etikrintumo\u201c - FK \u017dalgiris<\/title>\n<meta name=\"robots\" content=\"index, follow, max-snippet:-1, max-image-preview:large, max-video-preview:-1\" \/>\n<link rel=\"canonical\" href=\"https:\/\/fkzalgiris.lt\/v-ceburinas-reikia-daugiau-uztikrintumo\/\" \/>\n<meta property=\"og:locale\" content=\"lt_LT\" \/>\n<meta property=\"og:type\" content=\"article\" \/>\n<meta property=\"og:title\" content=\"V. \u010ceburinas: \u201eReikia daugiau u\u017etikrintumo\u201c - FK \u017dalgiris\" \/>\n<meta property=\"og:description\" content=\"Po Tel\u0161iuose pasiektos pergal\u0117s \u201e\u017dalgirio\u201c treneris Vladimiras \u010ceburinas kalb\u0117jo apie atliktas korekcijos po pirmojo k\u0117linio, kurios vilnie\u010diams dav\u0117 rezultat\u0105 po pertraukos. \u201e\u017dalgiriui\u201c nepavyko pralau\u017eti \u201eD\u017eiugo\u201c\u2026\" \/>\n<meta property=\"og:url\" content=\"https:\/\/fkzalgiris.lt\/v-ceburinas-reikia-daugiau-uztikrintumo\/\" \/>\n<meta property=\"og:site_name\" content=\"FK \u017dalgiris\" \/>\n<meta property=\"article:publisher\" content=\"https:\/\/www.facebook.com\/fkzalgiris\/\" \/>\n<meta property=\"article:published_time\" content=\"2023-04-24T07:41:06+00:00\" \/>\n<meta property=\"article:modified_time\" content=\"2023-04-24T07:55:03+00:00\" \/>\n<meta property=\"og:image\" content=\"https:\/\/fkzalgiris.lt\/wp-content\/uploads\/2024\/02\/social-horiz_Zalgiris_logo_2024.png\" \/>\n\t<meta property=\"og:image:width\" content=\"3356\" \/>\n\t<meta property=\"og:image:height\" content=\"2259\" \/>\n\t<meta property=\"og:image:type\" content=\"image\/png\" \/>\n<meta name=\"author\" content=\"J\" \/>\n<meta name=\"twitter:card\" content=\"summary_large_image\" \/>\n<meta name=\"twitter:creator\" content=\"@fkzalgiris\" \/>\n<meta name=\"twitter:site\" content=\"@fkzalgiris\" \/>\n<meta name=\"twitter:label1\" content=\"Written by\" \/>\n\t<meta name=\"twitter:data1\" content=\"J\" \/>\n\t<meta name=\"twitter:label2\" content=\"Est. reading time\" \/>\n\t<meta name=\"twitter:data2\" content=\"2 minut\u0117s\" \/>\n<script type=\"application\/ld+json\" class=\"yoast-schema-graph\">{\"@context\":\"https:\/\/schema.org\",\"@graph\":[{\"@type\":\"Article\",\"@id\":\"https:\/\/fkzalgiris.lt\/v-ceburinas-reikia-daugiau-uztikrintumo\/#article\",\"isPartOf\":{\"@id\":\"https:\/\/fkzalgiris.lt\/v-ceburinas-reikia-daugiau-uztikrintumo\/\"},\"author\":{\"name\":\"J\",\"@id\":\"https:\/\/fkzalgiris.lt\/#\/schema\/person\/8604babbba794a7d8767be324a3eaac8\"},\"headline\":\"V. \u010ceburinas: \u201eReikia daugiau u\u017etikrintumo\u201c\",\"datePublished\":\"2023-04-24T07:41:06+00:00\",\"dateModified\":\"2023-04-24T07:55:03+00:00\",\"mainEntityOfPage\":{\"@id\":\"https:\/\/fkzalgiris.lt\/v-ceburinas-reikia-daugiau-uztikrintumo\/\"},\"wordCount\":359,\"publisher\":{\"@id\":\"https:\/\/fkzalgiris.lt\/#organization\"},\"articleSection\":[\"\u017dalgiris\"],\"inLanguage\":\"lt-LT\"},{\"@type\":\"WebPage\",\"@id\":\"https:\/\/fkzalgiris.lt\/v-ceburinas-reikia-daugiau-uztikrintumo\/\",\"url\":\"https:\/\/fkzalgiris.lt\/v-ceburinas-reikia-daugiau-uztikrintumo\/\",\"name\":\"V. \u010ceburinas: \u201eReikia daugiau u\u017etikrintumo\u201c - FK \u017dalgiris\",\"isPartOf\":{\"@id\":\"https:\/\/fkzalgiris.lt\/#website\"},\"datePublished\":\"2023-04-24T07:41:06+00:00\",\"dateModified\":\"2023-04-24T07:55:03+00:00\",\"breadcrumb\":{\"@id\":\"https:\/\/fkzalgiris.lt\/v-ceburinas-reikia-daugiau-uztikrintumo\/#breadcrumb\"},\"inLanguage\":\"lt-LT\",\"potentialAction\":[{\"@type\":\"ReadAction\",\"target\":[\"https:\/\/fkzalgiris.lt\/v-ceburinas-reikia-daugiau-uztikrintumo\/\"]}]},{\"@type\":\"BreadcrumbList\",\"@id\":\"https:\/\/fkzalgiris.lt\/v-ceburinas-reikia-daugiau-uztikrintumo\/#breadcrumb\",\"itemListElement\":[{\"@type\":\"ListItem\",\"position\":1,\"name\":\"Home\",\"item\":\"https:\/\/fkzalgiris.lt\/\"},{\"@type\":\"ListItem\",\"position\":2,\"name\":\"V. \u010ceburinas: \u201eReikia daugiau u\u017etikrintumo\u201c\"}]},{\"@type\":\"WebSite\",\"@id\":\"https:\/\/fkzalgiris.lt\/#website\",\"url\":\"https:\/\/fkzalgiris.lt\/\",\"name\":\"FK \u017dalgiris\",\"description\":\"oficiali Vilniaus \u201e\u017dalgirio\u201c futbolo klubo svetain\u0117\",\"publisher\":{\"@id\":\"https:\/\/fkzalgiris.lt\/#organization\"},\"potentialAction\":[{\"@type\":\"SearchAction\",\"target\":{\"@type\":\"EntryPoint\",\"urlTemplate\":\"https:\/\/fkzalgiris.lt\/?s={search_term_string}\"},\"query-input\":{\"@type\":\"PropertyValueSpecification\",\"valueRequired\":true,\"valueName\":\"search_term_string\"}}],\"inLanguage\":\"lt-LT\"},{\"@type\":\"Organization\",\"@id\":\"https:\/\/fkzalgiris.lt\/#organization\",\"name\":\"FK \u017dalgiris\",\"url\":\"https:\/\/fkzalgiris.lt\/\",\"logo\":{\"@type\":\"ImageObject\",\"inLanguage\":\"lt-LT\",\"@id\":\"https:\/\/fkzalgiris.lt\/#\/schema\/logo\/image\/\",\"url\":\"https:\/\/fkzalgiris.lt\/wp-content\/uploads\/2024\/01\/horiz-FK-Zalgiris-logo-2015.png\",\"contentUrl\":\"https:\/\/fkzalgiris.lt\/wp-content\/uploads\/2024\/01\/horiz-FK-Zalgiris-logo-2015.png\",\"width\":3073,\"height\":2048,\"caption\":\"FK \u017dalgiris\"},\"image\":{\"@id\":\"https:\/\/fkzalgiris.lt\/#\/schema\/logo\/image\/\"},\"sameAs\":[\"https:\/\/www.facebook.com\/fkzalgiris\/\",\"https:\/\/x.com\/fkzalgiris\",\"https:\/\/www.instagram.com\/fkzalgiris\/\",\"https:\/\/www.youtube.com\/channel\/UC1ag8JLxGirltMUoLlzfZLA\"]},{\"@type\":\"Person\",\"@id\":\"https:\/\/fkzalgiris.lt\/#\/schema\/person\/8604babbba794a7d8767be324a3eaac8\",\"name\":\"J\"}]}<\/script>\n<!-- \/ Yoast SEO plugin. -->","yoast_head_json":{"title":"V. \u010ceburinas: \u201eReikia daugiau u\u017etikrintumo\u201c - FK \u017dalgiris","robots":{"index":"index","follow":"follow","max-snippet":"max-snippet:-1","max-image-preview":"max-image-preview:large","max-video-preview":"max-video-preview:-1"},"canonical":"https:\/\/fkzalgiris.lt\/v-ceburinas-reikia-daugiau-uztikrintumo\/","og_locale":"lt_LT","og_type":"article","og_title":"V. \u010ceburinas: \u201eReikia daugiau u\u017etikrintumo\u201c - FK \u017dalgiris","og_description":"Po Tel\u0161iuose pasiektos pergal\u0117s \u201e\u017dalgirio\u201c treneris Vladimiras \u010ceburinas kalb\u0117jo apie atliktas korekcijos po pirmojo k\u0117linio, kurios vilnie\u010diams dav\u0117 rezultat\u0105 po pertraukos. \u201e\u017dalgiriui\u201c nepavyko pralau\u017eti \u201eD\u017eiugo\u201c\u2026","og_url":"https:\/\/fkzalgiris.lt\/v-ceburinas-reikia-daugiau-uztikrintumo\/","og_site_name":"FK \u017dalgiris","article_publisher":"https:\/\/www.facebook.com\/fkzalgiris\/","article_published_time":"2023-04-24T07:41:06+00:00","article_modified_time":"2023-04-24T07:55:03+00:00","og_image":[{"width":3356,"height":2259,"url":"https:\/\/fkzalgiris.lt\/wp-content\/uploads\/2024\/02\/social-horiz_Zalgiris_logo_2024.png","type":"image\/png"}],"author":"J","twitter_card":"summary_large_image","twitter_creator":"@fkzalgiris","twitter_site":"@fkzalgiris","twitter_misc":{"Written by":"J","Est. reading time":"2 minut\u0117s"},"schema":{"@context":"https:\/\/schema.org","@graph":[{"@type":"Article","@id":"https:\/\/fkzalgiris.lt\/v-ceburinas-reikia-daugiau-uztikrintumo\/#article","isPartOf":{"@id":"https:\/\/fkzalgiris.lt\/v-ceburinas-reikia-daugiau-uztikrintumo\/"},"author":{"name":"J","@id":"https:\/\/fkzalgiris.lt\/#\/schema\/person\/8604babbba794a7d8767be324a3eaac8"},"headline":"V. \u010ceburinas: \u201eReikia daugiau u\u017etikrintumo\u201c","datePublished":"2023-04-24T07:41:06+00:00","dateModified":"2023-04-24T07:55:03+00:00","mainEntityOfPage":{"@id":"https:\/\/fkzalgiris.lt\/v-ceburinas-reikia-daugiau-uztikrintumo\/"},"wordCount":359,"publisher":{"@id":"https:\/\/fkzalgiris.lt\/#organization"},"articleSection":["\u017dalgiris"],"inLanguage":"lt-LT"},{"@type":"WebPage","@id":"https:\/\/fkzalgiris.lt\/v-ceburinas-reikia-daugiau-uztikrintumo\/","url":"https:\/\/fkzalgiris.lt\/v-ceburinas-reikia-daugiau-uztikrintumo\/","name":"V. \u010ceburinas: \u201eReikia daugiau u\u017etikrintumo\u201c - FK \u017dalgiris","isPartOf":{"@id":"https:\/\/fkzalgiris.lt\/#website"},"datePublished":"2023-04-24T07:41:06+00:00","dateModified":"2023-04-24T07:55:03+00:00","breadcrumb":{"@id":"https:\/\/fkzalgiris.lt\/v-ceburinas-reikia-daugiau-uztikrintumo\/#breadcrumb"},"inLanguage":"lt-LT","potentialAction":[{"@type":"ReadAction","target":["https:\/\/fkzalgiris.lt\/v-ceburinas-reikia-daugiau-uztikrintumo\/"]}]},{"@type":"BreadcrumbList","@id":"https:\/\/fkzalgiris.lt\/v-ceburinas-reikia-daugiau-uztikrintumo\/#breadcrumb","itemListElement":[{"@type":"ListItem","position":1,"name":"Home","item":"https:\/\/fkzalgiris.lt\/"},{"@type":"ListItem","position":2,"name":"V. \u010ceburinas: \u201eReikia daugiau u\u017etikrintumo\u201c"}]},{"@type":"WebSite","@id":"https:\/\/fkzalgiris.lt\/#website","url":"https:\/\/fkzalgiris.lt\/","name":"FK \u017dalgiris","description":"oficiali Vilniaus \u201e\u017dalgirio\u201c futbolo klubo svetain\u0117","publisher":{"@id":"https:\/\/fkzalgiris.lt\/#organization"},"potentialAction":[{"@type":"SearchAction","target":{"@type":"EntryPoint","urlTemplate":"https:\/\/fkzalgiris.lt\/?s={search_term_string}"},"query-input":{"@type":"PropertyValueSpecification","valueRequired":true,"valueName":"search_term_string"}}],"inLanguage":"lt-LT"},{"@type":"Organization","@id":"https:\/\/fkzalgiris.lt\/#organization","name":"FK \u017dalgiris","url":"https:\/\/fkzalgiris.lt\/","logo":{"@type":"ImageObject","inLanguage":"lt-LT","@id":"https:\/\/fkzalgiris.lt\/#\/schema\/logo\/image\/","url":"https:\/\/fkzalgiris.lt\/wp-content\/uploads\/2024\/01\/horiz-FK-Zalgiris-logo-2015.png","contentUrl":"https:\/\/fkzalgiris.lt\/wp-content\/uploads\/2024\/01\/horiz-FK-Zalgiris-logo-2015.png","width":3073,"height":2048,"caption":"FK \u017dalgiris"},"image":{"@id":"https:\/\/fkzalgiris.lt\/#\/schema\/logo\/image\/"},"sameAs":["https:\/\/www.facebook.com\/fkzalgiris\/","https:\/\/x.com\/fkzalgiris","https:\/\/www.instagram.com\/fkzalgiris\/","https:\/\/www.youtube.com\/channel\/UC1ag8JLxGirltMUoLlzfZLA"]},{"@type":"Person","@id":"https:\/\/fkzalgiris.lt\/#\/schema\/person\/8604babbba794a7d8767be324a3eaac8","name":"J"}]}},"_links":{"self":[{"href":"https:\/\/fkzalgiris.lt\/api\/wp\/v2\/posts\/12302","targetHints":{"allow":["GET"]}}],"collection":[{"href":"https:\/\/fkzalgiris.lt\/api\/wp\/v2\/posts"}],"about":[{"href":"https:\/\/fkzalgiris.lt\/api\/wp\/v2\/types\/post"}],"author":[{"embeddable":true,"href":"https:\/\/fkzalgiris.lt\/api\/wp\/v2\/users\/4"}],"replies":[{"embeddable":true,"href":"https:\/\/fkzalgiris.lt\/api\/wp\/v2\/comments?post=12302"}],"version-history":[{"count":4,"href":"https:\/\/fkzalgiris.lt\/api\/wp\/v2\/posts\/12302\/revisions"}],"predecessor-version":[{"id":12308,"href":"https:\/\/fkzalgiris.lt\/api\/wp\/v2\/posts\/12302\/revisions\/12308"}],"wp:attachment":[{"href":"https:\/\/fkzalgiris.lt\/api\/wp\/v2\/media?parent=12302"}],"wp:term":[{"taxonomy":"category","embeddable":true,"href":"https:\/\/fkzalgiris.lt\/api\/wp\/v2\/categories?post=12302"}],"curies":[{"name":"wp","href":"https:\/\/api.w.org\/{rel}","templated":true}]}}