{"id":12116,"date":"2023-03-31T15:05:40","date_gmt":"2023-03-31T12:05:40","guid":{"rendered":"https:\/\/fkzalgiris.lt\/?p=12116"},"modified":"2023-03-31T16:11:13","modified_gmt":"2023-03-31T13:11:13","slug":"c-komanda-prie-starto-linijos-ii-lygoje","status":"publish","type":"post","link":"https:\/\/fkzalgiris.lt\/c-komanda-prie-starto-linijos-ii-lygoje\/","title":{"rendered":"C komanda &#8211; prie starto linijos II lygoje"},"content":{"rendered":"<p>Rungtyn\u0117mis Vilniuje penktadien\u012f \u201e\u017dalgirio\u201c C komanda prad\u0117s ketvirt\u0105j\u012f savo sezon\u0105 tre\u010diajame pagal paj\u0117gum\u0105 \u0161alies divizione &#8211; II lygos pirmenyb\u0117se.<\/p>\n<p>\u201e\u017dalgirio\u201c strukt\u016broje esanti B komanda \u017eaid\u017eia antrajame divizione \u2013 \u201eOptibet Pirmoje lygoje\u201c, o C komanda rungtyniauja II lygoje.<\/p>\n<p>\u0160ioms komandoms atstovauja jaunieji \u201e\u017dalgirie\u010dio\u201c akademijos aukl\u0117tiniai. B ir C komandos glaud\u017eiai susijusios, dalinasi \u017eaid\u0117jais, tod\u0117l tarpsezonyje B komandoje \u012fvyk\u0119 \u017eenkl\u016bs pasikeitimai atsiliep\u0117 ir C komandai, kuri i\u0161 esm\u0117s atsinaujins.<\/p>\n<p>Pernai II lygoje \u017ealgirie\u010diai u\u017e\u0117m\u0117 \u0161e\u0161t\u0105 pozicij\u0105, ta\u010diau pagrindinis komandos tikslas \u2013 \u017eaid\u0117j\u0173 tobul\u0117jimas ir ruo\u0161imas profesional\u0173 futbolui.<\/p>\n<p>Did\u017eiausi\u0105 progres\u0105 \u201e\u017dalgirio\u201c strukt\u016broje parod\u0119 futbolininkai kyla laipteliais auk\u0161\u010diau. Toki\u0173 pavyzd\u017ei\u0173 \u2013 ne vienas. Pra\u0117jusio sezono pirm\u0105j\u012f pusmet\u012f C komandoje \u012fvar\u010dius mu\u0161\u0119s puol\u0117jas Romualdas Jansonas \u0161iemet jau treniruojasi ir \u017eaid\u017eia pagrindin\u0117je \u201e\u017dalgirio\u201c ekipoje, o saugas Dariu\u0161as Stankevi\u010dius, kuris pernai ir u\u017epernai nema\u017eai atstovavo ir B, ir C ekipoms, \u0161iemet pagal nuomos sutart\u012f atstovauja \u201eS\u016bduvai\u201c auk\u0161\u010diausiame divizione. Profesionalo sutartis su \u201e\u017dalgiriu\u201c \u0161iemet sudar\u0117 vartininkai Dovas Elzbergas, Joris Aliukonis.<\/p>\n<p>\u201ePasibaig\u0117 trij\u0173 met\u0173 ciklas, \u012f B ir C komandas at\u0117jo jaunesni \u017eaid\u0117jai, daugiausiai \u2013 gim\u0119 2006 metais, keli \u2013 metais vyresni. Tikim\u0117s, kad jie taip pat po truput\u012f progresuos, tobul\u0117s ir gal\u0117s siekti auk\u0161tum\u0173\u201c, &#8211; sak\u0117 komand\u0105 treniruojantis Dainius Grevi\u0161kis.<\/p>\n<p>Pasak jo, \u0161iemet C komandos branduol\u012f sudarys bus vyr\u0173 futbole patirties jau \u012fgij\u0119 D\u017eiugas Jeru\u0161evi\u010dius, Gabrielius Rap\u010dinskis, Faustas Mendelis, Tadas Adakauskas, Gabrielius Ma\u017eonas, Matas Motiej\u016bnas, Alexandras Homuthas, Nojus Markevi\u010dius ir kiti. Juos sezono eigoje papildys kiti \u017eaid\u0117jai i\u0161 B komandos, taip pat rungtyniaujantys jaunimo U-19 \u010dempionate ir jauni\u0173 elitin\u0117s U-18 lygos pirmenyb\u0117se.<\/p>\n<p>II lygoje \u0161\u012f sezon\u0105 \u017eais dviem komandomis ma\u017eiau nei pernai \u2013 16 ekip\u0173. Po pra\u0117jusio sezono pirmenyb\u0117se neliko auk\u0161\u010diau pakilusi\u0173 Vilniaus rajono \u201eTransINVEST\u201c ir \u201eKauno \u017dalgirio\u201c B. Su divizionu atsisveikino Utenos \u201eUtenis\u201c, FSK \u201eRadvili\u0161kis\u201c, Vilniaus FM \u201eAteitis\u201c ir \u201eJonava\u201c B.<\/p>\n<p>\u012e II lyg\u0105 i\u0161 auk\u0161tesn\u0117s gr\u012f\u017eo Ma\u017eeiki\u0173 \u201eAtmosfera\u201c ir Garg\u017ed\u0173 \u201eBanga\u201c B, o naujokais bus FK \u201eDembava\u201c ir FKS \u201eUkmerg\u0117\u201c.<\/p>\n<p>Pirmose rungtyn\u0117se \u201e\u017dalgiris\u201c C penktadien\u012f, kovo 31 d. 18 val. susitiks su \u201eDainava\u201c B. Nam\u0173 rungtynes C komanda, kaip ir anks\u010diau, \u017eais Senvag\u0117s gimnazijos stadione.<\/p>\n<p>II lygos pirmojo rato var\u017eybos vyks iki liepos 8 d.<\/p>\n","protected":false},"excerpt":{"rendered":"<p>Rungtyn\u0117mis Vilniuje penktadien\u012f \u201e\u017dalgirio\u201c C komanda prad\u0117s ketvirt\u0105j\u012f savo sezon\u0105 tre\u010diajame pagal paj\u0117gum\u0105 \u0161alies divizione &#8211; II lygos pirmenyb\u0117se. \u201e\u017dalgirio\u201c strukt\u016broje esanti B komanda \u017eaid\u017eia\u2026<\/p>\n","protected":false},"author":4,"featured_media":0,"comment_status":"closed","ping_status":"closed","sticky":false,"template":"","format":"standard","meta":{"_acf_changed":false,"footnotes":""},"categories":[113],"class_list":["post-12116","post","type-post","status-publish","format-standard","hentry","category-zalgiris-c"],"acf":[],"yoast_head":"<!-- This site is optimized with the Yoast SEO plugin v26.8 - https:\/\/yoast.com\/product\/yoast-seo-wordpress\/ -->\n<title>C komanda - prie starto linijos II lygoje - FK \u017dalgiris<\/title>\n<meta name=\"robots\" content=\"index, follow, max-snippet:-1, max-image-preview:large, max-video-preview:-1\" \/>\n<link rel=\"canonical\" href=\"https:\/\/fkzalgiris.lt\/c-komanda-prie-starto-linijos-ii-lygoje\/\" \/>\n<meta property=\"og:locale\" content=\"lt_LT\" \/>\n<meta property=\"og:type\" content=\"article\" \/>\n<meta property=\"og:title\" content=\"C komanda - prie starto linijos II lygoje - FK \u017dalgiris\" \/>\n<meta property=\"og:description\" content=\"Rungtyn\u0117mis Vilniuje penktadien\u012f \u201e\u017dalgirio\u201c C komanda prad\u0117s ketvirt\u0105j\u012f savo sezon\u0105 tre\u010diajame pagal paj\u0117gum\u0105 \u0161alies divizione &#8211; II lygos pirmenyb\u0117se. \u201e\u017dalgirio\u201c strukt\u016broje esanti B komanda \u017eaid\u017eia\u2026\" \/>\n<meta property=\"og:url\" content=\"https:\/\/fkzalgiris.lt\/c-komanda-prie-starto-linijos-ii-lygoje\/\" \/>\n<meta property=\"og:site_name\" content=\"FK \u017dalgiris\" \/>\n<meta property=\"article:publisher\" content=\"https:\/\/www.facebook.com\/fkzalgiris\/\" \/>\n<meta property=\"article:published_time\" content=\"2023-03-31T12:05:40+00:00\" \/>\n<meta property=\"article:modified_time\" content=\"2023-03-31T13:11:13+00:00\" \/>\n<meta property=\"og:image\" content=\"https:\/\/fkzalgiris.lt\/wp-content\/uploads\/2023\/03\/IMG_3898-scaled.jpg\" \/>\n\t<meta property=\"og:image:width\" content=\"2560\" \/>\n\t<meta property=\"og:image:height\" content=\"1707\" \/>\n\t<meta property=\"og:image:type\" content=\"image\/jpeg\" \/>\n<meta name=\"author\" content=\"J\" \/>\n<meta name=\"twitter:card\" content=\"summary_large_image\" \/>\n<meta name=\"twitter:creator\" content=\"@fkzalgiris\" \/>\n<meta name=\"twitter:site\" content=\"@fkzalgiris\" \/>\n<meta name=\"twitter:label1\" content=\"Written by\" \/>\n\t<meta name=\"twitter:data1\" content=\"J\" \/>\n\t<meta name=\"twitter:label2\" content=\"Est. reading time\" \/>\n\t<meta name=\"twitter:data2\" content=\"2 minut\u0117s\" \/>\n<script type=\"application\/ld+json\" class=\"yoast-schema-graph\">{\"@context\":\"https:\/\/schema.org\",\"@graph\":[{\"@type\":\"Article\",\"@id\":\"https:\/\/fkzalgiris.lt\/c-komanda-prie-starto-linijos-ii-lygoje\/#article\",\"isPartOf\":{\"@id\":\"https:\/\/fkzalgiris.lt\/c-komanda-prie-starto-linijos-ii-lygoje\/\"},\"author\":{\"name\":\"J\",\"@id\":\"https:\/\/fkzalgiris.lt\/#\/schema\/person\/8604babbba794a7d8767be324a3eaac8\"},\"headline\":\"C komanda &#8211; prie starto linijos II lygoje\",\"datePublished\":\"2023-03-31T12:05:40+00:00\",\"dateModified\":\"2023-03-31T13:11:13+00:00\",\"mainEntityOfPage\":{\"@id\":\"https:\/\/fkzalgiris.lt\/c-komanda-prie-starto-linijos-ii-lygoje\/\"},\"wordCount\":403,\"publisher\":{\"@id\":\"https:\/\/fkzalgiris.lt\/#organization\"},\"articleSection\":[\"\u017dalgiris C\"],\"inLanguage\":\"lt-LT\"},{\"@type\":\"WebPage\",\"@id\":\"https:\/\/fkzalgiris.lt\/c-komanda-prie-starto-linijos-ii-lygoje\/\",\"url\":\"https:\/\/fkzalgiris.lt\/c-komanda-prie-starto-linijos-ii-lygoje\/\",\"name\":\"C komanda - prie starto linijos II lygoje - FK \u017dalgiris\",\"isPartOf\":{\"@id\":\"https:\/\/fkzalgiris.lt\/#website\"},\"datePublished\":\"2023-03-31T12:05:40+00:00\",\"dateModified\":\"2023-03-31T13:11:13+00:00\",\"breadcrumb\":{\"@id\":\"https:\/\/fkzalgiris.lt\/c-komanda-prie-starto-linijos-ii-lygoje\/#breadcrumb\"},\"inLanguage\":\"lt-LT\",\"potentialAction\":[{\"@type\":\"ReadAction\",\"target\":[\"https:\/\/fkzalgiris.lt\/c-komanda-prie-starto-linijos-ii-lygoje\/\"]}]},{\"@type\":\"BreadcrumbList\",\"@id\":\"https:\/\/fkzalgiris.lt\/c-komanda-prie-starto-linijos-ii-lygoje\/#breadcrumb\",\"itemListElement\":[{\"@type\":\"ListItem\",\"position\":1,\"name\":\"Home\",\"item\":\"https:\/\/fkzalgiris.lt\/\"},{\"@type\":\"ListItem\",\"position\":2,\"name\":\"C komanda &#8211; prie starto linijos II lygoje\"}]},{\"@type\":\"WebSite\",\"@id\":\"https:\/\/fkzalgiris.lt\/#website\",\"url\":\"https:\/\/fkzalgiris.lt\/\",\"name\":\"FK \u017dalgiris\",\"description\":\"oficiali Vilniaus \u201e\u017dalgirio\u201c futbolo klubo svetain\u0117\",\"publisher\":{\"@id\":\"https:\/\/fkzalgiris.lt\/#organization\"},\"potentialAction\":[{\"@type\":\"SearchAction\",\"target\":{\"@type\":\"EntryPoint\",\"urlTemplate\":\"https:\/\/fkzalgiris.lt\/?s={search_term_string}\"},\"query-input\":{\"@type\":\"PropertyValueSpecification\",\"valueRequired\":true,\"valueName\":\"search_term_string\"}}],\"inLanguage\":\"lt-LT\"},{\"@type\":\"Organization\",\"@id\":\"https:\/\/fkzalgiris.lt\/#organization\",\"name\":\"FK \u017dalgiris\",\"url\":\"https:\/\/fkzalgiris.lt\/\",\"logo\":{\"@type\":\"ImageObject\",\"inLanguage\":\"lt-LT\",\"@id\":\"https:\/\/fkzalgiris.lt\/#\/schema\/logo\/image\/\",\"url\":\"https:\/\/fkzalgiris.lt\/wp-content\/uploads\/2024\/01\/horiz-FK-Zalgiris-logo-2015.png\",\"contentUrl\":\"https:\/\/fkzalgiris.lt\/wp-content\/uploads\/2024\/01\/horiz-FK-Zalgiris-logo-2015.png\",\"width\":3073,\"height\":2048,\"caption\":\"FK \u017dalgiris\"},\"image\":{\"@id\":\"https:\/\/fkzalgiris.lt\/#\/schema\/logo\/image\/\"},\"sameAs\":[\"https:\/\/www.facebook.com\/fkzalgiris\/\",\"https:\/\/x.com\/fkzalgiris\",\"https:\/\/www.instagram.com\/fkzalgiris\/\",\"https:\/\/www.youtube.com\/channel\/UC1ag8JLxGirltMUoLlzfZLA\"]},{\"@type\":\"Person\",\"@id\":\"https:\/\/fkzalgiris.lt\/#\/schema\/person\/8604babbba794a7d8767be324a3eaac8\",\"name\":\"J\"}]}<\/script>\n<!-- \/ Yoast SEO plugin. -->","yoast_head_json":{"title":"C komanda - prie starto linijos II lygoje - FK \u017dalgiris","robots":{"index":"index","follow":"follow","max-snippet":"max-snippet:-1","max-image-preview":"max-image-preview:large","max-video-preview":"max-video-preview:-1"},"canonical":"https:\/\/fkzalgiris.lt\/c-komanda-prie-starto-linijos-ii-lygoje\/","og_locale":"lt_LT","og_type":"article","og_title":"C komanda - prie starto linijos II lygoje - FK \u017dalgiris","og_description":"Rungtyn\u0117mis Vilniuje penktadien\u012f \u201e\u017dalgirio\u201c C komanda prad\u0117s ketvirt\u0105j\u012f savo sezon\u0105 tre\u010diajame pagal paj\u0117gum\u0105 \u0161alies divizione &#8211; II lygos pirmenyb\u0117se. \u201e\u017dalgirio\u201c strukt\u016broje esanti B komanda \u017eaid\u017eia\u2026","og_url":"https:\/\/fkzalgiris.lt\/c-komanda-prie-starto-linijos-ii-lygoje\/","og_site_name":"FK \u017dalgiris","article_publisher":"https:\/\/www.facebook.com\/fkzalgiris\/","article_published_time":"2023-03-31T12:05:40+00:00","article_modified_time":"2023-03-31T13:11:13+00:00","og_image":[{"width":2560,"height":1707,"url":"https:\/\/fkzalgiris.lt\/wp-content\/uploads\/2023\/03\/IMG_3898-scaled.jpg","type":"image\/jpeg"}],"author":"J","twitter_card":"summary_large_image","twitter_creator":"@fkzalgiris","twitter_site":"@fkzalgiris","twitter_misc":{"Written by":"J","Est. reading time":"2 minut\u0117s"},"schema":{"@context":"https:\/\/schema.org","@graph":[{"@type":"Article","@id":"https:\/\/fkzalgiris.lt\/c-komanda-prie-starto-linijos-ii-lygoje\/#article","isPartOf":{"@id":"https:\/\/fkzalgiris.lt\/c-komanda-prie-starto-linijos-ii-lygoje\/"},"author":{"name":"J","@id":"https:\/\/fkzalgiris.lt\/#\/schema\/person\/8604babbba794a7d8767be324a3eaac8"},"headline":"C komanda &#8211; prie starto linijos II lygoje","datePublished":"2023-03-31T12:05:40+00:00","dateModified":"2023-03-31T13:11:13+00:00","mainEntityOfPage":{"@id":"https:\/\/fkzalgiris.lt\/c-komanda-prie-starto-linijos-ii-lygoje\/"},"wordCount":403,"publisher":{"@id":"https:\/\/fkzalgiris.lt\/#organization"},"articleSection":["\u017dalgiris C"],"inLanguage":"lt-LT"},{"@type":"WebPage","@id":"https:\/\/fkzalgiris.lt\/c-komanda-prie-starto-linijos-ii-lygoje\/","url":"https:\/\/fkzalgiris.lt\/c-komanda-prie-starto-linijos-ii-lygoje\/","name":"C komanda - prie starto linijos II lygoje - FK \u017dalgiris","isPartOf":{"@id":"https:\/\/fkzalgiris.lt\/#website"},"datePublished":"2023-03-31T12:05:40+00:00","dateModified":"2023-03-31T13:11:13+00:00","breadcrumb":{"@id":"https:\/\/fkzalgiris.lt\/c-komanda-prie-starto-linijos-ii-lygoje\/#breadcrumb"},"inLanguage":"lt-LT","potentialAction":[{"@type":"ReadAction","target":["https:\/\/fkzalgiris.lt\/c-komanda-prie-starto-linijos-ii-lygoje\/"]}]},{"@type":"BreadcrumbList","@id":"https:\/\/fkzalgiris.lt\/c-komanda-prie-starto-linijos-ii-lygoje\/#breadcrumb","itemListElement":[{"@type":"ListItem","position":1,"name":"Home","item":"https:\/\/fkzalgiris.lt\/"},{"@type":"ListItem","position":2,"name":"C komanda &#8211; prie starto linijos II lygoje"}]},{"@type":"WebSite","@id":"https:\/\/fkzalgiris.lt\/#website","url":"https:\/\/fkzalgiris.lt\/","name":"FK \u017dalgiris","description":"oficiali Vilniaus \u201e\u017dalgirio\u201c futbolo klubo svetain\u0117","publisher":{"@id":"https:\/\/fkzalgiris.lt\/#organization"},"potentialAction":[{"@type":"SearchAction","target":{"@type":"EntryPoint","urlTemplate":"https:\/\/fkzalgiris.lt\/?s={search_term_string}"},"query-input":{"@type":"PropertyValueSpecification","valueRequired":true,"valueName":"search_term_string"}}],"inLanguage":"lt-LT"},{"@type":"Organization","@id":"https:\/\/fkzalgiris.lt\/#organization","name":"FK \u017dalgiris","url":"https:\/\/fkzalgiris.lt\/","logo":{"@type":"ImageObject","inLanguage":"lt-LT","@id":"https:\/\/fkzalgiris.lt\/#\/schema\/logo\/image\/","url":"https:\/\/fkzalgiris.lt\/wp-content\/uploads\/2024\/01\/horiz-FK-Zalgiris-logo-2015.png","contentUrl":"https:\/\/fkzalgiris.lt\/wp-content\/uploads\/2024\/01\/horiz-FK-Zalgiris-logo-2015.png","width":3073,"height":2048,"caption":"FK \u017dalgiris"},"image":{"@id":"https:\/\/fkzalgiris.lt\/#\/schema\/logo\/image\/"},"sameAs":["https:\/\/www.facebook.com\/fkzalgiris\/","https:\/\/x.com\/fkzalgiris","https:\/\/www.instagram.com\/fkzalgiris\/","https:\/\/www.youtube.com\/channel\/UC1ag8JLxGirltMUoLlzfZLA"]},{"@type":"Person","@id":"https:\/\/fkzalgiris.lt\/#\/schema\/person\/8604babbba794a7d8767be324a3eaac8","name":"J"}]}},"_links":{"self":[{"href":"https:\/\/fkzalgiris.lt\/api\/wp\/v2\/posts\/12116","targetHints":{"allow":["GET"]}}],"collection":[{"href":"https:\/\/fkzalgiris.lt\/api\/wp\/v2\/posts"}],"about":[{"href":"https:\/\/fkzalgiris.lt\/api\/wp\/v2\/types\/post"}],"author":[{"embeddable":true,"href":"https:\/\/fkzalgiris.lt\/api\/wp\/v2\/users\/4"}],"replies":[{"embeddable":true,"href":"https:\/\/fkzalgiris.lt\/api\/wp\/v2\/comments?post=12116"}],"version-history":[{"count":5,"href":"https:\/\/fkzalgiris.lt\/api\/wp\/v2\/posts\/12116\/revisions"}],"predecessor-version":[{"id":12122,"href":"https:\/\/fkzalgiris.lt\/api\/wp\/v2\/posts\/12116\/revisions\/12122"}],"wp:attachment":[{"href":"https:\/\/fkzalgiris.lt\/api\/wp\/v2\/media?parent=12116"}],"wp:term":[{"taxonomy":"category","embeddable":true,"href":"https:\/\/fkzalgiris.lt\/api\/wp\/v2\/categories?post=12116"}],"curies":[{"name":"wp","href":"https:\/\/api.w.org\/{rel}","templated":true}]}}