{"id":11996,"date":"2023-03-16T12:57:42","date_gmt":"2023-03-16T10:57:42","guid":{"rendered":"https:\/\/fkzalgiris.lt\/?p=11996"},"modified":"2023-03-16T12:58:17","modified_gmt":"2023-03-16T10:58:17","slug":"i-europa-pirma-karta-zaisti-atvykes-l-vaca-esu-labai-motyvuotas","status":"publish","type":"post","link":"https:\/\/fkzalgiris.lt\/i-europa-pirma-karta-zaisti-atvykes-l-vaca-esu-labai-motyvuotas\/","title":{"rendered":"\u012e Europ\u0105 pirm\u0105 kart\u0105 \u017eaisti atvyk\u0119s L. Vaca: \u201eEsu labai motyvuotas\u201c"},"content":{"rendered":"<p>I\u0161 devyni\u0173 tarpsezonyje \u201e\u017dalgir\u012f\u201c papild\u017eiusi\u0173 naujok\u0173 komandos aistruoliai kol kas ma\u017eiausiai mat\u0117 Leonardo Vaca \u2013 saugas i\u0161 Bolivijos tik antradien\u012f su\u017eaid\u0117 savo pirm\u0105sias minutes Lietuvos \u010dempion\u0173 gretose.<\/p>\n<p>L. Vaca buvo vienas i\u0161 v\u0117liausiai \u012f Vilni\u0173 atvykusi\u0173 naujok\u0173 \u2013 prie \u201e\u017dalgirio\u201c treniruo\u010di\u0173 prisijung\u0117 vasario antroje pus\u0117je ir kontrolin\u0117se rungtyn\u0117se nedalyvavo.<\/p>\n<p>27 met\u0173 futbolininko be sportini\u0173 i\u0161\u0161\u016bki\u0173 taip pat lauk\u0117 ir gyvenimi\u0161ki \u2013 tiek kalbos barjeras, tiek apskritai susipa\u017einimas su futbolu ir gyvenimu kitame \u017eemyne.<\/p>\n<p>Per savo karjer\u0105 saugas yra \u017eaid\u0119s tik gimtin\u0117je &#8211; \u00a0Bolivijos komandose \u201eBlooming\u201c, \u201eBolivar\u201c, \u201eClub Aurora\u201c, \u201eSport Boys\u201c.<\/p>\n<p>Pasak L. Vaca, jis jau kur\u012f laik\u0105 tur\u0117jo tiksl\u0105 i\u0161bandyti j\u0117gas Europoje ir atsiradus tokiai galimybei sudomino \u201e\u017dalgirio\u201c pasi\u016blymas.<\/p>\n<p><img loading=\"lazy\" decoding=\"async\" class=\"alignnone wp-image-11998\" src=\"https:\/\/fkzalgiris.lt\/wp-content\/uploads\/2023\/03\/BN5U5165-11-1024x683.jpg\" alt=\"\" width=\"650\" height=\"433\" srcset=\"https:\/\/fkzalgiris.lt\/wp-content\/uploads\/2023\/03\/BN5U5165-11-1024x683.jpg 1024w, https:\/\/fkzalgiris.lt\/wp-content\/uploads\/2023\/03\/BN5U5165-11-300x200.jpg 300w, https:\/\/fkzalgiris.lt\/wp-content\/uploads\/2023\/03\/BN5U5165-11-768x512.jpg 768w, https:\/\/fkzalgiris.lt\/wp-content\/uploads\/2023\/03\/BN5U5165-11-1536x1024.jpg 1536w, https:\/\/fkzalgiris.lt\/wp-content\/uploads\/2023\/03\/BN5U5165-11-150x100.jpg 150w, https:\/\/fkzalgiris.lt\/wp-content\/uploads\/2023\/03\/BN5U5165-11-840x560.jpg 840w, https:\/\/fkzalgiris.lt\/wp-content\/uploads\/2023\/03\/BN5U5165-11-570x380.jpg 570w, https:\/\/fkzalgiris.lt\/wp-content\/uploads\/2023\/03\/BN5U5165-11-30x20.jpg 30w, https:\/\/fkzalgiris.lt\/wp-content\/uploads\/2023\/03\/BN5U5165-11.jpg 2048w\" sizes=\"auto, (max-width: 650px) 100vw, 650px\" \/><\/p>\n<p>\u201eGavau skambut\u012f, kad yra galimyb\u0117 pereiti \u012f \u201e\u017dalgir\u012f\u201c. Prad\u0117jau dom\u0117tis klubu ir man labai patiko tai. kur eina klubas. Padar\u0117 \u012fsp\u016bd\u012f turimi \u017eaid\u0117jai ir klubo pasiekimai. Pasakiau, kad noriu \u017eaisti Europoje ir tokio \u0161anso nepraleisti, &#8211; kalb\u0117jo L. Vaca \u2013 D\u017eiaugiuosi, jog esu \u010dia, turiu \u0161\u012f nauj\u0105 puik\u0173 i\u0161\u0161\u016bk\u012f. Tikiu, jog su \u201e\u017dalgiriu\u201c galiu pasiekti dideli\u0173 dalyk\u0173. Esu labai motyvuotas, nes esu pirm\u0105 kart\u0105 Europoje. Pirm\u0105 kart\u0105 gal\u0117siu i\u0161bandyti save Europos taur\u0117se. Tai motyvuoja stengtis ir dirbti su dideliu entuziazmu, kiekvienose rungtyn\u0117se atiduoti visk\u0105 aik\u0161t\u0117je d\u0117l klubo.\u201c<\/p>\n<p>Antradienio rungtyn\u0117se prie\u0161 \u201eKauno \u017dalgir\u012f\u201c L. Vaca netur\u0117jo daug laiko parodyti savo sugeb\u0117jimus &#8211; jis aik\u0161t\u0117je pasirod\u0117 87-\u0105j\u0105 minut\u0119.<\/p>\n<p>\u201e\u017daid\u017eiu kra\u0161to saugo arba puol\u0117jo pozicijose. Esu greitas ir techni\u0161kas \u017eaid\u0117jas, stiprus. M\u0117gstu atlikti rezultatyvius perdavimus komandos draugams ir \u012fmu\u0161ti pats\u201c, &#8211; trumpai apib\u016bdino save \u017eaid\u0117jas.<\/p>\n<p>Gimtin\u0117je jis \u2013 gerai \u017einomas futbolininkas, nes yra atstovav\u0119s nacionalinei rinktinei. Su Bolivijos komanda jis \u017eaid\u0117 Piet\u0173 Amerikos rinktini\u0173 \u010dempionate \u2013 \u201eCopa America\u201c turnyre, kur rungtyniauja ir ry\u0161kiausios pasaulio \u017evaig\u017ed\u0117s, tokios kaip Leo Messi ar Neymaras.<\/p>\n<p>2019 met\u0173 turnyro atidarymo rungtyn\u0117se bolivie\u010diai San Paule \u017eaid\u0117 prie\u0161 \u0161eimininkus ir b\u016bsimus laim\u0117tojus brazilus, v\u0117liau \u012f final\u0105 patekusi\u0105 Peru komand\u0105 bei Venesuel\u0105.<\/p>\n<p><iframe loading=\"lazy\" src=\"https:\/\/www.facebook.com\/plugins\/post.php?href=https%3A%2F%2Fwww.facebook.com%2FCopaAmerica%2Fphotos%2Fa.720436488315572%2F1218377328521483%2F%3Ftype%3D3&#038;show_text=false&#038;width=500\" width=\"500\" height=\"498\" style=\"border:none;overflow:hidden\" scrolling=\"no\" frameborder=\"0\" allowfullscreen=\"true\" allow=\"autoplay; clipboard-write; encrypted-media; picture-in-picture; web-share\"><\/iframe><\/p>\n<p>\u201eTai buvo nuostabi patirtis, auk\u0161\u010diausio lygio \u017eaid\u0117jai. Rungtyn\u0117s prie\u0161 \u0161ias rinktines buvo didelio intensyvumo. Tai motyvuoja stengtis tobul\u0117ti kiekvien\u0105 dien\u0105. Turi stengtis dar labiau\u201c, &#8211; sak\u0117 L. Vaca.<\/p>\n<p>Lietuvoje jam tenka ne tik \u012frodin\u0117ti savo sugeb\u0117jimus treniruot\u0117se, bet ir pratintis prie \u017eiemos bei gausaus sniego. Toks oras n\u0117ra da\u017enas ir auk\u0161tikaln\u0117se \u012fsik\u016brusioje Bolivijos sostin\u0117je La Paze, o L. Vaca kil\u0119s i\u0161 Santa Cruzo miesto, kur vyrauja tropinis klimatas ir kar\u0161ta visus metus.<\/p>\n<p>\u201eVilnius didelis, gra\u017eus miestas. \u010cia sniegas, tikrai \u0161alta, kitaip nei Bolivijoje. Bolivijoje kitoks klimatas, ten kar\u0161ta. Ta\u010diau \u010dia gra\u017eu, tikiuosi daugiau su\u017einoti apie Vilni\u0173, apie Lietuv\u0105, apie savo komand\u0105 ir \u017eaid\u0117jus\u201c, &#8211; kalb\u0117jo L. Vaca.<\/p>\n<p>Sekmadien\u012f jis kartu su komandos draugais \u017eais sostin\u0117s derbyje prie\u0161 \u201eRiteri\u0173\u201c ekip\u0105. Dvikova vyks \u201eSportimos\u201c arenoje nuo 17 val. 55 min. Bilietus \u012f rungtynes platina \u201eBilietai.lt\u201c.<\/p>\n","protected":false},"excerpt":{"rendered":"<p>I\u0161 devyni\u0173 tarpsezonyje \u201e\u017dalgir\u012f\u201c papild\u017eiusi\u0173 naujok\u0173 komandos aistruoliai kol kas ma\u017eiausiai mat\u0117 Leonardo Vaca \u2013 saugas i\u0161 Bolivijos tik antradien\u012f su\u017eaid\u0117 savo pirm\u0105sias minutes Lietuvos\u2026<\/p>\n","protected":false},"author":4,"featured_media":0,"comment_status":"closed","ping_status":"closed","sticky":false,"template":"","format":"standard","meta":{"_acf_changed":false,"footnotes":""},"categories":[87],"class_list":["post-11996","post","type-post","status-publish","format-standard","hentry","category-zalgiris"],"acf":[],"yoast_head":"<!-- This site is optimized with the Yoast SEO plugin v26.8 - https:\/\/yoast.com\/product\/yoast-seo-wordpress\/ -->\n<title>\u012e Europ\u0105 pirm\u0105 kart\u0105 \u017eaisti atvyk\u0119s L. Vaca: \u201eEsu labai motyvuotas\u201c - FK \u017dalgiris<\/title>\n<meta name=\"robots\" content=\"index, follow, max-snippet:-1, max-image-preview:large, max-video-preview:-1\" \/>\n<link rel=\"canonical\" href=\"https:\/\/fkzalgiris.lt\/i-europa-pirma-karta-zaisti-atvykes-l-vaca-esu-labai-motyvuotas\/\" \/>\n<meta property=\"og:locale\" content=\"lt_LT\" \/>\n<meta property=\"og:type\" content=\"article\" \/>\n<meta property=\"og:title\" content=\"\u012e Europ\u0105 pirm\u0105 kart\u0105 \u017eaisti atvyk\u0119s L. Vaca: \u201eEsu labai motyvuotas\u201c - FK \u017dalgiris\" \/>\n<meta property=\"og:description\" content=\"I\u0161 devyni\u0173 tarpsezonyje \u201e\u017dalgir\u012f\u201c papild\u017eiusi\u0173 naujok\u0173 komandos aistruoliai kol kas ma\u017eiausiai mat\u0117 Leonardo Vaca \u2013 saugas i\u0161 Bolivijos tik antradien\u012f su\u017eaid\u0117 savo pirm\u0105sias minutes Lietuvos\u2026\" \/>\n<meta property=\"og:url\" content=\"https:\/\/fkzalgiris.lt\/i-europa-pirma-karta-zaisti-atvykes-l-vaca-esu-labai-motyvuotas\/\" \/>\n<meta property=\"og:site_name\" content=\"FK \u017dalgiris\" \/>\n<meta property=\"article:publisher\" content=\"https:\/\/www.facebook.com\/fkzalgiris\/\" \/>\n<meta property=\"article:published_time\" content=\"2023-03-16T10:57:42+00:00\" \/>\n<meta property=\"article:modified_time\" content=\"2023-03-16T10:58:17+00:00\" \/>\n<meta property=\"og:image\" content=\"https:\/\/fkzalgiris.lt\/wp-content\/uploads\/2023\/03\/BN5U5165-11-1024x683.jpg\" \/>\n<meta name=\"author\" content=\"J\" \/>\n<meta name=\"twitter:card\" content=\"summary_large_image\" \/>\n<meta name=\"twitter:creator\" content=\"@fkzalgiris\" \/>\n<meta name=\"twitter:site\" content=\"@fkzalgiris\" \/>\n<meta name=\"twitter:label1\" content=\"Written by\" \/>\n\t<meta name=\"twitter:data1\" content=\"J\" \/>\n\t<meta name=\"twitter:label2\" content=\"Est. reading time\" \/>\n\t<meta name=\"twitter:data2\" content=\"3 minut\u0117s\" \/>\n<script type=\"application\/ld+json\" class=\"yoast-schema-graph\">{\"@context\":\"https:\/\/schema.org\",\"@graph\":[{\"@type\":\"Article\",\"@id\":\"https:\/\/fkzalgiris.lt\/i-europa-pirma-karta-zaisti-atvykes-l-vaca-esu-labai-motyvuotas\/#article\",\"isPartOf\":{\"@id\":\"https:\/\/fkzalgiris.lt\/i-europa-pirma-karta-zaisti-atvykes-l-vaca-esu-labai-motyvuotas\/\"},\"author\":{\"name\":\"J\",\"@id\":\"https:\/\/fkzalgiris.lt\/#\/schema\/person\/8604babbba794a7d8767be324a3eaac8\"},\"headline\":\"\u012e Europ\u0105 pirm\u0105 kart\u0105 \u017eaisti atvyk\u0119s L. Vaca: \u201eEsu labai motyvuotas\u201c\",\"datePublished\":\"2023-03-16T10:57:42+00:00\",\"dateModified\":\"2023-03-16T10:58:17+00:00\",\"mainEntityOfPage\":{\"@id\":\"https:\/\/fkzalgiris.lt\/i-europa-pirma-karta-zaisti-atvykes-l-vaca-esu-labai-motyvuotas\/\"},\"wordCount\":510,\"publisher\":{\"@id\":\"https:\/\/fkzalgiris.lt\/#organization\"},\"image\":{\"@id\":\"https:\/\/fkzalgiris.lt\/i-europa-pirma-karta-zaisti-atvykes-l-vaca-esu-labai-motyvuotas\/#primaryimage\"},\"thumbnailUrl\":\"https:\/\/fkzalgiris.lt\/wp-content\/uploads\/2023\/03\/BN5U5165-11-1024x683.jpg\",\"articleSection\":[\"\u017dalgiris\"],\"inLanguage\":\"lt-LT\"},{\"@type\":\"WebPage\",\"@id\":\"https:\/\/fkzalgiris.lt\/i-europa-pirma-karta-zaisti-atvykes-l-vaca-esu-labai-motyvuotas\/\",\"url\":\"https:\/\/fkzalgiris.lt\/i-europa-pirma-karta-zaisti-atvykes-l-vaca-esu-labai-motyvuotas\/\",\"name\":\"\u012e Europ\u0105 pirm\u0105 kart\u0105 \u017eaisti atvyk\u0119s L. Vaca: \u201eEsu labai motyvuotas\u201c - FK \u017dalgiris\",\"isPartOf\":{\"@id\":\"https:\/\/fkzalgiris.lt\/#website\"},\"primaryImageOfPage\":{\"@id\":\"https:\/\/fkzalgiris.lt\/i-europa-pirma-karta-zaisti-atvykes-l-vaca-esu-labai-motyvuotas\/#primaryimage\"},\"image\":{\"@id\":\"https:\/\/fkzalgiris.lt\/i-europa-pirma-karta-zaisti-atvykes-l-vaca-esu-labai-motyvuotas\/#primaryimage\"},\"thumbnailUrl\":\"https:\/\/fkzalgiris.lt\/wp-content\/uploads\/2023\/03\/BN5U5165-11-1024x683.jpg\",\"datePublished\":\"2023-03-16T10:57:42+00:00\",\"dateModified\":\"2023-03-16T10:58:17+00:00\",\"breadcrumb\":{\"@id\":\"https:\/\/fkzalgiris.lt\/i-europa-pirma-karta-zaisti-atvykes-l-vaca-esu-labai-motyvuotas\/#breadcrumb\"},\"inLanguage\":\"lt-LT\",\"potentialAction\":[{\"@type\":\"ReadAction\",\"target\":[\"https:\/\/fkzalgiris.lt\/i-europa-pirma-karta-zaisti-atvykes-l-vaca-esu-labai-motyvuotas\/\"]}]},{\"@type\":\"ImageObject\",\"inLanguage\":\"lt-LT\",\"@id\":\"https:\/\/fkzalgiris.lt\/i-europa-pirma-karta-zaisti-atvykes-l-vaca-esu-labai-motyvuotas\/#primaryimage\",\"url\":\"https:\/\/fkzalgiris.lt\/wp-content\/uploads\/2023\/03\/BN5U5165-11.jpg\",\"contentUrl\":\"https:\/\/fkzalgiris.lt\/wp-content\/uploads\/2023\/03\/BN5U5165-11.jpg\",\"width\":2048,\"height\":1365},{\"@type\":\"BreadcrumbList\",\"@id\":\"https:\/\/fkzalgiris.lt\/i-europa-pirma-karta-zaisti-atvykes-l-vaca-esu-labai-motyvuotas\/#breadcrumb\",\"itemListElement\":[{\"@type\":\"ListItem\",\"position\":1,\"name\":\"Home\",\"item\":\"https:\/\/fkzalgiris.lt\/\"},{\"@type\":\"ListItem\",\"position\":2,\"name\":\"\u012e Europ\u0105 pirm\u0105 kart\u0105 \u017eaisti atvyk\u0119s L. Vaca: \u201eEsu labai motyvuotas\u201c\"}]},{\"@type\":\"WebSite\",\"@id\":\"https:\/\/fkzalgiris.lt\/#website\",\"url\":\"https:\/\/fkzalgiris.lt\/\",\"name\":\"FK \u017dalgiris\",\"description\":\"oficiali Vilniaus \u201e\u017dalgirio\u201c futbolo klubo svetain\u0117\",\"publisher\":{\"@id\":\"https:\/\/fkzalgiris.lt\/#organization\"},\"potentialAction\":[{\"@type\":\"SearchAction\",\"target\":{\"@type\":\"EntryPoint\",\"urlTemplate\":\"https:\/\/fkzalgiris.lt\/?s={search_term_string}\"},\"query-input\":{\"@type\":\"PropertyValueSpecification\",\"valueRequired\":true,\"valueName\":\"search_term_string\"}}],\"inLanguage\":\"lt-LT\"},{\"@type\":\"Organization\",\"@id\":\"https:\/\/fkzalgiris.lt\/#organization\",\"name\":\"FK \u017dalgiris\",\"url\":\"https:\/\/fkzalgiris.lt\/\",\"logo\":{\"@type\":\"ImageObject\",\"inLanguage\":\"lt-LT\",\"@id\":\"https:\/\/fkzalgiris.lt\/#\/schema\/logo\/image\/\",\"url\":\"https:\/\/fkzalgiris.lt\/wp-content\/uploads\/2024\/01\/horiz-FK-Zalgiris-logo-2015.png\",\"contentUrl\":\"https:\/\/fkzalgiris.lt\/wp-content\/uploads\/2024\/01\/horiz-FK-Zalgiris-logo-2015.png\",\"width\":3073,\"height\":2048,\"caption\":\"FK \u017dalgiris\"},\"image\":{\"@id\":\"https:\/\/fkzalgiris.lt\/#\/schema\/logo\/image\/\"},\"sameAs\":[\"https:\/\/www.facebook.com\/fkzalgiris\/\",\"https:\/\/x.com\/fkzalgiris\",\"https:\/\/www.instagram.com\/fkzalgiris\/\",\"https:\/\/www.youtube.com\/channel\/UC1ag8JLxGirltMUoLlzfZLA\"]},{\"@type\":\"Person\",\"@id\":\"https:\/\/fkzalgiris.lt\/#\/schema\/person\/8604babbba794a7d8767be324a3eaac8\",\"name\":\"J\"}]}<\/script>\n<!-- \/ Yoast SEO plugin. -->","yoast_head_json":{"title":"\u012e Europ\u0105 pirm\u0105 kart\u0105 \u017eaisti atvyk\u0119s L. Vaca: \u201eEsu labai motyvuotas\u201c - FK \u017dalgiris","robots":{"index":"index","follow":"follow","max-snippet":"max-snippet:-1","max-image-preview":"max-image-preview:large","max-video-preview":"max-video-preview:-1"},"canonical":"https:\/\/fkzalgiris.lt\/i-europa-pirma-karta-zaisti-atvykes-l-vaca-esu-labai-motyvuotas\/","og_locale":"lt_LT","og_type":"article","og_title":"\u012e Europ\u0105 pirm\u0105 kart\u0105 \u017eaisti atvyk\u0119s L. Vaca: \u201eEsu labai motyvuotas\u201c - FK \u017dalgiris","og_description":"I\u0161 devyni\u0173 tarpsezonyje \u201e\u017dalgir\u012f\u201c papild\u017eiusi\u0173 naujok\u0173 komandos aistruoliai kol kas ma\u017eiausiai mat\u0117 Leonardo Vaca \u2013 saugas i\u0161 Bolivijos tik antradien\u012f su\u017eaid\u0117 savo pirm\u0105sias minutes Lietuvos\u2026","og_url":"https:\/\/fkzalgiris.lt\/i-europa-pirma-karta-zaisti-atvykes-l-vaca-esu-labai-motyvuotas\/","og_site_name":"FK \u017dalgiris","article_publisher":"https:\/\/www.facebook.com\/fkzalgiris\/","article_published_time":"2023-03-16T10:57:42+00:00","article_modified_time":"2023-03-16T10:58:17+00:00","og_image":[{"url":"https:\/\/fkzalgiris.lt\/wp-content\/uploads\/2023\/03\/BN5U5165-11-1024x683.jpg","type":"","width":"","height":""}],"author":"J","twitter_card":"summary_large_image","twitter_creator":"@fkzalgiris","twitter_site":"@fkzalgiris","twitter_misc":{"Written by":"J","Est. reading time":"3 minut\u0117s"},"schema":{"@context":"https:\/\/schema.org","@graph":[{"@type":"Article","@id":"https:\/\/fkzalgiris.lt\/i-europa-pirma-karta-zaisti-atvykes-l-vaca-esu-labai-motyvuotas\/#article","isPartOf":{"@id":"https:\/\/fkzalgiris.lt\/i-europa-pirma-karta-zaisti-atvykes-l-vaca-esu-labai-motyvuotas\/"},"author":{"name":"J","@id":"https:\/\/fkzalgiris.lt\/#\/schema\/person\/8604babbba794a7d8767be324a3eaac8"},"headline":"\u012e Europ\u0105 pirm\u0105 kart\u0105 \u017eaisti atvyk\u0119s L. Vaca: \u201eEsu labai motyvuotas\u201c","datePublished":"2023-03-16T10:57:42+00:00","dateModified":"2023-03-16T10:58:17+00:00","mainEntityOfPage":{"@id":"https:\/\/fkzalgiris.lt\/i-europa-pirma-karta-zaisti-atvykes-l-vaca-esu-labai-motyvuotas\/"},"wordCount":510,"publisher":{"@id":"https:\/\/fkzalgiris.lt\/#organization"},"image":{"@id":"https:\/\/fkzalgiris.lt\/i-europa-pirma-karta-zaisti-atvykes-l-vaca-esu-labai-motyvuotas\/#primaryimage"},"thumbnailUrl":"https:\/\/fkzalgiris.lt\/wp-content\/uploads\/2023\/03\/BN5U5165-11-1024x683.jpg","articleSection":["\u017dalgiris"],"inLanguage":"lt-LT"},{"@type":"WebPage","@id":"https:\/\/fkzalgiris.lt\/i-europa-pirma-karta-zaisti-atvykes-l-vaca-esu-labai-motyvuotas\/","url":"https:\/\/fkzalgiris.lt\/i-europa-pirma-karta-zaisti-atvykes-l-vaca-esu-labai-motyvuotas\/","name":"\u012e Europ\u0105 pirm\u0105 kart\u0105 \u017eaisti atvyk\u0119s L. Vaca: \u201eEsu labai motyvuotas\u201c - FK \u017dalgiris","isPartOf":{"@id":"https:\/\/fkzalgiris.lt\/#website"},"primaryImageOfPage":{"@id":"https:\/\/fkzalgiris.lt\/i-europa-pirma-karta-zaisti-atvykes-l-vaca-esu-labai-motyvuotas\/#primaryimage"},"image":{"@id":"https:\/\/fkzalgiris.lt\/i-europa-pirma-karta-zaisti-atvykes-l-vaca-esu-labai-motyvuotas\/#primaryimage"},"thumbnailUrl":"https:\/\/fkzalgiris.lt\/wp-content\/uploads\/2023\/03\/BN5U5165-11-1024x683.jpg","datePublished":"2023-03-16T10:57:42+00:00","dateModified":"2023-03-16T10:58:17+00:00","breadcrumb":{"@id":"https:\/\/fkzalgiris.lt\/i-europa-pirma-karta-zaisti-atvykes-l-vaca-esu-labai-motyvuotas\/#breadcrumb"},"inLanguage":"lt-LT","potentialAction":[{"@type":"ReadAction","target":["https:\/\/fkzalgiris.lt\/i-europa-pirma-karta-zaisti-atvykes-l-vaca-esu-labai-motyvuotas\/"]}]},{"@type":"ImageObject","inLanguage":"lt-LT","@id":"https:\/\/fkzalgiris.lt\/i-europa-pirma-karta-zaisti-atvykes-l-vaca-esu-labai-motyvuotas\/#primaryimage","url":"https:\/\/fkzalgiris.lt\/wp-content\/uploads\/2023\/03\/BN5U5165-11.jpg","contentUrl":"https:\/\/fkzalgiris.lt\/wp-content\/uploads\/2023\/03\/BN5U5165-11.jpg","width":2048,"height":1365},{"@type":"BreadcrumbList","@id":"https:\/\/fkzalgiris.lt\/i-europa-pirma-karta-zaisti-atvykes-l-vaca-esu-labai-motyvuotas\/#breadcrumb","itemListElement":[{"@type":"ListItem","position":1,"name":"Home","item":"https:\/\/fkzalgiris.lt\/"},{"@type":"ListItem","position":2,"name":"\u012e Europ\u0105 pirm\u0105 kart\u0105 \u017eaisti atvyk\u0119s L. Vaca: \u201eEsu labai motyvuotas\u201c"}]},{"@type":"WebSite","@id":"https:\/\/fkzalgiris.lt\/#website","url":"https:\/\/fkzalgiris.lt\/","name":"FK \u017dalgiris","description":"oficiali Vilniaus \u201e\u017dalgirio\u201c futbolo klubo svetain\u0117","publisher":{"@id":"https:\/\/fkzalgiris.lt\/#organization"},"potentialAction":[{"@type":"SearchAction","target":{"@type":"EntryPoint","urlTemplate":"https:\/\/fkzalgiris.lt\/?s={search_term_string}"},"query-input":{"@type":"PropertyValueSpecification","valueRequired":true,"valueName":"search_term_string"}}],"inLanguage":"lt-LT"},{"@type":"Organization","@id":"https:\/\/fkzalgiris.lt\/#organization","name":"FK \u017dalgiris","url":"https:\/\/fkzalgiris.lt\/","logo":{"@type":"ImageObject","inLanguage":"lt-LT","@id":"https:\/\/fkzalgiris.lt\/#\/schema\/logo\/image\/","url":"https:\/\/fkzalgiris.lt\/wp-content\/uploads\/2024\/01\/horiz-FK-Zalgiris-logo-2015.png","contentUrl":"https:\/\/fkzalgiris.lt\/wp-content\/uploads\/2024\/01\/horiz-FK-Zalgiris-logo-2015.png","width":3073,"height":2048,"caption":"FK \u017dalgiris"},"image":{"@id":"https:\/\/fkzalgiris.lt\/#\/schema\/logo\/image\/"},"sameAs":["https:\/\/www.facebook.com\/fkzalgiris\/","https:\/\/x.com\/fkzalgiris","https:\/\/www.instagram.com\/fkzalgiris\/","https:\/\/www.youtube.com\/channel\/UC1ag8JLxGirltMUoLlzfZLA"]},{"@type":"Person","@id":"https:\/\/fkzalgiris.lt\/#\/schema\/person\/8604babbba794a7d8767be324a3eaac8","name":"J"}]}},"_links":{"self":[{"href":"https:\/\/fkzalgiris.lt\/api\/wp\/v2\/posts\/11996","targetHints":{"allow":["GET"]}}],"collection":[{"href":"https:\/\/fkzalgiris.lt\/api\/wp\/v2\/posts"}],"about":[{"href":"https:\/\/fkzalgiris.lt\/api\/wp\/v2\/types\/post"}],"author":[{"embeddable":true,"href":"https:\/\/fkzalgiris.lt\/api\/wp\/v2\/users\/4"}],"replies":[{"embeddable":true,"href":"https:\/\/fkzalgiris.lt\/api\/wp\/v2\/comments?post=11996"}],"version-history":[{"count":3,"href":"https:\/\/fkzalgiris.lt\/api\/wp\/v2\/posts\/11996\/revisions"}],"predecessor-version":[{"id":12001,"href":"https:\/\/fkzalgiris.lt\/api\/wp\/v2\/posts\/11996\/revisions\/12001"}],"wp:attachment":[{"href":"https:\/\/fkzalgiris.lt\/api\/wp\/v2\/media?parent=11996"}],"wp:term":[{"taxonomy":"category","embeddable":true,"href":"https:\/\/fkzalgiris.lt\/api\/wp\/v2\/categories?post=11996"}],"curies":[{"name":"wp","href":"https:\/\/api.w.org\/{rel}","templated":true}]}}