{"id":11833,"date":"2023-03-05T19:51:50","date_gmt":"2023-03-05T17:51:50","guid":{"rendered":"https:\/\/fkzalgiris.lt\/?p=11833"},"modified":"2023-03-06T11:00:55","modified_gmt":"2023-03-06T09:00:55","slug":"siurkscios-klaidos-cempionato-starte-nuleme-pirma-nesekme","status":"publish","type":"post","link":"https:\/\/fkzalgiris.lt\/siurkscios-klaidos-cempionato-starte-nuleme-pirma-nesekme\/","title":{"rendered":"\u0160iurk\u0161\u010dios klaidos \u010dempionato starte nul\u0117m\u0117 pirm\u0105 nes\u0117km\u0119"},"content":{"rendered":"<p>Pirmose \u010dempionato rungtyn\u0117se \u0161iurk\u0161\u010diai klyd\u0119s \u201e\u017dalgiris\u201c namuose nusileido \u201eD\u017eiugo\u201c komandai rezultatu 2:3.<\/p>\n<p>\u017dalgirie\u010diai i\u0161siver\u017e\u0117 \u012f priek\u012f rungtyni\u0173 prad\u017eioje po Billalio Sebaihi \u012fvar\u010dio, ta\u010diau k\u0117linio viduryje leido var\u017eovams rezultat\u0105 i\u0161lyginti ir persverti. Pusiausvyr\u0105 pirmajame k\u0117linyje v\u0117l atstat\u0117 Mathias Oyewusi. Ta\u010diau po pertraukos vartininko kaida leido \u201eD\u017eiugui\u201c pasi\u017eym\u0117ti tre\u010di\u0105 kart\u0105, o \u017ealgirie\u010diams atakose tr\u016bko s\u0117km\u0117s.<\/p>\n<p>Po Supertaur\u0117s rungtyni\u0173 \u201eOptibet A lygos\u201c pirmoje dvikovoje \u201e\u017dalgirio\u201c sud\u0117tyje \u012fvyko trys pasikeitimai \u2013 nuo prad\u017ei\u0173 rungtynes prad\u0117jo Petaras Mami\u010dius, Nicolas Gorobsovas ir Donatas Kazlauskas.<\/p>\n<p>Dvikova vilnie\u010diams prasid\u0117jo s\u0117kmingai. 11 min. po P. Mami\u010diaus perdavimo i\u0161 kairiojo kra\u0161to kamuol\u012f \u012f vartus i\u0161 arti nukreip\u0117 B. Sebaihi.<\/p>\n<p>27 min. sve\u010diams pavyko rezultat\u0105 i\u0161lyginti. Po A. Sousa perdavimo auk\u0161tai i\u0161\u0161ok\u0119s T. Rapalavi\u010dius nukreip\u0117 kamuol\u012f \u012f vartus.<\/p>\n<p>30 min. po N. Gorobsovo perdavim\u0105 atgal per\u0117m\u0117 M. Burba ir \u0161iam \u012fmu\u0161ti i\u0161 arti sutrukd\u0117 tik T. Duka. Po kampinio tas pats M. Burba galva numet\u0117 kamuol\u012f ar\u010diau vart\u0173, kur buv\u0119s J. Lubas sm\u016bgiavo tiksliai.<\/p>\n<p>37 min. greitoje atakoje po O. Verbicko perdavimo \u012f baudos aik\u0161tel\u0119 spurtav\u0119s M. Oyewusi staigiu sm\u016bgiu pasiunt\u0117 kamuol\u012f \u012f vartus ir i\u0161lyigno rezultat\u0105.<\/p>\n<p>65 min. \u201eD\u017eiugas\u201c rezultat\u0105 persv\u0117r\u0117. Po netikslaus T. Dukos perdavimo kamuol\u012f \u012f tu\u0161\u010dius vartus pasiunt\u0117 J. Lubas.<\/p>\n<p>69 min. vienoje atakoje \u017ealgirie\u010diai dukart pataik\u0117 \u012f skersin\u012f. Po G. Jarusevi\u010diaus perdavimo i\u0161 baudos aik\u0161tel\u0117s vidurio i\u0161 prad\u017ei\u0173 sm\u016bgiavo P. Golubickas, o netrukus \u2013 pakartotinai mu\u0161\u0117 N. Petkevi\u010dius.<\/p>\n<p>85 min. vartininkas M. Pauk\u0161t\u0117 atr\u0117m\u0117 pavojing\u0105 A. Viljhalmssono sm\u016bg\u012f i\u0161 de\u0161inio kra\u0161to, o 88 min. \u2013 po riko\u0161eto pavojingai at\u0161okus\u012f kamuol\u012f. 89 min. jis sugavo N. Petkevi\u010diaus mu\u0161t\u0105 kamuol\u012f.<\/p>\n<p>Per prid\u0117tin\u012f laik\u0105 \u0161ans\u0105 tur\u0117jo K. Ka\u017eukolovas, bet jam nepavyko galva i\u0161 arti pataikyti \u012f vartus.<\/p>\n<p>Kitas rungtynes \u201e\u017dalgiris\u201c \u017eais kovo 11 d. namuose prie\u0161 \u201eBang\u0105\u201c.<\/p>\n","protected":false},"excerpt":{"rendered":"<p>Pirmose \u010dempionato rungtyn\u0117se \u0161iurk\u0161\u010diai klyd\u0119s \u201e\u017dalgiris\u201c namuose nusileido \u201eD\u017eiugo\u201c komandai rezultatu 2:3. \u017dalgirie\u010diai i\u0161siver\u017e\u0117 \u012f priek\u012f rungtyni\u0173 prad\u017eioje po Billalio Sebaihi \u012fvar\u010dio, ta\u010diau k\u0117linio viduryje\u2026<\/p>\n","protected":false},"author":4,"featured_media":0,"comment_status":"closed","ping_status":"closed","sticky":false,"template":"","format":"standard","meta":{"_acf_changed":false,"footnotes":""},"categories":[87],"class_list":["post-11833","post","type-post","status-publish","format-standard","hentry","category-zalgiris"],"acf":[],"yoast_head":"<!-- This site is optimized with the Yoast SEO plugin v26.8 - https:\/\/yoast.com\/product\/yoast-seo-wordpress\/ -->\n<title>\u0160iurk\u0161\u010dios klaidos \u010dempionato starte nul\u0117m\u0117 pirm\u0105 nes\u0117km\u0119 - FK \u017dalgiris<\/title>\n<meta name=\"robots\" content=\"index, follow, max-snippet:-1, max-image-preview:large, max-video-preview:-1\" \/>\n<link rel=\"canonical\" href=\"https:\/\/fkzalgiris.lt\/siurkscios-klaidos-cempionato-starte-nuleme-pirma-nesekme\/\" \/>\n<meta property=\"og:locale\" content=\"lt_LT\" \/>\n<meta property=\"og:type\" content=\"article\" \/>\n<meta property=\"og:title\" content=\"\u0160iurk\u0161\u010dios klaidos \u010dempionato starte nul\u0117m\u0117 pirm\u0105 nes\u0117km\u0119 - FK \u017dalgiris\" \/>\n<meta property=\"og:description\" content=\"Pirmose \u010dempionato rungtyn\u0117se \u0161iurk\u0161\u010diai klyd\u0119s \u201e\u017dalgiris\u201c namuose nusileido \u201eD\u017eiugo\u201c komandai rezultatu 2:3. \u017dalgirie\u010diai i\u0161siver\u017e\u0117 \u012f priek\u012f rungtyni\u0173 prad\u017eioje po Billalio Sebaihi \u012fvar\u010dio, ta\u010diau k\u0117linio viduryje\u2026\" \/>\n<meta property=\"og:url\" content=\"https:\/\/fkzalgiris.lt\/siurkscios-klaidos-cempionato-starte-nuleme-pirma-nesekme\/\" \/>\n<meta property=\"og:site_name\" content=\"FK \u017dalgiris\" \/>\n<meta property=\"article:publisher\" content=\"https:\/\/www.facebook.com\/fkzalgiris\/\" \/>\n<meta property=\"article:published_time\" content=\"2023-03-05T17:51:50+00:00\" \/>\n<meta property=\"article:modified_time\" content=\"2023-03-06T09:00:55+00:00\" \/>\n<meta property=\"og:image\" content=\"https:\/\/fkzalgiris.lt\/wp-content\/uploads\/2024\/02\/social-horiz_Zalgiris_logo_2024.png\" \/>\n\t<meta property=\"og:image:width\" content=\"3356\" \/>\n\t<meta property=\"og:image:height\" content=\"2259\" \/>\n\t<meta property=\"og:image:type\" content=\"image\/png\" \/>\n<meta name=\"author\" content=\"J\" \/>\n<meta name=\"twitter:card\" content=\"summary_large_image\" \/>\n<meta name=\"twitter:creator\" content=\"@fkzalgiris\" \/>\n<meta name=\"twitter:site\" content=\"@fkzalgiris\" \/>\n<meta name=\"twitter:label1\" content=\"Written by\" \/>\n\t<meta name=\"twitter:data1\" content=\"J\" \/>\n\t<meta name=\"twitter:label2\" content=\"Est. reading time\" \/>\n\t<meta name=\"twitter:data2\" content=\"2 minut\u0117s\" \/>\n<script type=\"application\/ld+json\" class=\"yoast-schema-graph\">{\"@context\":\"https:\/\/schema.org\",\"@graph\":[{\"@type\":\"Article\",\"@id\":\"https:\/\/fkzalgiris.lt\/siurkscios-klaidos-cempionato-starte-nuleme-pirma-nesekme\/#article\",\"isPartOf\":{\"@id\":\"https:\/\/fkzalgiris.lt\/siurkscios-klaidos-cempionato-starte-nuleme-pirma-nesekme\/\"},\"author\":{\"name\":\"J\",\"@id\":\"https:\/\/fkzalgiris.lt\/#\/schema\/person\/8604babbba794a7d8767be324a3eaac8\"},\"headline\":\"\u0160iurk\u0161\u010dios klaidos \u010dempionato starte nul\u0117m\u0117 pirm\u0105 nes\u0117km\u0119\",\"datePublished\":\"2023-03-05T17:51:50+00:00\",\"dateModified\":\"2023-03-06T09:00:55+00:00\",\"mainEntityOfPage\":{\"@id\":\"https:\/\/fkzalgiris.lt\/siurkscios-klaidos-cempionato-starte-nuleme-pirma-nesekme\/\"},\"wordCount\":336,\"publisher\":{\"@id\":\"https:\/\/fkzalgiris.lt\/#organization\"},\"articleSection\":[\"\u017dalgiris\"],\"inLanguage\":\"lt-LT\"},{\"@type\":\"WebPage\",\"@id\":\"https:\/\/fkzalgiris.lt\/siurkscios-klaidos-cempionato-starte-nuleme-pirma-nesekme\/\",\"url\":\"https:\/\/fkzalgiris.lt\/siurkscios-klaidos-cempionato-starte-nuleme-pirma-nesekme\/\",\"name\":\"\u0160iurk\u0161\u010dios klaidos \u010dempionato starte nul\u0117m\u0117 pirm\u0105 nes\u0117km\u0119 - FK \u017dalgiris\",\"isPartOf\":{\"@id\":\"https:\/\/fkzalgiris.lt\/#website\"},\"datePublished\":\"2023-03-05T17:51:50+00:00\",\"dateModified\":\"2023-03-06T09:00:55+00:00\",\"breadcrumb\":{\"@id\":\"https:\/\/fkzalgiris.lt\/siurkscios-klaidos-cempionato-starte-nuleme-pirma-nesekme\/#breadcrumb\"},\"inLanguage\":\"lt-LT\",\"potentialAction\":[{\"@type\":\"ReadAction\",\"target\":[\"https:\/\/fkzalgiris.lt\/siurkscios-klaidos-cempionato-starte-nuleme-pirma-nesekme\/\"]}]},{\"@type\":\"BreadcrumbList\",\"@id\":\"https:\/\/fkzalgiris.lt\/siurkscios-klaidos-cempionato-starte-nuleme-pirma-nesekme\/#breadcrumb\",\"itemListElement\":[{\"@type\":\"ListItem\",\"position\":1,\"name\":\"Home\",\"item\":\"https:\/\/fkzalgiris.lt\/\"},{\"@type\":\"ListItem\",\"position\":2,\"name\":\"\u0160iurk\u0161\u010dios klaidos \u010dempionato starte nul\u0117m\u0117 pirm\u0105 nes\u0117km\u0119\"}]},{\"@type\":\"WebSite\",\"@id\":\"https:\/\/fkzalgiris.lt\/#website\",\"url\":\"https:\/\/fkzalgiris.lt\/\",\"name\":\"FK \u017dalgiris\",\"description\":\"oficiali Vilniaus \u201e\u017dalgirio\u201c futbolo klubo svetain\u0117\",\"publisher\":{\"@id\":\"https:\/\/fkzalgiris.lt\/#organization\"},\"potentialAction\":[{\"@type\":\"SearchAction\",\"target\":{\"@type\":\"EntryPoint\",\"urlTemplate\":\"https:\/\/fkzalgiris.lt\/?s={search_term_string}\"},\"query-input\":{\"@type\":\"PropertyValueSpecification\",\"valueRequired\":true,\"valueName\":\"search_term_string\"}}],\"inLanguage\":\"lt-LT\"},{\"@type\":\"Organization\",\"@id\":\"https:\/\/fkzalgiris.lt\/#organization\",\"name\":\"FK \u017dalgiris\",\"url\":\"https:\/\/fkzalgiris.lt\/\",\"logo\":{\"@type\":\"ImageObject\",\"inLanguage\":\"lt-LT\",\"@id\":\"https:\/\/fkzalgiris.lt\/#\/schema\/logo\/image\/\",\"url\":\"https:\/\/fkzalgiris.lt\/wp-content\/uploads\/2024\/01\/horiz-FK-Zalgiris-logo-2015.png\",\"contentUrl\":\"https:\/\/fkzalgiris.lt\/wp-content\/uploads\/2024\/01\/horiz-FK-Zalgiris-logo-2015.png\",\"width\":3073,\"height\":2048,\"caption\":\"FK \u017dalgiris\"},\"image\":{\"@id\":\"https:\/\/fkzalgiris.lt\/#\/schema\/logo\/image\/\"},\"sameAs\":[\"https:\/\/www.facebook.com\/fkzalgiris\/\",\"https:\/\/x.com\/fkzalgiris\",\"https:\/\/www.instagram.com\/fkzalgiris\/\",\"https:\/\/www.youtube.com\/channel\/UC1ag8JLxGirltMUoLlzfZLA\"]},{\"@type\":\"Person\",\"@id\":\"https:\/\/fkzalgiris.lt\/#\/schema\/person\/8604babbba794a7d8767be324a3eaac8\",\"name\":\"J\"}]}<\/script>\n<!-- \/ Yoast SEO plugin. -->","yoast_head_json":{"title":"\u0160iurk\u0161\u010dios klaidos \u010dempionato starte nul\u0117m\u0117 pirm\u0105 nes\u0117km\u0119 - FK \u017dalgiris","robots":{"index":"index","follow":"follow","max-snippet":"max-snippet:-1","max-image-preview":"max-image-preview:large","max-video-preview":"max-video-preview:-1"},"canonical":"https:\/\/fkzalgiris.lt\/siurkscios-klaidos-cempionato-starte-nuleme-pirma-nesekme\/","og_locale":"lt_LT","og_type":"article","og_title":"\u0160iurk\u0161\u010dios klaidos \u010dempionato starte nul\u0117m\u0117 pirm\u0105 nes\u0117km\u0119 - FK \u017dalgiris","og_description":"Pirmose \u010dempionato rungtyn\u0117se \u0161iurk\u0161\u010diai klyd\u0119s \u201e\u017dalgiris\u201c namuose nusileido \u201eD\u017eiugo\u201c komandai rezultatu 2:3. \u017dalgirie\u010diai i\u0161siver\u017e\u0117 \u012f priek\u012f rungtyni\u0173 prad\u017eioje po Billalio Sebaihi \u012fvar\u010dio, ta\u010diau k\u0117linio viduryje\u2026","og_url":"https:\/\/fkzalgiris.lt\/siurkscios-klaidos-cempionato-starte-nuleme-pirma-nesekme\/","og_site_name":"FK \u017dalgiris","article_publisher":"https:\/\/www.facebook.com\/fkzalgiris\/","article_published_time":"2023-03-05T17:51:50+00:00","article_modified_time":"2023-03-06T09:00:55+00:00","og_image":[{"width":3356,"height":2259,"url":"https:\/\/fkzalgiris.lt\/wp-content\/uploads\/2024\/02\/social-horiz_Zalgiris_logo_2024.png","type":"image\/png"}],"author":"J","twitter_card":"summary_large_image","twitter_creator":"@fkzalgiris","twitter_site":"@fkzalgiris","twitter_misc":{"Written by":"J","Est. reading time":"2 minut\u0117s"},"schema":{"@context":"https:\/\/schema.org","@graph":[{"@type":"Article","@id":"https:\/\/fkzalgiris.lt\/siurkscios-klaidos-cempionato-starte-nuleme-pirma-nesekme\/#article","isPartOf":{"@id":"https:\/\/fkzalgiris.lt\/siurkscios-klaidos-cempionato-starte-nuleme-pirma-nesekme\/"},"author":{"name":"J","@id":"https:\/\/fkzalgiris.lt\/#\/schema\/person\/8604babbba794a7d8767be324a3eaac8"},"headline":"\u0160iurk\u0161\u010dios klaidos \u010dempionato starte nul\u0117m\u0117 pirm\u0105 nes\u0117km\u0119","datePublished":"2023-03-05T17:51:50+00:00","dateModified":"2023-03-06T09:00:55+00:00","mainEntityOfPage":{"@id":"https:\/\/fkzalgiris.lt\/siurkscios-klaidos-cempionato-starte-nuleme-pirma-nesekme\/"},"wordCount":336,"publisher":{"@id":"https:\/\/fkzalgiris.lt\/#organization"},"articleSection":["\u017dalgiris"],"inLanguage":"lt-LT"},{"@type":"WebPage","@id":"https:\/\/fkzalgiris.lt\/siurkscios-klaidos-cempionato-starte-nuleme-pirma-nesekme\/","url":"https:\/\/fkzalgiris.lt\/siurkscios-klaidos-cempionato-starte-nuleme-pirma-nesekme\/","name":"\u0160iurk\u0161\u010dios klaidos \u010dempionato starte nul\u0117m\u0117 pirm\u0105 nes\u0117km\u0119 - FK \u017dalgiris","isPartOf":{"@id":"https:\/\/fkzalgiris.lt\/#website"},"datePublished":"2023-03-05T17:51:50+00:00","dateModified":"2023-03-06T09:00:55+00:00","breadcrumb":{"@id":"https:\/\/fkzalgiris.lt\/siurkscios-klaidos-cempionato-starte-nuleme-pirma-nesekme\/#breadcrumb"},"inLanguage":"lt-LT","potentialAction":[{"@type":"ReadAction","target":["https:\/\/fkzalgiris.lt\/siurkscios-klaidos-cempionato-starte-nuleme-pirma-nesekme\/"]}]},{"@type":"BreadcrumbList","@id":"https:\/\/fkzalgiris.lt\/siurkscios-klaidos-cempionato-starte-nuleme-pirma-nesekme\/#breadcrumb","itemListElement":[{"@type":"ListItem","position":1,"name":"Home","item":"https:\/\/fkzalgiris.lt\/"},{"@type":"ListItem","position":2,"name":"\u0160iurk\u0161\u010dios klaidos \u010dempionato starte nul\u0117m\u0117 pirm\u0105 nes\u0117km\u0119"}]},{"@type":"WebSite","@id":"https:\/\/fkzalgiris.lt\/#website","url":"https:\/\/fkzalgiris.lt\/","name":"FK \u017dalgiris","description":"oficiali Vilniaus \u201e\u017dalgirio\u201c futbolo klubo svetain\u0117","publisher":{"@id":"https:\/\/fkzalgiris.lt\/#organization"},"potentialAction":[{"@type":"SearchAction","target":{"@type":"EntryPoint","urlTemplate":"https:\/\/fkzalgiris.lt\/?s={search_term_string}"},"query-input":{"@type":"PropertyValueSpecification","valueRequired":true,"valueName":"search_term_string"}}],"inLanguage":"lt-LT"},{"@type":"Organization","@id":"https:\/\/fkzalgiris.lt\/#organization","name":"FK \u017dalgiris","url":"https:\/\/fkzalgiris.lt\/","logo":{"@type":"ImageObject","inLanguage":"lt-LT","@id":"https:\/\/fkzalgiris.lt\/#\/schema\/logo\/image\/","url":"https:\/\/fkzalgiris.lt\/wp-content\/uploads\/2024\/01\/horiz-FK-Zalgiris-logo-2015.png","contentUrl":"https:\/\/fkzalgiris.lt\/wp-content\/uploads\/2024\/01\/horiz-FK-Zalgiris-logo-2015.png","width":3073,"height":2048,"caption":"FK \u017dalgiris"},"image":{"@id":"https:\/\/fkzalgiris.lt\/#\/schema\/logo\/image\/"},"sameAs":["https:\/\/www.facebook.com\/fkzalgiris\/","https:\/\/x.com\/fkzalgiris","https:\/\/www.instagram.com\/fkzalgiris\/","https:\/\/www.youtube.com\/channel\/UC1ag8JLxGirltMUoLlzfZLA"]},{"@type":"Person","@id":"https:\/\/fkzalgiris.lt\/#\/schema\/person\/8604babbba794a7d8767be324a3eaac8","name":"J"}]}},"_links":{"self":[{"href":"https:\/\/fkzalgiris.lt\/api\/wp\/v2\/posts\/11833","targetHints":{"allow":["GET"]}}],"collection":[{"href":"https:\/\/fkzalgiris.lt\/api\/wp\/v2\/posts"}],"about":[{"href":"https:\/\/fkzalgiris.lt\/api\/wp\/v2\/types\/post"}],"author":[{"embeddable":true,"href":"https:\/\/fkzalgiris.lt\/api\/wp\/v2\/users\/4"}],"replies":[{"embeddable":true,"href":"https:\/\/fkzalgiris.lt\/api\/wp\/v2\/comments?post=11833"}],"version-history":[{"count":4,"href":"https:\/\/fkzalgiris.lt\/api\/wp\/v2\/posts\/11833\/revisions"}],"predecessor-version":[{"id":11838,"href":"https:\/\/fkzalgiris.lt\/api\/wp\/v2\/posts\/11833\/revisions\/11838"}],"wp:attachment":[{"href":"https:\/\/fkzalgiris.lt\/api\/wp\/v2\/media?parent=11833"}],"wp:term":[{"taxonomy":"category","embeddable":true,"href":"https:\/\/fkzalgiris.lt\/api\/wp\/v2\/categories?post=11833"}],"curies":[{"name":"wp","href":"https:\/\/api.w.org\/{rel}","templated":true}]}}