{"id":11817,"date":"2023-03-04T10:53:22","date_gmt":"2023-03-04T08:53:22","guid":{"rendered":"https:\/\/fkzalgiris.lt\/?p=11817"},"modified":"2023-03-04T10:53:22","modified_gmt":"2023-03-04T08:53:22","slug":"a-vilhjalmssonas-apie-universaluma-futbolo-seima-ir-pazistama-vilniuje","status":"publish","type":"post","link":"https:\/\/fkzalgiris.lt\/a-vilhjalmssonas-apie-universaluma-futbolo-seima-ir-pazistama-vilniuje\/","title":{"rendered":"\u00c1. Vilhj\u00e1lmssonas apie universalum\u0105, futbolo \u0161eim\u0105 ir pa\u017e\u012fstam\u0105 Vilniuje"},"content":{"rendered":"<p>\u012evar\u010diu debiutin\u0117se rungtyn\u0117se komandoje pasi\u017eym\u0117j\u0119s FK \u201e\u017dalgirio\u201c naujasis puol\u0117jas i\u0161 Islandijos \u00c1rni Vilhj\u00e1lmssonas Vilniuje jau\u010diasi pana\u0161iai kaip namuose, pa\u017e\u012fsta \u010dia \u017eaid\u017eiant\u012f krep\u0161inink\u0105, buvo kviestas \u012f kitos sporto \u0161akos rinktin\u0119, o \u0161eimoje dalinasi tos pa\u010dios profesijos i\u0161gyvenimais.<\/p>\n<p>28 met\u0173 islandas &#8211; pirmasis \u0161ios \u0161alies atstovas Lietuvos \u010dempion\u0173 gretose. Per savo karjer\u0105 yra ragav\u0119s legionieriaus duonos Norvegijos, \u0160vedijos, Ukrainos, Pranc\u016bzijos klubuose, ta\u010diau ie\u0161kodamas naujos karjeros stotel\u0117s laik\u0105 leido Italijoje \u2013\u00a0 jo \u017emona Sara Bjo\u0308rk Gunnarsdo\u0301ttir taip pat yra profesionali \u017eaid\u0117ja ir atstovauja Turino \u201eJuventus\u201c komandai.<\/p>\n<p>Apie galimyb\u0119 atvykti \u012f \u201e\u017dalgir\u012f\u201c jis su\u017einojo i\u0161 pa\u017e\u012fstamo buvusiame klube Ukrainoje. 2019-20 metais \u00c1. Vilhj\u00e1lmssonas atstovavo Kovalivkos \u201eKolos\u201c.<\/p>\n<p>\u201eMus su \u201e\u017dalgiriu\u201c suved\u0117 \u0161io Ukrainos klubo skautas. Skambutis buvo netik\u0117tas, bet kelias dienas bendravome. Mano matymas, vizija sutapo tuo, k\u0105 kalb\u0117jo klubo vadov\u0117, treneris. Nuo pat prad\u017ei\u0173 mane domino \u201e\u017dalgiris\u201c, nes matosi klubo tobul\u0117jimas ir augimas Europos mastu. Tai klubas kuris turi didelius tikslus. Tikiuosi m\u016bs\u0173 kelion\u0117 bus \u012fdomi\u201c, &#8211; vyl\u0117si \u00c1. Vilhj\u00e1lmssonas.<\/p>\n<p><img loading=\"lazy\" decoding=\"async\" class=\"alignnone wp-image-11819\" src=\"https:\/\/fkzalgiris.lt\/wp-content\/uploads\/2023\/03\/Arni-BN5U4957-77-1024x683.jpg\" alt=\"\" width=\"650\" height=\"433\" srcset=\"https:\/\/fkzalgiris.lt\/wp-content\/uploads\/2023\/03\/Arni-BN5U4957-77-1024x683.jpg 1024w, https:\/\/fkzalgiris.lt\/wp-content\/uploads\/2023\/03\/Arni-BN5U4957-77-300x200.jpg 300w, https:\/\/fkzalgiris.lt\/wp-content\/uploads\/2023\/03\/Arni-BN5U4957-77-768x512.jpg 768w, https:\/\/fkzalgiris.lt\/wp-content\/uploads\/2023\/03\/Arni-BN5U4957-77-1536x1024.jpg 1536w, https:\/\/fkzalgiris.lt\/wp-content\/uploads\/2023\/03\/Arni-BN5U4957-77-150x100.jpg 150w, https:\/\/fkzalgiris.lt\/wp-content\/uploads\/2023\/03\/Arni-BN5U4957-77-840x560.jpg 840w, https:\/\/fkzalgiris.lt\/wp-content\/uploads\/2023\/03\/Arni-BN5U4957-77-570x380.jpg 570w, https:\/\/fkzalgiris.lt\/wp-content\/uploads\/2023\/03\/Arni-BN5U4957-77-30x20.jpg 30w, https:\/\/fkzalgiris.lt\/wp-content\/uploads\/2023\/03\/Arni-BN5U4957-77.jpg 2048w\" sizes=\"auto, (max-width: 650px) 100vw, 650px\" \/><\/p>\n<p>Savo kelion\u0117s prad\u017eioje islandas tur\u0117jo pasirinkimo kry\u017ekel\u0119 ir gal\u0117jo tapti ir kitos sporto \u0161akos atstovu.<\/p>\n<p>\u201eU\u017eaugau \u017eaisdamas futbol\u0105 ir rankin\u012f, nes tur\u0117jau daug energijos. Rankinyje patiko, nes gali daugiau kovoti nei futbole. Man sek\u0117si gerai, du kartus buvau kviestas \u012f U-17 jauni\u0173 rinktin\u0119. Bet tuo pa\u010diu metu tur\u0117jau futbolo rungtynes ir jas pasirinkdavau. Jeigu neb\u016b\u010diau buv\u0119s futbolininkas, b\u016b\u010diau rankininkas ar kitos sporto \u0161akos atstovas\u201c, &#8211; svarst\u0117 jis.<\/p>\n<p>Futbolo aik\u0161t\u0117je \u00c1rni yra i\u0161band\u0119s \u012fvairias pozicijas atakuojan\u010dioje grandyje \u2013 tiek atakos smaigalyje, tiek po puol\u0117jais, tiek kra\u0161tuose.<\/p>\n<p>\u201eKai buvau jaunas, rungtyniavau 10 numerio pozicijoje. Visada, nuo ma\u017eum\u0117s, \u012fmu\u0161davau daug \u012fvar\u010di\u0173, palaipsniui per\u0117jau \u012f priek\u012f. Kai prad\u0117jau profesionalo karjer\u0105 nebuvau did\u017eiausias. Tada \u017eaid\u0117jai tur\u0117jo daugiau j\u0117gos. Tod\u0117l \u017eaid\u017eiau kra\u0161te, kair\u0117je pus\u0117je. Paskutinius kelerius metus \u017eaid\u017eiau puol\u0117ju. Futbolas kei\u010diasi, dabar negali tik b\u016bti vieno tipo \u017eaid\u0117jas. Tik auk\u0161tas \u017eaid\u0117jas priekyje kovojantis d\u0117l auk\u0161t\u0173 kamuoli\u0173, ar tik mokantis driblinguoti. Norint kad pasisekt\u0173 reikia daug \u012fg\u016bd\u017ei\u0173. Futbole m\u0117gstu mu\u0161ti \u012fvar\u010dius. Tai mano talentas. M\u0117gstamiausia mano pozicija \u2013 kur galiu \u012fmu\u0161ti ar asistuoti\u201c, &#8211; pasakojo jis.<\/p>\n<p>Prie\u0161 pora savai\u010di\u0173 jis pirm\u0105 kart\u0105 atvyko \u012f Vilni\u0173, ta\u010diau ger\u0173 atsiliepim\u0173 sulauk\u0119s dar prie\u0161 atvykstant.<\/p>\n<p>\u201e\u012e Lietuv\u0105 atvykau i\u0161 Italijos. Bet senai negyvenau Islandijoje. Tod\u0117l pamir\u0161au kaip atrodo \u0161altis, \u017eiema. Ta\u010diau yra to jausmo kaip namie, ir tai gerai. Lietuvoje anks\u010diau nesu buv\u0119s, tod\u0117l \u010dia man nauja. Turiu pa\u017e\u012fstam\u0105 Vilniuje, su kuriuo bendravau prie\u0161 atvykstant. Jis \u017eaid\u017eia krep\u0161in\u012f Vilniaus \u201eRyto\u201c komandoje (Elvaras Fridrikssonas \u2013 aut. past.). Jis papasakojo man daug ger\u0173 dalyk\u0173 apie \u0161al\u012f, \u017emones, miest\u0105. Apskritai daug kas sak\u0117, kad tai gra\u017eus miestas, gra\u017ei \u0161alis. Islandijoje turime daug lietuvi\u0173. Jie turi ger\u0105 reputacij\u0105. Jie pana\u0161ios kult\u016bros kaip mes, sunkiai dirbantys ir nuo\u0161ird\u016bs. Netur\u0117jau ka\u017ekoki\u0173 l\u016bkes\u010di\u0173, bet \u017einojau gerus dalykus apie Lietuv\u0105\u201c, &#8211; kalb\u0117jo islandas.<\/p>\n<p>Pasirinkimas \u017eaisti Vilniuje rei\u0161kia, kad jam bent iki vasaros teks b\u016bti toliau nuo \u0161eimos \u2013 tol kol baigsis \u017emonos futbolo sezonas su \u201eJuventus\u201c komanda.<\/p>\n<p>\u201ePrie\u0161 pradedant \u0161eim\u0105 kalb\u0117jome apie tai, kad abu turime svajon\u0119. Apie tai k\u0105 norime padaryti su savo gyvenimais. Tai, kad esame abu futbolininkai, skamba gerai &#8211; galime suprasti, sutarti. Yra plius\u0173 ir minus\u0173. \u00a0Suprantame vienas kit\u0105 gerai, esame artimi, daug padedame vienas kitam. Ta\u010diau \u017einoma sunku tai, jog ji \u017eaid\u017eia kitose \u0161alyse. Man keliauti paliekant \u0161eim\u0105 visuomet sunku. Jai taip pat sunku b\u016bti be man\u0119s, su s\u016bnumi. Bet esame gera pora, gera komanda. Padedame vienas kitam. I\u0161gyvensime. Atstumas &#8211; tik pora valand\u0173 skryd\u017eio, yra tiesioginis skrydis \u012f Turin\u0105. Kai bus laiko aplankysime vienas kit\u0105. Vasar\u0105 per atostogas ji gal\u0117s atva\u017eiuoti \u012f Vilni\u0173, pab\u016bti su manimi. Kai tur\u0117sime laisvo laiko, a\u0161 vyksiu ten. Bus \u012fdomu kaip seksis, nes pirm\u0105 kart\u0105 esame gan toli vienas nuo kito. Bet manau pavyks.\u201c<\/p>\n<p>Paklustas apie komandos ir asmeninius tikslus, islandas atsak\u0117: \u201eMano ir komandos tikslai sutampa Noriu padaryti visk\u0105 kad tobul\u0117\u010diau, tap\u010diau geresniu. Pasiek\u010diau kuo daugiau. Tai pavyks tik gerai \u017eaid\u017eiant aik\u0161t\u0117je, dirbant treniruot\u0117se. Nepavyks be geros komandos draug\u0173 pagalbos. Mano l\u016bkestis \u2013 padaryti visk\u0105, kad klubas kilt\u0173 auk\u0161\u010diau. Dar kart\u0105 patekti \u012f Europos turnyr\u0173 grupes. I\u0161naudoti savo potencial\u0105 maksimaliai.\u201c<\/p>\n","protected":false},"excerpt":{"rendered":"<p>\u012evar\u010diu debiutin\u0117se rungtyn\u0117se komandoje pasi\u017eym\u0117j\u0119s FK \u201e\u017dalgirio\u201c naujasis puol\u0117jas i\u0161 Islandijos \u00c1rni Vilhj\u00e1lmssonas Vilniuje jau\u010diasi pana\u0161iai kaip namuose, pa\u017e\u012fsta \u010dia \u017eaid\u017eiant\u012f krep\u0161inink\u0105, buvo kviestas \u012f\u2026<\/p>\n","protected":false},"author":4,"featured_media":0,"comment_status":"closed","ping_status":"closed","sticky":false,"template":"","format":"standard","meta":{"_acf_changed":false,"footnotes":""},"categories":[87],"class_list":["post-11817","post","type-post","status-publish","format-standard","hentry","category-zalgiris"],"acf":[],"yoast_head":"<!-- This site is optimized with the Yoast SEO plugin v26.8 - https:\/\/yoast.com\/product\/yoast-seo-wordpress\/ -->\n<title>\u00c1. Vilhj\u00e1lmssonas apie universalum\u0105, futbolo \u0161eim\u0105 ir pa\u017e\u012fstam\u0105 Vilniuje - FK \u017dalgiris<\/title>\n<meta name=\"robots\" content=\"index, follow, max-snippet:-1, max-image-preview:large, max-video-preview:-1\" \/>\n<link rel=\"canonical\" href=\"https:\/\/fkzalgiris.lt\/a-vilhjalmssonas-apie-universaluma-futbolo-seima-ir-pazistama-vilniuje\/\" \/>\n<meta property=\"og:locale\" content=\"lt_LT\" \/>\n<meta property=\"og:type\" content=\"article\" \/>\n<meta property=\"og:title\" content=\"\u00c1. Vilhj\u00e1lmssonas apie universalum\u0105, futbolo \u0161eim\u0105 ir pa\u017e\u012fstam\u0105 Vilniuje - FK \u017dalgiris\" \/>\n<meta property=\"og:description\" content=\"\u012evar\u010diu debiutin\u0117se rungtyn\u0117se komandoje pasi\u017eym\u0117j\u0119s FK \u201e\u017dalgirio\u201c naujasis puol\u0117jas i\u0161 Islandijos \u00c1rni Vilhj\u00e1lmssonas Vilniuje jau\u010diasi pana\u0161iai kaip namuose, pa\u017e\u012fsta \u010dia \u017eaid\u017eiant\u012f krep\u0161inink\u0105, buvo kviestas \u012f\u2026\" \/>\n<meta property=\"og:url\" content=\"https:\/\/fkzalgiris.lt\/a-vilhjalmssonas-apie-universaluma-futbolo-seima-ir-pazistama-vilniuje\/\" \/>\n<meta property=\"og:site_name\" content=\"FK \u017dalgiris\" \/>\n<meta property=\"article:publisher\" content=\"https:\/\/www.facebook.com\/fkzalgiris\/\" \/>\n<meta property=\"article:published_time\" content=\"2023-03-04T08:53:22+00:00\" \/>\n<meta property=\"og:image\" content=\"https:\/\/fkzalgiris.lt\/wp-content\/uploads\/2023\/03\/Arni-BN5U4957-77-1024x683.jpg\" \/>\n<meta name=\"author\" content=\"J\" \/>\n<meta name=\"twitter:card\" content=\"summary_large_image\" \/>\n<meta name=\"twitter:creator\" content=\"@fkzalgiris\" \/>\n<meta name=\"twitter:site\" content=\"@fkzalgiris\" \/>\n<meta name=\"twitter:label1\" content=\"Written by\" \/>\n\t<meta name=\"twitter:data1\" content=\"J\" \/>\n\t<meta name=\"twitter:label2\" content=\"Est. reading time\" \/>\n\t<meta name=\"twitter:data2\" content=\"4 minut\u0117s\" \/>\n<script type=\"application\/ld+json\" class=\"yoast-schema-graph\">{\"@context\":\"https:\/\/schema.org\",\"@graph\":[{\"@type\":\"Article\",\"@id\":\"https:\/\/fkzalgiris.lt\/a-vilhjalmssonas-apie-universaluma-futbolo-seima-ir-pazistama-vilniuje\/#article\",\"isPartOf\":{\"@id\":\"https:\/\/fkzalgiris.lt\/a-vilhjalmssonas-apie-universaluma-futbolo-seima-ir-pazistama-vilniuje\/\"},\"author\":{\"name\":\"J\",\"@id\":\"https:\/\/fkzalgiris.lt\/#\/schema\/person\/8604babbba794a7d8767be324a3eaac8\"},\"headline\":\"\u00c1. Vilhj\u00e1lmssonas apie universalum\u0105, futbolo \u0161eim\u0105 ir pa\u017e\u012fstam\u0105 Vilniuje\",\"datePublished\":\"2023-03-04T08:53:22+00:00\",\"mainEntityOfPage\":{\"@id\":\"https:\/\/fkzalgiris.lt\/a-vilhjalmssonas-apie-universaluma-futbolo-seima-ir-pazistama-vilniuje\/\"},\"wordCount\":772,\"publisher\":{\"@id\":\"https:\/\/fkzalgiris.lt\/#organization\"},\"image\":{\"@id\":\"https:\/\/fkzalgiris.lt\/a-vilhjalmssonas-apie-universaluma-futbolo-seima-ir-pazistama-vilniuje\/#primaryimage\"},\"thumbnailUrl\":\"https:\/\/fkzalgiris.lt\/wp-content\/uploads\/2023\/03\/Arni-BN5U4957-77-1024x683.jpg\",\"articleSection\":[\"\u017dalgiris\"],\"inLanguage\":\"lt-LT\"},{\"@type\":\"WebPage\",\"@id\":\"https:\/\/fkzalgiris.lt\/a-vilhjalmssonas-apie-universaluma-futbolo-seima-ir-pazistama-vilniuje\/\",\"url\":\"https:\/\/fkzalgiris.lt\/a-vilhjalmssonas-apie-universaluma-futbolo-seima-ir-pazistama-vilniuje\/\",\"name\":\"\u00c1. Vilhj\u00e1lmssonas apie universalum\u0105, futbolo \u0161eim\u0105 ir pa\u017e\u012fstam\u0105 Vilniuje - FK \u017dalgiris\",\"isPartOf\":{\"@id\":\"https:\/\/fkzalgiris.lt\/#website\"},\"primaryImageOfPage\":{\"@id\":\"https:\/\/fkzalgiris.lt\/a-vilhjalmssonas-apie-universaluma-futbolo-seima-ir-pazistama-vilniuje\/#primaryimage\"},\"image\":{\"@id\":\"https:\/\/fkzalgiris.lt\/a-vilhjalmssonas-apie-universaluma-futbolo-seima-ir-pazistama-vilniuje\/#primaryimage\"},\"thumbnailUrl\":\"https:\/\/fkzalgiris.lt\/wp-content\/uploads\/2023\/03\/Arni-BN5U4957-77-1024x683.jpg\",\"datePublished\":\"2023-03-04T08:53:22+00:00\",\"breadcrumb\":{\"@id\":\"https:\/\/fkzalgiris.lt\/a-vilhjalmssonas-apie-universaluma-futbolo-seima-ir-pazistama-vilniuje\/#breadcrumb\"},\"inLanguage\":\"lt-LT\",\"potentialAction\":[{\"@type\":\"ReadAction\",\"target\":[\"https:\/\/fkzalgiris.lt\/a-vilhjalmssonas-apie-universaluma-futbolo-seima-ir-pazistama-vilniuje\/\"]}]},{\"@type\":\"ImageObject\",\"inLanguage\":\"lt-LT\",\"@id\":\"https:\/\/fkzalgiris.lt\/a-vilhjalmssonas-apie-universaluma-futbolo-seima-ir-pazistama-vilniuje\/#primaryimage\",\"url\":\"https:\/\/fkzalgiris.lt\/wp-content\/uploads\/2023\/03\/Arni-BN5U4957-77.jpg\",\"contentUrl\":\"https:\/\/fkzalgiris.lt\/wp-content\/uploads\/2023\/03\/Arni-BN5U4957-77.jpg\",\"width\":2048,\"height\":1365},{\"@type\":\"BreadcrumbList\",\"@id\":\"https:\/\/fkzalgiris.lt\/a-vilhjalmssonas-apie-universaluma-futbolo-seima-ir-pazistama-vilniuje\/#breadcrumb\",\"itemListElement\":[{\"@type\":\"ListItem\",\"position\":1,\"name\":\"Home\",\"item\":\"https:\/\/fkzalgiris.lt\/\"},{\"@type\":\"ListItem\",\"position\":2,\"name\":\"\u00c1. Vilhj\u00e1lmssonas apie universalum\u0105, futbolo \u0161eim\u0105 ir pa\u017e\u012fstam\u0105 Vilniuje\"}]},{\"@type\":\"WebSite\",\"@id\":\"https:\/\/fkzalgiris.lt\/#website\",\"url\":\"https:\/\/fkzalgiris.lt\/\",\"name\":\"FK \u017dalgiris\",\"description\":\"oficiali Vilniaus \u201e\u017dalgirio\u201c futbolo klubo svetain\u0117\",\"publisher\":{\"@id\":\"https:\/\/fkzalgiris.lt\/#organization\"},\"potentialAction\":[{\"@type\":\"SearchAction\",\"target\":{\"@type\":\"EntryPoint\",\"urlTemplate\":\"https:\/\/fkzalgiris.lt\/?s={search_term_string}\"},\"query-input\":{\"@type\":\"PropertyValueSpecification\",\"valueRequired\":true,\"valueName\":\"search_term_string\"}}],\"inLanguage\":\"lt-LT\"},{\"@type\":\"Organization\",\"@id\":\"https:\/\/fkzalgiris.lt\/#organization\",\"name\":\"FK \u017dalgiris\",\"url\":\"https:\/\/fkzalgiris.lt\/\",\"logo\":{\"@type\":\"ImageObject\",\"inLanguage\":\"lt-LT\",\"@id\":\"https:\/\/fkzalgiris.lt\/#\/schema\/logo\/image\/\",\"url\":\"https:\/\/fkzalgiris.lt\/wp-content\/uploads\/2024\/01\/horiz-FK-Zalgiris-logo-2015.png\",\"contentUrl\":\"https:\/\/fkzalgiris.lt\/wp-content\/uploads\/2024\/01\/horiz-FK-Zalgiris-logo-2015.png\",\"width\":3073,\"height\":2048,\"caption\":\"FK \u017dalgiris\"},\"image\":{\"@id\":\"https:\/\/fkzalgiris.lt\/#\/schema\/logo\/image\/\"},\"sameAs\":[\"https:\/\/www.facebook.com\/fkzalgiris\/\",\"https:\/\/x.com\/fkzalgiris\",\"https:\/\/www.instagram.com\/fkzalgiris\/\",\"https:\/\/www.youtube.com\/channel\/UC1ag8JLxGirltMUoLlzfZLA\"]},{\"@type\":\"Person\",\"@id\":\"https:\/\/fkzalgiris.lt\/#\/schema\/person\/8604babbba794a7d8767be324a3eaac8\",\"name\":\"J\"}]}<\/script>\n<!-- \/ Yoast SEO plugin. -->","yoast_head_json":{"title":"\u00c1. Vilhj\u00e1lmssonas apie universalum\u0105, futbolo \u0161eim\u0105 ir pa\u017e\u012fstam\u0105 Vilniuje - FK \u017dalgiris","robots":{"index":"index","follow":"follow","max-snippet":"max-snippet:-1","max-image-preview":"max-image-preview:large","max-video-preview":"max-video-preview:-1"},"canonical":"https:\/\/fkzalgiris.lt\/a-vilhjalmssonas-apie-universaluma-futbolo-seima-ir-pazistama-vilniuje\/","og_locale":"lt_LT","og_type":"article","og_title":"\u00c1. Vilhj\u00e1lmssonas apie universalum\u0105, futbolo \u0161eim\u0105 ir pa\u017e\u012fstam\u0105 Vilniuje - FK \u017dalgiris","og_description":"\u012evar\u010diu debiutin\u0117se rungtyn\u0117se komandoje pasi\u017eym\u0117j\u0119s FK \u201e\u017dalgirio\u201c naujasis puol\u0117jas i\u0161 Islandijos \u00c1rni Vilhj\u00e1lmssonas Vilniuje jau\u010diasi pana\u0161iai kaip namuose, pa\u017e\u012fsta \u010dia \u017eaid\u017eiant\u012f krep\u0161inink\u0105, buvo kviestas \u012f\u2026","og_url":"https:\/\/fkzalgiris.lt\/a-vilhjalmssonas-apie-universaluma-futbolo-seima-ir-pazistama-vilniuje\/","og_site_name":"FK \u017dalgiris","article_publisher":"https:\/\/www.facebook.com\/fkzalgiris\/","article_published_time":"2023-03-04T08:53:22+00:00","og_image":[{"url":"https:\/\/fkzalgiris.lt\/wp-content\/uploads\/2023\/03\/Arni-BN5U4957-77-1024x683.jpg","type":"","width":"","height":""}],"author":"J","twitter_card":"summary_large_image","twitter_creator":"@fkzalgiris","twitter_site":"@fkzalgiris","twitter_misc":{"Written by":"J","Est. reading time":"4 minut\u0117s"},"schema":{"@context":"https:\/\/schema.org","@graph":[{"@type":"Article","@id":"https:\/\/fkzalgiris.lt\/a-vilhjalmssonas-apie-universaluma-futbolo-seima-ir-pazistama-vilniuje\/#article","isPartOf":{"@id":"https:\/\/fkzalgiris.lt\/a-vilhjalmssonas-apie-universaluma-futbolo-seima-ir-pazistama-vilniuje\/"},"author":{"name":"J","@id":"https:\/\/fkzalgiris.lt\/#\/schema\/person\/8604babbba794a7d8767be324a3eaac8"},"headline":"\u00c1. Vilhj\u00e1lmssonas apie universalum\u0105, futbolo \u0161eim\u0105 ir pa\u017e\u012fstam\u0105 Vilniuje","datePublished":"2023-03-04T08:53:22+00:00","mainEntityOfPage":{"@id":"https:\/\/fkzalgiris.lt\/a-vilhjalmssonas-apie-universaluma-futbolo-seima-ir-pazistama-vilniuje\/"},"wordCount":772,"publisher":{"@id":"https:\/\/fkzalgiris.lt\/#organization"},"image":{"@id":"https:\/\/fkzalgiris.lt\/a-vilhjalmssonas-apie-universaluma-futbolo-seima-ir-pazistama-vilniuje\/#primaryimage"},"thumbnailUrl":"https:\/\/fkzalgiris.lt\/wp-content\/uploads\/2023\/03\/Arni-BN5U4957-77-1024x683.jpg","articleSection":["\u017dalgiris"],"inLanguage":"lt-LT"},{"@type":"WebPage","@id":"https:\/\/fkzalgiris.lt\/a-vilhjalmssonas-apie-universaluma-futbolo-seima-ir-pazistama-vilniuje\/","url":"https:\/\/fkzalgiris.lt\/a-vilhjalmssonas-apie-universaluma-futbolo-seima-ir-pazistama-vilniuje\/","name":"\u00c1. Vilhj\u00e1lmssonas apie universalum\u0105, futbolo \u0161eim\u0105 ir pa\u017e\u012fstam\u0105 Vilniuje - FK \u017dalgiris","isPartOf":{"@id":"https:\/\/fkzalgiris.lt\/#website"},"primaryImageOfPage":{"@id":"https:\/\/fkzalgiris.lt\/a-vilhjalmssonas-apie-universaluma-futbolo-seima-ir-pazistama-vilniuje\/#primaryimage"},"image":{"@id":"https:\/\/fkzalgiris.lt\/a-vilhjalmssonas-apie-universaluma-futbolo-seima-ir-pazistama-vilniuje\/#primaryimage"},"thumbnailUrl":"https:\/\/fkzalgiris.lt\/wp-content\/uploads\/2023\/03\/Arni-BN5U4957-77-1024x683.jpg","datePublished":"2023-03-04T08:53:22+00:00","breadcrumb":{"@id":"https:\/\/fkzalgiris.lt\/a-vilhjalmssonas-apie-universaluma-futbolo-seima-ir-pazistama-vilniuje\/#breadcrumb"},"inLanguage":"lt-LT","potentialAction":[{"@type":"ReadAction","target":["https:\/\/fkzalgiris.lt\/a-vilhjalmssonas-apie-universaluma-futbolo-seima-ir-pazistama-vilniuje\/"]}]},{"@type":"ImageObject","inLanguage":"lt-LT","@id":"https:\/\/fkzalgiris.lt\/a-vilhjalmssonas-apie-universaluma-futbolo-seima-ir-pazistama-vilniuje\/#primaryimage","url":"https:\/\/fkzalgiris.lt\/wp-content\/uploads\/2023\/03\/Arni-BN5U4957-77.jpg","contentUrl":"https:\/\/fkzalgiris.lt\/wp-content\/uploads\/2023\/03\/Arni-BN5U4957-77.jpg","width":2048,"height":1365},{"@type":"BreadcrumbList","@id":"https:\/\/fkzalgiris.lt\/a-vilhjalmssonas-apie-universaluma-futbolo-seima-ir-pazistama-vilniuje\/#breadcrumb","itemListElement":[{"@type":"ListItem","position":1,"name":"Home","item":"https:\/\/fkzalgiris.lt\/"},{"@type":"ListItem","position":2,"name":"\u00c1. Vilhj\u00e1lmssonas apie universalum\u0105, futbolo \u0161eim\u0105 ir pa\u017e\u012fstam\u0105 Vilniuje"}]},{"@type":"WebSite","@id":"https:\/\/fkzalgiris.lt\/#website","url":"https:\/\/fkzalgiris.lt\/","name":"FK \u017dalgiris","description":"oficiali Vilniaus \u201e\u017dalgirio\u201c futbolo klubo svetain\u0117","publisher":{"@id":"https:\/\/fkzalgiris.lt\/#organization"},"potentialAction":[{"@type":"SearchAction","target":{"@type":"EntryPoint","urlTemplate":"https:\/\/fkzalgiris.lt\/?s={search_term_string}"},"query-input":{"@type":"PropertyValueSpecification","valueRequired":true,"valueName":"search_term_string"}}],"inLanguage":"lt-LT"},{"@type":"Organization","@id":"https:\/\/fkzalgiris.lt\/#organization","name":"FK \u017dalgiris","url":"https:\/\/fkzalgiris.lt\/","logo":{"@type":"ImageObject","inLanguage":"lt-LT","@id":"https:\/\/fkzalgiris.lt\/#\/schema\/logo\/image\/","url":"https:\/\/fkzalgiris.lt\/wp-content\/uploads\/2024\/01\/horiz-FK-Zalgiris-logo-2015.png","contentUrl":"https:\/\/fkzalgiris.lt\/wp-content\/uploads\/2024\/01\/horiz-FK-Zalgiris-logo-2015.png","width":3073,"height":2048,"caption":"FK \u017dalgiris"},"image":{"@id":"https:\/\/fkzalgiris.lt\/#\/schema\/logo\/image\/"},"sameAs":["https:\/\/www.facebook.com\/fkzalgiris\/","https:\/\/x.com\/fkzalgiris","https:\/\/www.instagram.com\/fkzalgiris\/","https:\/\/www.youtube.com\/channel\/UC1ag8JLxGirltMUoLlzfZLA"]},{"@type":"Person","@id":"https:\/\/fkzalgiris.lt\/#\/schema\/person\/8604babbba794a7d8767be324a3eaac8","name":"J"}]}},"_links":{"self":[{"href":"https:\/\/fkzalgiris.lt\/api\/wp\/v2\/posts\/11817","targetHints":{"allow":["GET"]}}],"collection":[{"href":"https:\/\/fkzalgiris.lt\/api\/wp\/v2\/posts"}],"about":[{"href":"https:\/\/fkzalgiris.lt\/api\/wp\/v2\/types\/post"}],"author":[{"embeddable":true,"href":"https:\/\/fkzalgiris.lt\/api\/wp\/v2\/users\/4"}],"replies":[{"embeddable":true,"href":"https:\/\/fkzalgiris.lt\/api\/wp\/v2\/comments?post=11817"}],"version-history":[{"count":3,"href":"https:\/\/fkzalgiris.lt\/api\/wp\/v2\/posts\/11817\/revisions"}],"predecessor-version":[{"id":11822,"href":"https:\/\/fkzalgiris.lt\/api\/wp\/v2\/posts\/11817\/revisions\/11822"}],"wp:attachment":[{"href":"https:\/\/fkzalgiris.lt\/api\/wp\/v2\/media?parent=11817"}],"wp:term":[{"taxonomy":"category","embeddable":true,"href":"https:\/\/fkzalgiris.lt\/api\/wp\/v2\/categories?post=11817"}],"curies":[{"name":"wp","href":"https:\/\/api.w.org\/{rel}","templated":true}]}}