{"id":11787,"date":"2023-02-27T17:28:23","date_gmt":"2023-02-27T15:28:23","guid":{"rendered":"https:\/\/fkzalgiris.lt\/?p=11787"},"modified":"2023-02-27T20:29:22","modified_gmt":"2023-02-27T18:29:22","slug":"v-ceburinas-pirmas-trofejus-yra-keliaujam-toliau","status":"publish","type":"post","link":"https:\/\/fkzalgiris.lt\/v-ceburinas-pirmas-trofejus-yra-keliaujam-toliau\/","title":{"rendered":"V. \u010ceburinas: \u201ePirmas trof\u0117jus yra, keliaujam toliau\u201c"},"content":{"rendered":"<p>\u201e\u017dalgirio\u201c treneris Vladimiras \u010ceburinas po \u201eOptibet LFF Supertaur\u0117s\u201c rungtyni\u0173 teig\u0117, jog vyko geras pavasarinis futbolas, kuris tur\u0117jo patikti \u017ei\u016brovams.<\/p>\n<p>\u201eDu metus d\u0117l baudini\u0173 nepavykdavo i\u0161kovoti\u00a0 \u0161io trof\u0117jaus. Taip jau b\u016bna, toks futbolas. \u012emu\u0161\u0117me \u012fvart\u012f rungtyni\u0173 pabaigoje. Netrukus praleidome. Ka\u017ekur pamesta koncentracija, nors nem\u0117gstu to \u017eod\u017eio. Dav\u0117me prog\u0105 i\u0161 niekur \u012fmu\u0161ti. Rungtyn\u0117se buvo geras pavasarinis futbolas. Buvo abipusis a\u0161trumas, kova, progos. Viskas buvo ko reikia, ir geras \u017ei\u016brov\u0173 palaikymas. Manau, kad jiems tur\u0117jo patikti futbolas. Pakankamai geras, produktyvus. Pirmas trof\u0117jus yra, keliaujam toliau\u201c, &#8211; kalb\u0117jo treneris.<\/p>\n<p>Paklaustas apie \u017eaidimo kokyb\u0119, jis teig\u0117, jog tr\u016bksta susi\u017eaidimo: \u201eMat\u0117me daug epizod\u0173, kai lyg ir geras momentas, bet perdavimas ne ten, nesusipratimas. Nesusikalb\u0117jimas kur reikia duoti, kur atsidengti. Tai dar reikia \u0161lifuoti. Treniruo\u010di\u0173 procese viskas gerai, svarbiausia \u017eaidimas. Tie \u017eaid\u0117jai, kuriuos turime, yra gero lygio.\u201c<\/p>\n<p>\u201e\u017dalgirio\u201c gretose \u0161\u012f kart\u0105 vartus gyn\u0117 Tomislavas Duka, o Edvinas Gertmonas buvo atsargoje. \u201e\u0160\u012f kart\u0105 taip i\u0161\u0117jo kad Duka buvo numeris vienas. Edvinas atsargoje, bet buvo pasiruo\u0161\u0119s esant reikalui \u017eaisti. Mikrotraum\u0173 pas \u017eaid\u0117jus visuomet yra. Tikiuosi, kad jam nieko rimto\u201c, &#8211; sak\u0117 treneris.<\/p>\n<p>Jau pasibaigus pagrindiniam rungtyni\u0173 laikui \u201eKauno \u017dalgiris\u201c pakeit\u0117 vartinink\u0105, nors futbolo taisykl\u0117s numato, kad per baudinius galima vartinink\u0105 keisti tik jam nebegalint t\u0119sti rungtyni\u0173. \u201eRungtyn\u0117s baig\u0117si, bet var\u017eov\u0173 vartininkas pakeistas, teis\u0117jas tai leido. Jei leido &#8211; rei\u0161kia galima\u201c, &#8211; konstatavo V. \u010ceburinas.<\/p>\n<p>Pasak jo, ne visi \u017eaid\u0117jai dar tinkamai pasiruo\u0161\u0119, taip pat vert\u0117t\u0173 ir efektyviau i\u0161naudoti j\u0117gas: \u201eEsame pasiruo\u0161\u0119 80-85 procentus, kai kur dar yra rezervo. Ta\u010diau matome, kad kai atlieka ne tai k\u0105 i\u0161 j\u0173 norime, o papildom\u0105 darb\u0105 grei\u010diau pavargstame. \u0160iandien mat\u0117me, kad buvo \u017eaid\u0117j\u0173, kurie nor\u0117jo pad\u0117ti visiems. D\u0117l to jie pirmieji pavargo. Reikia dar styguoti \u017eaidim\u0105. Pavasarinis futbolas jau toks b\u016bna.\u201c<\/p>\n<p>Treneris taip pat atsak\u0117 \u012f klausim\u0105 apie art\u0117jan\u010dio \u010dempionato paj\u0117gum\u0105: \u201eKasmet nuo tada kai esu Lietuvoje \u010dempionatas po truput\u012f stipr\u0117ja. Atva\u017eiuoja geresnio lygio \u017eaid\u0117j\u0173, vyksta geresnis pasiruo\u0161imas. Kreipiamas d\u0117mesys \u012f augim\u0105. Lyga stipr\u0117ja.\u201c<\/p>\n<p>\u010cempionat\u0105 \u201e\u017dalgiris\u201c prad\u0117s sekmadien\u012f, kovo 5-\u0105j\u0105 rungtyn\u0117mis prie\u0161 \u201eD\u017eiug\u0105\u201c.<\/p>\n","protected":false},"excerpt":{"rendered":"<p>\u201e\u017dalgirio\u201c treneris Vladimiras \u010ceburinas po \u201eOptibet LFF Supertaur\u0117s\u201c rungtyni\u0173 teig\u0117, jog vyko geras pavasarinis futbolas, kuris tur\u0117jo patikti \u017ei\u016brovams. \u201eDu metus d\u0117l baudini\u0173 nepavykdavo i\u0161kovoti\u00a0\u2026<\/p>\n","protected":false},"author":4,"featured_media":0,"comment_status":"closed","ping_status":"closed","sticky":false,"template":"","format":"standard","meta":{"_acf_changed":false,"footnotes":""},"categories":[87],"class_list":["post-11787","post","type-post","status-publish","format-standard","hentry","category-zalgiris"],"acf":[],"yoast_head":"<!-- This site is optimized with the Yoast SEO plugin v26.8 - https:\/\/yoast.com\/product\/yoast-seo-wordpress\/ -->\n<title>V. \u010ceburinas: \u201ePirmas trof\u0117jus yra, keliaujam toliau\u201c - FK \u017dalgiris<\/title>\n<meta name=\"robots\" content=\"index, follow, max-snippet:-1, max-image-preview:large, max-video-preview:-1\" \/>\n<link rel=\"canonical\" href=\"https:\/\/fkzalgiris.lt\/v-ceburinas-pirmas-trofejus-yra-keliaujam-toliau\/\" \/>\n<meta property=\"og:locale\" content=\"lt_LT\" \/>\n<meta property=\"og:type\" content=\"article\" \/>\n<meta property=\"og:title\" content=\"V. \u010ceburinas: \u201ePirmas trof\u0117jus yra, keliaujam toliau\u201c - FK \u017dalgiris\" \/>\n<meta property=\"og:description\" content=\"\u201e\u017dalgirio\u201c treneris Vladimiras \u010ceburinas po \u201eOptibet LFF Supertaur\u0117s\u201c rungtyni\u0173 teig\u0117, jog vyko geras pavasarinis futbolas, kuris tur\u0117jo patikti \u017ei\u016brovams. \u201eDu metus d\u0117l baudini\u0173 nepavykdavo i\u0161kovoti\u00a0\u2026\" \/>\n<meta property=\"og:url\" content=\"https:\/\/fkzalgiris.lt\/v-ceburinas-pirmas-trofejus-yra-keliaujam-toliau\/\" \/>\n<meta property=\"og:site_name\" content=\"FK \u017dalgiris\" \/>\n<meta property=\"article:publisher\" content=\"https:\/\/www.facebook.com\/fkzalgiris\/\" \/>\n<meta property=\"article:published_time\" content=\"2023-02-27T15:28:23+00:00\" \/>\n<meta property=\"article:modified_time\" content=\"2023-02-27T18:29:22+00:00\" \/>\n<meta property=\"og:image\" content=\"https:\/\/fkzalgiris.lt\/wp-content\/uploads\/2024\/02\/social-horiz_Zalgiris_logo_2024.png\" \/>\n\t<meta property=\"og:image:width\" content=\"3356\" \/>\n\t<meta property=\"og:image:height\" content=\"2259\" \/>\n\t<meta property=\"og:image:type\" content=\"image\/png\" \/>\n<meta name=\"author\" content=\"J\" \/>\n<meta name=\"twitter:card\" content=\"summary_large_image\" \/>\n<meta name=\"twitter:creator\" content=\"@fkzalgiris\" \/>\n<meta name=\"twitter:site\" content=\"@fkzalgiris\" \/>\n<meta name=\"twitter:label1\" content=\"Written by\" \/>\n\t<meta name=\"twitter:data1\" content=\"J\" \/>\n\t<meta name=\"twitter:label2\" content=\"Est. reading time\" \/>\n\t<meta name=\"twitter:data2\" content=\"2 minut\u0117s\" \/>\n<script type=\"application\/ld+json\" class=\"yoast-schema-graph\">{\"@context\":\"https:\/\/schema.org\",\"@graph\":[{\"@type\":\"Article\",\"@id\":\"https:\/\/fkzalgiris.lt\/v-ceburinas-pirmas-trofejus-yra-keliaujam-toliau\/#article\",\"isPartOf\":{\"@id\":\"https:\/\/fkzalgiris.lt\/v-ceburinas-pirmas-trofejus-yra-keliaujam-toliau\/\"},\"author\":{\"name\":\"J\",\"@id\":\"https:\/\/fkzalgiris.lt\/#\/schema\/person\/8604babbba794a7d8767be324a3eaac8\"},\"headline\":\"V. \u010ceburinas: \u201ePirmas trof\u0117jus yra, keliaujam toliau\u201c\",\"datePublished\":\"2023-02-27T15:28:23+00:00\",\"dateModified\":\"2023-02-27T18:29:22+00:00\",\"mainEntityOfPage\":{\"@id\":\"https:\/\/fkzalgiris.lt\/v-ceburinas-pirmas-trofejus-yra-keliaujam-toliau\/\"},\"wordCount\":384,\"publisher\":{\"@id\":\"https:\/\/fkzalgiris.lt\/#organization\"},\"articleSection\":[\"\u017dalgiris\"],\"inLanguage\":\"lt-LT\"},{\"@type\":\"WebPage\",\"@id\":\"https:\/\/fkzalgiris.lt\/v-ceburinas-pirmas-trofejus-yra-keliaujam-toliau\/\",\"url\":\"https:\/\/fkzalgiris.lt\/v-ceburinas-pirmas-trofejus-yra-keliaujam-toliau\/\",\"name\":\"V. \u010ceburinas: \u201ePirmas trof\u0117jus yra, keliaujam toliau\u201c - FK \u017dalgiris\",\"isPartOf\":{\"@id\":\"https:\/\/fkzalgiris.lt\/#website\"},\"datePublished\":\"2023-02-27T15:28:23+00:00\",\"dateModified\":\"2023-02-27T18:29:22+00:00\",\"breadcrumb\":{\"@id\":\"https:\/\/fkzalgiris.lt\/v-ceburinas-pirmas-trofejus-yra-keliaujam-toliau\/#breadcrumb\"},\"inLanguage\":\"lt-LT\",\"potentialAction\":[{\"@type\":\"ReadAction\",\"target\":[\"https:\/\/fkzalgiris.lt\/v-ceburinas-pirmas-trofejus-yra-keliaujam-toliau\/\"]}]},{\"@type\":\"BreadcrumbList\",\"@id\":\"https:\/\/fkzalgiris.lt\/v-ceburinas-pirmas-trofejus-yra-keliaujam-toliau\/#breadcrumb\",\"itemListElement\":[{\"@type\":\"ListItem\",\"position\":1,\"name\":\"Home\",\"item\":\"https:\/\/fkzalgiris.lt\/\"},{\"@type\":\"ListItem\",\"position\":2,\"name\":\"V. \u010ceburinas: \u201ePirmas trof\u0117jus yra, keliaujam toliau\u201c\"}]},{\"@type\":\"WebSite\",\"@id\":\"https:\/\/fkzalgiris.lt\/#website\",\"url\":\"https:\/\/fkzalgiris.lt\/\",\"name\":\"FK \u017dalgiris\",\"description\":\"oficiali Vilniaus \u201e\u017dalgirio\u201c futbolo klubo svetain\u0117\",\"publisher\":{\"@id\":\"https:\/\/fkzalgiris.lt\/#organization\"},\"potentialAction\":[{\"@type\":\"SearchAction\",\"target\":{\"@type\":\"EntryPoint\",\"urlTemplate\":\"https:\/\/fkzalgiris.lt\/?s={search_term_string}\"},\"query-input\":{\"@type\":\"PropertyValueSpecification\",\"valueRequired\":true,\"valueName\":\"search_term_string\"}}],\"inLanguage\":\"lt-LT\"},{\"@type\":\"Organization\",\"@id\":\"https:\/\/fkzalgiris.lt\/#organization\",\"name\":\"FK \u017dalgiris\",\"url\":\"https:\/\/fkzalgiris.lt\/\",\"logo\":{\"@type\":\"ImageObject\",\"inLanguage\":\"lt-LT\",\"@id\":\"https:\/\/fkzalgiris.lt\/#\/schema\/logo\/image\/\",\"url\":\"https:\/\/fkzalgiris.lt\/wp-content\/uploads\/2024\/01\/horiz-FK-Zalgiris-logo-2015.png\",\"contentUrl\":\"https:\/\/fkzalgiris.lt\/wp-content\/uploads\/2024\/01\/horiz-FK-Zalgiris-logo-2015.png\",\"width\":3073,\"height\":2048,\"caption\":\"FK \u017dalgiris\"},\"image\":{\"@id\":\"https:\/\/fkzalgiris.lt\/#\/schema\/logo\/image\/\"},\"sameAs\":[\"https:\/\/www.facebook.com\/fkzalgiris\/\",\"https:\/\/x.com\/fkzalgiris\",\"https:\/\/www.instagram.com\/fkzalgiris\/\",\"https:\/\/www.youtube.com\/channel\/UC1ag8JLxGirltMUoLlzfZLA\"]},{\"@type\":\"Person\",\"@id\":\"https:\/\/fkzalgiris.lt\/#\/schema\/person\/8604babbba794a7d8767be324a3eaac8\",\"name\":\"J\"}]}<\/script>\n<!-- \/ Yoast SEO plugin. -->","yoast_head_json":{"title":"V. \u010ceburinas: \u201ePirmas trof\u0117jus yra, keliaujam toliau\u201c - FK \u017dalgiris","robots":{"index":"index","follow":"follow","max-snippet":"max-snippet:-1","max-image-preview":"max-image-preview:large","max-video-preview":"max-video-preview:-1"},"canonical":"https:\/\/fkzalgiris.lt\/v-ceburinas-pirmas-trofejus-yra-keliaujam-toliau\/","og_locale":"lt_LT","og_type":"article","og_title":"V. \u010ceburinas: \u201ePirmas trof\u0117jus yra, keliaujam toliau\u201c - FK \u017dalgiris","og_description":"\u201e\u017dalgirio\u201c treneris Vladimiras \u010ceburinas po \u201eOptibet LFF Supertaur\u0117s\u201c rungtyni\u0173 teig\u0117, jog vyko geras pavasarinis futbolas, kuris tur\u0117jo patikti \u017ei\u016brovams. \u201eDu metus d\u0117l baudini\u0173 nepavykdavo i\u0161kovoti\u00a0\u2026","og_url":"https:\/\/fkzalgiris.lt\/v-ceburinas-pirmas-trofejus-yra-keliaujam-toliau\/","og_site_name":"FK \u017dalgiris","article_publisher":"https:\/\/www.facebook.com\/fkzalgiris\/","article_published_time":"2023-02-27T15:28:23+00:00","article_modified_time":"2023-02-27T18:29:22+00:00","og_image":[{"width":3356,"height":2259,"url":"https:\/\/fkzalgiris.lt\/wp-content\/uploads\/2024\/02\/social-horiz_Zalgiris_logo_2024.png","type":"image\/png"}],"author":"J","twitter_card":"summary_large_image","twitter_creator":"@fkzalgiris","twitter_site":"@fkzalgiris","twitter_misc":{"Written by":"J","Est. reading time":"2 minut\u0117s"},"schema":{"@context":"https:\/\/schema.org","@graph":[{"@type":"Article","@id":"https:\/\/fkzalgiris.lt\/v-ceburinas-pirmas-trofejus-yra-keliaujam-toliau\/#article","isPartOf":{"@id":"https:\/\/fkzalgiris.lt\/v-ceburinas-pirmas-trofejus-yra-keliaujam-toliau\/"},"author":{"name":"J","@id":"https:\/\/fkzalgiris.lt\/#\/schema\/person\/8604babbba794a7d8767be324a3eaac8"},"headline":"V. \u010ceburinas: \u201ePirmas trof\u0117jus yra, keliaujam toliau\u201c","datePublished":"2023-02-27T15:28:23+00:00","dateModified":"2023-02-27T18:29:22+00:00","mainEntityOfPage":{"@id":"https:\/\/fkzalgiris.lt\/v-ceburinas-pirmas-trofejus-yra-keliaujam-toliau\/"},"wordCount":384,"publisher":{"@id":"https:\/\/fkzalgiris.lt\/#organization"},"articleSection":["\u017dalgiris"],"inLanguage":"lt-LT"},{"@type":"WebPage","@id":"https:\/\/fkzalgiris.lt\/v-ceburinas-pirmas-trofejus-yra-keliaujam-toliau\/","url":"https:\/\/fkzalgiris.lt\/v-ceburinas-pirmas-trofejus-yra-keliaujam-toliau\/","name":"V. \u010ceburinas: \u201ePirmas trof\u0117jus yra, keliaujam toliau\u201c - FK \u017dalgiris","isPartOf":{"@id":"https:\/\/fkzalgiris.lt\/#website"},"datePublished":"2023-02-27T15:28:23+00:00","dateModified":"2023-02-27T18:29:22+00:00","breadcrumb":{"@id":"https:\/\/fkzalgiris.lt\/v-ceburinas-pirmas-trofejus-yra-keliaujam-toliau\/#breadcrumb"},"inLanguage":"lt-LT","potentialAction":[{"@type":"ReadAction","target":["https:\/\/fkzalgiris.lt\/v-ceburinas-pirmas-trofejus-yra-keliaujam-toliau\/"]}]},{"@type":"BreadcrumbList","@id":"https:\/\/fkzalgiris.lt\/v-ceburinas-pirmas-trofejus-yra-keliaujam-toliau\/#breadcrumb","itemListElement":[{"@type":"ListItem","position":1,"name":"Home","item":"https:\/\/fkzalgiris.lt\/"},{"@type":"ListItem","position":2,"name":"V. \u010ceburinas: \u201ePirmas trof\u0117jus yra, keliaujam toliau\u201c"}]},{"@type":"WebSite","@id":"https:\/\/fkzalgiris.lt\/#website","url":"https:\/\/fkzalgiris.lt\/","name":"FK \u017dalgiris","description":"oficiali Vilniaus \u201e\u017dalgirio\u201c futbolo klubo svetain\u0117","publisher":{"@id":"https:\/\/fkzalgiris.lt\/#organization"},"potentialAction":[{"@type":"SearchAction","target":{"@type":"EntryPoint","urlTemplate":"https:\/\/fkzalgiris.lt\/?s={search_term_string}"},"query-input":{"@type":"PropertyValueSpecification","valueRequired":true,"valueName":"search_term_string"}}],"inLanguage":"lt-LT"},{"@type":"Organization","@id":"https:\/\/fkzalgiris.lt\/#organization","name":"FK \u017dalgiris","url":"https:\/\/fkzalgiris.lt\/","logo":{"@type":"ImageObject","inLanguage":"lt-LT","@id":"https:\/\/fkzalgiris.lt\/#\/schema\/logo\/image\/","url":"https:\/\/fkzalgiris.lt\/wp-content\/uploads\/2024\/01\/horiz-FK-Zalgiris-logo-2015.png","contentUrl":"https:\/\/fkzalgiris.lt\/wp-content\/uploads\/2024\/01\/horiz-FK-Zalgiris-logo-2015.png","width":3073,"height":2048,"caption":"FK \u017dalgiris"},"image":{"@id":"https:\/\/fkzalgiris.lt\/#\/schema\/logo\/image\/"},"sameAs":["https:\/\/www.facebook.com\/fkzalgiris\/","https:\/\/x.com\/fkzalgiris","https:\/\/www.instagram.com\/fkzalgiris\/","https:\/\/www.youtube.com\/channel\/UC1ag8JLxGirltMUoLlzfZLA"]},{"@type":"Person","@id":"https:\/\/fkzalgiris.lt\/#\/schema\/person\/8604babbba794a7d8767be324a3eaac8","name":"J"}]}},"_links":{"self":[{"href":"https:\/\/fkzalgiris.lt\/api\/wp\/v2\/posts\/11787","targetHints":{"allow":["GET"]}}],"collection":[{"href":"https:\/\/fkzalgiris.lt\/api\/wp\/v2\/posts"}],"about":[{"href":"https:\/\/fkzalgiris.lt\/api\/wp\/v2\/types\/post"}],"author":[{"embeddable":true,"href":"https:\/\/fkzalgiris.lt\/api\/wp\/v2\/users\/4"}],"replies":[{"embeddable":true,"href":"https:\/\/fkzalgiris.lt\/api\/wp\/v2\/comments?post=11787"}],"version-history":[{"count":2,"href":"https:\/\/fkzalgiris.lt\/api\/wp\/v2\/posts\/11787\/revisions"}],"predecessor-version":[{"id":11791,"href":"https:\/\/fkzalgiris.lt\/api\/wp\/v2\/posts\/11787\/revisions\/11791"}],"wp:attachment":[{"href":"https:\/\/fkzalgiris.lt\/api\/wp\/v2\/media?parent=11787"}],"wp:term":[{"taxonomy":"category","embeddable":true,"href":"https:\/\/fkzalgiris.lt\/api\/wp\/v2\/categories?post=11787"}],"curies":[{"name":"wp","href":"https:\/\/api.w.org\/{rel}","templated":true}]}}